{"id":11514,"date":"2009-12-12T16:40:52","date_gmt":"2009-12-12T14:40:52","guid":{"rendered":"http:\/\/staging.sillon38.com\/?p=11514"},"modified":"2009-12-12T16:40:52","modified_gmt":"2009-12-12T14:40:52","slug":"gilles-convert-vive-le-sav-de-amb-rousset","status":"publish","type":"post","link":"https:\/\/www.sillon38.com\/blog\/2009\/12\/12\/gilles-convert-vive-le-sav-de-amb-rousset\/","title":{"rendered":"Gilles Convert: \u00ab\u00a0Vive le SAV de AMB Rousset\u00a0\u00bb"},"content":{"rendered":"<p><span style=\"color: #000000;\"><strong>La famille Convert, de l&rsquo;Albenc, fait r\u00e9f\u00e9rence dans le monde de la noix. Pour les portes ouvertes des \u00e9tablissements AMB Rousset, c&rsquo;est Gilles qui a tenu \u00e0 se rendre sur le site de Beaulieu. \u00ab\u00a0Il n&rsquo;est pas pensable que l&rsquo;on manque cette manifestation incontournable dans le monde de la noix.<\/strong><\/span><\/p>\n<dl id=\"attachment_11515\" class=\"wp-caption alignright\" style=\"width: 310px;\">\n<dt class=\"wp-caption-dt\"><span style=\"color: #000000;\"><img loading=\"lazy\" decoding=\"async\" class=\"size-medium wp-image-11515\" title=\"convert\" src=\"http:\/\/staging.sillon38.com\/wp-content\/uploads\/2009\/12\/convert-300x247.jpg\" alt=\"Gilles Convert, avec derri\u00e8re lui la pus petite ramasseuse de noix au monde...\" width=\"300\" height=\"247\" \/><\/span><\/dt>\n<\/dl>\n<p><span style=\"color: #000000;\"> On vient pour rencontrer du monde, des nuciculteurs, responsables de la fili\u00e8re, amis&#8230;. On en profite \u00e9galement pour d\u00e9couvrir la gamme de mat\u00e9riel mis en valeur par l&rsquo;\u00e9tablissement. On vient chercher des id\u00e9es, pr\u00e9parer le renouvellement de notre mat\u00e9riel qui en a besoin&#8230;.\u00a0\u00bb<\/span><\/p>\n<p><span style=\"color: #000000;\">Pour Gilles Convert, AMB Rousset a toute sa place dans la fili\u00e8re noix. \u00ab\u00a0Ils ont du mat\u00e9riel de qualit\u00e9, adapt\u00e9 \u00e0 nos exigences, fiable&#8230; et surtout ils ont un service apr\u00e8s vente au top. Je me rappelle \u00eatre tomb\u00e9 en panne un dimanche soir vers 20 heures, j&rsquo;ai t\u00e9l\u00e9phon\u00e9 au si\u00e8ge et j&rsquo;ai pu me d\u00e9panner gr\u00e2ce aux conseils de Maurice Rousset lui-m\u00eame. Ce service n&rsquo;a, \u00e0 mon sens, pas de prix et fait la force de l&rsquo;entreprise.<br \/>\n<\/span><\/p>\n<p><span style=\"color: #000000;\">Nous en avons profit\u00e9 pour faire le point sur la St Martin \u00e0 Voiron.\u00a0\u00bb Elle a bien march\u00e9. Les visiteurs sont de plus en plus nombreux. A nous de nous adapter et de pr\u00e9voir plus d&rsquo;animations. On peut imaginer par exemple de faire une d\u00e9monstration de cassage de noix.\u00a0\u00bb<\/span><\/p>\n<p><span style=\"color: #000000;\">Comment ne pas aborder la campagne&#8230;\u00a0\u00bb La r\u00e9colte est bonne en qualit\u00e9 et en quantit\u00e9. On attend, comme chaque ann\u00e9e, le prix.\u00a0\u00bb On lui apprend une baisse \u00e9ventuelle\u00a0 de 10 cts environ.\u00a0\u00bb Si la baisse est \u00e0 ce niveau l\u00e0, c&rsquo;est moins pire que ce qu&rsquo;on pensait. Il ne faudrait pas que ce soit plus.\u00a0\u00bb<\/span><\/p>\n<p><span style=\"color: #000000;\"><span style=\"color: #000000;\">Nous avons \u00e9galement \u00e9voqu\u00e9 le salon de Paris. \u00ab\u00a0C&rsquo;est un excellent vecteur de communication. La pr\u00e9sence de la fili\u00e8re est indispensable mais il faut que nos charges baissent. On vend, certes, mais pas assez pour combler nos investissements et frais.\u00a0\u00bb<\/span><br \/>\n<\/span><\/p>\n","protected":false},"excerpt":{"rendered":"<p>Gilles Convert, producteur de noix \u00e0 L&rsquo;Albenc ne manque pas le rendez-vous fix\u00e9 avec les \u00e9tablissements Rousset \u00e0 travers leurs portes ouvertes. \u00ab\u00a0On vient voir, discuter&#8230;\u00a0\u00bb<\/p>\n","protected":false},"author":2,"featured_media":0,"comment_status":"open","ping_status":"open","sticky":false,"template":"","format":"standard","meta":{"footnotes":""},"categories":[48],"tags":[412,3976,4912],"class_list":["post-11514","post","type-post","status-publish","format-standard","hentry","category-nuciculture","tag-amb-rousset","tag-noix-de-grenoble","tag-salon-de-paris"],"yoast_head":"<!-- This site is optimized with the Yoast SEO plugin v27.5 - https:\/\/yoast.com\/product\/yoast-seo-wordpress\/ -->\n<title>Gilles Convert: &quot;Vive le SAV de AMB Rousset&quot; -<\/title>\n<meta name=\"robots\" content=\"index, follow, max-snippet:-1, max-image-preview:large, max-video-preview:-1\" \/>\n<link rel=\"canonical\" href=\"https:\/\/www.sillon38.com\/blog\/2009\/12\/12\/gilles-convert-vive-le-sav-de-amb-rousset\/\" \/>\n<meta property=\"og:locale\" content=\"fr_FR\" \/>\n<meta property=\"og:type\" content=\"article\" \/>\n<meta property=\"og:title\" content=\"Gilles Convert: &quot;Vive le SAV de AMB Rousset&quot; -\" \/>\n<meta property=\"og:description\" content=\"Gilles Convert, producteur de noix \u00e0 L&#039;Albenc ne manque pas le rendez-vous fix\u00e9 avec les \u00e9tablissements Rousset \u00e0 travers leurs portes ouvertes. &quot;On vient voir, discuter...&quot;\" \/>\n<meta property=\"og:url\" content=\"https:\/\/www.sillon38.com\/blog\/2009\/12\/12\/gilles-convert-vive-le-sav-de-amb-rousset\/\" \/>\n<meta property=\"article:published_time\" content=\"2009-12-12T14:40:52+00:00\" \/>\n<meta property=\"og:image\" content=\"http:\/\/staging.sillon38.com\/wp-content\/uploads\/2009\/12\/convert-300x247.jpg\" \/>\n<meta name=\"author\" content=\"M Coeur\" \/>\n<meta name=\"twitter:card\" content=\"summary_large_image\" \/>\n<meta name=\"twitter:label1\" content=\"\u00c9crit par\" \/>\n\t<meta name=\"twitter:data1\" content=\"M Coeur\" \/>\n\t<meta name=\"twitter:label2\" content=\"Dur\u00e9e de lecture estim\u00e9e\" \/>\n\t<meta name=\"twitter:data2\" content=\"2 minutes\" \/>\n<script type=\"application\/ld+json\" class=\"yoast-schema-graph\">{\"@context\":\"https:\\\/\\\/schema.org\",\"@graph\":[{\"@type\":\"Article\",\"@id\":\"https:\\\/\\\/www.sillon38.com\\\/blog\\\/2009\\\/12\\\/12\\\/gilles-convert-vive-le-sav-de-amb-rousset\\\/#article\",\"isPartOf\":{\"@id\":\"https:\\\/\\\/www.sillon38.com\\\/blog\\\/2009\\\/12\\\/12\\\/gilles-convert-vive-le-sav-de-amb-rousset\\\/\"},\"author\":{\"name\":\"M Coeur\",\"@id\":\"https:\\\/\\\/www.sillon38.com\\\/blog\\\/#\\\/schema\\\/person\\\/72f06b5f0494d1edc8f4e5bf63651ff1\"},\"headline\":\"Gilles Convert: \u00ab\u00a0Vive le SAV de AMB Rousset\u00a0\u00bb\",\"datePublished\":\"2009-12-12T14:40:52+00:00\",\"mainEntityOfPage\":{\"@id\":\"https:\\\/\\\/www.sillon38.com\\\/blog\\\/2009\\\/12\\\/12\\\/gilles-convert-vive-le-sav-de-amb-rousset\\\/\"},\"wordCount\":352,\"commentCount\":0,\"image\":{\"@id\":\"https:\\\/\\\/www.sillon38.com\\\/blog\\\/2009\\\/12\\\/12\\\/gilles-convert-vive-le-sav-de-amb-rousset\\\/#primaryimage\"},\"thumbnailUrl\":\"http:\\\/\\\/staging.sillon38.com\\\/wp-content\\\/uploads\\\/2009\\\/12\\\/convert-300x247.jpg\",\"keywords\":[\"AMB Rousset\",\"noix de Grenoble\",\"Salon de Paris\"],\"articleSection\":[\"nuciculture\"],\"inLanguage\":\"fr-FR\",\"potentialAction\":[{\"@type\":\"CommentAction\",\"name\":\"Comment\",\"target\":[\"https:\\\/\\\/www.sillon38.com\\\/blog\\\/2009\\\/12\\\/12\\\/gilles-convert-vive-le-sav-de-amb-rousset\\\/#respond\"]}]},{\"@type\":\"WebPage\",\"@id\":\"https:\\\/\\\/www.sillon38.com\\\/blog\\\/2009\\\/12\\\/12\\\/gilles-convert-vive-le-sav-de-amb-rousset\\\/\",\"url\":\"https:\\\/\\\/www.sillon38.com\\\/blog\\\/2009\\\/12\\\/12\\\/gilles-convert-vive-le-sav-de-amb-rousset\\\/\",\"name\":\"Gilles Convert: \\\"Vive le SAV de AMB Rousset\\\" -\",\"isPartOf\":{\"@id\":\"https:\\\/\\\/www.sillon38.com\\\/blog\\\/#website\"},\"primaryImageOfPage\":{\"@id\":\"https:\\\/\\\/www.sillon38.com\\\/blog\\\/2009\\\/12\\\/12\\\/gilles-convert-vive-le-sav-de-amb-rousset\\\/#primaryimage\"},\"image\":{\"@id\":\"https:\\\/\\\/www.sillon38.com\\\/blog\\\/2009\\\/12\\\/12\\\/gilles-convert-vive-le-sav-de-amb-rousset\\\/#primaryimage\"},\"thumbnailUrl\":\"http:\\\/\\\/staging.sillon38.com\\\/wp-content\\\/uploads\\\/2009\\\/12\\\/convert-300x247.jpg\",\"datePublished\":\"2009-12-12T14:40:52+00:00\",\"author\":{\"@id\":\"https:\\\/\\\/www.sillon38.com\\\/blog\\\/#\\\/schema\\\/person\\\/72f06b5f0494d1edc8f4e5bf63651ff1\"},\"breadcrumb\":{\"@id\":\"https:\\\/\\\/www.sillon38.com\\\/blog\\\/2009\\\/12\\\/12\\\/gilles-convert-vive-le-sav-de-amb-rousset\\\/#breadcrumb\"},\"inLanguage\":\"fr-FR\",\"potentialAction\":[{\"@type\":\"ReadAction\",\"target\":[\"https:\\\/\\\/www.sillon38.com\\\/blog\\\/2009\\\/12\\\/12\\\/gilles-convert-vive-le-sav-de-amb-rousset\\\/\"]}]},{\"@type\":\"ImageObject\",\"inLanguage\":\"fr-FR\",\"@id\":\"https:\\\/\\\/www.sillon38.com\\\/blog\\\/2009\\\/12\\\/12\\\/gilles-convert-vive-le-sav-de-amb-rousset\\\/#primaryimage\",\"url\":\"http:\\\/\\\/staging.sillon38.com\\\/wp-content\\\/uploads\\\/2009\\\/12\\\/convert-300x247.jpg\",\"contentUrl\":\"http:\\\/\\\/staging.sillon38.com\\\/wp-content\\\/uploads\\\/2009\\\/12\\\/convert-300x247.jpg\"},{\"@type\":\"BreadcrumbList\",\"@id\":\"https:\\\/\\\/www.sillon38.com\\\/blog\\\/2009\\\/12\\\/12\\\/gilles-convert-vive-le-sav-de-amb-rousset\\\/#breadcrumb\",\"itemListElement\":[{\"@type\":\"ListItem\",\"position\":1,\"name\":\"Accueil\",\"item\":\"https:\\\/\\\/www.sillon38.com\\\/blog\\\/\"},{\"@type\":\"ListItem\",\"position\":2,\"name\":\"Gilles Convert: \u00ab\u00a0Vive le SAV de AMB Rousset\u00a0\u00bb\"}]},{\"@type\":\"WebSite\",\"@id\":\"https:\\\/\\\/www.sillon38.com\\\/blog\\\/#website\",\"url\":\"https:\\\/\\\/www.sillon38.com\\\/blog\\\/\",\"name\":\"\",\"description\":\"Le journal du monde rural\",\"potentialAction\":[{\"@type\":\"SearchAction\",\"target\":{\"@type\":\"EntryPoint\",\"urlTemplate\":\"https:\\\/\\\/www.sillon38.com\\\/blog\\\/?s={search_term_string}\"},\"query-input\":{\"@type\":\"PropertyValueSpecification\",\"valueRequired\":true,\"valueName\":\"search_term_string\"}}],\"inLanguage\":\"fr-FR\"},{\"@type\":\"Person\",\"@id\":\"https:\\\/\\\/www.sillon38.com\\\/blog\\\/#\\\/schema\\\/person\\\/72f06b5f0494d1edc8f4e5bf63651ff1\",\"name\":\"M Coeur\"}]}<\/script>\n<!-- \/ Yoast SEO plugin. -->","yoast_head_json":{"title":"Gilles Convert: \"Vive le SAV de AMB Rousset\" -","robots":{"index":"index","follow":"follow","max-snippet":"max-snippet:-1","max-image-preview":"max-image-preview:large","max-video-preview":"max-video-preview:-1"},"canonical":"https:\/\/www.sillon38.com\/blog\/2009\/12\/12\/gilles-convert-vive-le-sav-de-amb-rousset\/","og_locale":"fr_FR","og_type":"article","og_title":"Gilles Convert: \"Vive le SAV de AMB Rousset\" -","og_description":"Gilles Convert, producteur de noix \u00e0 L'Albenc ne manque pas le rendez-vous fix\u00e9 avec les \u00e9tablissements Rousset \u00e0 travers leurs portes ouvertes. \"On vient voir, discuter...\"","og_url":"https:\/\/www.sillon38.com\/blog\/2009\/12\/12\/gilles-convert-vive-le-sav-de-amb-rousset\/","article_published_time":"2009-12-12T14:40:52+00:00","og_image":[{"url":"http:\/\/staging.sillon38.com\/wp-content\/uploads\/2009\/12\/convert-300x247.jpg","type":"","width":"","height":""}],"author":"M Coeur","twitter_card":"summary_large_image","twitter_misc":{"\u00c9crit par":"M Coeur","Dur\u00e9e de lecture estim\u00e9e":"2 minutes"},"schema":{"@context":"https:\/\/schema.org","@graph":[{"@type":"Article","@id":"https:\/\/www.sillon38.com\/blog\/2009\/12\/12\/gilles-convert-vive-le-sav-de-amb-rousset\/#article","isPartOf":{"@id":"https:\/\/www.sillon38.com\/blog\/2009\/12\/12\/gilles-convert-vive-le-sav-de-amb-rousset\/"},"author":{"name":"M Coeur","@id":"https:\/\/www.sillon38.com\/blog\/#\/schema\/person\/72f06b5f0494d1edc8f4e5bf63651ff1"},"headline":"Gilles Convert: \u00ab\u00a0Vive le SAV de AMB Rousset\u00a0\u00bb","datePublished":"2009-12-12T14:40:52+00:00","mainEntityOfPage":{"@id":"https:\/\/www.sillon38.com\/blog\/2009\/12\/12\/gilles-convert-vive-le-sav-de-amb-rousset\/"},"wordCount":352,"commentCount":0,"image":{"@id":"https:\/\/www.sillon38.com\/blog\/2009\/12\/12\/gilles-convert-vive-le-sav-de-amb-rousset\/#primaryimage"},"thumbnailUrl":"http:\/\/staging.sillon38.com\/wp-content\/uploads\/2009\/12\/convert-300x247.jpg","keywords":["AMB Rousset","noix de Grenoble","Salon de Paris"],"articleSection":["nuciculture"],"inLanguage":"fr-FR","potentialAction":[{"@type":"CommentAction","name":"Comment","target":["https:\/\/www.sillon38.com\/blog\/2009\/12\/12\/gilles-convert-vive-le-sav-de-amb-rousset\/#respond"]}]},{"@type":"WebPage","@id":"https:\/\/www.sillon38.com\/blog\/2009\/12\/12\/gilles-convert-vive-le-sav-de-amb-rousset\/","url":"https:\/\/www.sillon38.com\/blog\/2009\/12\/12\/gilles-convert-vive-le-sav-de-amb-rousset\/","name":"Gilles Convert: \"Vive le SAV de AMB Rousset\" -","isPartOf":{"@id":"https:\/\/www.sillon38.com\/blog\/#website"},"primaryImageOfPage":{"@id":"https:\/\/www.sillon38.com\/blog\/2009\/12\/12\/gilles-convert-vive-le-sav-de-amb-rousset\/#primaryimage"},"image":{"@id":"https:\/\/www.sillon38.com\/blog\/2009\/12\/12\/gilles-convert-vive-le-sav-de-amb-rousset\/#primaryimage"},"thumbnailUrl":"http:\/\/staging.sillon38.com\/wp-content\/uploads\/2009\/12\/convert-300x247.jpg","datePublished":"2009-12-12T14:40:52+00:00","author":{"@id":"https:\/\/www.sillon38.com\/blog\/#\/schema\/person\/72f06b5f0494d1edc8f4e5bf63651ff1"},"breadcrumb":{"@id":"https:\/\/www.sillon38.com\/blog\/2009\/12\/12\/gilles-convert-vive-le-sav-de-amb-rousset\/#breadcrumb"},"inLanguage":"fr-FR","potentialAction":[{"@type":"ReadAction","target":["https:\/\/www.sillon38.com\/blog\/2009\/12\/12\/gilles-convert-vive-le-sav-de-amb-rousset\/"]}]},{"@type":"ImageObject","inLanguage":"fr-FR","@id":"https:\/\/www.sillon38.com\/blog\/2009\/12\/12\/gilles-convert-vive-le-sav-de-amb-rousset\/#primaryimage","url":"http:\/\/staging.sillon38.com\/wp-content\/uploads\/2009\/12\/convert-300x247.jpg","contentUrl":"http:\/\/staging.sillon38.com\/wp-content\/uploads\/2009\/12\/convert-300x247.jpg"},{"@type":"BreadcrumbList","@id":"https:\/\/www.sillon38.com\/blog\/2009\/12\/12\/gilles-convert-vive-le-sav-de-amb-rousset\/#breadcrumb","itemListElement":[{"@type":"ListItem","position":1,"name":"Accueil","item":"https:\/\/www.sillon38.com\/blog\/"},{"@type":"ListItem","position":2,"name":"Gilles Convert: \u00ab\u00a0Vive le SAV de AMB Rousset\u00a0\u00bb"}]},{"@type":"WebSite","@id":"https:\/\/www.sillon38.com\/blog\/#website","url":"https:\/\/www.sillon38.com\/blog\/","name":"","description":"Le journal du monde rural","potentialAction":[{"@type":"SearchAction","target":{"@type":"EntryPoint","urlTemplate":"https:\/\/www.sillon38.com\/blog\/?s={search_term_string}"},"query-input":{"@type":"PropertyValueSpecification","valueRequired":true,"valueName":"search_term_string"}}],"inLanguage":"fr-FR"},{"@type":"Person","@id":"https:\/\/www.sillon38.com\/blog\/#\/schema\/person\/72f06b5f0494d1edc8f4e5bf63651ff1","name":"M Coeur"}]}},"_links":{"self":[{"href":"https:\/\/www.sillon38.com\/blog\/wp-json\/wp\/v2\/posts\/11514","targetHints":{"allow":["GET"]}}],"collection":[{"href":"https:\/\/www.sillon38.com\/blog\/wp-json\/wp\/v2\/posts"}],"about":[{"href":"https:\/\/www.sillon38.com\/blog\/wp-json\/wp\/v2\/types\/post"}],"author":[{"embeddable":true,"href":"https:\/\/www.sillon38.com\/blog\/wp-json\/wp\/v2\/users\/2"}],"replies":[{"embeddable":true,"href":"https:\/\/www.sillon38.com\/blog\/wp-json\/wp\/v2\/comments?post=11514"}],"version-history":[{"count":0,"href":"https:\/\/www.sillon38.com\/blog\/wp-json\/wp\/v2\/posts\/11514\/revisions"}],"wp:attachment":[{"href":"https:\/\/www.sillon38.com\/blog\/wp-json\/wp\/v2\/media?parent=11514"}],"wp:term":[{"taxonomy":"category","embeddable":true,"href":"https:\/\/www.sillon38.com\/blog\/wp-json\/wp\/v2\/categories?post=11514"},{"taxonomy":"post_tag","embeddable":true,"href":"https:\/\/www.sillon38.com\/blog\/wp-json\/wp\/v2\/tags?post=11514"}],"curies":[{"name":"wp","href":"https:\/\/api.w.org\/{rel}","templated":true}]}}