{"id":13240,"date":"2010-03-03T17:12:47","date_gmt":"2010-03-03T15:12:47","guid":{"rendered":"http:\/\/staging.sillon38.com\/?p=13240"},"modified":"2010-03-03T17:12:47","modified_gmt":"2010-03-03T15:12:47","slug":"offres-et-demandes-demploi-en-rhone-alpes-dans-le-secteur-agricole-14","status":"publish","type":"post","link":"https:\/\/www.sillon38.com\/blog\/2010\/03\/03\/offres-et-demandes-demploi-en-rhone-alpes-dans-le-secteur-agricole-14\/","title":{"rendered":"Offres et demandes d&#8217;emploi, en Rh\u00f4ne-Alpes, dans le secteur agricole"},"content":{"rendered":"<p><span style=\"color: #000000;\"><strong>Retrouvez ces offres d\u2019emploi sur <a href=\"http:\/\/www.anefa.org\/\">www.anefa.org<\/a> :<\/strong><\/span><\/p>\n<p><span style=\"color: #000000;\"> <strong>Dr\u00f4me<\/strong><\/span><\/p>\n<p><span style=\"color: #000000;\">Domaine cherche un agent polyvalent (H\/F). A la fois agent tractoriste et agent de chai (vendanges). Il interviendra \u00e0 tous les stades du cycle de la vigne et du sol. Motivation et exp\u00e9rience ou solide formation. CDI tps complet.<\/span><\/p>\n<p><span style=\"color: #000000;\"> Contact\u00a0: 04 75 56 94 06 ou <a href=\"mailto:emploi-rhone-alpes@anefa.org\">emploi-rhone-alpes@anefa.org<\/a>. OVI13-26<\/span><\/p>\n<p><span style=\"color: #000000;\"> <strong>Hte-Savoie <\/strong><\/span><\/p>\n<p><span style=\"color: #000000;\"> Expl. laiti\u00e8re cherche un salari\u00e9 (H\/F) pour un remplacement maternit\u00e9. Missions confi\u00e9es : traite, soins aux animaux, entretien des parcs. Connaissances en fabrication appr\u00e9ci\u00e9es. CDD 6 mois, tps complet.<\/span><\/p>\n<p><span style=\"color: #000000;\"> Contact\u00a0: 04 75 56 94 06 ou <a href=\"mailto:emploi-rhone-alpes@anefa.org\">emploi-rhone-alpes@anefa.org<\/a>. OVL23-74<\/span><\/p>\n<p><span style=\"color: #000000;\"> <strong>Is\u00e8re <\/strong><\/span><\/p>\n<p><span style=\"color: #000000;\"> GE cherche un agent d&rsquo;\u00e9levage bovin (H\/F). Missions : soins, traite, alimentation. Exp\u00e9rience souhait\u00e9e de 6 mois. Autonomie, disponibilit\u00e9 et motivation indispensables. CDD tps plein.<\/span><\/p>\n<p><span style=\"color: #000000;\"> Contact\u00a0: 04 75 56 94 06 ou <a href=\"mailto:emploi-rhone-alpes@anefa.org\">emploi-rhone-alpes@anefa.org<\/a>. OVL7-38<\/span><\/p>\n<p><span style=\"color: #000000;\"> <strong>Rh\u00f4ne <\/strong><\/span><\/p>\n<p><span style=\"color: #000000;\">Recherche second d\u2019exploitation (H\/F). Vous aurez en charge la gestion des cultures, le suivi de la qualit\u00e9 et la tra\u00e7abilit\u00e9. Missions\u00a0: pr\u00e9paration des sols, semis, r\u00e9coltes, traitements phytosanitaires.<\/span><\/p>\n<p><span style=\"color: #000000;\"> Contact\u00a0: 04 75 56 94 06 ou <a href=\"mailto:emploi-rhone-alpes@anefa.org\">emploi-rhone-alpes@anefa.org<\/a>. OMA-69<\/span><\/p>\n<p><span style=\"color: #000000;\"> <strong>Rh\u00f4ne <\/strong><\/span><\/p>\n<p><span style=\"color: #000000;\"> URGENT. Expl. cherche un agent d&rsquo;\u00e9levage laitier (H\/F). Missions : traite des vaches, conduite du troupeau, alimentation et soins, travaux des cultures, conduite de mat\u00e9riel. Int\u00e9r\u00eat pour la g\u00e9n\u00e9tique et autonomie indispensables. Formation agricole et exp\u00e9rience exig\u00e9es.<\/span><\/p>\n<p><span style=\"color: #000000;\"> CDD tps plein. Contact\u00a0: 04 75 56 94 06 ou <a href=\"mailto:emploi-rhone-alpes@anefa.org\">emploi-rhone-alpes@anefa.org<\/a>. OVL10-69<\/span><\/p>\n<p><span style=\"color: #000000;\"><strong> Retrouvez ces demandes d\u2019emploi sur <a href=\"http:\/\/www.anefa.org\/\">www.anefa.org<\/a> :<\/strong><\/span><\/p>\n<p><span style=\"color: #000000;\"><strong> <\/strong><\/span><\/p>\n<p><span style=\"color: #000000;\"><strong>Dr\u00f4me . <\/strong>Femme cherche emploi d\u2019agent d\u2019\u00e9levage \u00e9quin. Titulaire BEPA \u00e9levage du cheval. <\/span><\/p>\n<p><span style=\"color: #000000;\">Contact\u00a0: 04 75 56 94 06 ou <a href=\"mailto:emploi-rhone-alpes@anefa.org\">emploi-rhone-alpes@anefa.org<\/a>. DEQ4-26<\/span><\/p>\n<p><span style=\"color: #000000;\"> <strong>Hte-Savoie\u00a0:<\/strong> Homme cherche emploi d\u2019agent d\u2019\u00e9levage laitier et\/ou d\u2019agent fromager. Exp\u00e9riment\u00e9.<\/span><\/p>\n<p><span style=\"color: #000000;\"> Contact\u00a0: 04 75 56 94 06 ou <a href=\"mailto:emploi-rhone-alpes@anefa.org\">emploi-rhone-alpes@anefa.org<\/a>. DVL12-74<\/span><\/p>\n<p><span style=\"color: #000000;\"> <strong>Hte-Savoie .<\/strong> Homme cherche emploi d\u2019agent d\u2019\u00e9levage. Exp\u00e9rience en \u00e9levage bovin lait et bovin viande. <\/span><\/p>\n<p><span style=\"color: #000000;\">Contact\u00a0: 04 75 56 94 06 ou <a href=\"mailto:emploi-rhone-alpes@anefa.org\">emploi-rhone-alpes@anefa.org<\/a>. DVL11-74<\/span><\/p>\n<p><span style=\"color: #000000;\"> <strong>Loire <\/strong><\/span><\/p>\n<p><span style=\"color: #000000;\"><strong> <\/strong>Homme cherche emploi d\u2019agent d\u2019\u00e9levage et\/ou de technicien. Titulaire d\u2019un BTSA Productions animales. Mobilit\u00e9\u00a0: autour de Montbrison.<\/span><\/p>\n<p><span style=\"color: #000000;\"> Contact\u00a0: 04 75 56 94 06 ou <a href=\"mailto:emploi-rhone-alpes@anefa.org\">emploi-rhone-alpes@anefa.org<\/a>. DEL5-42<\/span><\/p>\n<p><span style=\"color: #000000;\"> <strong>Rh\u00f4ne <\/strong><\/span><\/p>\n<p><span style=\"color: #000000;\">Homme cherche emploi d\u2019agent d\u2019\u00e9levage bovin lait. Exp\u00e9riment\u00e9. Mobilit\u00e9\u00a0: Rh\u00f4ne et d\u00e9partements limitrophes. <\/span><\/p>\n<p><span style=\"color: #000000;\">Contact\u00a0: 04 75 56 94 06 ou <a href=\"mailto:emploi-rhone-alpes@anefa.org\">emploi-rhone-alpes@anefa.org<\/a>. DVL25-69<\/span><\/p>\n<p><span style=\"color: #000000;\"> <\/span><\/p>\n","protected":false},"excerpt":{"rendered":"<p>Offres et demandes d&#8217;emploi en agriculture dans la r\u00e9gion Rh\u00f4ne Alpes, semaine 9.<\/p>\n","protected":false},"author":2,"featured_media":0,"comment_status":"open","ping_status":"open","sticky":false,"template":"","format":"standard","meta":{"footnotes":""},"categories":[17],"tags":[2047],"class_list":["post-13240","post","type-post","status-publish","format-standard","hentry","category-economieemploi","tag-emploi-en-rhone-alpes"],"yoast_head":"<!-- This site is optimized with the Yoast SEO plugin v27.5 - https:\/\/yoast.com\/product\/yoast-seo-wordpress\/ -->\n<title>Offres et demandes d&#039;emploi, en Rh\u00f4ne-Alpes, dans le secteur agricole -<\/title>\n<meta name=\"robots\" content=\"index, follow, max-snippet:-1, max-image-preview:large, max-video-preview:-1\" \/>\n<link rel=\"canonical\" href=\"https:\/\/www.sillon38.com\/blog\/2010\/03\/03\/offres-et-demandes-demploi-en-rhone-alpes-dans-le-secteur-agricole-14\/\" \/>\n<meta property=\"og:locale\" content=\"fr_FR\" \/>\n<meta property=\"og:type\" content=\"article\" \/>\n<meta property=\"og:title\" content=\"Offres et demandes d&#039;emploi, en Rh\u00f4ne-Alpes, dans le secteur agricole -\" \/>\n<meta property=\"og:description\" content=\"Offres et demandes d&#039;emploi en agriculture dans la r\u00e9gion Rh\u00f4ne Alpes, semaine 9.\" \/>\n<meta property=\"og:url\" content=\"https:\/\/www.sillon38.com\/blog\/2010\/03\/03\/offres-et-demandes-demploi-en-rhone-alpes-dans-le-secteur-agricole-14\/\" \/>\n<meta property=\"article:published_time\" content=\"2010-03-03T15:12:47+00:00\" \/>\n<meta name=\"author\" content=\"M Coeur\" \/>\n<meta name=\"twitter:card\" content=\"summary_large_image\" \/>\n<meta name=\"twitter:label1\" content=\"\u00c9crit par\" \/>\n\t<meta name=\"twitter:data1\" content=\"M Coeur\" \/>\n\t<meta name=\"twitter:label2\" content=\"Dur\u00e9e de lecture estim\u00e9e\" \/>\n\t<meta name=\"twitter:data2\" content=\"2 minutes\" \/>\n<script type=\"application\/ld+json\" class=\"yoast-schema-graph\">{\"@context\":\"https:\\\/\\\/schema.org\",\"@graph\":[{\"@type\":\"Article\",\"@id\":\"https:\\\/\\\/www.sillon38.com\\\/blog\\\/2010\\\/03\\\/03\\\/offres-et-demandes-demploi-en-rhone-alpes-dans-le-secteur-agricole-14\\\/#article\",\"isPartOf\":{\"@id\":\"https:\\\/\\\/www.sillon38.com\\\/blog\\\/2010\\\/03\\\/03\\\/offres-et-demandes-demploi-en-rhone-alpes-dans-le-secteur-agricole-14\\\/\"},\"author\":{\"name\":\"M Coeur\",\"@id\":\"https:\\\/\\\/www.sillon38.com\\\/blog\\\/#\\\/schema\\\/person\\\/72f06b5f0494d1edc8f4e5bf63651ff1\"},\"headline\":\"Offres et demandes d&#8217;emploi, en Rh\u00f4ne-Alpes, dans le secteur agricole\",\"datePublished\":\"2010-03-03T15:12:47+00:00\",\"mainEntityOfPage\":{\"@id\":\"https:\\\/\\\/www.sillon38.com\\\/blog\\\/2010\\\/03\\\/03\\\/offres-et-demandes-demploi-en-rhone-alpes-dans-le-secteur-agricole-14\\\/\"},\"wordCount\":378,\"commentCount\":0,\"keywords\":[\"emploi en Rh\u00f4ne alpes.\"],\"articleSection\":[\"economie\\\/emploi\"],\"inLanguage\":\"fr-FR\",\"potentialAction\":[{\"@type\":\"CommentAction\",\"name\":\"Comment\",\"target\":[\"https:\\\/\\\/www.sillon38.com\\\/blog\\\/2010\\\/03\\\/03\\\/offres-et-demandes-demploi-en-rhone-alpes-dans-le-secteur-agricole-14\\\/#respond\"]}]},{\"@type\":\"WebPage\",\"@id\":\"https:\\\/\\\/www.sillon38.com\\\/blog\\\/2010\\\/03\\\/03\\\/offres-et-demandes-demploi-en-rhone-alpes-dans-le-secteur-agricole-14\\\/\",\"url\":\"https:\\\/\\\/www.sillon38.com\\\/blog\\\/2010\\\/03\\\/03\\\/offres-et-demandes-demploi-en-rhone-alpes-dans-le-secteur-agricole-14\\\/\",\"name\":\"Offres et demandes d'emploi, en Rh\u00f4ne-Alpes, dans le secteur agricole -\",\"isPartOf\":{\"@id\":\"https:\\\/\\\/www.sillon38.com\\\/blog\\\/#website\"},\"datePublished\":\"2010-03-03T15:12:47+00:00\",\"author\":{\"@id\":\"https:\\\/\\\/www.sillon38.com\\\/blog\\\/#\\\/schema\\\/person\\\/72f06b5f0494d1edc8f4e5bf63651ff1\"},\"breadcrumb\":{\"@id\":\"https:\\\/\\\/www.sillon38.com\\\/blog\\\/2010\\\/03\\\/03\\\/offres-et-demandes-demploi-en-rhone-alpes-dans-le-secteur-agricole-14\\\/#breadcrumb\"},\"inLanguage\":\"fr-FR\",\"potentialAction\":[{\"@type\":\"ReadAction\",\"target\":[\"https:\\\/\\\/www.sillon38.com\\\/blog\\\/2010\\\/03\\\/03\\\/offres-et-demandes-demploi-en-rhone-alpes-dans-le-secteur-agricole-14\\\/\"]}]},{\"@type\":\"BreadcrumbList\",\"@id\":\"https:\\\/\\\/www.sillon38.com\\\/blog\\\/2010\\\/03\\\/03\\\/offres-et-demandes-demploi-en-rhone-alpes-dans-le-secteur-agricole-14\\\/#breadcrumb\",\"itemListElement\":[{\"@type\":\"ListItem\",\"position\":1,\"name\":\"Accueil\",\"item\":\"https:\\\/\\\/www.sillon38.com\\\/blog\\\/\"},{\"@type\":\"ListItem\",\"position\":2,\"name\":\"Offres et demandes d&#8217;emploi, en Rh\u00f4ne-Alpes, dans le secteur agricole\"}]},{\"@type\":\"WebSite\",\"@id\":\"https:\\\/\\\/www.sillon38.com\\\/blog\\\/#website\",\"url\":\"https:\\\/\\\/www.sillon38.com\\\/blog\\\/\",\"name\":\"\",\"description\":\"Le journal du monde rural\",\"potentialAction\":[{\"@type\":\"SearchAction\",\"target\":{\"@type\":\"EntryPoint\",\"urlTemplate\":\"https:\\\/\\\/www.sillon38.com\\\/blog\\\/?s={search_term_string}\"},\"query-input\":{\"@type\":\"PropertyValueSpecification\",\"valueRequired\":true,\"valueName\":\"search_term_string\"}}],\"inLanguage\":\"fr-FR\"},{\"@type\":\"Person\",\"@id\":\"https:\\\/\\\/www.sillon38.com\\\/blog\\\/#\\\/schema\\\/person\\\/72f06b5f0494d1edc8f4e5bf63651ff1\",\"name\":\"M Coeur\"}]}<\/script>\n<!-- \/ Yoast SEO plugin. -->","yoast_head_json":{"title":"Offres et demandes d'emploi, en Rh\u00f4ne-Alpes, dans le secteur agricole -","robots":{"index":"index","follow":"follow","max-snippet":"max-snippet:-1","max-image-preview":"max-image-preview:large","max-video-preview":"max-video-preview:-1"},"canonical":"https:\/\/www.sillon38.com\/blog\/2010\/03\/03\/offres-et-demandes-demploi-en-rhone-alpes-dans-le-secteur-agricole-14\/","og_locale":"fr_FR","og_type":"article","og_title":"Offres et demandes d'emploi, en Rh\u00f4ne-Alpes, dans le secteur agricole -","og_description":"Offres et demandes d'emploi en agriculture dans la r\u00e9gion Rh\u00f4ne Alpes, semaine 9.","og_url":"https:\/\/www.sillon38.com\/blog\/2010\/03\/03\/offres-et-demandes-demploi-en-rhone-alpes-dans-le-secteur-agricole-14\/","article_published_time":"2010-03-03T15:12:47+00:00","author":"M Coeur","twitter_card":"summary_large_image","twitter_misc":{"\u00c9crit par":"M Coeur","Dur\u00e9e de lecture estim\u00e9e":"2 minutes"},"schema":{"@context":"https:\/\/schema.org","@graph":[{"@type":"Article","@id":"https:\/\/www.sillon38.com\/blog\/2010\/03\/03\/offres-et-demandes-demploi-en-rhone-alpes-dans-le-secteur-agricole-14\/#article","isPartOf":{"@id":"https:\/\/www.sillon38.com\/blog\/2010\/03\/03\/offres-et-demandes-demploi-en-rhone-alpes-dans-le-secteur-agricole-14\/"},"author":{"name":"M Coeur","@id":"https:\/\/www.sillon38.com\/blog\/#\/schema\/person\/72f06b5f0494d1edc8f4e5bf63651ff1"},"headline":"Offres et demandes d&#8217;emploi, en Rh\u00f4ne-Alpes, dans le secteur agricole","datePublished":"2010-03-03T15:12:47+00:00","mainEntityOfPage":{"@id":"https:\/\/www.sillon38.com\/blog\/2010\/03\/03\/offres-et-demandes-demploi-en-rhone-alpes-dans-le-secteur-agricole-14\/"},"wordCount":378,"commentCount":0,"keywords":["emploi en Rh\u00f4ne alpes."],"articleSection":["economie\/emploi"],"inLanguage":"fr-FR","potentialAction":[{"@type":"CommentAction","name":"Comment","target":["https:\/\/www.sillon38.com\/blog\/2010\/03\/03\/offres-et-demandes-demploi-en-rhone-alpes-dans-le-secteur-agricole-14\/#respond"]}]},{"@type":"WebPage","@id":"https:\/\/www.sillon38.com\/blog\/2010\/03\/03\/offres-et-demandes-demploi-en-rhone-alpes-dans-le-secteur-agricole-14\/","url":"https:\/\/www.sillon38.com\/blog\/2010\/03\/03\/offres-et-demandes-demploi-en-rhone-alpes-dans-le-secteur-agricole-14\/","name":"Offres et demandes d'emploi, en Rh\u00f4ne-Alpes, dans le secteur agricole -","isPartOf":{"@id":"https:\/\/www.sillon38.com\/blog\/#website"},"datePublished":"2010-03-03T15:12:47+00:00","author":{"@id":"https:\/\/www.sillon38.com\/blog\/#\/schema\/person\/72f06b5f0494d1edc8f4e5bf63651ff1"},"breadcrumb":{"@id":"https:\/\/www.sillon38.com\/blog\/2010\/03\/03\/offres-et-demandes-demploi-en-rhone-alpes-dans-le-secteur-agricole-14\/#breadcrumb"},"inLanguage":"fr-FR","potentialAction":[{"@type":"ReadAction","target":["https:\/\/www.sillon38.com\/blog\/2010\/03\/03\/offres-et-demandes-demploi-en-rhone-alpes-dans-le-secteur-agricole-14\/"]}]},{"@type":"BreadcrumbList","@id":"https:\/\/www.sillon38.com\/blog\/2010\/03\/03\/offres-et-demandes-demploi-en-rhone-alpes-dans-le-secteur-agricole-14\/#breadcrumb","itemListElement":[{"@type":"ListItem","position":1,"name":"Accueil","item":"https:\/\/www.sillon38.com\/blog\/"},{"@type":"ListItem","position":2,"name":"Offres et demandes d&#8217;emploi, en Rh\u00f4ne-Alpes, dans le secteur agricole"}]},{"@type":"WebSite","@id":"https:\/\/www.sillon38.com\/blog\/#website","url":"https:\/\/www.sillon38.com\/blog\/","name":"","description":"Le journal du monde rural","potentialAction":[{"@type":"SearchAction","target":{"@type":"EntryPoint","urlTemplate":"https:\/\/www.sillon38.com\/blog\/?s={search_term_string}"},"query-input":{"@type":"PropertyValueSpecification","valueRequired":true,"valueName":"search_term_string"}}],"inLanguage":"fr-FR"},{"@type":"Person","@id":"https:\/\/www.sillon38.com\/blog\/#\/schema\/person\/72f06b5f0494d1edc8f4e5bf63651ff1","name":"M Coeur"}]}},"_links":{"self":[{"href":"https:\/\/www.sillon38.com\/blog\/wp-json\/wp\/v2\/posts\/13240","targetHints":{"allow":["GET"]}}],"collection":[{"href":"https:\/\/www.sillon38.com\/blog\/wp-json\/wp\/v2\/posts"}],"about":[{"href":"https:\/\/www.sillon38.com\/blog\/wp-json\/wp\/v2\/types\/post"}],"author":[{"embeddable":true,"href":"https:\/\/www.sillon38.com\/blog\/wp-json\/wp\/v2\/users\/2"}],"replies":[{"embeddable":true,"href":"https:\/\/www.sillon38.com\/blog\/wp-json\/wp\/v2\/comments?post=13240"}],"version-history":[{"count":0,"href":"https:\/\/www.sillon38.com\/blog\/wp-json\/wp\/v2\/posts\/13240\/revisions"}],"wp:attachment":[{"href":"https:\/\/www.sillon38.com\/blog\/wp-json\/wp\/v2\/media?parent=13240"}],"wp:term":[{"taxonomy":"category","embeddable":true,"href":"https:\/\/www.sillon38.com\/blog\/wp-json\/wp\/v2\/categories?post=13240"},{"taxonomy":"post_tag","embeddable":true,"href":"https:\/\/www.sillon38.com\/blog\/wp-json\/wp\/v2\/tags?post=13240"}],"curies":[{"name":"wp","href":"https:\/\/api.w.org\/{rel}","templated":true}]}}