{"id":13585,"date":"2010-03-16T11:44:31","date_gmt":"2010-03-16T09:44:31","guid":{"rendered":"http:\/\/staging.sillon38.com\/?p=13585"},"modified":"2010-03-16T11:44:31","modified_gmt":"2010-03-16T09:44:31","slug":"13585-2","status":"publish","type":"post","link":"https:\/\/www.sillon38.com\/blog\/2010\/03\/16\/13585-2\/","title":{"rendered":"La contamination de l&rsquo;eau en d\u00e9bat"},"content":{"rendered":"<p><img loading=\"lazy\" decoding=\"async\" class=\"alignright size-full wp-image-13586\" title=\"conf pesticides\" src=\"http:\/\/staging.sillon38.com\/wp-content\/uploads\/2010\/03\/conf-pesticides.jpg\" alt=\"conf pesticides\" width=\"283\" height=\"388\" \/>L\u2019utilisation de produits issus de l\u2019industrie chimique tels que les engrais (nitrates) et les pesticides (insecticides, fongicides et herbicides) engendre un risque pour l&rsquo;approvisionnement en eau potable.<\/p>\n<p>L\u2019agriculture est la principale utilisatrice, mais les gestionnaires des espaces verts (parcs, jardins, espaces enherb\u00e9s ou fleuris,\u2026) et des voiries (bordures de routes, talus, voies SNCF&#8230;) ainsi que les particuliers, jardiniers amateurs surtout, ont aussi leur part de responsabilit\u00e9.<\/p>\n<p>Devant la gravit\u00e9 de la situation (abandon de certains captages, contamination g\u00e9n\u00e9ralis\u00e9e de l\u2019environnement\u2026), la FRAPNA Is\u00e8re, avec le soutien du Conseil g\u00e9n\u00e9ral de l\u2019Is\u00e8re et de l\u2019Agence de l\u2019eau Rh\u00f4ne M\u00e9diterran\u00e9e Corse, organise une conf\u00e9rence d\u2019information et de sensibilisation relative au probl\u00e8me de la contamination de l\u2019eau, proposant des exp\u00e9riences innovantes pour y rem\u00e9dier.<\/p>\n<blockquote><p>Cette conf\u00e9rence aura lieu vendredi 26 mars \u00e0 partir de 13h45 dans l&rsquo;amphith\u00e9\u00e2tre du lyc\u00e9e horticole de Saint-Ismier. Elle s&rsquo;adresse \u00e0 tout public: citoyens, associatifs, \u00e9lus, professionnels, enseignants, \u00e9tudiants&#8230;<\/p><\/blockquote>\n<p>Cette conf\u00e9rence s\u2019ins\u00e8re dans le cycle de conf\u00e9rences-d\u00e9bat FRAPNA pour l\u2019ann\u00e9e de la Biodiversit\u00e9.<\/p>\n<p><strong>Inscription avant le 19 mars<\/strong><\/p>\n<p><em>Renseignements et inscriptions : F\u00e9d\u00e9ration Rh\u00f4ne-Alpes de Protection de la Nature Is\u00e8re<br \/>\n5 pl. Bir Hakeim 38000 Grenoble. Tel.: 04.76.42.64.08<\/em><\/p>\n","protected":false},"excerpt":{"rendered":"<p>Une conf\u00e9rence d&rsquo;information et de sensibilisation relative au probl\u00e8me de la contamination de l&rsquo;eau par les pesticides est organis\u00e9e par la FRAPNA Is\u00e8re vendredi 26 mars au lyc\u00e9e horticole de Grenoble-Saint-Ismier.<\/p>\n","protected":false},"author":2,"featured_media":0,"comment_status":"open","ping_status":"open","sticky":false,"template":"","format":"standard","meta":{"footnotes":""},"categories":[16,98],"tags":[2588,3536],"class_list":["post-13585","post","type-post","status-publish","format-standard","hentry","category-eau","category-ecologie","tag-frapna-isere","tag-lycee-horticole-de-saint-ismier"],"yoast_head":"<!-- This site is optimized with the Yoast SEO plugin v27.5 - https:\/\/yoast.com\/product\/yoast-seo-wordpress\/ -->\n<title>La contamination de l&#039;eau en d\u00e9bat -<\/title>\n<meta name=\"robots\" content=\"index, follow, max-snippet:-1, max-image-preview:large, max-video-preview:-1\" \/>\n<link rel=\"canonical\" href=\"https:\/\/www.sillon38.com\/blog\/2010\/03\/16\/13585-2\/\" \/>\n<meta property=\"og:locale\" content=\"fr_FR\" \/>\n<meta property=\"og:type\" content=\"article\" \/>\n<meta property=\"og:title\" content=\"La contamination de l&#039;eau en d\u00e9bat -\" \/>\n<meta property=\"og:description\" content=\"Une conf\u00e9rence d&#039;information et de sensibilisation relative au probl\u00e8me de la contamination de l&#039;eau par les pesticides est organis\u00e9e par la FRAPNA Is\u00e8re vendredi 26 mars au lyc\u00e9e horticole de Grenoble-Saint-Ismier.\" \/>\n<meta property=\"og:url\" content=\"https:\/\/www.sillon38.com\/blog\/2010\/03\/16\/13585-2\/\" \/>\n<meta property=\"article:published_time\" content=\"2010-03-16T09:44:31+00:00\" \/>\n<meta property=\"og:image\" content=\"http:\/\/staging.sillon38.com\/wp-content\/uploads\/2010\/03\/conf-pesticides.jpg\" \/>\n<meta name=\"author\" content=\"M Coeur\" \/>\n<meta name=\"twitter:card\" content=\"summary_large_image\" \/>\n<meta name=\"twitter:label1\" content=\"\u00c9crit par\" \/>\n\t<meta name=\"twitter:data1\" content=\"M Coeur\" \/>\n\t<meta name=\"twitter:label2\" content=\"Dur\u00e9e de lecture estim\u00e9e\" \/>\n\t<meta name=\"twitter:data2\" content=\"1 minute\" \/>\n<script type=\"application\/ld+json\" class=\"yoast-schema-graph\">{\"@context\":\"https:\\\/\\\/schema.org\",\"@graph\":[{\"@type\":\"Article\",\"@id\":\"https:\\\/\\\/www.sillon38.com\\\/blog\\\/2010\\\/03\\\/16\\\/13585-2\\\/#article\",\"isPartOf\":{\"@id\":\"https:\\\/\\\/www.sillon38.com\\\/blog\\\/2010\\\/03\\\/16\\\/13585-2\\\/\"},\"author\":{\"name\":\"M Coeur\",\"@id\":\"https:\\\/\\\/www.sillon38.com\\\/blog\\\/#\\\/schema\\\/person\\\/72f06b5f0494d1edc8f4e5bf63651ff1\"},\"headline\":\"La contamination de l&rsquo;eau en d\u00e9bat\",\"datePublished\":\"2010-03-16T09:44:31+00:00\",\"mainEntityOfPage\":{\"@id\":\"https:\\\/\\\/www.sillon38.com\\\/blog\\\/2010\\\/03\\\/16\\\/13585-2\\\/\"},\"wordCount\":230,\"commentCount\":0,\"image\":{\"@id\":\"https:\\\/\\\/www.sillon38.com\\\/blog\\\/2010\\\/03\\\/16\\\/13585-2\\\/#primaryimage\"},\"thumbnailUrl\":\"http:\\\/\\\/staging.sillon38.com\\\/wp-content\\\/uploads\\\/2010\\\/03\\\/conf-pesticides.jpg\",\"keywords\":[\"FRAPNA Is\u00e8re\",\"lyc\u00e9e horticole de Saint-Ismier\"],\"articleSection\":[\"eau\",\"\u00e9cologie\"],\"inLanguage\":\"fr-FR\",\"potentialAction\":[{\"@type\":\"CommentAction\",\"name\":\"Comment\",\"target\":[\"https:\\\/\\\/www.sillon38.com\\\/blog\\\/2010\\\/03\\\/16\\\/13585-2\\\/#respond\"]}]},{\"@type\":\"WebPage\",\"@id\":\"https:\\\/\\\/www.sillon38.com\\\/blog\\\/2010\\\/03\\\/16\\\/13585-2\\\/\",\"url\":\"https:\\\/\\\/www.sillon38.com\\\/blog\\\/2010\\\/03\\\/16\\\/13585-2\\\/\",\"name\":\"La contamination de l'eau en d\u00e9bat -\",\"isPartOf\":{\"@id\":\"https:\\\/\\\/www.sillon38.com\\\/blog\\\/#website\"},\"primaryImageOfPage\":{\"@id\":\"https:\\\/\\\/www.sillon38.com\\\/blog\\\/2010\\\/03\\\/16\\\/13585-2\\\/#primaryimage\"},\"image\":{\"@id\":\"https:\\\/\\\/www.sillon38.com\\\/blog\\\/2010\\\/03\\\/16\\\/13585-2\\\/#primaryimage\"},\"thumbnailUrl\":\"http:\\\/\\\/staging.sillon38.com\\\/wp-content\\\/uploads\\\/2010\\\/03\\\/conf-pesticides.jpg\",\"datePublished\":\"2010-03-16T09:44:31+00:00\",\"author\":{\"@id\":\"https:\\\/\\\/www.sillon38.com\\\/blog\\\/#\\\/schema\\\/person\\\/72f06b5f0494d1edc8f4e5bf63651ff1\"},\"breadcrumb\":{\"@id\":\"https:\\\/\\\/www.sillon38.com\\\/blog\\\/2010\\\/03\\\/16\\\/13585-2\\\/#breadcrumb\"},\"inLanguage\":\"fr-FR\",\"potentialAction\":[{\"@type\":\"ReadAction\",\"target\":[\"https:\\\/\\\/www.sillon38.com\\\/blog\\\/2010\\\/03\\\/16\\\/13585-2\\\/\"]}]},{\"@type\":\"ImageObject\",\"inLanguage\":\"fr-FR\",\"@id\":\"https:\\\/\\\/www.sillon38.com\\\/blog\\\/2010\\\/03\\\/16\\\/13585-2\\\/#primaryimage\",\"url\":\"http:\\\/\\\/staging.sillon38.com\\\/wp-content\\\/uploads\\\/2010\\\/03\\\/conf-pesticides.jpg\",\"contentUrl\":\"http:\\\/\\\/staging.sillon38.com\\\/wp-content\\\/uploads\\\/2010\\\/03\\\/conf-pesticides.jpg\"},{\"@type\":\"BreadcrumbList\",\"@id\":\"https:\\\/\\\/www.sillon38.com\\\/blog\\\/2010\\\/03\\\/16\\\/13585-2\\\/#breadcrumb\",\"itemListElement\":[{\"@type\":\"ListItem\",\"position\":1,\"name\":\"Accueil\",\"item\":\"https:\\\/\\\/www.sillon38.com\\\/blog\\\/\"},{\"@type\":\"ListItem\",\"position\":2,\"name\":\"La contamination de l&rsquo;eau en d\u00e9bat\"}]},{\"@type\":\"WebSite\",\"@id\":\"https:\\\/\\\/www.sillon38.com\\\/blog\\\/#website\",\"url\":\"https:\\\/\\\/www.sillon38.com\\\/blog\\\/\",\"name\":\"\",\"description\":\"Le journal du monde rural\",\"potentialAction\":[{\"@type\":\"SearchAction\",\"target\":{\"@type\":\"EntryPoint\",\"urlTemplate\":\"https:\\\/\\\/www.sillon38.com\\\/blog\\\/?s={search_term_string}\"},\"query-input\":{\"@type\":\"PropertyValueSpecification\",\"valueRequired\":true,\"valueName\":\"search_term_string\"}}],\"inLanguage\":\"fr-FR\"},{\"@type\":\"Person\",\"@id\":\"https:\\\/\\\/www.sillon38.com\\\/blog\\\/#\\\/schema\\\/person\\\/72f06b5f0494d1edc8f4e5bf63651ff1\",\"name\":\"M Coeur\"}]}<\/script>\n<!-- \/ Yoast SEO plugin. -->","yoast_head_json":{"title":"La contamination de l'eau en d\u00e9bat -","robots":{"index":"index","follow":"follow","max-snippet":"max-snippet:-1","max-image-preview":"max-image-preview:large","max-video-preview":"max-video-preview:-1"},"canonical":"https:\/\/www.sillon38.com\/blog\/2010\/03\/16\/13585-2\/","og_locale":"fr_FR","og_type":"article","og_title":"La contamination de l'eau en d\u00e9bat -","og_description":"Une conf\u00e9rence d'information et de sensibilisation relative au probl\u00e8me de la contamination de l'eau par les pesticides est organis\u00e9e par la FRAPNA Is\u00e8re vendredi 26 mars au lyc\u00e9e horticole de Grenoble-Saint-Ismier.","og_url":"https:\/\/www.sillon38.com\/blog\/2010\/03\/16\/13585-2\/","article_published_time":"2010-03-16T09:44:31+00:00","og_image":[{"url":"http:\/\/staging.sillon38.com\/wp-content\/uploads\/2010\/03\/conf-pesticides.jpg","type":"","width":"","height":""}],"author":"M Coeur","twitter_card":"summary_large_image","twitter_misc":{"\u00c9crit par":"M Coeur","Dur\u00e9e de lecture estim\u00e9e":"1 minute"},"schema":{"@context":"https:\/\/schema.org","@graph":[{"@type":"Article","@id":"https:\/\/www.sillon38.com\/blog\/2010\/03\/16\/13585-2\/#article","isPartOf":{"@id":"https:\/\/www.sillon38.com\/blog\/2010\/03\/16\/13585-2\/"},"author":{"name":"M Coeur","@id":"https:\/\/www.sillon38.com\/blog\/#\/schema\/person\/72f06b5f0494d1edc8f4e5bf63651ff1"},"headline":"La contamination de l&rsquo;eau en d\u00e9bat","datePublished":"2010-03-16T09:44:31+00:00","mainEntityOfPage":{"@id":"https:\/\/www.sillon38.com\/blog\/2010\/03\/16\/13585-2\/"},"wordCount":230,"commentCount":0,"image":{"@id":"https:\/\/www.sillon38.com\/blog\/2010\/03\/16\/13585-2\/#primaryimage"},"thumbnailUrl":"http:\/\/staging.sillon38.com\/wp-content\/uploads\/2010\/03\/conf-pesticides.jpg","keywords":["FRAPNA Is\u00e8re","lyc\u00e9e horticole de Saint-Ismier"],"articleSection":["eau","\u00e9cologie"],"inLanguage":"fr-FR","potentialAction":[{"@type":"CommentAction","name":"Comment","target":["https:\/\/www.sillon38.com\/blog\/2010\/03\/16\/13585-2\/#respond"]}]},{"@type":"WebPage","@id":"https:\/\/www.sillon38.com\/blog\/2010\/03\/16\/13585-2\/","url":"https:\/\/www.sillon38.com\/blog\/2010\/03\/16\/13585-2\/","name":"La contamination de l'eau en d\u00e9bat -","isPartOf":{"@id":"https:\/\/www.sillon38.com\/blog\/#website"},"primaryImageOfPage":{"@id":"https:\/\/www.sillon38.com\/blog\/2010\/03\/16\/13585-2\/#primaryimage"},"image":{"@id":"https:\/\/www.sillon38.com\/blog\/2010\/03\/16\/13585-2\/#primaryimage"},"thumbnailUrl":"http:\/\/staging.sillon38.com\/wp-content\/uploads\/2010\/03\/conf-pesticides.jpg","datePublished":"2010-03-16T09:44:31+00:00","author":{"@id":"https:\/\/www.sillon38.com\/blog\/#\/schema\/person\/72f06b5f0494d1edc8f4e5bf63651ff1"},"breadcrumb":{"@id":"https:\/\/www.sillon38.com\/blog\/2010\/03\/16\/13585-2\/#breadcrumb"},"inLanguage":"fr-FR","potentialAction":[{"@type":"ReadAction","target":["https:\/\/www.sillon38.com\/blog\/2010\/03\/16\/13585-2\/"]}]},{"@type":"ImageObject","inLanguage":"fr-FR","@id":"https:\/\/www.sillon38.com\/blog\/2010\/03\/16\/13585-2\/#primaryimage","url":"http:\/\/staging.sillon38.com\/wp-content\/uploads\/2010\/03\/conf-pesticides.jpg","contentUrl":"http:\/\/staging.sillon38.com\/wp-content\/uploads\/2010\/03\/conf-pesticides.jpg"},{"@type":"BreadcrumbList","@id":"https:\/\/www.sillon38.com\/blog\/2010\/03\/16\/13585-2\/#breadcrumb","itemListElement":[{"@type":"ListItem","position":1,"name":"Accueil","item":"https:\/\/www.sillon38.com\/blog\/"},{"@type":"ListItem","position":2,"name":"La contamination de l&rsquo;eau en d\u00e9bat"}]},{"@type":"WebSite","@id":"https:\/\/www.sillon38.com\/blog\/#website","url":"https:\/\/www.sillon38.com\/blog\/","name":"","description":"Le journal du monde rural","potentialAction":[{"@type":"SearchAction","target":{"@type":"EntryPoint","urlTemplate":"https:\/\/www.sillon38.com\/blog\/?s={search_term_string}"},"query-input":{"@type":"PropertyValueSpecification","valueRequired":true,"valueName":"search_term_string"}}],"inLanguage":"fr-FR"},{"@type":"Person","@id":"https:\/\/www.sillon38.com\/blog\/#\/schema\/person\/72f06b5f0494d1edc8f4e5bf63651ff1","name":"M Coeur"}]}},"_links":{"self":[{"href":"https:\/\/www.sillon38.com\/blog\/wp-json\/wp\/v2\/posts\/13585","targetHints":{"allow":["GET"]}}],"collection":[{"href":"https:\/\/www.sillon38.com\/blog\/wp-json\/wp\/v2\/posts"}],"about":[{"href":"https:\/\/www.sillon38.com\/blog\/wp-json\/wp\/v2\/types\/post"}],"author":[{"embeddable":true,"href":"https:\/\/www.sillon38.com\/blog\/wp-json\/wp\/v2\/users\/2"}],"replies":[{"embeddable":true,"href":"https:\/\/www.sillon38.com\/blog\/wp-json\/wp\/v2\/comments?post=13585"}],"version-history":[{"count":0,"href":"https:\/\/www.sillon38.com\/blog\/wp-json\/wp\/v2\/posts\/13585\/revisions"}],"wp:attachment":[{"href":"https:\/\/www.sillon38.com\/blog\/wp-json\/wp\/v2\/media?parent=13585"}],"wp:term":[{"taxonomy":"category","embeddable":true,"href":"https:\/\/www.sillon38.com\/blog\/wp-json\/wp\/v2\/categories?post=13585"},{"taxonomy":"post_tag","embeddable":true,"href":"https:\/\/www.sillon38.com\/blog\/wp-json\/wp\/v2\/tags?post=13585"}],"curies":[{"name":"wp","href":"https:\/\/api.w.org\/{rel}","templated":true}]}}