{"id":13801,"date":"2010-03-24T10:38:31","date_gmt":"2010-03-24T08:38:31","guid":{"rendered":"http:\/\/staging.sillon38.com\/?p=13801"},"modified":"2010-03-24T10:38:31","modified_gmt":"2010-03-24T08:38:31","slug":"rocade-nord-de-grenoble-les-ecologistes-marquent-des-points","status":"publish","type":"post","link":"https:\/\/www.sillon38.com\/blog\/2010\/03\/24\/rocade-nord-de-grenoble-les-ecologistes-marquent-des-points\/","title":{"rendered":"Rocade nord de Grenoble: les \u00e9cologistes marquent des points"},"content":{"rendered":"<p align=\"JUSTIFY\">L\u2019information est parvenue en pr\u00e9fecture de l\u2019Is\u00e8re hier apr\u00e8s-midi\u00a0: l\u2019avis de la commission d\u2019enqu\u00eate sur le projet de rocade Nord de l\u2019agglom\u00e9ration grenobloise est d\u00e9favorable.<\/p>\n<p>Christine Garnier, pr\u00e9sidente des Verts Is\u00e8re et\u00a0 Olivier Bertrand, conseiller g\u00e9n\u00e9ral Verts ont fait part de leur surprise et de leur satisfaction face \u00e0 ce qu&rsquo;il faut bien consid\u00e9rer comme un coup de th\u00e9\u00e2tre:<\/p>\n<p>\u00ab\u00a0Cet avis est d\u2019une importance capitale\u00a0: les avis n\u00e9gatifs sont extr\u00eamement rares et on en compte moins de 5% \u00e0 l\u2019\u00e9chelle nationale. Ils peuvent m\u00eame se compter sur les doigts d\u2019une main pour des dossiers de cette ampleur financi\u00e8re et signifie en g\u00e9n\u00e9ral un arr\u00eat d\u00e9finitif des projets concern\u00e9s.<\/p>\n<p align=\"JUSTIFY\">Nous n\u2019avons pas encore connaissance des motifs qui ont conduit \u00e0 cet avis n\u00e9gatif. En effet, le Conseil g\u00e9n\u00e9ral a refus\u00e9 ce mardi de nous communiquer le dossier qui lui a pourtant \u00e9t\u00e9 transmis par la pr\u00e9fecture de l\u2019Is\u00e8re.<\/p>\n<p align=\"JUSTIFY\">Dans tous les cas, cet avis d\u00e9favorable donne raison aux d\u00e9fenseurs d\u2019alternatives \u00e0 la rocade Nord de Grenoble. C\u2019est une v\u00e9ritable victoire pour tous les militants et \u00e9lus \u00e9cologistes, ainsi que pour les tr\u00e8s nombreuses associations qui se sont battus pendant des ann\u00e9es pour d\u00e9montrer que cette autoroute urbaine serait inefficace contre les bouchons, polluante et ruineuse\u00a0\u00bb.<\/p>\n<p align=\"JUSTIFY\">Ils ajoutent:<\/p>\n<p align=\"JUSTIFY\"><strong>\u00ab\u00a0<\/strong>Cet avis est une opportunit\u00e9 sans pr\u00e9c\u00e9dant d\u2019engager notre agglom\u00e9ration vers des solutions d\u2019avenir pour les d\u00e9placements. Nous appelons les responsables politiques locaux \u00e0 une table ronde qui permettra de red\u00e9finir et d\u2019\u00e9tudier s\u00e9rieusement les pistes innovantes pour fluidifier le trafic dans la cuvette grenobloise et pour garantir le droit \u00e0 la mobilit\u00e9\u00a0pour tous : tram-train dans les 3 branches de l\u2019Y grenoblois et dans le Nord-Is\u00e8re, service public du v\u00e9lo et du co-voiturage, autopartage et r\u00e9ouverture de gares SNCF\u00a0\u00bb.<\/p>\n<p align=\"JUSTIFY\">A la veille du vote du budget primitif 2010, les Verts r\u00e9it\u00e8rent les propos (voir notre article d&rsquo;hier) qui figurent dans la lettre ouverte adress\u00e9e au pr\u00e9sident du CG38, Andr\u00e9 Vallini et \u00e0 la majorit\u00e9 d\u00e9partementale:<\/p>\n<p align=\"JUSTIFY\">\u00ab\u00a0Les 9 millions d\u2019\u20ac pr\u00e9vus en 2010 dans le budget du Conseil g\u00e9n\u00e9ral\u00a0 doivent \u00eatre \u00e9videmment supprim\u00e9s et r\u00e9affect\u00e9s \u00e0 la politique du logement social, de la petite enfance et pour le d\u00e9marrage des travaux du SYMBHI (pr\u00e9vention des crues de l\u2019Is\u00e8re)\u00a0\u00bb.<\/p>\n<p align=\"JUSTIFY\">\n","protected":false},"excerpt":{"rendered":"<p>Coup de th\u00e9\u00e2tre dans le feuilleton du projet de Rocade nord de Grenoble. L&rsquo;avis de la commission d&rsquo; enqu\u00eate est d\u00e9favorable. A la veille du vote du budget primitif du D\u00e9partement, les Verts de l&rsquo;Is\u00e8re voient dans cette d\u00e9cision une victoire pour les militants et \u00e9lus \u00e9cologistes.<\/p>\n","protected":false},"author":2,"featured_media":0,"comment_status":"open","ping_status":"open","sticky":false,"template":"","format":"standard","meta":{"footnotes":""},"categories":[93,98,73],"tags":[1088,4784,5639],"class_list":["post-13801","post","type-post","status-publish","format-standard","hentry","category-collectivites","category-ecologie","category-transport","tag-cg38","tag-rocade-nord-de-grenoble","tag-verts-isere"],"yoast_head":"<!-- This site is optimized with the Yoast SEO plugin v27.5 - https:\/\/yoast.com\/product\/yoast-seo-wordpress\/ -->\n<title>Rocade nord de Grenoble: les \u00e9cologistes marquent des points -<\/title>\n<meta name=\"robots\" content=\"index, follow, max-snippet:-1, max-image-preview:large, max-video-preview:-1\" \/>\n<link rel=\"canonical\" href=\"https:\/\/www.sillon38.com\/blog\/2010\/03\/24\/rocade-nord-de-grenoble-les-ecologistes-marquent-des-points\/\" \/>\n<meta property=\"og:locale\" content=\"fr_FR\" \/>\n<meta property=\"og:type\" content=\"article\" \/>\n<meta property=\"og:title\" content=\"Rocade nord de Grenoble: les \u00e9cologistes marquent des points -\" \/>\n<meta property=\"og:description\" content=\"Coup de th\u00e9\u00e2tre dans le feuilleton du projet de Rocade nord de Grenoble. L&#039;avis de la commission d&#039; enqu\u00eate est d\u00e9favorable. A la veille du vote du budget primitif du D\u00e9partement, les Verts de l&#039;Is\u00e8re voient dans cette d\u00e9cision une victoire pour les militants et \u00e9lus \u00e9cologistes.\" \/>\n<meta property=\"og:url\" content=\"https:\/\/www.sillon38.com\/blog\/2010\/03\/24\/rocade-nord-de-grenoble-les-ecologistes-marquent-des-points\/\" \/>\n<meta property=\"article:published_time\" content=\"2010-03-24T08:38:31+00:00\" \/>\n<meta name=\"author\" content=\"M Coeur\" \/>\n<meta name=\"twitter:card\" content=\"summary_large_image\" \/>\n<meta name=\"twitter:label1\" content=\"\u00c9crit par\" \/>\n\t<meta name=\"twitter:data1\" content=\"M Coeur\" \/>\n\t<meta name=\"twitter:label2\" content=\"Dur\u00e9e de lecture estim\u00e9e\" \/>\n\t<meta name=\"twitter:data2\" content=\"2 minutes\" \/>\n<script type=\"application\/ld+json\" class=\"yoast-schema-graph\">{\"@context\":\"https:\\\/\\\/schema.org\",\"@graph\":[{\"@type\":\"Article\",\"@id\":\"https:\\\/\\\/www.sillon38.com\\\/blog\\\/2010\\\/03\\\/24\\\/rocade-nord-de-grenoble-les-ecologistes-marquent-des-points\\\/#article\",\"isPartOf\":{\"@id\":\"https:\\\/\\\/www.sillon38.com\\\/blog\\\/2010\\\/03\\\/24\\\/rocade-nord-de-grenoble-les-ecologistes-marquent-des-points\\\/\"},\"author\":{\"name\":\"M Coeur\",\"@id\":\"https:\\\/\\\/www.sillon38.com\\\/blog\\\/#\\\/schema\\\/person\\\/72f06b5f0494d1edc8f4e5bf63651ff1\"},\"headline\":\"Rocade nord de Grenoble: les \u00e9cologistes marquent des points\",\"datePublished\":\"2010-03-24T08:38:31+00:00\",\"mainEntityOfPage\":{\"@id\":\"https:\\\/\\\/www.sillon38.com\\\/blog\\\/2010\\\/03\\\/24\\\/rocade-nord-de-grenoble-les-ecologistes-marquent-des-points\\\/\"},\"wordCount\":434,\"commentCount\":0,\"keywords\":[\"CG38\",\"Rocade nord de Grenoble\",\"verts is\u00e8re\"],\"articleSection\":[\"collectivit\u00e9s\",\"\u00e9cologie\",\"transport\"],\"inLanguage\":\"fr-FR\",\"potentialAction\":[{\"@type\":\"CommentAction\",\"name\":\"Comment\",\"target\":[\"https:\\\/\\\/www.sillon38.com\\\/blog\\\/2010\\\/03\\\/24\\\/rocade-nord-de-grenoble-les-ecologistes-marquent-des-points\\\/#respond\"]}]},{\"@type\":\"WebPage\",\"@id\":\"https:\\\/\\\/www.sillon38.com\\\/blog\\\/2010\\\/03\\\/24\\\/rocade-nord-de-grenoble-les-ecologistes-marquent-des-points\\\/\",\"url\":\"https:\\\/\\\/www.sillon38.com\\\/blog\\\/2010\\\/03\\\/24\\\/rocade-nord-de-grenoble-les-ecologistes-marquent-des-points\\\/\",\"name\":\"Rocade nord de Grenoble: les \u00e9cologistes marquent des points -\",\"isPartOf\":{\"@id\":\"https:\\\/\\\/www.sillon38.com\\\/blog\\\/#website\"},\"datePublished\":\"2010-03-24T08:38:31+00:00\",\"author\":{\"@id\":\"https:\\\/\\\/www.sillon38.com\\\/blog\\\/#\\\/schema\\\/person\\\/72f06b5f0494d1edc8f4e5bf63651ff1\"},\"breadcrumb\":{\"@id\":\"https:\\\/\\\/www.sillon38.com\\\/blog\\\/2010\\\/03\\\/24\\\/rocade-nord-de-grenoble-les-ecologistes-marquent-des-points\\\/#breadcrumb\"},\"inLanguage\":\"fr-FR\",\"potentialAction\":[{\"@type\":\"ReadAction\",\"target\":[\"https:\\\/\\\/www.sillon38.com\\\/blog\\\/2010\\\/03\\\/24\\\/rocade-nord-de-grenoble-les-ecologistes-marquent-des-points\\\/\"]}]},{\"@type\":\"BreadcrumbList\",\"@id\":\"https:\\\/\\\/www.sillon38.com\\\/blog\\\/2010\\\/03\\\/24\\\/rocade-nord-de-grenoble-les-ecologistes-marquent-des-points\\\/#breadcrumb\",\"itemListElement\":[{\"@type\":\"ListItem\",\"position\":1,\"name\":\"Accueil\",\"item\":\"https:\\\/\\\/www.sillon38.com\\\/blog\\\/\"},{\"@type\":\"ListItem\",\"position\":2,\"name\":\"Rocade nord de Grenoble: les \u00e9cologistes marquent des points\"}]},{\"@type\":\"WebSite\",\"@id\":\"https:\\\/\\\/www.sillon38.com\\\/blog\\\/#website\",\"url\":\"https:\\\/\\\/www.sillon38.com\\\/blog\\\/\",\"name\":\"\",\"description\":\"Le journal du monde rural\",\"potentialAction\":[{\"@type\":\"SearchAction\",\"target\":{\"@type\":\"EntryPoint\",\"urlTemplate\":\"https:\\\/\\\/www.sillon38.com\\\/blog\\\/?s={search_term_string}\"},\"query-input\":{\"@type\":\"PropertyValueSpecification\",\"valueRequired\":true,\"valueName\":\"search_term_string\"}}],\"inLanguage\":\"fr-FR\"},{\"@type\":\"Person\",\"@id\":\"https:\\\/\\\/www.sillon38.com\\\/blog\\\/#\\\/schema\\\/person\\\/72f06b5f0494d1edc8f4e5bf63651ff1\",\"name\":\"M Coeur\"}]}<\/script>\n<!-- \/ Yoast SEO plugin. -->","yoast_head_json":{"title":"Rocade nord de Grenoble: les \u00e9cologistes marquent des points -","robots":{"index":"index","follow":"follow","max-snippet":"max-snippet:-1","max-image-preview":"max-image-preview:large","max-video-preview":"max-video-preview:-1"},"canonical":"https:\/\/www.sillon38.com\/blog\/2010\/03\/24\/rocade-nord-de-grenoble-les-ecologistes-marquent-des-points\/","og_locale":"fr_FR","og_type":"article","og_title":"Rocade nord de Grenoble: les \u00e9cologistes marquent des points -","og_description":"Coup de th\u00e9\u00e2tre dans le feuilleton du projet de Rocade nord de Grenoble. L'avis de la commission d' enqu\u00eate est d\u00e9favorable. A la veille du vote du budget primitif du D\u00e9partement, les Verts de l'Is\u00e8re voient dans cette d\u00e9cision une victoire pour les militants et \u00e9lus \u00e9cologistes.","og_url":"https:\/\/www.sillon38.com\/blog\/2010\/03\/24\/rocade-nord-de-grenoble-les-ecologistes-marquent-des-points\/","article_published_time":"2010-03-24T08:38:31+00:00","author":"M Coeur","twitter_card":"summary_large_image","twitter_misc":{"\u00c9crit par":"M Coeur","Dur\u00e9e de lecture estim\u00e9e":"2 minutes"},"schema":{"@context":"https:\/\/schema.org","@graph":[{"@type":"Article","@id":"https:\/\/www.sillon38.com\/blog\/2010\/03\/24\/rocade-nord-de-grenoble-les-ecologistes-marquent-des-points\/#article","isPartOf":{"@id":"https:\/\/www.sillon38.com\/blog\/2010\/03\/24\/rocade-nord-de-grenoble-les-ecologistes-marquent-des-points\/"},"author":{"name":"M Coeur","@id":"https:\/\/www.sillon38.com\/blog\/#\/schema\/person\/72f06b5f0494d1edc8f4e5bf63651ff1"},"headline":"Rocade nord de Grenoble: les \u00e9cologistes marquent des points","datePublished":"2010-03-24T08:38:31+00:00","mainEntityOfPage":{"@id":"https:\/\/www.sillon38.com\/blog\/2010\/03\/24\/rocade-nord-de-grenoble-les-ecologistes-marquent-des-points\/"},"wordCount":434,"commentCount":0,"keywords":["CG38","Rocade nord de Grenoble","verts is\u00e8re"],"articleSection":["collectivit\u00e9s","\u00e9cologie","transport"],"inLanguage":"fr-FR","potentialAction":[{"@type":"CommentAction","name":"Comment","target":["https:\/\/www.sillon38.com\/blog\/2010\/03\/24\/rocade-nord-de-grenoble-les-ecologistes-marquent-des-points\/#respond"]}]},{"@type":"WebPage","@id":"https:\/\/www.sillon38.com\/blog\/2010\/03\/24\/rocade-nord-de-grenoble-les-ecologistes-marquent-des-points\/","url":"https:\/\/www.sillon38.com\/blog\/2010\/03\/24\/rocade-nord-de-grenoble-les-ecologistes-marquent-des-points\/","name":"Rocade nord de Grenoble: les \u00e9cologistes marquent des points -","isPartOf":{"@id":"https:\/\/www.sillon38.com\/blog\/#website"},"datePublished":"2010-03-24T08:38:31+00:00","author":{"@id":"https:\/\/www.sillon38.com\/blog\/#\/schema\/person\/72f06b5f0494d1edc8f4e5bf63651ff1"},"breadcrumb":{"@id":"https:\/\/www.sillon38.com\/blog\/2010\/03\/24\/rocade-nord-de-grenoble-les-ecologistes-marquent-des-points\/#breadcrumb"},"inLanguage":"fr-FR","potentialAction":[{"@type":"ReadAction","target":["https:\/\/www.sillon38.com\/blog\/2010\/03\/24\/rocade-nord-de-grenoble-les-ecologistes-marquent-des-points\/"]}]},{"@type":"BreadcrumbList","@id":"https:\/\/www.sillon38.com\/blog\/2010\/03\/24\/rocade-nord-de-grenoble-les-ecologistes-marquent-des-points\/#breadcrumb","itemListElement":[{"@type":"ListItem","position":1,"name":"Accueil","item":"https:\/\/www.sillon38.com\/blog\/"},{"@type":"ListItem","position":2,"name":"Rocade nord de Grenoble: les \u00e9cologistes marquent des points"}]},{"@type":"WebSite","@id":"https:\/\/www.sillon38.com\/blog\/#website","url":"https:\/\/www.sillon38.com\/blog\/","name":"","description":"Le journal du monde rural","potentialAction":[{"@type":"SearchAction","target":{"@type":"EntryPoint","urlTemplate":"https:\/\/www.sillon38.com\/blog\/?s={search_term_string}"},"query-input":{"@type":"PropertyValueSpecification","valueRequired":true,"valueName":"search_term_string"}}],"inLanguage":"fr-FR"},{"@type":"Person","@id":"https:\/\/www.sillon38.com\/blog\/#\/schema\/person\/72f06b5f0494d1edc8f4e5bf63651ff1","name":"M Coeur"}]}},"_links":{"self":[{"href":"https:\/\/www.sillon38.com\/blog\/wp-json\/wp\/v2\/posts\/13801","targetHints":{"allow":["GET"]}}],"collection":[{"href":"https:\/\/www.sillon38.com\/blog\/wp-json\/wp\/v2\/posts"}],"about":[{"href":"https:\/\/www.sillon38.com\/blog\/wp-json\/wp\/v2\/types\/post"}],"author":[{"embeddable":true,"href":"https:\/\/www.sillon38.com\/blog\/wp-json\/wp\/v2\/users\/2"}],"replies":[{"embeddable":true,"href":"https:\/\/www.sillon38.com\/blog\/wp-json\/wp\/v2\/comments?post=13801"}],"version-history":[{"count":0,"href":"https:\/\/www.sillon38.com\/blog\/wp-json\/wp\/v2\/posts\/13801\/revisions"}],"wp:attachment":[{"href":"https:\/\/www.sillon38.com\/blog\/wp-json\/wp\/v2\/media?parent=13801"}],"wp:term":[{"taxonomy":"category","embeddable":true,"href":"https:\/\/www.sillon38.com\/blog\/wp-json\/wp\/v2\/categories?post=13801"},{"taxonomy":"post_tag","embeddable":true,"href":"https:\/\/www.sillon38.com\/blog\/wp-json\/wp\/v2\/tags?post=13801"}],"curies":[{"name":"wp","href":"https:\/\/api.w.org\/{rel}","templated":true}]}}