{"id":14135,"date":"2010-04-06T13:48:20","date_gmt":"2010-04-06T11:48:20","guid":{"rendered":"http:\/\/staging.sillon38.com\/?p=14135"},"modified":"2010-04-06T13:48:20","modified_gmt":"2010-04-06T11:48:20","slug":"quel-avenir-pour-les-apiculteurs-professionnels","status":"publish","type":"post","link":"https:\/\/www.sillon38.com\/blog\/2010\/04\/06\/quel-avenir-pour-les-apiculteurs-professionnels\/","title":{"rendered":"Quel avenir pour les apiculteurs professionnels?"},"content":{"rendered":"<p><img loading=\"lazy\" decoding=\"async\" class=\"alignleft size-full wp-image-14136\" title=\"orateur\" src=\"http:\/\/staging.sillon38.com\/wp-content\/uploads\/2010\/04\/orateur2.jpg\" alt=\"orateur\" width=\"136\" height=\"216\" \/>Alain Fauconnier (Aveyron-SOC), dans sa question du 18\/2\/2010, attire l\u2019attention de\u00a0 M. le ministre de l&rsquo;alimentation, de l&rsquo;agriculture et de la p\u00eache sur l&rsquo;avenir des apiculteurs professionnels.<\/p>\n<p>Malgr\u00e9 des tarifs \u00e0 la baisse (3 \u20ac par kg), les apiculteurs ne parviennent pas \u00e0 \u00e9couler leurs stocks, tandis que l&rsquo;augmentation des importations chinoises (1,3 \u20ac par kg) p\u00e8se lourdement sur le march\u00e9. En outre, les mortalit\u00e9s d&rsquo;abeilles, de 30 % environ, observ\u00e9es depuis une d\u00e9cennie, mettent \u00e9galement les producteurs en difficult\u00e9 et posent le d\u00e9licat probl\u00e8me de leur renouvellement.<\/p>\n<p>Il lui demande de ce fait de bien vouloir lui pr\u00e9ciser quelles sont les mesures que le Gouvernement entend prendre pour favoriser l&rsquo;installation des jeunes apiculteurs.<\/p>\n<p><strong>R\u00e9ponse du minist\u00e8re de l\u2019Alimentation et de l\u2019Agriculture publi\u00e9e dans le JO S\u00e9nat du 01\/04\/2010<\/strong><\/p>\n<p>L&rsquo;installation des jeunes agriculteurs constitue une priorit\u00e9 de la politique des pouvoirs publics, conduite en partenariat avec les collectivit\u00e9s locales et les organisations professionnelles agricoles.<\/p>\n<p>Un jeune agriculteur s&rsquo;installant pour la premi\u00e8re fois peut solliciter les aides publiques de l&rsquo;\u00c9tat cofinanc\u00e9es par le Fonds europ\u00e9en agricole pour le d\u00e9veloppement rural (FEADER), s&rsquo;il pr\u00e9sente un projet \u00e9conomiquement viable et s&rsquo;il satisfait aux conditions d&rsquo;\u00e2ge et de formation professionnelle fix\u00e9es par la r\u00e9glementation.<\/p>\n<p>Les aides se composent de pr\u00eats bonifi\u00e9s dont le taux et le plafond d&rsquo;\u00e9quivalent subvention diff\u00e8rent selon la localisation pour tenir compte de la difficult\u00e9 du projet et d&rsquo;une dotation en capital dont le montant varie entre 8 000\u00a0\u20ac et 35 900\u00a0\u20ac selon la zone d&rsquo;installation (zone de plaine, zone d\u00e9favoris\u00e9e et zone de montagne) et des crit\u00e8res d\u00e9partementaux, arr\u00eat\u00e9s par le pr\u00e9fet apr\u00e8s avis de la commission d\u00e9partementale d&rsquo;orientation agricole.<\/p>\n<p>Ces crit\u00e8res peuvent int\u00e9grer une modulation plus favorable en faveur de l&rsquo;installation hors cadre familial ou de certains types de productions, comme l&rsquo;apiculture et les activit\u00e9s de diversification aff\u00e9rentes (production et vente directe de miel, de gel\u00e9e royale, pr\u00e9paration de confiseries et pain d&rsquo;\u00e9pices, etc.).<\/p>\n<p>Les apiculteurs peuvent donc pr\u00e9senter des projets \u00e9ligibles aux aides publiques. De l&rsquo;ordre de cinquante\u00a0jeunes apiculteurs s&rsquo;installent ainsi chaque ann\u00e9e en France. Dans le d\u00e9partement de l&rsquo;Aveyron, depuis\u00a02006, quatre\u00a0apiculteurs ont per\u00e7u une dotation aux jeunes agriculteurs, dont trois en\u00a02009 et\u00a02010. Elles s&rsquo;\u00e9l\u00e8vent, selon la difficult\u00e9 de projet, entre 28 000\u00a0\u20ac et 33 808\u00a0\u20ac et ont permis de conforter le d\u00e9marrage ou la reprise de ces exploitations apicoles. Aucun de ces b\u00e9n\u00e9ficiaires n&rsquo;a signal\u00e9 \u00e0 la direction d\u00e9partementale des territoires une quelconque difficult\u00e9 l&rsquo;obligeant \u00e0 revoir son projet.<\/p>\n<p>En outre, les programmes pour l&rsquo;installation et le d\u00e9veloppement des initiatives locales (PIDIL), qui sont g\u00e9r\u00e9s localement, peuvent permettre de promouvoir le m\u00e9tier d&rsquo;apiculteur et d&rsquo;encourager la transmission d&rsquo;exploitations apicoles \u00e0 des jeunes candidats \u00e0 l&rsquo;installation, gr\u00e2ce \u00e0 l&rsquo;animation r\u00e9alis\u00e9e au sein des r\u00e9pertoires d\u00e9partementaux \u00e0 l&rsquo;installation.<\/p>\n<p>Par ailleurs, le programme triennal communautaire pour l&rsquo;apiculture, qui est cofinanc\u00e9 par l&rsquo;Union europ\u00e9enne, permet aux apiculteurs de b\u00e9n\u00e9ficier d&rsquo;un soutien technique ainsi que d&rsquo;aides pour se former et financer certains investissements.<\/p>\n<p>\u00c0 ce titre, en\u00a02009, 969 985\u00a0\u20ac d&rsquo;aides directes \u00e0 la transhumance, \u00e0 la reconstitution et \u00e0 la multiplication du cheptel ont \u00e9t\u00e9 vers\u00e9s aux apiculteurs et, sur l&rsquo;ensemble du programme\u00a02008-2010, 1 202 765\u00a0\u20ac auront \u00e9t\u00e9 allou\u00e9s \u00e0 la formation des apiculteurs.<\/p>\n<p>Le nouveau programme triennal\u00a02011-2013 est en cours d&rsquo;\u00e9laboration, en concertation avec les repr\u00e9sentants de la fili\u00e8re apicole. Il sera adress\u00e9 \u00e0 la Commission europ\u00e9enne en avril\u00a02010.<\/p>\n","protected":false},"excerpt":{"rendered":"<p>La forte mortalit\u00e9 des abeilles, l&rsquo;augmentation des importations, mettent les apiculteurs professionnels en difficult\u00e9 et posent le probl\u00e8me de leur renouvellement. Que faire pour favoriser l&rsquo;installation de jeunes apiculteurs? R\u00e9ponse du minist\u00e8re.<\/p>\n","protected":false},"author":2,"featured_media":0,"comment_status":"open","ping_status":"open","sticky":false,"template":"","format":"standard","meta":{"footnotes":""},"categories":[5],"tags":[332,2231,4281],"class_list":["post-14135","post","type-post","status-publish","format-standard","hentry","category-apiculture","tag-alain-fauconnier","tag-feader","tag-pidil"],"yoast_head":"<!-- This site is optimized with the Yoast SEO plugin v27.5 - https:\/\/yoast.com\/product\/yoast-seo-wordpress\/ -->\n<title>Quel avenir pour les apiculteurs professionnels? -<\/title>\n<meta name=\"robots\" content=\"index, follow, max-snippet:-1, max-image-preview:large, max-video-preview:-1\" \/>\n<link rel=\"canonical\" href=\"https:\/\/www.sillon38.com\/blog\/2010\/04\/06\/quel-avenir-pour-les-apiculteurs-professionnels\/\" \/>\n<meta property=\"og:locale\" content=\"fr_FR\" \/>\n<meta property=\"og:type\" content=\"article\" \/>\n<meta property=\"og:title\" content=\"Quel avenir pour les apiculteurs professionnels? -\" \/>\n<meta property=\"og:description\" content=\"La forte mortalit\u00e9 des abeilles, l&#039;augmentation des importations, mettent les apiculteurs professionnels en difficult\u00e9 et posent le probl\u00e8me de leur renouvellement. Que faire pour favoriser l&#039;installation de jeunes apiculteurs? R\u00e9ponse du minist\u00e8re.\" \/>\n<meta property=\"og:url\" content=\"https:\/\/www.sillon38.com\/blog\/2010\/04\/06\/quel-avenir-pour-les-apiculteurs-professionnels\/\" \/>\n<meta property=\"article:published_time\" content=\"2010-04-06T11:48:20+00:00\" \/>\n<meta property=\"og:image\" content=\"http:\/\/staging.sillon38.com\/wp-content\/uploads\/2010\/04\/orateur2.jpg\" \/>\n<meta name=\"author\" content=\"M Coeur\" \/>\n<meta name=\"twitter:card\" content=\"summary_large_image\" \/>\n<meta name=\"twitter:label1\" content=\"\u00c9crit par\" \/>\n\t<meta name=\"twitter:data1\" content=\"M Coeur\" \/>\n\t<meta name=\"twitter:label2\" content=\"Dur\u00e9e de lecture estim\u00e9e\" \/>\n\t<meta name=\"twitter:data2\" content=\"3 minutes\" \/>\n<script type=\"application\/ld+json\" class=\"yoast-schema-graph\">{\"@context\":\"https:\\\/\\\/schema.org\",\"@graph\":[{\"@type\":\"Article\",\"@id\":\"https:\\\/\\\/www.sillon38.com\\\/blog\\\/2010\\\/04\\\/06\\\/quel-avenir-pour-les-apiculteurs-professionnels\\\/#article\",\"isPartOf\":{\"@id\":\"https:\\\/\\\/www.sillon38.com\\\/blog\\\/2010\\\/04\\\/06\\\/quel-avenir-pour-les-apiculteurs-professionnels\\\/\"},\"author\":{\"name\":\"M Coeur\",\"@id\":\"https:\\\/\\\/www.sillon38.com\\\/blog\\\/#\\\/schema\\\/person\\\/72f06b5f0494d1edc8f4e5bf63651ff1\"},\"headline\":\"Quel avenir pour les apiculteurs professionnels?\",\"datePublished\":\"2010-04-06T11:48:20+00:00\",\"mainEntityOfPage\":{\"@id\":\"https:\\\/\\\/www.sillon38.com\\\/blog\\\/2010\\\/04\\\/06\\\/quel-avenir-pour-les-apiculteurs-professionnels\\\/\"},\"wordCount\":630,\"commentCount\":0,\"image\":{\"@id\":\"https:\\\/\\\/www.sillon38.com\\\/blog\\\/2010\\\/04\\\/06\\\/quel-avenir-pour-les-apiculteurs-professionnels\\\/#primaryimage\"},\"thumbnailUrl\":\"http:\\\/\\\/staging.sillon38.com\\\/wp-content\\\/uploads\\\/2010\\\/04\\\/orateur2.jpg\",\"keywords\":[\"Alain Fauconnier\",\"FEADER\",\"PIDIL\"],\"articleSection\":[\"apiculture\"],\"inLanguage\":\"fr-FR\",\"potentialAction\":[{\"@type\":\"CommentAction\",\"name\":\"Comment\",\"target\":[\"https:\\\/\\\/www.sillon38.com\\\/blog\\\/2010\\\/04\\\/06\\\/quel-avenir-pour-les-apiculteurs-professionnels\\\/#respond\"]}]},{\"@type\":\"WebPage\",\"@id\":\"https:\\\/\\\/www.sillon38.com\\\/blog\\\/2010\\\/04\\\/06\\\/quel-avenir-pour-les-apiculteurs-professionnels\\\/\",\"url\":\"https:\\\/\\\/www.sillon38.com\\\/blog\\\/2010\\\/04\\\/06\\\/quel-avenir-pour-les-apiculteurs-professionnels\\\/\",\"name\":\"Quel avenir pour les apiculteurs professionnels? -\",\"isPartOf\":{\"@id\":\"https:\\\/\\\/www.sillon38.com\\\/blog\\\/#website\"},\"primaryImageOfPage\":{\"@id\":\"https:\\\/\\\/www.sillon38.com\\\/blog\\\/2010\\\/04\\\/06\\\/quel-avenir-pour-les-apiculteurs-professionnels\\\/#primaryimage\"},\"image\":{\"@id\":\"https:\\\/\\\/www.sillon38.com\\\/blog\\\/2010\\\/04\\\/06\\\/quel-avenir-pour-les-apiculteurs-professionnels\\\/#primaryimage\"},\"thumbnailUrl\":\"http:\\\/\\\/staging.sillon38.com\\\/wp-content\\\/uploads\\\/2010\\\/04\\\/orateur2.jpg\",\"datePublished\":\"2010-04-06T11:48:20+00:00\",\"author\":{\"@id\":\"https:\\\/\\\/www.sillon38.com\\\/blog\\\/#\\\/schema\\\/person\\\/72f06b5f0494d1edc8f4e5bf63651ff1\"},\"breadcrumb\":{\"@id\":\"https:\\\/\\\/www.sillon38.com\\\/blog\\\/2010\\\/04\\\/06\\\/quel-avenir-pour-les-apiculteurs-professionnels\\\/#breadcrumb\"},\"inLanguage\":\"fr-FR\",\"potentialAction\":[{\"@type\":\"ReadAction\",\"target\":[\"https:\\\/\\\/www.sillon38.com\\\/blog\\\/2010\\\/04\\\/06\\\/quel-avenir-pour-les-apiculteurs-professionnels\\\/\"]}]},{\"@type\":\"ImageObject\",\"inLanguage\":\"fr-FR\",\"@id\":\"https:\\\/\\\/www.sillon38.com\\\/blog\\\/2010\\\/04\\\/06\\\/quel-avenir-pour-les-apiculteurs-professionnels\\\/#primaryimage\",\"url\":\"http:\\\/\\\/staging.sillon38.com\\\/wp-content\\\/uploads\\\/2010\\\/04\\\/orateur2.jpg\",\"contentUrl\":\"http:\\\/\\\/staging.sillon38.com\\\/wp-content\\\/uploads\\\/2010\\\/04\\\/orateur2.jpg\"},{\"@type\":\"BreadcrumbList\",\"@id\":\"https:\\\/\\\/www.sillon38.com\\\/blog\\\/2010\\\/04\\\/06\\\/quel-avenir-pour-les-apiculteurs-professionnels\\\/#breadcrumb\",\"itemListElement\":[{\"@type\":\"ListItem\",\"position\":1,\"name\":\"Accueil\",\"item\":\"https:\\\/\\\/www.sillon38.com\\\/blog\\\/\"},{\"@type\":\"ListItem\",\"position\":2,\"name\":\"Quel avenir pour les apiculteurs professionnels?\"}]},{\"@type\":\"WebSite\",\"@id\":\"https:\\\/\\\/www.sillon38.com\\\/blog\\\/#website\",\"url\":\"https:\\\/\\\/www.sillon38.com\\\/blog\\\/\",\"name\":\"\",\"description\":\"Le journal du monde rural\",\"potentialAction\":[{\"@type\":\"SearchAction\",\"target\":{\"@type\":\"EntryPoint\",\"urlTemplate\":\"https:\\\/\\\/www.sillon38.com\\\/blog\\\/?s={search_term_string}\"},\"query-input\":{\"@type\":\"PropertyValueSpecification\",\"valueRequired\":true,\"valueName\":\"search_term_string\"}}],\"inLanguage\":\"fr-FR\"},{\"@type\":\"Person\",\"@id\":\"https:\\\/\\\/www.sillon38.com\\\/blog\\\/#\\\/schema\\\/person\\\/72f06b5f0494d1edc8f4e5bf63651ff1\",\"name\":\"M Coeur\"}]}<\/script>\n<!-- \/ Yoast SEO plugin. -->","yoast_head_json":{"title":"Quel avenir pour les apiculteurs professionnels? -","robots":{"index":"index","follow":"follow","max-snippet":"max-snippet:-1","max-image-preview":"max-image-preview:large","max-video-preview":"max-video-preview:-1"},"canonical":"https:\/\/www.sillon38.com\/blog\/2010\/04\/06\/quel-avenir-pour-les-apiculteurs-professionnels\/","og_locale":"fr_FR","og_type":"article","og_title":"Quel avenir pour les apiculteurs professionnels? -","og_description":"La forte mortalit\u00e9 des abeilles, l'augmentation des importations, mettent les apiculteurs professionnels en difficult\u00e9 et posent le probl\u00e8me de leur renouvellement. Que faire pour favoriser l'installation de jeunes apiculteurs? R\u00e9ponse du minist\u00e8re.","og_url":"https:\/\/www.sillon38.com\/blog\/2010\/04\/06\/quel-avenir-pour-les-apiculteurs-professionnels\/","article_published_time":"2010-04-06T11:48:20+00:00","og_image":[{"url":"http:\/\/staging.sillon38.com\/wp-content\/uploads\/2010\/04\/orateur2.jpg","type":"","width":"","height":""}],"author":"M Coeur","twitter_card":"summary_large_image","twitter_misc":{"\u00c9crit par":"M Coeur","Dur\u00e9e de lecture estim\u00e9e":"3 minutes"},"schema":{"@context":"https:\/\/schema.org","@graph":[{"@type":"Article","@id":"https:\/\/www.sillon38.com\/blog\/2010\/04\/06\/quel-avenir-pour-les-apiculteurs-professionnels\/#article","isPartOf":{"@id":"https:\/\/www.sillon38.com\/blog\/2010\/04\/06\/quel-avenir-pour-les-apiculteurs-professionnels\/"},"author":{"name":"M Coeur","@id":"https:\/\/www.sillon38.com\/blog\/#\/schema\/person\/72f06b5f0494d1edc8f4e5bf63651ff1"},"headline":"Quel avenir pour les apiculteurs professionnels?","datePublished":"2010-04-06T11:48:20+00:00","mainEntityOfPage":{"@id":"https:\/\/www.sillon38.com\/blog\/2010\/04\/06\/quel-avenir-pour-les-apiculteurs-professionnels\/"},"wordCount":630,"commentCount":0,"image":{"@id":"https:\/\/www.sillon38.com\/blog\/2010\/04\/06\/quel-avenir-pour-les-apiculteurs-professionnels\/#primaryimage"},"thumbnailUrl":"http:\/\/staging.sillon38.com\/wp-content\/uploads\/2010\/04\/orateur2.jpg","keywords":["Alain Fauconnier","FEADER","PIDIL"],"articleSection":["apiculture"],"inLanguage":"fr-FR","potentialAction":[{"@type":"CommentAction","name":"Comment","target":["https:\/\/www.sillon38.com\/blog\/2010\/04\/06\/quel-avenir-pour-les-apiculteurs-professionnels\/#respond"]}]},{"@type":"WebPage","@id":"https:\/\/www.sillon38.com\/blog\/2010\/04\/06\/quel-avenir-pour-les-apiculteurs-professionnels\/","url":"https:\/\/www.sillon38.com\/blog\/2010\/04\/06\/quel-avenir-pour-les-apiculteurs-professionnels\/","name":"Quel avenir pour les apiculteurs professionnels? -","isPartOf":{"@id":"https:\/\/www.sillon38.com\/blog\/#website"},"primaryImageOfPage":{"@id":"https:\/\/www.sillon38.com\/blog\/2010\/04\/06\/quel-avenir-pour-les-apiculteurs-professionnels\/#primaryimage"},"image":{"@id":"https:\/\/www.sillon38.com\/blog\/2010\/04\/06\/quel-avenir-pour-les-apiculteurs-professionnels\/#primaryimage"},"thumbnailUrl":"http:\/\/staging.sillon38.com\/wp-content\/uploads\/2010\/04\/orateur2.jpg","datePublished":"2010-04-06T11:48:20+00:00","author":{"@id":"https:\/\/www.sillon38.com\/blog\/#\/schema\/person\/72f06b5f0494d1edc8f4e5bf63651ff1"},"breadcrumb":{"@id":"https:\/\/www.sillon38.com\/blog\/2010\/04\/06\/quel-avenir-pour-les-apiculteurs-professionnels\/#breadcrumb"},"inLanguage":"fr-FR","potentialAction":[{"@type":"ReadAction","target":["https:\/\/www.sillon38.com\/blog\/2010\/04\/06\/quel-avenir-pour-les-apiculteurs-professionnels\/"]}]},{"@type":"ImageObject","inLanguage":"fr-FR","@id":"https:\/\/www.sillon38.com\/blog\/2010\/04\/06\/quel-avenir-pour-les-apiculteurs-professionnels\/#primaryimage","url":"http:\/\/staging.sillon38.com\/wp-content\/uploads\/2010\/04\/orateur2.jpg","contentUrl":"http:\/\/staging.sillon38.com\/wp-content\/uploads\/2010\/04\/orateur2.jpg"},{"@type":"BreadcrumbList","@id":"https:\/\/www.sillon38.com\/blog\/2010\/04\/06\/quel-avenir-pour-les-apiculteurs-professionnels\/#breadcrumb","itemListElement":[{"@type":"ListItem","position":1,"name":"Accueil","item":"https:\/\/www.sillon38.com\/blog\/"},{"@type":"ListItem","position":2,"name":"Quel avenir pour les apiculteurs professionnels?"}]},{"@type":"WebSite","@id":"https:\/\/www.sillon38.com\/blog\/#website","url":"https:\/\/www.sillon38.com\/blog\/","name":"","description":"Le journal du monde rural","potentialAction":[{"@type":"SearchAction","target":{"@type":"EntryPoint","urlTemplate":"https:\/\/www.sillon38.com\/blog\/?s={search_term_string}"},"query-input":{"@type":"PropertyValueSpecification","valueRequired":true,"valueName":"search_term_string"}}],"inLanguage":"fr-FR"},{"@type":"Person","@id":"https:\/\/www.sillon38.com\/blog\/#\/schema\/person\/72f06b5f0494d1edc8f4e5bf63651ff1","name":"M Coeur"}]}},"_links":{"self":[{"href":"https:\/\/www.sillon38.com\/blog\/wp-json\/wp\/v2\/posts\/14135","targetHints":{"allow":["GET"]}}],"collection":[{"href":"https:\/\/www.sillon38.com\/blog\/wp-json\/wp\/v2\/posts"}],"about":[{"href":"https:\/\/www.sillon38.com\/blog\/wp-json\/wp\/v2\/types\/post"}],"author":[{"embeddable":true,"href":"https:\/\/www.sillon38.com\/blog\/wp-json\/wp\/v2\/users\/2"}],"replies":[{"embeddable":true,"href":"https:\/\/www.sillon38.com\/blog\/wp-json\/wp\/v2\/comments?post=14135"}],"version-history":[{"count":0,"href":"https:\/\/www.sillon38.com\/blog\/wp-json\/wp\/v2\/posts\/14135\/revisions"}],"wp:attachment":[{"href":"https:\/\/www.sillon38.com\/blog\/wp-json\/wp\/v2\/media?parent=14135"}],"wp:term":[{"taxonomy":"category","embeddable":true,"href":"https:\/\/www.sillon38.com\/blog\/wp-json\/wp\/v2\/categories?post=14135"},{"taxonomy":"post_tag","embeddable":true,"href":"https:\/\/www.sillon38.com\/blog\/wp-json\/wp\/v2\/tags?post=14135"}],"curies":[{"name":"wp","href":"https:\/\/api.w.org\/{rel}","templated":true}]}}