{"id":15060,"date":"2010-05-31T18:35:13","date_gmt":"2010-05-31T16:35:13","guid":{"rendered":"http:\/\/staging.sillon38.com\/?p=15060"},"modified":"2010-05-31T18:35:13","modified_gmt":"2010-05-31T16:35:13","slug":"trois-temps-forts-pour-la-journee-annuelle-de-ladayg","status":"publish","type":"post","link":"https:\/\/www.sillon38.com\/blog\/2010\/05\/31\/trois-temps-forts-pour-la-journee-annuelle-de-ladayg\/","title":{"rendered":"Trois temps forts pour la journ\u00e9e annuelle de l&rsquo;ADAYG"},"content":{"rendered":"<p><span style=\"color: #000000;\">L&rsquo;Assembl\u00e9e G\u00e9n\u00e9rale de l&rsquo;ADAYG (Association pour le D\u00e9veloppement de l&rsquo;Agriculture dans l&rsquo;Y Grenoblois) se d\u00e9roulera\u00a0 mercredi 2 juin\u00a0 \u00e0 partir de 15h30 \u00e0 Voreppe.<br \/>\nAu programme, des visites de l\u2019abattoir du Fontanil et d\u2019une exploitation mara\u00eech\u00e8re, l&rsquo;assembl\u00e9e g\u00e9n\u00e9rale ordinaire et une conf\u00e9rence grand public sur le th\u00e8me de l\u2019am\u00e9nagement du territoire et de la protection et de la mise en valeur du foncier agricole et forestier.<\/span><\/p>\n<blockquote><p><span style=\"color: #ff0000;\"><strong>Programme d\u00e9taill\u00e9:<\/strong><\/span><\/p><\/blockquote>\n<p><strong><span style=\"color: #000000;\">15H30 : Accueil Mairie de Voreppe<\/span><\/strong><\/p>\n<p><span style=\"color: #000000;\">16h00 : Visites au Fontanil et \u00e0 Voreppe<br \/>\nD\u00e9part en bus: Les abattoirs du Fontanil<br \/>\nCette visite sera l\u2019occasion d\u2019illustrer les enjeux et l\u2019organisation de la fili\u00e8re viande de proximit\u00e9. \u00c0 cette occasion, la commune de Voreppe pr\u00e9sentera son engagement pour une restauration collective de qualit\u00e9 mettant en valeur les produits de l\u2019Y Grenoblois .<br \/>\n-Exploitation mara\u00eech\u00e8re d\u2019Alain NASELLI<br \/>\nCette visite sera l\u2019occasion d\u2019illustrer la situation du mara\u00eechage de l\u2019Y Grenoblois. <\/span><\/p>\n<p><span style=\"color: #000000;\"><strong>18h00 : Assembl\u00e9e G\u00e9n\u00e9rale ordinaire <\/strong><br \/>\nMairie de Voreppe<\/span><\/p>\n<p><span style=\"color: #000000;\">Accueil par Jean DUCHAMP, Maire de Voreppe<br \/>\nOuverture par Roland REVIL, Copr\u00e9sident de l\u2019ADAYG<br \/>\n18h30 : L\u2019activit\u00e9 2009\/2010<br \/>\nPr\u00e9sentation synth\u00e9tique du rapport d\u2019activit\u00e9s par Serge BONNEFOY, Directeur de l\u2019ADAYG<br \/>\nLes principaux acquis et les questions \u00e0 r\u00e9soudre par Roland REVIL et G\u00e9rard SEIGLE-VATTE, Copr\u00e9sidents de l\u2019ADAYG<br \/>\nD\u00e9bat et vote<br \/>\n19h10 : Rapport financier<br \/>\nPr\u00e9sentation du rapport par Charles BAZUS, tr\u00e9sorier de l\u2019ADAYG, et par Paulette MERITTO, gestionnaire<br \/>\nRapport du Commissaire aux Comptes<br \/>\nD\u00e9bat et vote<br \/>\n<\/span><\/p>\n<p><span style=\"color: #000000;\"><strong>19h30 : Assembl\u00e9e G\u00e9n\u00e9rale extraordinaire <\/strong><br \/>\n\u2022 Ouverture par Roland REVIL, Copr\u00e9sident de l\u2019ADAYG<br \/>\n\u2022 Les objectifs de la modification statutaire par Roland REVIL et G\u00e9rard SEIGLE-VATTE, Copr\u00e9sidents de l\u2019ADAYG<br \/>\n\u2022 Pr\u00e9sentation de la modification par Serge BONNEFOY, Directeur de l\u2019ADAYG<br \/>\n\u2022 D\u00e9bat et vote<\/span><\/p>\n<p><span style=\"color: #000000;\">19h45 : Ap\u00e9ritif <\/span><\/p>\n<p><span style=\"color: #000000;\"><strong>20h30 : Conf\u00e9rence \u00ab Gen\u00e8ve &#8211; une autre histoire, un autre regard \u2026 et des pr\u00e9occupations communes \u00bb<\/strong><\/span><\/p>\n<p><span style=\"color: #000000;\">&#8211; Ouverture par les Copr\u00e9sidents, Roland REVIL et G\u00e9rard SEIGLE-VATTE,\u00a0 les grandes orientations agricoles et foresti\u00e8res de l\u2019Y Grenoblois.<br \/>\n&#8211; Le Canton de Gen\u00e8ve est une des principales r\u00e9f\u00e9rences europ\u00e9ennes en mati\u00e8re d\u2019am\u00e9nagement \u00e9quilibr\u00e9 du territoire, de densification urbaine, de protection et de mise en valeur du foncier agricole et forestier, ainsi que de d\u00e9veloppement des circuits de proximit\u00e9.<br \/>\nAujourd\u2019hui la m\u00e9tropole est franco-valdo-genevoise : son projet agricole et forestier d\u2019agglom\u00e9ration se construit entre deux cultures.<br \/>\nEmmanuel ANSALDI de la Direction g\u00e9n\u00e9rale de l\u2019agriculture du Canton de Gen\u00e8ve et S\u00e9bastien BEUCHAT, Chef de projet \u00abPaysage, Nature et Agriculture\u00bb du projet d\u2019agglom\u00e9ration franco-valdo-genevois pr\u00e9senteront les acquis, les questionnements et les engagements futurs.<br \/>\nD\u00e9bat avec la salle<\/span><\/p>\n<p><span style=\"color: #000000;\">22h30 : Buffet Terre d&rsquo;ici<\/span><\/p>\n","protected":false},"excerpt":{"rendered":"<p>La journ\u00e9e annuelle de l&rsquo;ADAYG aura lieu ce mercredi 2 juin \u00e0 Voreppe. Cette journ\u00e9e se composera de trois temps forts : une visite du territoire de l\u2019Y grenoblois, l\u2019Assembl\u00e9e G\u00e9n\u00e9rale de l\u2019ADAYG, suivie d\u2019une conf\u00e9rence-d\u00e9bat grand public.<\/p>\n","protected":false},"author":2,"featured_media":0,"comment_status":"open","ping_status":"open","sticky":false,"template":"","format":"standard","meta":{"footnotes":""},"categories":[37,79],"tags":[200,4794,5003,5745],"class_list":["post-15060","post","type-post","status-publish","format-standard","hentry","category-la-metro","category-y-grenoblois","tag-adayg","tag-roland-revil","tag-seigle-vatte","tag-voreppe"],"yoast_head":"<!-- This site is optimized with the Yoast SEO plugin v27.5 - https:\/\/yoast.com\/product\/yoast-seo-wordpress\/ -->\n<title>Trois temps forts pour la journ\u00e9e annuelle de l&#039;ADAYG -<\/title>\n<meta name=\"robots\" content=\"index, follow, max-snippet:-1, max-image-preview:large, max-video-preview:-1\" \/>\n<link rel=\"canonical\" href=\"https:\/\/www.sillon38.com\/blog\/2010\/05\/31\/trois-temps-forts-pour-la-journee-annuelle-de-ladayg\/\" \/>\n<meta property=\"og:locale\" content=\"fr_FR\" \/>\n<meta property=\"og:type\" content=\"article\" \/>\n<meta property=\"og:title\" content=\"Trois temps forts pour la journ\u00e9e annuelle de l&#039;ADAYG -\" \/>\n<meta property=\"og:description\" content=\"La journ\u00e9e annuelle de l&#039;ADAYG aura lieu ce mercredi 2 juin \u00e0 Voreppe. Cette journ\u00e9e se composera de trois temps forts : une visite du territoire de l\u2019Y grenoblois, l\u2019Assembl\u00e9e G\u00e9n\u00e9rale de l\u2019ADAYG, suivie d\u2019une conf\u00e9rence-d\u00e9bat grand public.\" \/>\n<meta property=\"og:url\" content=\"https:\/\/www.sillon38.com\/blog\/2010\/05\/31\/trois-temps-forts-pour-la-journee-annuelle-de-ladayg\/\" \/>\n<meta property=\"article:published_time\" content=\"2010-05-31T16:35:13+00:00\" \/>\n<meta name=\"author\" content=\"M Coeur\" \/>\n<meta name=\"twitter:card\" content=\"summary_large_image\" \/>\n<meta name=\"twitter:label1\" content=\"\u00c9crit par\" \/>\n\t<meta name=\"twitter:data1\" content=\"M Coeur\" \/>\n\t<meta name=\"twitter:label2\" content=\"Dur\u00e9e de lecture estim\u00e9e\" \/>\n\t<meta name=\"twitter:data2\" content=\"2 minutes\" \/>\n<script type=\"application\/ld+json\" class=\"yoast-schema-graph\">{\"@context\":\"https:\\\/\\\/schema.org\",\"@graph\":[{\"@type\":\"Article\",\"@id\":\"https:\\\/\\\/www.sillon38.com\\\/blog\\\/2010\\\/05\\\/31\\\/trois-temps-forts-pour-la-journee-annuelle-de-ladayg\\\/#article\",\"isPartOf\":{\"@id\":\"https:\\\/\\\/www.sillon38.com\\\/blog\\\/2010\\\/05\\\/31\\\/trois-temps-forts-pour-la-journee-annuelle-de-ladayg\\\/\"},\"author\":{\"name\":\"M Coeur\",\"@id\":\"https:\\\/\\\/www.sillon38.com\\\/blog\\\/#\\\/schema\\\/person\\\/72f06b5f0494d1edc8f4e5bf63651ff1\"},\"headline\":\"Trois temps forts pour la journ\u00e9e annuelle de l&rsquo;ADAYG\",\"datePublished\":\"2010-05-31T16:35:13+00:00\",\"mainEntityOfPage\":{\"@id\":\"https:\\\/\\\/www.sillon38.com\\\/blog\\\/2010\\\/05\\\/31\\\/trois-temps-forts-pour-la-journee-annuelle-de-ladayg\\\/\"},\"wordCount\":496,\"commentCount\":0,\"keywords\":[\"ADAYG\",\"Roland Revil\",\"Seigle-Vatte\",\"Voreppe\"],\"articleSection\":[\"La M\u00e9tro\",\"Y grenoblois\"],\"inLanguage\":\"fr-FR\",\"potentialAction\":[{\"@type\":\"CommentAction\",\"name\":\"Comment\",\"target\":[\"https:\\\/\\\/www.sillon38.com\\\/blog\\\/2010\\\/05\\\/31\\\/trois-temps-forts-pour-la-journee-annuelle-de-ladayg\\\/#respond\"]}]},{\"@type\":\"WebPage\",\"@id\":\"https:\\\/\\\/www.sillon38.com\\\/blog\\\/2010\\\/05\\\/31\\\/trois-temps-forts-pour-la-journee-annuelle-de-ladayg\\\/\",\"url\":\"https:\\\/\\\/www.sillon38.com\\\/blog\\\/2010\\\/05\\\/31\\\/trois-temps-forts-pour-la-journee-annuelle-de-ladayg\\\/\",\"name\":\"Trois temps forts pour la journ\u00e9e annuelle de l'ADAYG -\",\"isPartOf\":{\"@id\":\"https:\\\/\\\/www.sillon38.com\\\/blog\\\/#website\"},\"datePublished\":\"2010-05-31T16:35:13+00:00\",\"author\":{\"@id\":\"https:\\\/\\\/www.sillon38.com\\\/blog\\\/#\\\/schema\\\/person\\\/72f06b5f0494d1edc8f4e5bf63651ff1\"},\"breadcrumb\":{\"@id\":\"https:\\\/\\\/www.sillon38.com\\\/blog\\\/2010\\\/05\\\/31\\\/trois-temps-forts-pour-la-journee-annuelle-de-ladayg\\\/#breadcrumb\"},\"inLanguage\":\"fr-FR\",\"potentialAction\":[{\"@type\":\"ReadAction\",\"target\":[\"https:\\\/\\\/www.sillon38.com\\\/blog\\\/2010\\\/05\\\/31\\\/trois-temps-forts-pour-la-journee-annuelle-de-ladayg\\\/\"]}]},{\"@type\":\"BreadcrumbList\",\"@id\":\"https:\\\/\\\/www.sillon38.com\\\/blog\\\/2010\\\/05\\\/31\\\/trois-temps-forts-pour-la-journee-annuelle-de-ladayg\\\/#breadcrumb\",\"itemListElement\":[{\"@type\":\"ListItem\",\"position\":1,\"name\":\"Accueil\",\"item\":\"https:\\\/\\\/www.sillon38.com\\\/blog\\\/\"},{\"@type\":\"ListItem\",\"position\":2,\"name\":\"Trois temps forts pour la journ\u00e9e annuelle de l&rsquo;ADAYG\"}]},{\"@type\":\"WebSite\",\"@id\":\"https:\\\/\\\/www.sillon38.com\\\/blog\\\/#website\",\"url\":\"https:\\\/\\\/www.sillon38.com\\\/blog\\\/\",\"name\":\"\",\"description\":\"Le journal du monde rural\",\"potentialAction\":[{\"@type\":\"SearchAction\",\"target\":{\"@type\":\"EntryPoint\",\"urlTemplate\":\"https:\\\/\\\/www.sillon38.com\\\/blog\\\/?s={search_term_string}\"},\"query-input\":{\"@type\":\"PropertyValueSpecification\",\"valueRequired\":true,\"valueName\":\"search_term_string\"}}],\"inLanguage\":\"fr-FR\"},{\"@type\":\"Person\",\"@id\":\"https:\\\/\\\/www.sillon38.com\\\/blog\\\/#\\\/schema\\\/person\\\/72f06b5f0494d1edc8f4e5bf63651ff1\",\"name\":\"M Coeur\"}]}<\/script>\n<!-- \/ Yoast SEO plugin. -->","yoast_head_json":{"title":"Trois temps forts pour la journ\u00e9e annuelle de l'ADAYG -","robots":{"index":"index","follow":"follow","max-snippet":"max-snippet:-1","max-image-preview":"max-image-preview:large","max-video-preview":"max-video-preview:-1"},"canonical":"https:\/\/www.sillon38.com\/blog\/2010\/05\/31\/trois-temps-forts-pour-la-journee-annuelle-de-ladayg\/","og_locale":"fr_FR","og_type":"article","og_title":"Trois temps forts pour la journ\u00e9e annuelle de l'ADAYG -","og_description":"La journ\u00e9e annuelle de l'ADAYG aura lieu ce mercredi 2 juin \u00e0 Voreppe. Cette journ\u00e9e se composera de trois temps forts : une visite du territoire de l\u2019Y grenoblois, l\u2019Assembl\u00e9e G\u00e9n\u00e9rale de l\u2019ADAYG, suivie d\u2019une conf\u00e9rence-d\u00e9bat grand public.","og_url":"https:\/\/www.sillon38.com\/blog\/2010\/05\/31\/trois-temps-forts-pour-la-journee-annuelle-de-ladayg\/","article_published_time":"2010-05-31T16:35:13+00:00","author":"M Coeur","twitter_card":"summary_large_image","twitter_misc":{"\u00c9crit par":"M Coeur","Dur\u00e9e de lecture estim\u00e9e":"2 minutes"},"schema":{"@context":"https:\/\/schema.org","@graph":[{"@type":"Article","@id":"https:\/\/www.sillon38.com\/blog\/2010\/05\/31\/trois-temps-forts-pour-la-journee-annuelle-de-ladayg\/#article","isPartOf":{"@id":"https:\/\/www.sillon38.com\/blog\/2010\/05\/31\/trois-temps-forts-pour-la-journee-annuelle-de-ladayg\/"},"author":{"name":"M Coeur","@id":"https:\/\/www.sillon38.com\/blog\/#\/schema\/person\/72f06b5f0494d1edc8f4e5bf63651ff1"},"headline":"Trois temps forts pour la journ\u00e9e annuelle de l&rsquo;ADAYG","datePublished":"2010-05-31T16:35:13+00:00","mainEntityOfPage":{"@id":"https:\/\/www.sillon38.com\/blog\/2010\/05\/31\/trois-temps-forts-pour-la-journee-annuelle-de-ladayg\/"},"wordCount":496,"commentCount":0,"keywords":["ADAYG","Roland Revil","Seigle-Vatte","Voreppe"],"articleSection":["La M\u00e9tro","Y grenoblois"],"inLanguage":"fr-FR","potentialAction":[{"@type":"CommentAction","name":"Comment","target":["https:\/\/www.sillon38.com\/blog\/2010\/05\/31\/trois-temps-forts-pour-la-journee-annuelle-de-ladayg\/#respond"]}]},{"@type":"WebPage","@id":"https:\/\/www.sillon38.com\/blog\/2010\/05\/31\/trois-temps-forts-pour-la-journee-annuelle-de-ladayg\/","url":"https:\/\/www.sillon38.com\/blog\/2010\/05\/31\/trois-temps-forts-pour-la-journee-annuelle-de-ladayg\/","name":"Trois temps forts pour la journ\u00e9e annuelle de l'ADAYG -","isPartOf":{"@id":"https:\/\/www.sillon38.com\/blog\/#website"},"datePublished":"2010-05-31T16:35:13+00:00","author":{"@id":"https:\/\/www.sillon38.com\/blog\/#\/schema\/person\/72f06b5f0494d1edc8f4e5bf63651ff1"},"breadcrumb":{"@id":"https:\/\/www.sillon38.com\/blog\/2010\/05\/31\/trois-temps-forts-pour-la-journee-annuelle-de-ladayg\/#breadcrumb"},"inLanguage":"fr-FR","potentialAction":[{"@type":"ReadAction","target":["https:\/\/www.sillon38.com\/blog\/2010\/05\/31\/trois-temps-forts-pour-la-journee-annuelle-de-ladayg\/"]}]},{"@type":"BreadcrumbList","@id":"https:\/\/www.sillon38.com\/blog\/2010\/05\/31\/trois-temps-forts-pour-la-journee-annuelle-de-ladayg\/#breadcrumb","itemListElement":[{"@type":"ListItem","position":1,"name":"Accueil","item":"https:\/\/www.sillon38.com\/blog\/"},{"@type":"ListItem","position":2,"name":"Trois temps forts pour la journ\u00e9e annuelle de l&rsquo;ADAYG"}]},{"@type":"WebSite","@id":"https:\/\/www.sillon38.com\/blog\/#website","url":"https:\/\/www.sillon38.com\/blog\/","name":"","description":"Le journal du monde rural","potentialAction":[{"@type":"SearchAction","target":{"@type":"EntryPoint","urlTemplate":"https:\/\/www.sillon38.com\/blog\/?s={search_term_string}"},"query-input":{"@type":"PropertyValueSpecification","valueRequired":true,"valueName":"search_term_string"}}],"inLanguage":"fr-FR"},{"@type":"Person","@id":"https:\/\/www.sillon38.com\/blog\/#\/schema\/person\/72f06b5f0494d1edc8f4e5bf63651ff1","name":"M Coeur"}]}},"_links":{"self":[{"href":"https:\/\/www.sillon38.com\/blog\/wp-json\/wp\/v2\/posts\/15060","targetHints":{"allow":["GET"]}}],"collection":[{"href":"https:\/\/www.sillon38.com\/blog\/wp-json\/wp\/v2\/posts"}],"about":[{"href":"https:\/\/www.sillon38.com\/blog\/wp-json\/wp\/v2\/types\/post"}],"author":[{"embeddable":true,"href":"https:\/\/www.sillon38.com\/blog\/wp-json\/wp\/v2\/users\/2"}],"replies":[{"embeddable":true,"href":"https:\/\/www.sillon38.com\/blog\/wp-json\/wp\/v2\/comments?post=15060"}],"version-history":[{"count":0,"href":"https:\/\/www.sillon38.com\/blog\/wp-json\/wp\/v2\/posts\/15060\/revisions"}],"wp:attachment":[{"href":"https:\/\/www.sillon38.com\/blog\/wp-json\/wp\/v2\/media?parent=15060"}],"wp:term":[{"taxonomy":"category","embeddable":true,"href":"https:\/\/www.sillon38.com\/blog\/wp-json\/wp\/v2\/categories?post=15060"},{"taxonomy":"post_tag","embeddable":true,"href":"https:\/\/www.sillon38.com\/blog\/wp-json\/wp\/v2\/tags?post=15060"}],"curies":[{"name":"wp","href":"https:\/\/api.w.org\/{rel}","templated":true}]}}