{"id":1862,"date":"2008-03-04T21:38:52","date_gmt":"2008-03-04T19:38:52","guid":{"rendered":"http:\/\/staging.sillon38.com\/2008\/03\/04\/rendez-vous-avec-les-oiseaux\/"},"modified":"2008-03-04T21:38:52","modified_gmt":"2008-03-04T19:38:52","slug":"rendez-vous-avec-les-oiseaux","status":"publish","type":"post","link":"https:\/\/www.sillon38.com\/blog\/2008\/03\/04\/rendez-vous-avec-les-oiseaux\/","title":{"rendered":"Rendez-vous avec les oiseaux"},"content":{"rendered":"<p>Samedi 8 mars, H\u00e9l\u00e8ne Blanchard, Vice-pr\u00e9sidente d\u00e9l\u00e9gu\u00e9e \u00e0 l\u2019environnement et la pr\u00e9vention des risques, se rendra au col de l\u2019Escrinet, en Ard\u00e8che, afin d\u2019apporter son soutien aux associations environnementales dans le cadre de l\u2019op\u00e9ration \u00ab T\u00eate en l\u2019air \u00bb soutenue par la R\u00e9gion Rh\u00f4ne-Alpes.<\/p>\n<p>Le col de l\u2019Escrinet est l\u2019un des plus exceptionnels cols en Europe pour l\u2019\u00e9tude de la migration de printemps. Il se situe exactement dans l\u2019axe migratoire et constitue un<br \/>\nv\u00e9ritable \u00ab\u00a0couloir\u00a0\u00bb de plus de 150 esp\u00e8ces diff\u00e9rentes d\u2019oiseaux.<\/p>\n<p>\u00ab La R\u00e9gion Rh\u00f4ne-Alpes va intensifier son soutien \u00e0 l\u2019op\u00e9ration T\u00eate en l\u2019air port\u00e9e par des associations environnementales de protection des esp\u00e8ces d\u2019oiseaux sauvages \u00bb d\u00e9clare H\u00e9l\u00e8ne Blanchard. Cette op\u00e9ration constitue un grand rendez-vous avec les oiseaux migrateurs sur sept sites r\u00e9partis en R\u00e9gion Rh\u00f4ne-Alpes. Elle vise \u00e0  am\u00e9liorer la connaissance scientifique des migrations d\u2019oiseaux sauvages et \u00e0 sensibiliser le public au ph\u00e9nom\u00e8ne de migration des oiseaux sauvages qui se d\u00e9roule chaque ann\u00e9e au-dessus de nos t\u00eates : des milliers d&rsquo;oiseaux, dont beaucoup reviennent d&rsquo;Afrique, survolent le couloir rhodanien pour rejoindre leurs sites de reproduction.<\/p>\n<p>Pour la 4\u00e8me ann\u00e9e cons\u00e9cutive, la R\u00e9gion Rh\u00f4ne-Alpes est pr\u00e9sente afin d\u2019apporter son soutien aux associations environnementales et ornithologiques sur ce site embl\u00e9matique.<\/p>\n","protected":false},"excerpt":{"rendered":"<p>Samedi 8 mars, H\u00e9l\u00e8ne Blanchard, Vice-pr\u00e9sidente d\u00e9l\u00e9gu\u00e9e \u00e0 l\u2019environnement et la pr\u00e9vention des risques, se rendra au col de l\u2019Escrinet, en Ard\u00e8che, afin d\u2019apporter son soutien aux associations environnementales dans le cadre de l\u2019op\u00e9ration \u00ab T\u00eate en l\u2019air \u00bb soutenue&#8230;<\/p>\n","protected":false},"author":2,"featured_media":0,"comment_status":"open","ping_status":"open","sticky":false,"template":"","format":"standard","meta":{"footnotes":""},"categories":[22],"tags":[],"class_list":["post-1862","post","type-post","status-publish","format-standard","hentry","category-environnement"],"yoast_head":"<!-- This site is optimized with the Yoast SEO plugin v27.5 - https:\/\/yoast.com\/product\/yoast-seo-wordpress\/ -->\n<title>Rendez-vous avec les oiseaux -<\/title>\n<meta name=\"robots\" content=\"index, follow, max-snippet:-1, max-image-preview:large, max-video-preview:-1\" \/>\n<link rel=\"canonical\" href=\"https:\/\/www.sillon38.com\/blog\/2008\/03\/04\/rendez-vous-avec-les-oiseaux\/\" \/>\n<meta property=\"og:locale\" content=\"fr_FR\" \/>\n<meta property=\"og:type\" content=\"article\" \/>\n<meta property=\"og:title\" content=\"Rendez-vous avec les oiseaux -\" \/>\n<meta property=\"og:description\" content=\"Samedi 8 mars, H\u00e9l\u00e8ne Blanchard, Vice-pr\u00e9sidente d\u00e9l\u00e9gu\u00e9e \u00e0 l\u2019environnement et la pr\u00e9vention des risques, se rendra au col de l\u2019Escrinet, en Ard\u00e8che, afin d\u2019apporter son soutien aux associations environnementales dans le cadre de l\u2019op\u00e9ration \u00ab T\u00eate en l\u2019air \u00bb soutenue...\" \/>\n<meta property=\"og:url\" content=\"https:\/\/www.sillon38.com\/blog\/2008\/03\/04\/rendez-vous-avec-les-oiseaux\/\" \/>\n<meta property=\"article:published_time\" content=\"2008-03-04T19:38:52+00:00\" \/>\n<meta name=\"author\" content=\"M Coeur\" \/>\n<meta name=\"twitter:card\" content=\"summary_large_image\" \/>\n<meta name=\"twitter:label1\" content=\"\u00c9crit par\" \/>\n\t<meta name=\"twitter:data1\" content=\"M Coeur\" \/>\n\t<meta name=\"twitter:label2\" content=\"Dur\u00e9e de lecture estim\u00e9e\" \/>\n\t<meta name=\"twitter:data2\" content=\"1 minute\" \/>\n<script type=\"application\/ld+json\" class=\"yoast-schema-graph\">{\"@context\":\"https:\\\/\\\/schema.org\",\"@graph\":[{\"@type\":\"Article\",\"@id\":\"https:\\\/\\\/www.sillon38.com\\\/blog\\\/2008\\\/03\\\/04\\\/rendez-vous-avec-les-oiseaux\\\/#article\",\"isPartOf\":{\"@id\":\"https:\\\/\\\/www.sillon38.com\\\/blog\\\/2008\\\/03\\\/04\\\/rendez-vous-avec-les-oiseaux\\\/\"},\"author\":{\"name\":\"M Coeur\",\"@id\":\"https:\\\/\\\/www.sillon38.com\\\/blog\\\/#\\\/schema\\\/person\\\/72f06b5f0494d1edc8f4e5bf63651ff1\"},\"headline\":\"Rendez-vous avec les oiseaux\",\"datePublished\":\"2008-03-04T19:38:52+00:00\",\"mainEntityOfPage\":{\"@id\":\"https:\\\/\\\/www.sillon38.com\\\/blog\\\/2008\\\/03\\\/04\\\/rendez-vous-avec-les-oiseaux\\\/\"},\"wordCount\":250,\"commentCount\":0,\"articleSection\":[\"environnement\"],\"inLanguage\":\"fr-FR\",\"potentialAction\":[{\"@type\":\"CommentAction\",\"name\":\"Comment\",\"target\":[\"https:\\\/\\\/www.sillon38.com\\\/blog\\\/2008\\\/03\\\/04\\\/rendez-vous-avec-les-oiseaux\\\/#respond\"]}]},{\"@type\":\"WebPage\",\"@id\":\"https:\\\/\\\/www.sillon38.com\\\/blog\\\/2008\\\/03\\\/04\\\/rendez-vous-avec-les-oiseaux\\\/\",\"url\":\"https:\\\/\\\/www.sillon38.com\\\/blog\\\/2008\\\/03\\\/04\\\/rendez-vous-avec-les-oiseaux\\\/\",\"name\":\"Rendez-vous avec les oiseaux -\",\"isPartOf\":{\"@id\":\"https:\\\/\\\/www.sillon38.com\\\/blog\\\/#website\"},\"datePublished\":\"2008-03-04T19:38:52+00:00\",\"author\":{\"@id\":\"https:\\\/\\\/www.sillon38.com\\\/blog\\\/#\\\/schema\\\/person\\\/72f06b5f0494d1edc8f4e5bf63651ff1\"},\"breadcrumb\":{\"@id\":\"https:\\\/\\\/www.sillon38.com\\\/blog\\\/2008\\\/03\\\/04\\\/rendez-vous-avec-les-oiseaux\\\/#breadcrumb\"},\"inLanguage\":\"fr-FR\",\"potentialAction\":[{\"@type\":\"ReadAction\",\"target\":[\"https:\\\/\\\/www.sillon38.com\\\/blog\\\/2008\\\/03\\\/04\\\/rendez-vous-avec-les-oiseaux\\\/\"]}]},{\"@type\":\"BreadcrumbList\",\"@id\":\"https:\\\/\\\/www.sillon38.com\\\/blog\\\/2008\\\/03\\\/04\\\/rendez-vous-avec-les-oiseaux\\\/#breadcrumb\",\"itemListElement\":[{\"@type\":\"ListItem\",\"position\":1,\"name\":\"Accueil\",\"item\":\"https:\\\/\\\/www.sillon38.com\\\/blog\\\/\"},{\"@type\":\"ListItem\",\"position\":2,\"name\":\"Rendez-vous avec les oiseaux\"}]},{\"@type\":\"WebSite\",\"@id\":\"https:\\\/\\\/www.sillon38.com\\\/blog\\\/#website\",\"url\":\"https:\\\/\\\/www.sillon38.com\\\/blog\\\/\",\"name\":\"\",\"description\":\"Le journal du monde rural\",\"potentialAction\":[{\"@type\":\"SearchAction\",\"target\":{\"@type\":\"EntryPoint\",\"urlTemplate\":\"https:\\\/\\\/www.sillon38.com\\\/blog\\\/?s={search_term_string}\"},\"query-input\":{\"@type\":\"PropertyValueSpecification\",\"valueRequired\":true,\"valueName\":\"search_term_string\"}}],\"inLanguage\":\"fr-FR\"},{\"@type\":\"Person\",\"@id\":\"https:\\\/\\\/www.sillon38.com\\\/blog\\\/#\\\/schema\\\/person\\\/72f06b5f0494d1edc8f4e5bf63651ff1\",\"name\":\"M Coeur\"}]}<\/script>\n<!-- \/ Yoast SEO plugin. -->","yoast_head_json":{"title":"Rendez-vous avec les oiseaux -","robots":{"index":"index","follow":"follow","max-snippet":"max-snippet:-1","max-image-preview":"max-image-preview:large","max-video-preview":"max-video-preview:-1"},"canonical":"https:\/\/www.sillon38.com\/blog\/2008\/03\/04\/rendez-vous-avec-les-oiseaux\/","og_locale":"fr_FR","og_type":"article","og_title":"Rendez-vous avec les oiseaux -","og_description":"Samedi 8 mars, H\u00e9l\u00e8ne Blanchard, Vice-pr\u00e9sidente d\u00e9l\u00e9gu\u00e9e \u00e0 l\u2019environnement et la pr\u00e9vention des risques, se rendra au col de l\u2019Escrinet, en Ard\u00e8che, afin d\u2019apporter son soutien aux associations environnementales dans le cadre de l\u2019op\u00e9ration \u00ab T\u00eate en l\u2019air \u00bb soutenue...","og_url":"https:\/\/www.sillon38.com\/blog\/2008\/03\/04\/rendez-vous-avec-les-oiseaux\/","article_published_time":"2008-03-04T19:38:52+00:00","author":"M Coeur","twitter_card":"summary_large_image","twitter_misc":{"\u00c9crit par":"M Coeur","Dur\u00e9e de lecture estim\u00e9e":"1 minute"},"schema":{"@context":"https:\/\/schema.org","@graph":[{"@type":"Article","@id":"https:\/\/www.sillon38.com\/blog\/2008\/03\/04\/rendez-vous-avec-les-oiseaux\/#article","isPartOf":{"@id":"https:\/\/www.sillon38.com\/blog\/2008\/03\/04\/rendez-vous-avec-les-oiseaux\/"},"author":{"name":"M Coeur","@id":"https:\/\/www.sillon38.com\/blog\/#\/schema\/person\/72f06b5f0494d1edc8f4e5bf63651ff1"},"headline":"Rendez-vous avec les oiseaux","datePublished":"2008-03-04T19:38:52+00:00","mainEntityOfPage":{"@id":"https:\/\/www.sillon38.com\/blog\/2008\/03\/04\/rendez-vous-avec-les-oiseaux\/"},"wordCount":250,"commentCount":0,"articleSection":["environnement"],"inLanguage":"fr-FR","potentialAction":[{"@type":"CommentAction","name":"Comment","target":["https:\/\/www.sillon38.com\/blog\/2008\/03\/04\/rendez-vous-avec-les-oiseaux\/#respond"]}]},{"@type":"WebPage","@id":"https:\/\/www.sillon38.com\/blog\/2008\/03\/04\/rendez-vous-avec-les-oiseaux\/","url":"https:\/\/www.sillon38.com\/blog\/2008\/03\/04\/rendez-vous-avec-les-oiseaux\/","name":"Rendez-vous avec les oiseaux -","isPartOf":{"@id":"https:\/\/www.sillon38.com\/blog\/#website"},"datePublished":"2008-03-04T19:38:52+00:00","author":{"@id":"https:\/\/www.sillon38.com\/blog\/#\/schema\/person\/72f06b5f0494d1edc8f4e5bf63651ff1"},"breadcrumb":{"@id":"https:\/\/www.sillon38.com\/blog\/2008\/03\/04\/rendez-vous-avec-les-oiseaux\/#breadcrumb"},"inLanguage":"fr-FR","potentialAction":[{"@type":"ReadAction","target":["https:\/\/www.sillon38.com\/blog\/2008\/03\/04\/rendez-vous-avec-les-oiseaux\/"]}]},{"@type":"BreadcrumbList","@id":"https:\/\/www.sillon38.com\/blog\/2008\/03\/04\/rendez-vous-avec-les-oiseaux\/#breadcrumb","itemListElement":[{"@type":"ListItem","position":1,"name":"Accueil","item":"https:\/\/www.sillon38.com\/blog\/"},{"@type":"ListItem","position":2,"name":"Rendez-vous avec les oiseaux"}]},{"@type":"WebSite","@id":"https:\/\/www.sillon38.com\/blog\/#website","url":"https:\/\/www.sillon38.com\/blog\/","name":"","description":"Le journal du monde rural","potentialAction":[{"@type":"SearchAction","target":{"@type":"EntryPoint","urlTemplate":"https:\/\/www.sillon38.com\/blog\/?s={search_term_string}"},"query-input":{"@type":"PropertyValueSpecification","valueRequired":true,"valueName":"search_term_string"}}],"inLanguage":"fr-FR"},{"@type":"Person","@id":"https:\/\/www.sillon38.com\/blog\/#\/schema\/person\/72f06b5f0494d1edc8f4e5bf63651ff1","name":"M Coeur"}]}},"_links":{"self":[{"href":"https:\/\/www.sillon38.com\/blog\/wp-json\/wp\/v2\/posts\/1862","targetHints":{"allow":["GET"]}}],"collection":[{"href":"https:\/\/www.sillon38.com\/blog\/wp-json\/wp\/v2\/posts"}],"about":[{"href":"https:\/\/www.sillon38.com\/blog\/wp-json\/wp\/v2\/types\/post"}],"author":[{"embeddable":true,"href":"https:\/\/www.sillon38.com\/blog\/wp-json\/wp\/v2\/users\/2"}],"replies":[{"embeddable":true,"href":"https:\/\/www.sillon38.com\/blog\/wp-json\/wp\/v2\/comments?post=1862"}],"version-history":[{"count":0,"href":"https:\/\/www.sillon38.com\/blog\/wp-json\/wp\/v2\/posts\/1862\/revisions"}],"wp:attachment":[{"href":"https:\/\/www.sillon38.com\/blog\/wp-json\/wp\/v2\/media?parent=1862"}],"wp:term":[{"taxonomy":"category","embeddable":true,"href":"https:\/\/www.sillon38.com\/blog\/wp-json\/wp\/v2\/categories?post=1862"},{"taxonomy":"post_tag","embeddable":true,"href":"https:\/\/www.sillon38.com\/blog\/wp-json\/wp\/v2\/tags?post=1862"}],"curies":[{"name":"wp","href":"https:\/\/api.w.org\/{rel}","templated":true}]}}