{"id":22492,"date":"2011-06-06T07:20:00","date_gmt":"2011-06-06T05:20:00","guid":{"rendered":"http:\/\/staging.sillon38.com\/?p=22492"},"modified":"2011-06-06T07:20:00","modified_gmt":"2011-06-06T05:20:00","slug":"pour-une-nouvelle-vision-du-foncier","status":"publish","type":"post","link":"https:\/\/www.sillon38.com\/blog\/2011\/06\/06\/pour-une-nouvelle-vision-du-foncier\/","title":{"rendered":"Pour une nouvelle vision du foncier"},"content":{"rendered":"<p><strong><span style=\"color: #000080;\">Au terme d\u2019une ann\u00e9e de r\u00e9flexions et partages avec les acteurs du monde agricole et industriel, la SAF-agriculteurs de France publie en juin 2011 un rapport (1) et des pr\u00e9conisations pour envisager diff\u00e9remment les enjeux du foncier agricole et anticiper les mutations profondes de l\u2019agriculture fran\u00e7aise.<\/span><\/strong><\/p>\n<p><span style=\"color: #000080;\">La terre agricole repr\u00e9sente un patrimoine culturel et financier, soumis aujourd\u2019hui \u00e0 de nombreuses pressions tant environnementales, politiques, \u00e9conomiques, que sociologiques et affectives. Ces pressions contribuent au rench\u00e9rissement du prix des terres et impliquent une \u00e9volution de la strat\u00e9gie fonci\u00e8re des entreprises agricoles fran\u00e7aises.<br \/>\nPartant du constat que l\u2019enjeu des surfaces agricoles, en France, n\u2019a pas ou peu fait l\u2019objet de r\u00e9flexion strat\u00e9gique et que ce sujet devient crucial dans la comp\u00e9titivit\u00e9 des entreprises agricoles, la SAF, think tank agricole, a men\u00e9 un cycle de r\u00e9flexion 2010-2011 sur le th\u00e8me \u00ab Agriculture, Foncier et Territoires \u00bb.<\/span><\/p>\n<p><span style=\"color: #000080;\">\u00ab Ce travail de r\u00e9flexion et propositions a associ\u00e9 agriculteurs, entreprises, conseils, administrations et acteurs du monde agricole pour aboutir \u00e0 une nouvelle approche de la th\u00e9matique fonci\u00e8re au b\u00e9n\u00e9fice du dynamisme et de la performance de nos entreprises agricoles \u00bb souligne Laurent Klein, Pr\u00e9sident de la SAF.<\/span><\/p>\n<p><span style=\"color: #000080;\">Au terme de ce cycle, la SAF propose des approches et outils innovants dans un rapport publi\u00e9 et disponible \u00e0 l\u2019issue de son Assembl\u00e9e g\u00e9n\u00e9rale le 16 juin prochain.<\/span><\/p>\n<p><strong><span style=\"color: #000080;\">Faciliter l&rsquo;acc\u00e8s au foncier<\/span><\/strong><\/p>\n<p><span style=\"color: #000080;\">Pour engager ce changement de perception n\u00e9cessaire sur la terre agricole, la SAF souhaite ainsi faciliter et pr\u00e9server l\u2019acc\u00e8s au foncier pour les chefs d\u2019entreprise agricole par plusieurs mesures d\u00e9taill\u00e9es.<\/span><\/p>\n<p><span style=\"color: #000080;\"> Parmi celles ci, l\u2019acc\u00e8s facilit\u00e9 \u00e0 des fonds pour d\u00e9velopper les capacit\u00e9s d\u2019investissement sur le foncier, la mise en place de modes de faire-valoir comme la location-g\u00e9rance pour encourager les jeunes agriculteurs \u00e0 s\u2019installer, l\u2019adaptation de la fiducie pour permettre de d\u00e9l\u00e9guer la gestion de biens agricoles pour un temps donn\u00e9, le maintien des capacit\u00e9s de production agricole en anticipant l\u2019artificialisation des terres ou encore l\u2019acc\u00e8s et le d\u00e9veloppement de l\u2019implication des agriculteurs dans la gouvernance du foncier en France.<br \/>\nCes propositions seront pr\u00e9sent\u00e9es et soutenues ces prochains mois aupr\u00e8s de l\u2019ensemble des acteurs du monde agricole et de la soci\u00e9t\u00e9 civile pour engager des \u00e9volutions concr\u00e8tes au service de la comp\u00e9titivit\u00e9 de l\u2019agriculture.<\/p>\n<p>(1) Rapport disponible \u00e0 partir du 16 Juin 2011 sur le site internet www.agriculteursdefrance.com<\/span><\/p>\n","protected":false},"excerpt":{"rendered":"<p>Enjeux et mutations du foncier en France: la Soci\u00e9t\u00e9 des Agriculteurs de France pr\u00e9sente ses propositions et solutions pour une agriculture comp\u00e9titive<\/p>\n","protected":false},"author":2,"featured_media":0,"comment_status":"open","ping_status":"open","sticky":false,"template":"","format":"standard","meta":{"footnotes":""},"categories":[3],"tags":[2488,4830],"class_list":["post-22492","post","type-post","status-publish","format-standard","hentry","category-agriculture","tag-foncier","tag-saf"],"yoast_head":"<!-- This site is optimized with the Yoast SEO plugin v27.5 - https:\/\/yoast.com\/product\/yoast-seo-wordpress\/ -->\n<title>Pour une nouvelle vision du foncier -<\/title>\n<meta name=\"robots\" content=\"index, follow, max-snippet:-1, max-image-preview:large, max-video-preview:-1\" \/>\n<link rel=\"canonical\" href=\"https:\/\/www.sillon38.com\/blog\/2011\/06\/06\/pour-une-nouvelle-vision-du-foncier\/\" \/>\n<meta property=\"og:locale\" content=\"fr_FR\" \/>\n<meta property=\"og:type\" content=\"article\" \/>\n<meta property=\"og:title\" content=\"Pour une nouvelle vision du foncier -\" \/>\n<meta property=\"og:description\" content=\"Enjeux et mutations du foncier en France: la Soci\u00e9t\u00e9 des Agriculteurs de France pr\u00e9sente ses propositions et solutions pour une agriculture comp\u00e9titive\" \/>\n<meta property=\"og:url\" content=\"https:\/\/www.sillon38.com\/blog\/2011\/06\/06\/pour-une-nouvelle-vision-du-foncier\/\" \/>\n<meta property=\"article:published_time\" content=\"2011-06-06T05:20:00+00:00\" \/>\n<meta name=\"author\" content=\"M Coeur\" \/>\n<meta name=\"twitter:card\" content=\"summary_large_image\" \/>\n<meta name=\"twitter:label1\" content=\"\u00c9crit par\" \/>\n\t<meta name=\"twitter:data1\" content=\"M Coeur\" \/>\n\t<meta name=\"twitter:label2\" content=\"Dur\u00e9e de lecture estim\u00e9e\" \/>\n\t<meta name=\"twitter:data2\" content=\"2 minutes\" \/>\n<script type=\"application\/ld+json\" class=\"yoast-schema-graph\">{\"@context\":\"https:\\\/\\\/schema.org\",\"@graph\":[{\"@type\":\"Article\",\"@id\":\"https:\\\/\\\/www.sillon38.com\\\/blog\\\/2011\\\/06\\\/06\\\/pour-une-nouvelle-vision-du-foncier\\\/#article\",\"isPartOf\":{\"@id\":\"https:\\\/\\\/www.sillon38.com\\\/blog\\\/2011\\\/06\\\/06\\\/pour-une-nouvelle-vision-du-foncier\\\/\"},\"author\":{\"name\":\"M Coeur\",\"@id\":\"https:\\\/\\\/www.sillon38.com\\\/blog\\\/#\\\/schema\\\/person\\\/72f06b5f0494d1edc8f4e5bf63651ff1\"},\"headline\":\"Pour une nouvelle vision du foncier\",\"datePublished\":\"2011-06-06T05:20:00+00:00\",\"mainEntityOfPage\":{\"@id\":\"https:\\\/\\\/www.sillon38.com\\\/blog\\\/2011\\\/06\\\/06\\\/pour-une-nouvelle-vision-du-foncier\\\/\"},\"wordCount\":437,\"commentCount\":0,\"keywords\":[\"foncier\",\"SAF\"],\"articleSection\":[\"agriculture\"],\"inLanguage\":\"fr-FR\",\"potentialAction\":[{\"@type\":\"CommentAction\",\"name\":\"Comment\",\"target\":[\"https:\\\/\\\/www.sillon38.com\\\/blog\\\/2011\\\/06\\\/06\\\/pour-une-nouvelle-vision-du-foncier\\\/#respond\"]}]},{\"@type\":\"WebPage\",\"@id\":\"https:\\\/\\\/www.sillon38.com\\\/blog\\\/2011\\\/06\\\/06\\\/pour-une-nouvelle-vision-du-foncier\\\/\",\"url\":\"https:\\\/\\\/www.sillon38.com\\\/blog\\\/2011\\\/06\\\/06\\\/pour-une-nouvelle-vision-du-foncier\\\/\",\"name\":\"Pour une nouvelle vision du foncier -\",\"isPartOf\":{\"@id\":\"https:\\\/\\\/www.sillon38.com\\\/blog\\\/#website\"},\"datePublished\":\"2011-06-06T05:20:00+00:00\",\"author\":{\"@id\":\"https:\\\/\\\/www.sillon38.com\\\/blog\\\/#\\\/schema\\\/person\\\/72f06b5f0494d1edc8f4e5bf63651ff1\"},\"breadcrumb\":{\"@id\":\"https:\\\/\\\/www.sillon38.com\\\/blog\\\/2011\\\/06\\\/06\\\/pour-une-nouvelle-vision-du-foncier\\\/#breadcrumb\"},\"inLanguage\":\"fr-FR\",\"potentialAction\":[{\"@type\":\"ReadAction\",\"target\":[\"https:\\\/\\\/www.sillon38.com\\\/blog\\\/2011\\\/06\\\/06\\\/pour-une-nouvelle-vision-du-foncier\\\/\"]}]},{\"@type\":\"BreadcrumbList\",\"@id\":\"https:\\\/\\\/www.sillon38.com\\\/blog\\\/2011\\\/06\\\/06\\\/pour-une-nouvelle-vision-du-foncier\\\/#breadcrumb\",\"itemListElement\":[{\"@type\":\"ListItem\",\"position\":1,\"name\":\"Accueil\",\"item\":\"https:\\\/\\\/www.sillon38.com\\\/blog\\\/\"},{\"@type\":\"ListItem\",\"position\":2,\"name\":\"Pour une nouvelle vision du foncier\"}]},{\"@type\":\"WebSite\",\"@id\":\"https:\\\/\\\/www.sillon38.com\\\/blog\\\/#website\",\"url\":\"https:\\\/\\\/www.sillon38.com\\\/blog\\\/\",\"name\":\"\",\"description\":\"Le journal du monde rural\",\"potentialAction\":[{\"@type\":\"SearchAction\",\"target\":{\"@type\":\"EntryPoint\",\"urlTemplate\":\"https:\\\/\\\/www.sillon38.com\\\/blog\\\/?s={search_term_string}\"},\"query-input\":{\"@type\":\"PropertyValueSpecification\",\"valueRequired\":true,\"valueName\":\"search_term_string\"}}],\"inLanguage\":\"fr-FR\"},{\"@type\":\"Person\",\"@id\":\"https:\\\/\\\/www.sillon38.com\\\/blog\\\/#\\\/schema\\\/person\\\/72f06b5f0494d1edc8f4e5bf63651ff1\",\"name\":\"M Coeur\"}]}<\/script>\n<!-- \/ Yoast SEO plugin. -->","yoast_head_json":{"title":"Pour une nouvelle vision du foncier -","robots":{"index":"index","follow":"follow","max-snippet":"max-snippet:-1","max-image-preview":"max-image-preview:large","max-video-preview":"max-video-preview:-1"},"canonical":"https:\/\/www.sillon38.com\/blog\/2011\/06\/06\/pour-une-nouvelle-vision-du-foncier\/","og_locale":"fr_FR","og_type":"article","og_title":"Pour une nouvelle vision du foncier -","og_description":"Enjeux et mutations du foncier en France: la Soci\u00e9t\u00e9 des Agriculteurs de France pr\u00e9sente ses propositions et solutions pour une agriculture comp\u00e9titive","og_url":"https:\/\/www.sillon38.com\/blog\/2011\/06\/06\/pour-une-nouvelle-vision-du-foncier\/","article_published_time":"2011-06-06T05:20:00+00:00","author":"M Coeur","twitter_card":"summary_large_image","twitter_misc":{"\u00c9crit par":"M Coeur","Dur\u00e9e de lecture estim\u00e9e":"2 minutes"},"schema":{"@context":"https:\/\/schema.org","@graph":[{"@type":"Article","@id":"https:\/\/www.sillon38.com\/blog\/2011\/06\/06\/pour-une-nouvelle-vision-du-foncier\/#article","isPartOf":{"@id":"https:\/\/www.sillon38.com\/blog\/2011\/06\/06\/pour-une-nouvelle-vision-du-foncier\/"},"author":{"name":"M Coeur","@id":"https:\/\/www.sillon38.com\/blog\/#\/schema\/person\/72f06b5f0494d1edc8f4e5bf63651ff1"},"headline":"Pour une nouvelle vision du foncier","datePublished":"2011-06-06T05:20:00+00:00","mainEntityOfPage":{"@id":"https:\/\/www.sillon38.com\/blog\/2011\/06\/06\/pour-une-nouvelle-vision-du-foncier\/"},"wordCount":437,"commentCount":0,"keywords":["foncier","SAF"],"articleSection":["agriculture"],"inLanguage":"fr-FR","potentialAction":[{"@type":"CommentAction","name":"Comment","target":["https:\/\/www.sillon38.com\/blog\/2011\/06\/06\/pour-une-nouvelle-vision-du-foncier\/#respond"]}]},{"@type":"WebPage","@id":"https:\/\/www.sillon38.com\/blog\/2011\/06\/06\/pour-une-nouvelle-vision-du-foncier\/","url":"https:\/\/www.sillon38.com\/blog\/2011\/06\/06\/pour-une-nouvelle-vision-du-foncier\/","name":"Pour une nouvelle vision du foncier -","isPartOf":{"@id":"https:\/\/www.sillon38.com\/blog\/#website"},"datePublished":"2011-06-06T05:20:00+00:00","author":{"@id":"https:\/\/www.sillon38.com\/blog\/#\/schema\/person\/72f06b5f0494d1edc8f4e5bf63651ff1"},"breadcrumb":{"@id":"https:\/\/www.sillon38.com\/blog\/2011\/06\/06\/pour-une-nouvelle-vision-du-foncier\/#breadcrumb"},"inLanguage":"fr-FR","potentialAction":[{"@type":"ReadAction","target":["https:\/\/www.sillon38.com\/blog\/2011\/06\/06\/pour-une-nouvelle-vision-du-foncier\/"]}]},{"@type":"BreadcrumbList","@id":"https:\/\/www.sillon38.com\/blog\/2011\/06\/06\/pour-une-nouvelle-vision-du-foncier\/#breadcrumb","itemListElement":[{"@type":"ListItem","position":1,"name":"Accueil","item":"https:\/\/www.sillon38.com\/blog\/"},{"@type":"ListItem","position":2,"name":"Pour une nouvelle vision du foncier"}]},{"@type":"WebSite","@id":"https:\/\/www.sillon38.com\/blog\/#website","url":"https:\/\/www.sillon38.com\/blog\/","name":"","description":"Le journal du monde rural","potentialAction":[{"@type":"SearchAction","target":{"@type":"EntryPoint","urlTemplate":"https:\/\/www.sillon38.com\/blog\/?s={search_term_string}"},"query-input":{"@type":"PropertyValueSpecification","valueRequired":true,"valueName":"search_term_string"}}],"inLanguage":"fr-FR"},{"@type":"Person","@id":"https:\/\/www.sillon38.com\/blog\/#\/schema\/person\/72f06b5f0494d1edc8f4e5bf63651ff1","name":"M Coeur"}]}},"_links":{"self":[{"href":"https:\/\/www.sillon38.com\/blog\/wp-json\/wp\/v2\/posts\/22492","targetHints":{"allow":["GET"]}}],"collection":[{"href":"https:\/\/www.sillon38.com\/blog\/wp-json\/wp\/v2\/posts"}],"about":[{"href":"https:\/\/www.sillon38.com\/blog\/wp-json\/wp\/v2\/types\/post"}],"author":[{"embeddable":true,"href":"https:\/\/www.sillon38.com\/blog\/wp-json\/wp\/v2\/users\/2"}],"replies":[{"embeddable":true,"href":"https:\/\/www.sillon38.com\/blog\/wp-json\/wp\/v2\/comments?post=22492"}],"version-history":[{"count":0,"href":"https:\/\/www.sillon38.com\/blog\/wp-json\/wp\/v2\/posts\/22492\/revisions"}],"wp:attachment":[{"href":"https:\/\/www.sillon38.com\/blog\/wp-json\/wp\/v2\/media?parent=22492"}],"wp:term":[{"taxonomy":"category","embeddable":true,"href":"https:\/\/www.sillon38.com\/blog\/wp-json\/wp\/v2\/categories?post=22492"},{"taxonomy":"post_tag","embeddable":true,"href":"https:\/\/www.sillon38.com\/blog\/wp-json\/wp\/v2\/tags?post=22492"}],"curies":[{"name":"wp","href":"https:\/\/api.w.org\/{rel}","templated":true}]}}