{"id":22813,"date":"2011-06-20T20:00:09","date_gmt":"2011-06-20T18:00:09","guid":{"rendered":"http:\/\/staging.sillon38.com\/?p=22813"},"modified":"2011-06-20T20:00:09","modified_gmt":"2011-06-20T18:00:09","slug":"rhone-alpes-offres-et-demandes-demploi-en-agriculture","status":"publish","type":"post","link":"https:\/\/www.sillon38.com\/blog\/2011\/06\/20\/rhone-alpes-offres-et-demandes-demploi-en-agriculture\/","title":{"rendered":"Rh\u00f4ne-Alpes: offres et demandes d&#8217;emploi en agriculture"},"content":{"rendered":"<p><span mce_style=\"color: #000000;\" style=\"color: rgb(0, 0, 0);\"><b>Retrouvez ces offres d\u2019emploi sur <a href=\"http:\/\/www.anefa.org\/\" mce_href=\"http:\/\/www.anefa.org\/\">www.anefa.org<\/a> :<\/b><\/span><\/p>\n<p><span mce_style=\"color: #000000;\" style=\"color: rgb(0, 0, 0);\">&nbsp;<b>Dr\u00f4me . <\/b>Expl. viticole de 80 ha cherche agent tractoriste (H\/F) pr les traitements, travaux du sol et entretien mat\u00e9riel. Exp. imp\u00e9rative.&nbsp; CDD tps plein 4 mois. Contact&nbsp;: 04 75 56 94 06 ou <a href=\"mailto:emploi-rhone-alpes@anefa.org\" mce_href=\"mailto:emploi-rhone-alpes@anefa.org\">emploi-rhone-alpes@anefa.org<\/a>. OVI21-26<\/span><\/p>\n<p><span mce_style=\"color: #000000;\" style=\"color: rgb(0, 0, 0);\"><b> <\/b><\/span><\/p>\n<p><span mce_style=\"color: #000000;\" style=\"color: rgb(0, 0, 0);\"><b>Hte-Savoie .<\/b> Ent. de cr\u00e9ation et d&rsquo;entretien d&rsquo;espaces verts recrute conducteur de travaux (H\/F) responsable secteur paysage. Missions : Relation client\u00e8le, gestion administrative (devis, commandes), \u00e9tudes et r\u00e9ponse aux appels d\u2019offre\u2026 Tr\u00e8s bonne connaissance des v\u00e9g\u00e9taux et de la ma\u00e7onnerie paysag\u00e8re exig\u00e9es. CDI tps plein. Contact&nbsp;: 04 75 56 94 06 ou <a href=\"mailto:emploi-rhone-alpes@anefa.org\" mce_href=\"mailto:emploi-rhone-alpes@anefa.org\">emploi-rhone-alpes@anefa.org<\/a>. OPA8-74<\/span><\/p>\n<p><span mce_style=\"color: #000000;\" style=\"color: rgb(0, 0, 0);\"><b>Is\u00e8re .<\/b> Secteur Matheysine. Expl. en bovin lait cherche son agent d\u2019\u00e9levage\/fromager&nbsp; (45 b\u00eates) pr traite, soin aux animaux, transformation, travaux ext\u00e9rieurs. Conduite d&rsquo;engins serait un plus.&nbsp; CDD de trois mois. Contact&nbsp;: 04 76 20 68 08 ou <a href=\"mailto:emploi-isere@anefa.org\" mce_href=\"mailto:emploi-isere@anefa.org\">emploi-isere@anefa.org<\/a>. OVL&nbsp;35-38<\/span><\/p>\n<p><span mce_style=\"color: #000000;\" style=\"color: rgb(0, 0, 0);\"><b> <\/b><\/span><\/p>\n<p><span mce_style=\"color: #000000;\" style=\"color: rgb(0, 0, 0);\"><b>Rh\u00f4ne .<\/b> Pr une entreprise d&rsquo;\u00e9levage de gibiers, vs effectuerez l&rsquo;alimentation, la surveillance des faisans et perdrix, l&rsquo;entretien des installations ainsi que les livraisons. CDD &nbsp;5 mois, 39h\/sem. Contact&nbsp;: 04 75 56 94 06 ou <a href=\"mailto:emploi-rhone-alpes@anefa.org\" mce_href=\"mailto:emploi-rhone-alpes@anefa.org\">emploi-rhone-alpes@anefa.org<\/a>. OAV5-69<\/span><\/p>\n<p><span mce_style=\"color: #000000;\" style=\"color: rgb(0, 0, 0);\">&nbsp;<b>Savoie .<\/b> Ent. cherche jardinier paysagiste (H\/F) pr l&rsquo;entretien d&rsquo;espaces verts. Permis EB souhait\u00e9. CDI tps plein. Contact&nbsp;: 04 75 56 94 06 ou <a href=\"mailto:emploi-rhone-alpes@anefa.org\" mce_href=\"mailto:emploi-rhone-alpes@anefa.org\">emploi-rhone-alpes@anefa.org<\/a>. OPA1-73<\/span><\/p>\n<p><span mce_style=\"color: #000000;\" style=\"color: rgb(0, 0, 0);\"><b>&nbsp;Retrouvez ces demandes d\u2019emploi sur <a href=\"http:\/\/www.anefa.org\/\" mce_href=\"http:\/\/www.anefa.org\/\">www.anefa.org<\/a> :<\/b><\/span><\/p>\n<p><span mce_style=\"color: #000000;\" style=\"color: rgb(0, 0, 0);\"><b> <\/b><\/span><\/p>\n<p><span mce_style=\"color: #000000;\" style=\"color: rgb(0, 0, 0);\"><b>Hte-Savoie . <\/b>Femme cherche emploi d\u2019agent d\u2019\u00e9levage. Titulaire d\u2019un BTS et d\u2019un certificat de sp\u00e9cialisation. Mobilit\u00e9&nbsp;: Hte-Savoie. Contact&nbsp;: 04 75 56 94 06 ou <a href=\"mailto:emploi-rhone-alpes@anefa.org\" mce_href=\"mailto:emploi-rhone-alpes@anefa.org\">emploi-rhone-alpes@anefa.org<\/a>. DVL23-74<\/span><\/p>\n<p><span mce_style=\"color: #000000;\" style=\"color: rgb(0, 0, 0);\">&nbsp;<b>Hte-Savoie .<\/b> Homme cherche emploi en \u00e9levage laitier caprin ou bovin. Exp\u00e9riences saisonni\u00e8res. Contact&nbsp;: 04 75 56 94 06 ou <a href=\"mailto:emploi-rhone-alpes@anefa.org\" mce_href=\"mailto:emploi-rhone-alpes@anefa.org\">emploi-rhone-alpes@anefa.org<\/a>. DVL24-74<\/span><\/p>\n<p><span mce_style=\"color: #000000;\" style=\"color: rgb(0, 0, 0);\">&nbsp;<b>Loire . <\/b>Homme cherche emploi d\u2019agent ou technicien en \u00e9levage autour de Montbrison. Etudie tte proposition. Contact&nbsp;: 04 75 56 94 06 ou <a href=\"mailto:emploi-rhone-alpes@anefa.org\" mce_href=\"mailto:emploi-rhone-alpes@anefa.org\">emploi-rhone-alpes@anefa.org<\/a>. DEL5-42<\/span><\/p>\n<p><span mce_style=\"color: #000000;\" style=\"color: rgb(0, 0, 0);\">&nbsp;<b>Rh\u00f4ne .<\/b> Fils d\u2019agriculteur cherche emploi, log\u00e9, en \u00e9levage bovin lait ou de salari\u00e9 polyvalent. Contact&nbsp;: 04 75 56 94 06 ou <a href=\"mailto:emploi-rhone-alpes@anefa.org\" mce_href=\"mailto:emploi-rhone-alpes@anefa.org\">emploi-rhone-alpes@anefa.org<\/a>. DVL43-69<\/span><\/p>\n<p><span mce_style=\"color: #000000;\" style=\"color: rgb(0, 0, 0);\">&nbsp;<b>Savoie . <\/b>Femme cherche emploi d\u2019aide vacher ou berger en \u00e9levage. Disponible d\u00e9but juillet. Contact&nbsp;: 04 75 56 94 06 ou <a href=\"mailto:emploi-rhone-alpes@anefa.org\" mce_href=\"mailto:emploi-rhone-alpes@anefa.org\">emploi-rhone-alpes@anefa.org<\/a>. DEL5-73<\/span><\/p>\n<p><span mce_style=\"color: #000000;\" style=\"color: rgb(0, 0, 0);\">&nbsp;<\/span><\/p>\n<p>&nbsp;<\/p>\n<p>&nbsp;<\/p>\n","protected":false},"excerpt":{"rendered":"<p>Rh\u00f4ne-Alpes: offres et demandes d&#8217;emploi en agriculture, semaine 25.<\/p>\n","protected":false},"author":2,"featured_media":0,"comment_status":"open","ping_status":"open","sticky":false,"template":"","format":"standard","meta":{"footnotes":""},"categories":[17],"tags":[432,1895,2994,3498,4754],"class_list":["post-22813","post","type-post","status-publish","format-standard","hentry","category-economieemploi","tag-anefa","tag-drome","tag-isere","tag-loire","tag-rhone-alpes-emploi"],"yoast_head":"<!-- This site is optimized with the Yoast SEO plugin v27.5 - https:\/\/yoast.com\/product\/yoast-seo-wordpress\/ -->\n<title>Rh\u00f4ne-Alpes: offres et demandes d&#039;emploi en agriculture -<\/title>\n<meta name=\"robots\" content=\"index, follow, max-snippet:-1, max-image-preview:large, max-video-preview:-1\" \/>\n<link rel=\"canonical\" href=\"https:\/\/www.sillon38.com\/blog\/2011\/06\/20\/rhone-alpes-offres-et-demandes-demploi-en-agriculture\/\" \/>\n<meta property=\"og:locale\" content=\"fr_FR\" \/>\n<meta property=\"og:type\" content=\"article\" \/>\n<meta property=\"og:title\" content=\"Rh\u00f4ne-Alpes: offres et demandes d&#039;emploi en agriculture -\" \/>\n<meta property=\"og:description\" content=\"Rh\u00f4ne-Alpes: offres et demandes d&#039;emploi en agriculture, semaine 25.\" \/>\n<meta property=\"og:url\" content=\"https:\/\/www.sillon38.com\/blog\/2011\/06\/20\/rhone-alpes-offres-et-demandes-demploi-en-agriculture\/\" \/>\n<meta property=\"article:published_time\" content=\"2011-06-20T18:00:09+00:00\" \/>\n<meta name=\"author\" content=\"M Coeur\" \/>\n<meta name=\"twitter:card\" content=\"summary_large_image\" \/>\n<meta name=\"twitter:label1\" content=\"\u00c9crit par\" \/>\n\t<meta name=\"twitter:data1\" content=\"M Coeur\" \/>\n\t<meta name=\"twitter:label2\" content=\"Dur\u00e9e de lecture estim\u00e9e\" \/>\n\t<meta name=\"twitter:data2\" content=\"2 minutes\" \/>\n<script type=\"application\/ld+json\" class=\"yoast-schema-graph\">{\"@context\":\"https:\\\/\\\/schema.org\",\"@graph\":[{\"@type\":\"Article\",\"@id\":\"https:\\\/\\\/www.sillon38.com\\\/blog\\\/2011\\\/06\\\/20\\\/rhone-alpes-offres-et-demandes-demploi-en-agriculture\\\/#article\",\"isPartOf\":{\"@id\":\"https:\\\/\\\/www.sillon38.com\\\/blog\\\/2011\\\/06\\\/20\\\/rhone-alpes-offres-et-demandes-demploi-en-agriculture\\\/\"},\"author\":{\"name\":\"M Coeur\",\"@id\":\"https:\\\/\\\/www.sillon38.com\\\/blog\\\/#\\\/schema\\\/person\\\/72f06b5f0494d1edc8f4e5bf63651ff1\"},\"headline\":\"Rh\u00f4ne-Alpes: offres et demandes d&#8217;emploi en agriculture\",\"datePublished\":\"2011-06-20T18:00:09+00:00\",\"mainEntityOfPage\":{\"@id\":\"https:\\\/\\\/www.sillon38.com\\\/blog\\\/2011\\\/06\\\/20\\\/rhone-alpes-offres-et-demandes-demploi-en-agriculture\\\/\"},\"wordCount\":374,\"commentCount\":0,\"keywords\":[\"Anefa\",\"Dr\u00f4me\",\"Is\u00e8re\",\"Loire\",\"Rh\u00f4ne-Alpes; emploi\"],\"articleSection\":[\"economie\\\/emploi\"],\"inLanguage\":\"fr-FR\",\"potentialAction\":[{\"@type\":\"CommentAction\",\"name\":\"Comment\",\"target\":[\"https:\\\/\\\/www.sillon38.com\\\/blog\\\/2011\\\/06\\\/20\\\/rhone-alpes-offres-et-demandes-demploi-en-agriculture\\\/#respond\"]}]},{\"@type\":\"WebPage\",\"@id\":\"https:\\\/\\\/www.sillon38.com\\\/blog\\\/2011\\\/06\\\/20\\\/rhone-alpes-offres-et-demandes-demploi-en-agriculture\\\/\",\"url\":\"https:\\\/\\\/www.sillon38.com\\\/blog\\\/2011\\\/06\\\/20\\\/rhone-alpes-offres-et-demandes-demploi-en-agriculture\\\/\",\"name\":\"Rh\u00f4ne-Alpes: offres et demandes d'emploi en agriculture -\",\"isPartOf\":{\"@id\":\"https:\\\/\\\/www.sillon38.com\\\/blog\\\/#website\"},\"datePublished\":\"2011-06-20T18:00:09+00:00\",\"author\":{\"@id\":\"https:\\\/\\\/www.sillon38.com\\\/blog\\\/#\\\/schema\\\/person\\\/72f06b5f0494d1edc8f4e5bf63651ff1\"},\"breadcrumb\":{\"@id\":\"https:\\\/\\\/www.sillon38.com\\\/blog\\\/2011\\\/06\\\/20\\\/rhone-alpes-offres-et-demandes-demploi-en-agriculture\\\/#breadcrumb\"},\"inLanguage\":\"fr-FR\",\"potentialAction\":[{\"@type\":\"ReadAction\",\"target\":[\"https:\\\/\\\/www.sillon38.com\\\/blog\\\/2011\\\/06\\\/20\\\/rhone-alpes-offres-et-demandes-demploi-en-agriculture\\\/\"]}]},{\"@type\":\"BreadcrumbList\",\"@id\":\"https:\\\/\\\/www.sillon38.com\\\/blog\\\/2011\\\/06\\\/20\\\/rhone-alpes-offres-et-demandes-demploi-en-agriculture\\\/#breadcrumb\",\"itemListElement\":[{\"@type\":\"ListItem\",\"position\":1,\"name\":\"Accueil\",\"item\":\"https:\\\/\\\/www.sillon38.com\\\/blog\\\/\"},{\"@type\":\"ListItem\",\"position\":2,\"name\":\"Rh\u00f4ne-Alpes: offres et demandes d&#8217;emploi en agriculture\"}]},{\"@type\":\"WebSite\",\"@id\":\"https:\\\/\\\/www.sillon38.com\\\/blog\\\/#website\",\"url\":\"https:\\\/\\\/www.sillon38.com\\\/blog\\\/\",\"name\":\"\",\"description\":\"Le journal du monde rural\",\"potentialAction\":[{\"@type\":\"SearchAction\",\"target\":{\"@type\":\"EntryPoint\",\"urlTemplate\":\"https:\\\/\\\/www.sillon38.com\\\/blog\\\/?s={search_term_string}\"},\"query-input\":{\"@type\":\"PropertyValueSpecification\",\"valueRequired\":true,\"valueName\":\"search_term_string\"}}],\"inLanguage\":\"fr-FR\"},{\"@type\":\"Person\",\"@id\":\"https:\\\/\\\/www.sillon38.com\\\/blog\\\/#\\\/schema\\\/person\\\/72f06b5f0494d1edc8f4e5bf63651ff1\",\"name\":\"M Coeur\"}]}<\/script>\n<!-- \/ Yoast SEO plugin. -->","yoast_head_json":{"title":"Rh\u00f4ne-Alpes: offres et demandes d'emploi en agriculture -","robots":{"index":"index","follow":"follow","max-snippet":"max-snippet:-1","max-image-preview":"max-image-preview:large","max-video-preview":"max-video-preview:-1"},"canonical":"https:\/\/www.sillon38.com\/blog\/2011\/06\/20\/rhone-alpes-offres-et-demandes-demploi-en-agriculture\/","og_locale":"fr_FR","og_type":"article","og_title":"Rh\u00f4ne-Alpes: offres et demandes d'emploi en agriculture -","og_description":"Rh\u00f4ne-Alpes: offres et demandes d'emploi en agriculture, semaine 25.","og_url":"https:\/\/www.sillon38.com\/blog\/2011\/06\/20\/rhone-alpes-offres-et-demandes-demploi-en-agriculture\/","article_published_time":"2011-06-20T18:00:09+00:00","author":"M Coeur","twitter_card":"summary_large_image","twitter_misc":{"\u00c9crit par":"M Coeur","Dur\u00e9e de lecture estim\u00e9e":"2 minutes"},"schema":{"@context":"https:\/\/schema.org","@graph":[{"@type":"Article","@id":"https:\/\/www.sillon38.com\/blog\/2011\/06\/20\/rhone-alpes-offres-et-demandes-demploi-en-agriculture\/#article","isPartOf":{"@id":"https:\/\/www.sillon38.com\/blog\/2011\/06\/20\/rhone-alpes-offres-et-demandes-demploi-en-agriculture\/"},"author":{"name":"M Coeur","@id":"https:\/\/www.sillon38.com\/blog\/#\/schema\/person\/72f06b5f0494d1edc8f4e5bf63651ff1"},"headline":"Rh\u00f4ne-Alpes: offres et demandes d&#8217;emploi en agriculture","datePublished":"2011-06-20T18:00:09+00:00","mainEntityOfPage":{"@id":"https:\/\/www.sillon38.com\/blog\/2011\/06\/20\/rhone-alpes-offres-et-demandes-demploi-en-agriculture\/"},"wordCount":374,"commentCount":0,"keywords":["Anefa","Dr\u00f4me","Is\u00e8re","Loire","Rh\u00f4ne-Alpes; emploi"],"articleSection":["economie\/emploi"],"inLanguage":"fr-FR","potentialAction":[{"@type":"CommentAction","name":"Comment","target":["https:\/\/www.sillon38.com\/blog\/2011\/06\/20\/rhone-alpes-offres-et-demandes-demploi-en-agriculture\/#respond"]}]},{"@type":"WebPage","@id":"https:\/\/www.sillon38.com\/blog\/2011\/06\/20\/rhone-alpes-offres-et-demandes-demploi-en-agriculture\/","url":"https:\/\/www.sillon38.com\/blog\/2011\/06\/20\/rhone-alpes-offres-et-demandes-demploi-en-agriculture\/","name":"Rh\u00f4ne-Alpes: offres et demandes d'emploi en agriculture -","isPartOf":{"@id":"https:\/\/www.sillon38.com\/blog\/#website"},"datePublished":"2011-06-20T18:00:09+00:00","author":{"@id":"https:\/\/www.sillon38.com\/blog\/#\/schema\/person\/72f06b5f0494d1edc8f4e5bf63651ff1"},"breadcrumb":{"@id":"https:\/\/www.sillon38.com\/blog\/2011\/06\/20\/rhone-alpes-offres-et-demandes-demploi-en-agriculture\/#breadcrumb"},"inLanguage":"fr-FR","potentialAction":[{"@type":"ReadAction","target":["https:\/\/www.sillon38.com\/blog\/2011\/06\/20\/rhone-alpes-offres-et-demandes-demploi-en-agriculture\/"]}]},{"@type":"BreadcrumbList","@id":"https:\/\/www.sillon38.com\/blog\/2011\/06\/20\/rhone-alpes-offres-et-demandes-demploi-en-agriculture\/#breadcrumb","itemListElement":[{"@type":"ListItem","position":1,"name":"Accueil","item":"https:\/\/www.sillon38.com\/blog\/"},{"@type":"ListItem","position":2,"name":"Rh\u00f4ne-Alpes: offres et demandes d&#8217;emploi en agriculture"}]},{"@type":"WebSite","@id":"https:\/\/www.sillon38.com\/blog\/#website","url":"https:\/\/www.sillon38.com\/blog\/","name":"","description":"Le journal du monde rural","potentialAction":[{"@type":"SearchAction","target":{"@type":"EntryPoint","urlTemplate":"https:\/\/www.sillon38.com\/blog\/?s={search_term_string}"},"query-input":{"@type":"PropertyValueSpecification","valueRequired":true,"valueName":"search_term_string"}}],"inLanguage":"fr-FR"},{"@type":"Person","@id":"https:\/\/www.sillon38.com\/blog\/#\/schema\/person\/72f06b5f0494d1edc8f4e5bf63651ff1","name":"M Coeur"}]}},"_links":{"self":[{"href":"https:\/\/www.sillon38.com\/blog\/wp-json\/wp\/v2\/posts\/22813","targetHints":{"allow":["GET"]}}],"collection":[{"href":"https:\/\/www.sillon38.com\/blog\/wp-json\/wp\/v2\/posts"}],"about":[{"href":"https:\/\/www.sillon38.com\/blog\/wp-json\/wp\/v2\/types\/post"}],"author":[{"embeddable":true,"href":"https:\/\/www.sillon38.com\/blog\/wp-json\/wp\/v2\/users\/2"}],"replies":[{"embeddable":true,"href":"https:\/\/www.sillon38.com\/blog\/wp-json\/wp\/v2\/comments?post=22813"}],"version-history":[{"count":0,"href":"https:\/\/www.sillon38.com\/blog\/wp-json\/wp\/v2\/posts\/22813\/revisions"}],"wp:attachment":[{"href":"https:\/\/www.sillon38.com\/blog\/wp-json\/wp\/v2\/media?parent=22813"}],"wp:term":[{"taxonomy":"category","embeddable":true,"href":"https:\/\/www.sillon38.com\/blog\/wp-json\/wp\/v2\/categories?post=22813"},{"taxonomy":"post_tag","embeddable":true,"href":"https:\/\/www.sillon38.com\/blog\/wp-json\/wp\/v2\/tags?post=22813"}],"curies":[{"name":"wp","href":"https:\/\/api.w.org\/{rel}","templated":true}]}}