{"id":25578,"date":"2011-11-30T22:49:24","date_gmt":"2011-11-30T20:49:24","guid":{"rendered":"http:\/\/staging.sillon38.com\/?p=25578"},"modified":"2011-11-30T22:49:24","modified_gmt":"2011-11-30T20:49:24","slug":"cuma-isere-cultivons-ensemble-notre-territoire","status":"publish","type":"post","link":"https:\/\/www.sillon38.com\/blog\/2011\/11\/30\/cuma-isere-cultivons-ensemble-notre-territoire\/","title":{"rendered":"CUMA Is\u00e8re: cultivons ensemble notre territoire"},"content":{"rendered":"<p><span style=\"color: #000080;\">Plus d&rsquo;un agriculteur su deux adh\u00e8re \u00e0 une coop\u00e9rative d&rsquo;utilisation de mat\u00e9riel agricole ( CUMA). En Is\u00e8re on recense 145 Cuma, 60% ont leur si\u00e8ge social en plaine, 30 % en zone de montagne et\u00a0 en\u00a0 zone d\u00e9favoris\u00e9e. 126 d&rsquo;entre elles sont adh\u00e9rentes \u00e0 la f\u00e9d\u00e9ration d\u00e9partementale des Cuma. Celle ci vient de tenir son assembl\u00e9e g\u00e9n\u00e9rale \u00e0 Tullins. Pour le pr\u00e9sident Didier Veyron:\u00a0\u00bb la Cuma est un lieu de partage et d&rsquo;\u00e9changes qui permet \u00e0 chacun de s&rsquo;exprimer et d&rsquo;agir. Il faut donc conforter l&rsquo;implication des Cuma \u00e0 l&rsquo;int\u00e9rieur des territoires. Elle doivent devenir des partenaires incontournables des initiatives locales&#8230;\u00a0\u00bb<\/span><\/p>\n<p><span style=\"color: #000080;\">Propos repris par le Pr\u00e9sident de la Chambre d&rsquo;Agriculture de l&rsquo;Is\u00e8re peut avant que soit officialis\u00e9 un partenariat entre les deux structures.<\/span><\/p>\n<p><span style=\"color: #000080;\">\u00a0\u00bb Les Cuma ont un r\u00f4le important \u00e0 jouer au niveau du dynamisme agricole. Surtout en cette p\u00e9riode difficile, de crise. L&rsquo;argent public se fera de plus en plus rare, tant au niveau national qu&rsquo;europ\u00e9en. Il faudra donc r\u00e9duire les charges, les co\u00fbts de fonctionnement, assurer la viabilit\u00e9 de nos exploitations: la Cuma en est une solution. Adh\u00e9rer \u00e0 une Cuma c&rsquo;est \u00e9galement rompre un certain isolement, participer \u00e0 la vie sociale.\u00a0\u00bb<\/span><\/p>\n<p><span style=\"color: #000080;\">Ce partenariat va permettre \u00e0 la F\u00e9d\u00e9ration d\u00e9partementale de b\u00e9n\u00e9ficier de l&rsquo;appui des conseillers territoriaux de la Chambre d&rsquo;Agriculture:\u00a0\u00bb ceux ci vous apporteront une aide efficace \u00ab\u00a0<\/span><\/p>\n<p><span style=\"color: #000080;\"> <\/span><\/p>\n<p><span style=\"color: #000080;\"><a href=\"http:\/\/staging.sillon38.com\/wp-content\/uploads\/2011\/11\/cuma-1.jpg\"><img loading=\"lazy\" decoding=\"async\" class=\"aligncenter size-full wp-image-25579\" title=\"cuma\" src=\"http:\/\/staging.sillon38.com\/wp-content\/uploads\/2011\/11\/cuma-1.jpg\" alt=\"cuma\" width=\"595\" height=\"375\" srcset=\"https:\/\/www.sillon38.com\/blog\/wp-content\/uploads\/2011\/11\/cuma-1.jpg 595w, https:\/\/www.sillon38.com\/blog\/wp-content\/uploads\/2011\/11\/cuma-1-300x189.jpg 300w\" sizes=\"auto, (max-width: 595px) 100vw, 595px\" \/><\/a><\/span><span style=\"color: #000080;\"><\/span><\/p>\n<p><span style=\"color: #000080;\"> <\/span><\/p>\n<p><span style=\"color: #000080;\">Bien entendu le succ\u00e8s du salon\u00a0 m\u00e9cafourrages qui s&rsquo;est d\u00e9roul\u00e9 en mai \u00e0 Biol a \u00e9t\u00e9 mis en avant. Plus de 2000 personnes se sont rendues sur les lieux. Toutes les d\u00e9monstrations, animations, le forum ont connu un succ\u00e8s et une fr\u00e9quentation sans pr\u00e9c\u00e9dent. \u00ab\u00a0La r\u00e9ussite de l&rsquo;organisation de cette manifestation d\u00e9montre notre dynamisme, notre solidarit\u00e9 \u00ab\u00a0\u00e0 conclu le pr\u00e9sident Veyron.<\/span><\/p>\n","protected":false},"excerpt":{"rendered":"<p>Les Cuma doivent devenir des partenaires incontournables des initiatives locales. Ces mots ont \u00e9t\u00e9 prononc\u00e9s par le pr\u00e9sident Veyron lors de l&rsquo;AG de la f\u00e9d\u00e9ration des Cuma se l&rsquo;Is\u00e8re.<\/p>\n","protected":false},"author":2,"featured_media":0,"comment_status":"open","ping_status":"open","sticky":false,"template":"","format":"standard","meta":{"footnotes":""},"categories":[3],"tags":[1104,1703,1829,2680],"class_list":["post-25578","post","type-post","status-publish","format-standard","hentry","category-agriculture","tag-chambre-dagriculture-de-lisere","tag-cuma","tag-didier-veyron","tag-gerard-seigle-vatte"],"yoast_head":"<!-- This site is optimized with the Yoast SEO plugin v27.5 - https:\/\/yoast.com\/product\/yoast-seo-wordpress\/ -->\n<title>CUMA Is\u00e8re: cultivons ensemble notre territoire -<\/title>\n<meta name=\"robots\" content=\"index, follow, max-snippet:-1, max-image-preview:large, max-video-preview:-1\" \/>\n<link rel=\"canonical\" href=\"https:\/\/www.sillon38.com\/blog\/2011\/11\/30\/cuma-isere-cultivons-ensemble-notre-territoire\/\" \/>\n<meta property=\"og:locale\" content=\"fr_FR\" \/>\n<meta property=\"og:type\" content=\"article\" \/>\n<meta property=\"og:title\" content=\"CUMA Is\u00e8re: cultivons ensemble notre territoire -\" \/>\n<meta property=\"og:description\" content=\"Les Cuma doivent devenir des partenaires incontournables des initiatives locales. Ces mots ont \u00e9t\u00e9 prononc\u00e9s par le pr\u00e9sident Veyron lors de l&#039;AG de la f\u00e9d\u00e9ration des Cuma se l&#039;Is\u00e8re.\" \/>\n<meta property=\"og:url\" content=\"https:\/\/www.sillon38.com\/blog\/2011\/11\/30\/cuma-isere-cultivons-ensemble-notre-territoire\/\" \/>\n<meta property=\"article:published_time\" content=\"2011-11-30T20:49:24+00:00\" \/>\n<meta property=\"og:image\" content=\"http:\/\/staging.sillon38.com\/wp-content\/uploads\/2011\/11\/cuma-1.jpg\" \/>\n<meta name=\"author\" content=\"M Coeur\" \/>\n<meta name=\"twitter:card\" content=\"summary_large_image\" \/>\n<meta name=\"twitter:label1\" content=\"\u00c9crit par\" \/>\n\t<meta name=\"twitter:data1\" content=\"M Coeur\" \/>\n\t<meta name=\"twitter:label2\" content=\"Dur\u00e9e de lecture estim\u00e9e\" \/>\n\t<meta name=\"twitter:data2\" content=\"2 minutes\" \/>\n<script type=\"application\/ld+json\" class=\"yoast-schema-graph\">{\"@context\":\"https:\\\/\\\/schema.org\",\"@graph\":[{\"@type\":\"Article\",\"@id\":\"https:\\\/\\\/www.sillon38.com\\\/blog\\\/2011\\\/11\\\/30\\\/cuma-isere-cultivons-ensemble-notre-territoire\\\/#article\",\"isPartOf\":{\"@id\":\"https:\\\/\\\/www.sillon38.com\\\/blog\\\/2011\\\/11\\\/30\\\/cuma-isere-cultivons-ensemble-notre-territoire\\\/\"},\"author\":{\"name\":\"M Coeur\",\"@id\":\"https:\\\/\\\/www.sillon38.com\\\/blog\\\/#\\\/schema\\\/person\\\/72f06b5f0494d1edc8f4e5bf63651ff1\"},\"headline\":\"CUMA Is\u00e8re: cultivons ensemble notre territoire\",\"datePublished\":\"2011-11-30T20:49:24+00:00\",\"mainEntityOfPage\":{\"@id\":\"https:\\\/\\\/www.sillon38.com\\\/blog\\\/2011\\\/11\\\/30\\\/cuma-isere-cultivons-ensemble-notre-territoire\\\/\"},\"wordCount\":327,\"commentCount\":0,\"image\":{\"@id\":\"https:\\\/\\\/www.sillon38.com\\\/blog\\\/2011\\\/11\\\/30\\\/cuma-isere-cultivons-ensemble-notre-territoire\\\/#primaryimage\"},\"thumbnailUrl\":\"http:\\\/\\\/staging.sillon38.com\\\/wp-content\\\/uploads\\\/2011\\\/11\\\/cuma-1.jpg\",\"keywords\":[\"Chambre d'agriculture de l'Is\u00e8re\",\"CUMA\",\"Didier Veyron\",\"G\u00e9rard Seigle Vatte\"],\"articleSection\":[\"agriculture\"],\"inLanguage\":\"fr-FR\",\"potentialAction\":[{\"@type\":\"CommentAction\",\"name\":\"Comment\",\"target\":[\"https:\\\/\\\/www.sillon38.com\\\/blog\\\/2011\\\/11\\\/30\\\/cuma-isere-cultivons-ensemble-notre-territoire\\\/#respond\"]}]},{\"@type\":\"WebPage\",\"@id\":\"https:\\\/\\\/www.sillon38.com\\\/blog\\\/2011\\\/11\\\/30\\\/cuma-isere-cultivons-ensemble-notre-territoire\\\/\",\"url\":\"https:\\\/\\\/www.sillon38.com\\\/blog\\\/2011\\\/11\\\/30\\\/cuma-isere-cultivons-ensemble-notre-territoire\\\/\",\"name\":\"CUMA Is\u00e8re: cultivons ensemble notre territoire -\",\"isPartOf\":{\"@id\":\"https:\\\/\\\/www.sillon38.com\\\/blog\\\/#website\"},\"primaryImageOfPage\":{\"@id\":\"https:\\\/\\\/www.sillon38.com\\\/blog\\\/2011\\\/11\\\/30\\\/cuma-isere-cultivons-ensemble-notre-territoire\\\/#primaryimage\"},\"image\":{\"@id\":\"https:\\\/\\\/www.sillon38.com\\\/blog\\\/2011\\\/11\\\/30\\\/cuma-isere-cultivons-ensemble-notre-territoire\\\/#primaryimage\"},\"thumbnailUrl\":\"http:\\\/\\\/staging.sillon38.com\\\/wp-content\\\/uploads\\\/2011\\\/11\\\/cuma-1.jpg\",\"datePublished\":\"2011-11-30T20:49:24+00:00\",\"author\":{\"@id\":\"https:\\\/\\\/www.sillon38.com\\\/blog\\\/#\\\/schema\\\/person\\\/72f06b5f0494d1edc8f4e5bf63651ff1\"},\"breadcrumb\":{\"@id\":\"https:\\\/\\\/www.sillon38.com\\\/blog\\\/2011\\\/11\\\/30\\\/cuma-isere-cultivons-ensemble-notre-territoire\\\/#breadcrumb\"},\"inLanguage\":\"fr-FR\",\"potentialAction\":[{\"@type\":\"ReadAction\",\"target\":[\"https:\\\/\\\/www.sillon38.com\\\/blog\\\/2011\\\/11\\\/30\\\/cuma-isere-cultivons-ensemble-notre-territoire\\\/\"]}]},{\"@type\":\"ImageObject\",\"inLanguage\":\"fr-FR\",\"@id\":\"https:\\\/\\\/www.sillon38.com\\\/blog\\\/2011\\\/11\\\/30\\\/cuma-isere-cultivons-ensemble-notre-territoire\\\/#primaryimage\",\"url\":\"http:\\\/\\\/staging.sillon38.com\\\/wp-content\\\/uploads\\\/2011\\\/11\\\/cuma-1.jpg\",\"contentUrl\":\"http:\\\/\\\/staging.sillon38.com\\\/wp-content\\\/uploads\\\/2011\\\/11\\\/cuma-1.jpg\"},{\"@type\":\"BreadcrumbList\",\"@id\":\"https:\\\/\\\/www.sillon38.com\\\/blog\\\/2011\\\/11\\\/30\\\/cuma-isere-cultivons-ensemble-notre-territoire\\\/#breadcrumb\",\"itemListElement\":[{\"@type\":\"ListItem\",\"position\":1,\"name\":\"Accueil\",\"item\":\"https:\\\/\\\/www.sillon38.com\\\/blog\\\/\"},{\"@type\":\"ListItem\",\"position\":2,\"name\":\"CUMA Is\u00e8re: cultivons ensemble notre territoire\"}]},{\"@type\":\"WebSite\",\"@id\":\"https:\\\/\\\/www.sillon38.com\\\/blog\\\/#website\",\"url\":\"https:\\\/\\\/www.sillon38.com\\\/blog\\\/\",\"name\":\"\",\"description\":\"Le journal du monde rural\",\"potentialAction\":[{\"@type\":\"SearchAction\",\"target\":{\"@type\":\"EntryPoint\",\"urlTemplate\":\"https:\\\/\\\/www.sillon38.com\\\/blog\\\/?s={search_term_string}\"},\"query-input\":{\"@type\":\"PropertyValueSpecification\",\"valueRequired\":true,\"valueName\":\"search_term_string\"}}],\"inLanguage\":\"fr-FR\"},{\"@type\":\"Person\",\"@id\":\"https:\\\/\\\/www.sillon38.com\\\/blog\\\/#\\\/schema\\\/person\\\/72f06b5f0494d1edc8f4e5bf63651ff1\",\"name\":\"M Coeur\"}]}<\/script>\n<!-- \/ Yoast SEO plugin. -->","yoast_head_json":{"title":"CUMA Is\u00e8re: cultivons ensemble notre territoire -","robots":{"index":"index","follow":"follow","max-snippet":"max-snippet:-1","max-image-preview":"max-image-preview:large","max-video-preview":"max-video-preview:-1"},"canonical":"https:\/\/www.sillon38.com\/blog\/2011\/11\/30\/cuma-isere-cultivons-ensemble-notre-territoire\/","og_locale":"fr_FR","og_type":"article","og_title":"CUMA Is\u00e8re: cultivons ensemble notre territoire -","og_description":"Les Cuma doivent devenir des partenaires incontournables des initiatives locales. Ces mots ont \u00e9t\u00e9 prononc\u00e9s par le pr\u00e9sident Veyron lors de l'AG de la f\u00e9d\u00e9ration des Cuma se l'Is\u00e8re.","og_url":"https:\/\/www.sillon38.com\/blog\/2011\/11\/30\/cuma-isere-cultivons-ensemble-notre-territoire\/","article_published_time":"2011-11-30T20:49:24+00:00","og_image":[{"url":"http:\/\/staging.sillon38.com\/wp-content\/uploads\/2011\/11\/cuma-1.jpg","type":"","width":"","height":""}],"author":"M Coeur","twitter_card":"summary_large_image","twitter_misc":{"\u00c9crit par":"M Coeur","Dur\u00e9e de lecture estim\u00e9e":"2 minutes"},"schema":{"@context":"https:\/\/schema.org","@graph":[{"@type":"Article","@id":"https:\/\/www.sillon38.com\/blog\/2011\/11\/30\/cuma-isere-cultivons-ensemble-notre-territoire\/#article","isPartOf":{"@id":"https:\/\/www.sillon38.com\/blog\/2011\/11\/30\/cuma-isere-cultivons-ensemble-notre-territoire\/"},"author":{"name":"M Coeur","@id":"https:\/\/www.sillon38.com\/blog\/#\/schema\/person\/72f06b5f0494d1edc8f4e5bf63651ff1"},"headline":"CUMA Is\u00e8re: cultivons ensemble notre territoire","datePublished":"2011-11-30T20:49:24+00:00","mainEntityOfPage":{"@id":"https:\/\/www.sillon38.com\/blog\/2011\/11\/30\/cuma-isere-cultivons-ensemble-notre-territoire\/"},"wordCount":327,"commentCount":0,"image":{"@id":"https:\/\/www.sillon38.com\/blog\/2011\/11\/30\/cuma-isere-cultivons-ensemble-notre-territoire\/#primaryimage"},"thumbnailUrl":"http:\/\/staging.sillon38.com\/wp-content\/uploads\/2011\/11\/cuma-1.jpg","keywords":["Chambre d'agriculture de l'Is\u00e8re","CUMA","Didier Veyron","G\u00e9rard Seigle Vatte"],"articleSection":["agriculture"],"inLanguage":"fr-FR","potentialAction":[{"@type":"CommentAction","name":"Comment","target":["https:\/\/www.sillon38.com\/blog\/2011\/11\/30\/cuma-isere-cultivons-ensemble-notre-territoire\/#respond"]}]},{"@type":"WebPage","@id":"https:\/\/www.sillon38.com\/blog\/2011\/11\/30\/cuma-isere-cultivons-ensemble-notre-territoire\/","url":"https:\/\/www.sillon38.com\/blog\/2011\/11\/30\/cuma-isere-cultivons-ensemble-notre-territoire\/","name":"CUMA Is\u00e8re: cultivons ensemble notre territoire -","isPartOf":{"@id":"https:\/\/www.sillon38.com\/blog\/#website"},"primaryImageOfPage":{"@id":"https:\/\/www.sillon38.com\/blog\/2011\/11\/30\/cuma-isere-cultivons-ensemble-notre-territoire\/#primaryimage"},"image":{"@id":"https:\/\/www.sillon38.com\/blog\/2011\/11\/30\/cuma-isere-cultivons-ensemble-notre-territoire\/#primaryimage"},"thumbnailUrl":"http:\/\/staging.sillon38.com\/wp-content\/uploads\/2011\/11\/cuma-1.jpg","datePublished":"2011-11-30T20:49:24+00:00","author":{"@id":"https:\/\/www.sillon38.com\/blog\/#\/schema\/person\/72f06b5f0494d1edc8f4e5bf63651ff1"},"breadcrumb":{"@id":"https:\/\/www.sillon38.com\/blog\/2011\/11\/30\/cuma-isere-cultivons-ensemble-notre-territoire\/#breadcrumb"},"inLanguage":"fr-FR","potentialAction":[{"@type":"ReadAction","target":["https:\/\/www.sillon38.com\/blog\/2011\/11\/30\/cuma-isere-cultivons-ensemble-notre-territoire\/"]}]},{"@type":"ImageObject","inLanguage":"fr-FR","@id":"https:\/\/www.sillon38.com\/blog\/2011\/11\/30\/cuma-isere-cultivons-ensemble-notre-territoire\/#primaryimage","url":"http:\/\/staging.sillon38.com\/wp-content\/uploads\/2011\/11\/cuma-1.jpg","contentUrl":"http:\/\/staging.sillon38.com\/wp-content\/uploads\/2011\/11\/cuma-1.jpg"},{"@type":"BreadcrumbList","@id":"https:\/\/www.sillon38.com\/blog\/2011\/11\/30\/cuma-isere-cultivons-ensemble-notre-territoire\/#breadcrumb","itemListElement":[{"@type":"ListItem","position":1,"name":"Accueil","item":"https:\/\/www.sillon38.com\/blog\/"},{"@type":"ListItem","position":2,"name":"CUMA Is\u00e8re: cultivons ensemble notre territoire"}]},{"@type":"WebSite","@id":"https:\/\/www.sillon38.com\/blog\/#website","url":"https:\/\/www.sillon38.com\/blog\/","name":"","description":"Le journal du monde rural","potentialAction":[{"@type":"SearchAction","target":{"@type":"EntryPoint","urlTemplate":"https:\/\/www.sillon38.com\/blog\/?s={search_term_string}"},"query-input":{"@type":"PropertyValueSpecification","valueRequired":true,"valueName":"search_term_string"}}],"inLanguage":"fr-FR"},{"@type":"Person","@id":"https:\/\/www.sillon38.com\/blog\/#\/schema\/person\/72f06b5f0494d1edc8f4e5bf63651ff1","name":"M Coeur"}]}},"_links":{"self":[{"href":"https:\/\/www.sillon38.com\/blog\/wp-json\/wp\/v2\/posts\/25578","targetHints":{"allow":["GET"]}}],"collection":[{"href":"https:\/\/www.sillon38.com\/blog\/wp-json\/wp\/v2\/posts"}],"about":[{"href":"https:\/\/www.sillon38.com\/blog\/wp-json\/wp\/v2\/types\/post"}],"author":[{"embeddable":true,"href":"https:\/\/www.sillon38.com\/blog\/wp-json\/wp\/v2\/users\/2"}],"replies":[{"embeddable":true,"href":"https:\/\/www.sillon38.com\/blog\/wp-json\/wp\/v2\/comments?post=25578"}],"version-history":[{"count":0,"href":"https:\/\/www.sillon38.com\/blog\/wp-json\/wp\/v2\/posts\/25578\/revisions"}],"wp:attachment":[{"href":"https:\/\/www.sillon38.com\/blog\/wp-json\/wp\/v2\/media?parent=25578"}],"wp:term":[{"taxonomy":"category","embeddable":true,"href":"https:\/\/www.sillon38.com\/blog\/wp-json\/wp\/v2\/categories?post=25578"},{"taxonomy":"post_tag","embeddable":true,"href":"https:\/\/www.sillon38.com\/blog\/wp-json\/wp\/v2\/tags?post=25578"}],"curies":[{"name":"wp","href":"https:\/\/api.w.org\/{rel}","templated":true}]}}