{"id":26785,"date":"2012-02-11T13:09:02","date_gmt":"2012-02-11T11:09:02","guid":{"rendered":"http:\/\/staging.sillon38.com\/?p=26785"},"modified":"2012-02-11T13:09:02","modified_gmt":"2012-02-11T11:09:02","slug":"mesurer-limportance-du-secteur-forestier","status":"publish","type":"post","link":"https:\/\/www.sillon38.com\/blog\/2012\/02\/11\/mesurer-limportance-du-secteur-forestier\/","title":{"rendered":"Mesurer l&rsquo;importance du secteur forestier"},"content":{"rendered":"<p><span style=\"color: #000080;\"><strong>Sylve 38, le magazine des sylviculteurs de l\u2019Is\u00e8re, dans son num\u00e9ro de janvier a laisser Fran\u00e7ois Brottes, d\u00e9put\u00e9 de s&rsquo;exprimer sur le th\u00e8me de la for\u00eat.<\/strong><\/span><\/p>\n<p style=\"text-align: justify;\"><span style=\"color: #000080;\"><strong>\u00ab\u00a0<\/strong>La for\u00eat en Rh\u00f4ne-Alpes repr\u00e9sente 1,5  millions d\u2019hectares et 35 % du territoire r\u00e9gional. La fili\u00e8re est forte  de 10 000 entreprises et d\u2019environ 60 000 emplois directs. Les for\u00eats  priv\u00e9es, quant \u00e0 elles, repr\u00e9sentent 75 % des surfaces bois\u00e9es de la  r\u00e9gion, soit 1 100 000 hectares de for\u00eats g\u00e9r\u00e9es par 450 000  propri\u00e9taires forestiers. <\/span><\/p>\n<p style=\"text-align: justify;\"><span style=\"color: #000080;\">Ces chiffres d\u00e9montrent \u00e0 eux seuls  l\u2019importance d\u2019une gestion de qualit\u00e9 de la for\u00eat dans notre r\u00e9gion.<\/span><\/p>\n<p style=\"text-align: justify;\"><span style=\"color: #000080;\">M\u00eame priv\u00e9e, la for\u00eat remplit des  missions d\u2019int\u00e9r\u00eat public que la soci\u00e9t\u00e9 ne reconnait pas encore \u00e0 leur  juste valeur (paysage, qualit\u00e9 de l&rsquo;air et de l&rsquo;eau, protection,  loisirs&#8230;). <\/span><\/p>\n<p style=\"text-align: justify;\"><span style=\"color: #000080;\">En tant que rapporteur de la loi d&rsquo;orientation foresti\u00e8re  de 2001, je me suis battu pour que se construise progressivement la  reconnaissance d&rsquo;une for\u00eat consid\u00e9r\u00e9e comme un bien commun de l\u2019humanit\u00e9  pour l\u2019ensemble des services qu\u2019elle nous rend, qu\u2019ils soient d\u2019ordres  environnemental, social ou \u00e9conomique. <\/span><\/p>\n<p style=\"text-align: justify;\"><span style=\"color: #000080;\"><strong>Mais aujourd&rsquo;hui ce bien n&rsquo;est  pas r\u00e9mun\u00e9r\u00e9 \u00e0 sa juste valeur.<\/strong><\/span><\/p>\n<p style=\"text-align: justify;\"><span style=\"color: #000080;\">M\u00eame si les moyens techniques au  service de la for\u00eat priv\u00e9e n&rsquo;ont pas \u00e9t\u00e9 d\u00e9velopp\u00e9s comme pr\u00e9vu, je note  depuis quelques ann\u00e9es une meilleure harmonie dans la relation for\u00eat  publique\/for\u00eat priv\u00e9e. <\/span><\/p>\n<p style=\"text-align: justify;\"><span style=\"color: #000080;\"> Les menaces sur la p\u00e9rennit\u00e9 d&rsquo;une gestion  \u00e9quilibr\u00e9e de la for\u00eat publique ont tendu les relations entre les  communes foresti\u00e8res et l&rsquo;Etat. La n\u00e9cessit\u00e9 d&rsquo;une gestion coordonn\u00e9e  par massif voit progressivement le jour, ce qui est un gage d&rsquo;une  meilleure optimisation.<\/span><\/p>\n<blockquote>\n<p style=\"text-align: justify;\"><span style=\"color: #000080;\"><strong>Le dynamisme retrouv\u00e9 des groupements de  sylviculteurs d\u00e9montre l&rsquo;int\u00e9r\u00eat renouvel\u00e9 des g\u00e9n\u00e9rations pour une  exploitation toujours mieux organis\u00e9e. Je reste persuad\u00e9 que c&rsquo;est la  valorisation \u00e0 l&rsquo;amont de la fili\u00e8re, au niveau de la ressource qui  donnera aux propri\u00e9taires forestiers les moyens d&rsquo;exprimer une ambition  l\u00e9gitime pour le d\u00e9veloppement durable de leur patrimoine.<\/strong><\/span><\/p>\n<\/blockquote>\n<p style=\"text-align: justify;\"><span style=\"color: #000080;\">L&rsquo;\u00e9cocertification, mais aussi la  maitrise de toutes les \u00e9tapes qui pr\u00e9c\u00e8dent la mise en marche vers la  premi\u00e8re transformation, doivent contribuer \u00e0 une meilleure valorisation  de la ressource : mieux s\u00e9lectionn\u00e9e, mieux pr\u00e9par\u00e9e, plus ajust\u00e9e \u00e0 la  demande.<\/span><\/p>\n<p style=\"text-align: justify;\"><span style=\"color: #000080;\">Mon engagement national dans le secteur  de l&rsquo;\u00e9nergie, me permet de mesurer l&rsquo;importance du secteur forestier  dans un domaine qui n&rsquo;en est qu&rsquo;\u00e0 son d\u00e9but. La biomasse, l&rsquo;isolation du  b\u00e2ti, la r\u00e9habilitation par la fili\u00e8re s\u00e8che, sont autant de  perspectives de march\u00e9s porteurs d&rsquo;avenir. Car la for\u00eat sert \u00e0 la fois  les int\u00e9r\u00eats\u00a0des \u00e9nergies renouvelables et ceux des \u00e9conomies d&rsquo;\u00e9nergie.<\/span><\/p>\n<p style=\"text-align: justify;\"><span style=\"color: #000080;\">Pour cette ann\u00e9e 2012, je souhaite que  la mutualisation des projets, la coordination des d\u00e9marches soient  toujours au rendez-vous de l\u2019Union des Groupements pour le D\u00e9veloppement  Forestier en Is\u00e8re. C\u2019est cette dynamique qui permettra \u00e0 la for\u00eat  priv\u00e9e de redevenir un maillon fort de la fili\u00e8re.\u00a0\u00bb<\/span><\/p>\n<p style=\"text-align: justify;\"><em><strong><span style=\"color: #000080;\">Nos partenaires:<\/span><\/strong><\/em><\/p>\n<p style=\"text-align: justify;\"><span style=\"color: #000080;\"><a href=\"http:\/\/staging.sillon38.com\/wp-content\/uploads\/2012\/02\/ug-1.jpg\"><img loading=\"lazy\" decoding=\"async\" class=\"aligncenter size-full wp-image-26788\" title=\"ug\" src=\"http:\/\/staging.sillon38.com\/wp-content\/uploads\/2012\/02\/ug-1.jpg\" alt=\"ug\" width=\"345\" height=\"97\" srcset=\"https:\/\/www.sillon38.com\/blog\/wp-content\/uploads\/2012\/02\/ug-1.jpg 345w, https:\/\/www.sillon38.com\/blog\/wp-content\/uploads\/2012\/02\/ug-1-300x84.jpg 300w\" sizes=\"auto, (max-width: 345px) 100vw, 345px\" \/><\/a><br \/>\n<\/span><\/p>\n<p style=\"text-align: justify;\"><span style=\"color: #000080;\"><br \/>\n<\/span><\/p>\n<p style=\"text-align: justify;\"><span style=\"color: #000080;\"><a href=\"http:\/\/www.mfr-vif.com\/\"><img loading=\"lazy\" decoding=\"async\" class=\"aligncenter size-full wp-image-26787\" title=\"VIF\" src=\"http:\/\/staging.sillon38.com\/wp-content\/uploads\/2012\/02\/VIF2-1.jpg\" alt=\"VIF\" width=\"389\" height=\"37\" srcset=\"https:\/\/www.sillon38.com\/blog\/wp-content\/uploads\/2012\/02\/VIF2-1.jpg 389w, https:\/\/www.sillon38.com\/blog\/wp-content\/uploads\/2012\/02\/VIF2-1-300x29.jpg 300w\" sizes=\"auto, (max-width: 389px) 100vw, 389px\" \/><\/a><br \/>\n<\/span><\/p>\n<p style=\"text-align: justify;\"><span style=\"color: #000080;\"><br \/>\n<\/span><\/p>\n","protected":false},"excerpt":{"rendered":"<p>Sylve 38, le magazine des sylviculteurs de l\u2019Is\u00e8re, dans son num\u00e9ro de janvier a laisser Fran\u00e7ois Brottes, d\u00e9put\u00e9 de s&rsquo;exprimer sur le th\u00e8me de la for\u00eat.<\/p>\n","protected":false},"author":2,"featured_media":0,"comment_status":"open","ping_status":"open","sticky":false,"template":"","format":"standard","meta":{"footnotes":""},"categories":[75],"tags":[2575,2994],"class_list":["post-26785","post","type-post","status-publish","format-standard","hentry","category-ugdfi-foret","tag-francois-brottes","tag-isere"],"yoast_head":"<!-- This site is optimized with the Yoast SEO plugin v27.5 - https:\/\/yoast.com\/product\/yoast-seo-wordpress\/ -->\n<title>Mesurer l&#039;importance du secteur forestier -<\/title>\n<meta name=\"robots\" content=\"index, follow, max-snippet:-1, max-image-preview:large, max-video-preview:-1\" \/>\n<link rel=\"canonical\" href=\"https:\/\/www.sillon38.com\/blog\/2012\/02\/11\/mesurer-limportance-du-secteur-forestier\/\" \/>\n<meta property=\"og:locale\" content=\"fr_FR\" \/>\n<meta property=\"og:type\" content=\"article\" \/>\n<meta property=\"og:title\" content=\"Mesurer l&#039;importance du secteur forestier -\" \/>\n<meta property=\"og:description\" content=\"Sylve 38, le magazine des sylviculteurs de l\u2019Is\u00e8re, dans son num\u00e9ro de janvier a laisser Fran\u00e7ois Brottes, d\u00e9put\u00e9 de s&#039;exprimer sur le th\u00e8me de la for\u00eat.\" \/>\n<meta property=\"og:url\" content=\"https:\/\/www.sillon38.com\/blog\/2012\/02\/11\/mesurer-limportance-du-secteur-forestier\/\" \/>\n<meta property=\"article:published_time\" content=\"2012-02-11T11:09:02+00:00\" \/>\n<meta property=\"og:image\" content=\"http:\/\/staging.sillon38.com\/wp-content\/uploads\/2012\/02\/ug-1.jpg\" \/>\n<meta name=\"author\" content=\"M Coeur\" \/>\n<meta name=\"twitter:card\" content=\"summary_large_image\" \/>\n<meta name=\"twitter:label1\" content=\"\u00c9crit par\" \/>\n\t<meta name=\"twitter:data1\" content=\"M Coeur\" \/>\n\t<meta name=\"twitter:label2\" content=\"Dur\u00e9e de lecture estim\u00e9e\" \/>\n\t<meta name=\"twitter:data2\" content=\"3 minutes\" \/>\n<script type=\"application\/ld+json\" class=\"yoast-schema-graph\">{\"@context\":\"https:\\\/\\\/schema.org\",\"@graph\":[{\"@type\":\"Article\",\"@id\":\"https:\\\/\\\/www.sillon38.com\\\/blog\\\/2012\\\/02\\\/11\\\/mesurer-limportance-du-secteur-forestier\\\/#article\",\"isPartOf\":{\"@id\":\"https:\\\/\\\/www.sillon38.com\\\/blog\\\/2012\\\/02\\\/11\\\/mesurer-limportance-du-secteur-forestier\\\/\"},\"author\":{\"name\":\"M Coeur\",\"@id\":\"https:\\\/\\\/www.sillon38.com\\\/blog\\\/#\\\/schema\\\/person\\\/72f06b5f0494d1edc8f4e5bf63651ff1\"},\"headline\":\"Mesurer l&rsquo;importance du secteur forestier\",\"datePublished\":\"2012-02-11T11:09:02+00:00\",\"mainEntityOfPage\":{\"@id\":\"https:\\\/\\\/www.sillon38.com\\\/blog\\\/2012\\\/02\\\/11\\\/mesurer-limportance-du-secteur-forestier\\\/\"},\"wordCount\":557,\"commentCount\":0,\"image\":{\"@id\":\"https:\\\/\\\/www.sillon38.com\\\/blog\\\/2012\\\/02\\\/11\\\/mesurer-limportance-du-secteur-forestier\\\/#primaryimage\"},\"thumbnailUrl\":\"http:\\\/\\\/staging.sillon38.com\\\/wp-content\\\/uploads\\\/2012\\\/02\\\/ug-1.jpg\",\"keywords\":[\"Fran\u00e7ois Brottes\",\"Is\u00e8re\"],\"articleSection\":[\"UGDFI\"],\"inLanguage\":\"fr-FR\",\"potentialAction\":[{\"@type\":\"CommentAction\",\"name\":\"Comment\",\"target\":[\"https:\\\/\\\/www.sillon38.com\\\/blog\\\/2012\\\/02\\\/11\\\/mesurer-limportance-du-secteur-forestier\\\/#respond\"]}]},{\"@type\":\"WebPage\",\"@id\":\"https:\\\/\\\/www.sillon38.com\\\/blog\\\/2012\\\/02\\\/11\\\/mesurer-limportance-du-secteur-forestier\\\/\",\"url\":\"https:\\\/\\\/www.sillon38.com\\\/blog\\\/2012\\\/02\\\/11\\\/mesurer-limportance-du-secteur-forestier\\\/\",\"name\":\"Mesurer l'importance du secteur forestier -\",\"isPartOf\":{\"@id\":\"https:\\\/\\\/www.sillon38.com\\\/blog\\\/#website\"},\"primaryImageOfPage\":{\"@id\":\"https:\\\/\\\/www.sillon38.com\\\/blog\\\/2012\\\/02\\\/11\\\/mesurer-limportance-du-secteur-forestier\\\/#primaryimage\"},\"image\":{\"@id\":\"https:\\\/\\\/www.sillon38.com\\\/blog\\\/2012\\\/02\\\/11\\\/mesurer-limportance-du-secteur-forestier\\\/#primaryimage\"},\"thumbnailUrl\":\"http:\\\/\\\/staging.sillon38.com\\\/wp-content\\\/uploads\\\/2012\\\/02\\\/ug-1.jpg\",\"datePublished\":\"2012-02-11T11:09:02+00:00\",\"author\":{\"@id\":\"https:\\\/\\\/www.sillon38.com\\\/blog\\\/#\\\/schema\\\/person\\\/72f06b5f0494d1edc8f4e5bf63651ff1\"},\"breadcrumb\":{\"@id\":\"https:\\\/\\\/www.sillon38.com\\\/blog\\\/2012\\\/02\\\/11\\\/mesurer-limportance-du-secteur-forestier\\\/#breadcrumb\"},\"inLanguage\":\"fr-FR\",\"potentialAction\":[{\"@type\":\"ReadAction\",\"target\":[\"https:\\\/\\\/www.sillon38.com\\\/blog\\\/2012\\\/02\\\/11\\\/mesurer-limportance-du-secteur-forestier\\\/\"]}]},{\"@type\":\"ImageObject\",\"inLanguage\":\"fr-FR\",\"@id\":\"https:\\\/\\\/www.sillon38.com\\\/blog\\\/2012\\\/02\\\/11\\\/mesurer-limportance-du-secteur-forestier\\\/#primaryimage\",\"url\":\"http:\\\/\\\/staging.sillon38.com\\\/wp-content\\\/uploads\\\/2012\\\/02\\\/ug-1.jpg\",\"contentUrl\":\"http:\\\/\\\/staging.sillon38.com\\\/wp-content\\\/uploads\\\/2012\\\/02\\\/ug-1.jpg\"},{\"@type\":\"BreadcrumbList\",\"@id\":\"https:\\\/\\\/www.sillon38.com\\\/blog\\\/2012\\\/02\\\/11\\\/mesurer-limportance-du-secteur-forestier\\\/#breadcrumb\",\"itemListElement\":[{\"@type\":\"ListItem\",\"position\":1,\"name\":\"Accueil\",\"item\":\"https:\\\/\\\/www.sillon38.com\\\/blog\\\/\"},{\"@type\":\"ListItem\",\"position\":2,\"name\":\"Mesurer l&rsquo;importance du secteur forestier\"}]},{\"@type\":\"WebSite\",\"@id\":\"https:\\\/\\\/www.sillon38.com\\\/blog\\\/#website\",\"url\":\"https:\\\/\\\/www.sillon38.com\\\/blog\\\/\",\"name\":\"\",\"description\":\"Le journal du monde rural\",\"potentialAction\":[{\"@type\":\"SearchAction\",\"target\":{\"@type\":\"EntryPoint\",\"urlTemplate\":\"https:\\\/\\\/www.sillon38.com\\\/blog\\\/?s={search_term_string}\"},\"query-input\":{\"@type\":\"PropertyValueSpecification\",\"valueRequired\":true,\"valueName\":\"search_term_string\"}}],\"inLanguage\":\"fr-FR\"},{\"@type\":\"Person\",\"@id\":\"https:\\\/\\\/www.sillon38.com\\\/blog\\\/#\\\/schema\\\/person\\\/72f06b5f0494d1edc8f4e5bf63651ff1\",\"name\":\"M Coeur\"}]}<\/script>\n<!-- \/ Yoast SEO plugin. -->","yoast_head_json":{"title":"Mesurer l'importance du secteur forestier -","robots":{"index":"index","follow":"follow","max-snippet":"max-snippet:-1","max-image-preview":"max-image-preview:large","max-video-preview":"max-video-preview:-1"},"canonical":"https:\/\/www.sillon38.com\/blog\/2012\/02\/11\/mesurer-limportance-du-secteur-forestier\/","og_locale":"fr_FR","og_type":"article","og_title":"Mesurer l'importance du secteur forestier -","og_description":"Sylve 38, le magazine des sylviculteurs de l\u2019Is\u00e8re, dans son num\u00e9ro de janvier a laisser Fran\u00e7ois Brottes, d\u00e9put\u00e9 de s'exprimer sur le th\u00e8me de la for\u00eat.","og_url":"https:\/\/www.sillon38.com\/blog\/2012\/02\/11\/mesurer-limportance-du-secteur-forestier\/","article_published_time":"2012-02-11T11:09:02+00:00","og_image":[{"url":"http:\/\/staging.sillon38.com\/wp-content\/uploads\/2012\/02\/ug-1.jpg","type":"","width":"","height":""}],"author":"M Coeur","twitter_card":"summary_large_image","twitter_misc":{"\u00c9crit par":"M Coeur","Dur\u00e9e de lecture estim\u00e9e":"3 minutes"},"schema":{"@context":"https:\/\/schema.org","@graph":[{"@type":"Article","@id":"https:\/\/www.sillon38.com\/blog\/2012\/02\/11\/mesurer-limportance-du-secteur-forestier\/#article","isPartOf":{"@id":"https:\/\/www.sillon38.com\/blog\/2012\/02\/11\/mesurer-limportance-du-secteur-forestier\/"},"author":{"name":"M Coeur","@id":"https:\/\/www.sillon38.com\/blog\/#\/schema\/person\/72f06b5f0494d1edc8f4e5bf63651ff1"},"headline":"Mesurer l&rsquo;importance du secteur forestier","datePublished":"2012-02-11T11:09:02+00:00","mainEntityOfPage":{"@id":"https:\/\/www.sillon38.com\/blog\/2012\/02\/11\/mesurer-limportance-du-secteur-forestier\/"},"wordCount":557,"commentCount":0,"image":{"@id":"https:\/\/www.sillon38.com\/blog\/2012\/02\/11\/mesurer-limportance-du-secteur-forestier\/#primaryimage"},"thumbnailUrl":"http:\/\/staging.sillon38.com\/wp-content\/uploads\/2012\/02\/ug-1.jpg","keywords":["Fran\u00e7ois Brottes","Is\u00e8re"],"articleSection":["UGDFI"],"inLanguage":"fr-FR","potentialAction":[{"@type":"CommentAction","name":"Comment","target":["https:\/\/www.sillon38.com\/blog\/2012\/02\/11\/mesurer-limportance-du-secteur-forestier\/#respond"]}]},{"@type":"WebPage","@id":"https:\/\/www.sillon38.com\/blog\/2012\/02\/11\/mesurer-limportance-du-secteur-forestier\/","url":"https:\/\/www.sillon38.com\/blog\/2012\/02\/11\/mesurer-limportance-du-secteur-forestier\/","name":"Mesurer l'importance du secteur forestier -","isPartOf":{"@id":"https:\/\/www.sillon38.com\/blog\/#website"},"primaryImageOfPage":{"@id":"https:\/\/www.sillon38.com\/blog\/2012\/02\/11\/mesurer-limportance-du-secteur-forestier\/#primaryimage"},"image":{"@id":"https:\/\/www.sillon38.com\/blog\/2012\/02\/11\/mesurer-limportance-du-secteur-forestier\/#primaryimage"},"thumbnailUrl":"http:\/\/staging.sillon38.com\/wp-content\/uploads\/2012\/02\/ug-1.jpg","datePublished":"2012-02-11T11:09:02+00:00","author":{"@id":"https:\/\/www.sillon38.com\/blog\/#\/schema\/person\/72f06b5f0494d1edc8f4e5bf63651ff1"},"breadcrumb":{"@id":"https:\/\/www.sillon38.com\/blog\/2012\/02\/11\/mesurer-limportance-du-secteur-forestier\/#breadcrumb"},"inLanguage":"fr-FR","potentialAction":[{"@type":"ReadAction","target":["https:\/\/www.sillon38.com\/blog\/2012\/02\/11\/mesurer-limportance-du-secteur-forestier\/"]}]},{"@type":"ImageObject","inLanguage":"fr-FR","@id":"https:\/\/www.sillon38.com\/blog\/2012\/02\/11\/mesurer-limportance-du-secteur-forestier\/#primaryimage","url":"http:\/\/staging.sillon38.com\/wp-content\/uploads\/2012\/02\/ug-1.jpg","contentUrl":"http:\/\/staging.sillon38.com\/wp-content\/uploads\/2012\/02\/ug-1.jpg"},{"@type":"BreadcrumbList","@id":"https:\/\/www.sillon38.com\/blog\/2012\/02\/11\/mesurer-limportance-du-secteur-forestier\/#breadcrumb","itemListElement":[{"@type":"ListItem","position":1,"name":"Accueil","item":"https:\/\/www.sillon38.com\/blog\/"},{"@type":"ListItem","position":2,"name":"Mesurer l&rsquo;importance du secteur forestier"}]},{"@type":"WebSite","@id":"https:\/\/www.sillon38.com\/blog\/#website","url":"https:\/\/www.sillon38.com\/blog\/","name":"","description":"Le journal du monde rural","potentialAction":[{"@type":"SearchAction","target":{"@type":"EntryPoint","urlTemplate":"https:\/\/www.sillon38.com\/blog\/?s={search_term_string}"},"query-input":{"@type":"PropertyValueSpecification","valueRequired":true,"valueName":"search_term_string"}}],"inLanguage":"fr-FR"},{"@type":"Person","@id":"https:\/\/www.sillon38.com\/blog\/#\/schema\/person\/72f06b5f0494d1edc8f4e5bf63651ff1","name":"M Coeur"}]}},"_links":{"self":[{"href":"https:\/\/www.sillon38.com\/blog\/wp-json\/wp\/v2\/posts\/26785","targetHints":{"allow":["GET"]}}],"collection":[{"href":"https:\/\/www.sillon38.com\/blog\/wp-json\/wp\/v2\/posts"}],"about":[{"href":"https:\/\/www.sillon38.com\/blog\/wp-json\/wp\/v2\/types\/post"}],"author":[{"embeddable":true,"href":"https:\/\/www.sillon38.com\/blog\/wp-json\/wp\/v2\/users\/2"}],"replies":[{"embeddable":true,"href":"https:\/\/www.sillon38.com\/blog\/wp-json\/wp\/v2\/comments?post=26785"}],"version-history":[{"count":0,"href":"https:\/\/www.sillon38.com\/blog\/wp-json\/wp\/v2\/posts\/26785\/revisions"}],"wp:attachment":[{"href":"https:\/\/www.sillon38.com\/blog\/wp-json\/wp\/v2\/media?parent=26785"}],"wp:term":[{"taxonomy":"category","embeddable":true,"href":"https:\/\/www.sillon38.com\/blog\/wp-json\/wp\/v2\/categories?post=26785"},{"taxonomy":"post_tag","embeddable":true,"href":"https:\/\/www.sillon38.com\/blog\/wp-json\/wp\/v2\/tags?post=26785"}],"curies":[{"name":"wp","href":"https:\/\/api.w.org\/{rel}","templated":true}]}}