{"id":26915,"date":"2012-02-20T18:56:20","date_gmt":"2012-02-20T16:56:20","guid":{"rendered":"http:\/\/staging.sillon38.com\/?p=26915"},"modified":"2012-02-20T18:56:20","modified_gmt":"2012-02-20T16:56:20","slug":"stage-elaborer-des-plats-cuisines-en-produits-carnes-porc-boeuf-et-volaille","status":"publish","type":"post","link":"https:\/\/www.sillon38.com\/blog\/2012\/02\/20\/stage-elaborer-des-plats-cuisines-en-produits-carnes-porc-boeuf-et-volaille\/","title":{"rendered":"Stage \u00e9laborer des plats cuisin\u00e9s en produits carn\u00e9s: porc, b\u0153uf et volaille"},"content":{"rendered":"<p><span style=\"color: #333399;\"><strong>Proposition de stage:\u00a0\u00bb \u00e9laborer des plats cuisin\u00e9s en produites carn\u00e9s: porc, boeuf et volaille\u00a0\u00bb les 1er et 2 mars de 9h15 \u00e0 17 heures; \u00e0 l&rsquo;AFRAT \u00e0 Autrans<\/strong><br \/>\n<\/span><\/p>\n<p><span style=\"color: #333399;\">Vous souhaitez mettre en place une activit\u00e9 de transformation de viandes, ou vous avez d\u00e9j\u00e0 un atelier et voulez affiner vos techniques et recettes.<\/span><\/p>\n<h2><span style=\"color: #333399;\"><span style=\"text-decoration: underline;\">Objectifs p\u00e9dagogiques<\/span><\/span><\/h2>\n<ul>\n<li><span style=\"color: #333399;\">Pr\u00e9parer des viandes en sauce et \u00e9valuer le go\u00fbt d&rsquo;un produit fini.<\/span><\/li>\n<li><span style=\"color: #333399;\">Calculer vos co\u00fbts de production et d\u00e9finir un prix de vente adapt\u00e9.<\/span><\/li>\n<li><span style=\"color: #333399;\">Appliquer la r\u00e8glement en vigueur<\/span><\/li>\n<li><span style=\"color: #333399;\"><br \/>\n<\/span><\/li>\n<li><span style=\"color: #333399;\"><strong>PROGRAMME<\/strong><\/span><\/li>\n<li><span style=\"color: #333399;\">Techniques de pr\u00e9paration des viandes : d\u00e9coupe, pr\u00e9paration, cuisson, conservation.<\/span><\/li>\n<li><span style=\"color: #333399;\">Assaisonnement : les \u00e9pices et autres ingr\u00e9dients, leurs caract\u00e9ristiques et principes d&rsquo;utilisation.<\/span><\/li>\n<li><span style=\"color: #333399;\">Evaluation sensorielle : les \u00e9l\u00e9ments constitutifs du go\u00fbt.<\/span><\/li>\n<li><span style=\"color: #333399;\">Co\u00fbt de revient et prix de vente.<\/span><\/li>\n<li><span style=\"color: #333399;\">R\u00e9glementation de l&rsquo;atelier et de l&rsquo;\u00e9tiquetage.<\/span><\/li>\n<li><span style=\"color: #333399;\"><br \/>\n<\/span><\/li>\n<li><span style=\"color: #333399;\"><strong><span style=\"text-decoration: underline;\">M\u00e9thodes p\u00e9dagogiques<\/span><\/strong><\/span><\/li>\n<\/ul>\n<p><span style=\"color: #333399;\">Apports th\u00e9oriques et r\u00e9alisation de recettes en atelier \u00e0 l&rsquo;AFRAT (Autrans).<\/span><\/p>\n<p><span style=\"color: #333399;\"><strong> Contact\u00a0:<\/strong><\/span><\/p>\n<p><span style=\"color: #333399;\"> Richard V\u00e9lasquez 06 81 44 95 45<\/span><\/p>\n<p><span style=\"color: #333399;\">Martine Maritano 04 76 93 95 22<\/span><\/p>\n<p><span style=\"color: #333399;\"> <\/span><\/p>\n","protected":false},"excerpt":{"rendered":"<p>Proposition de stage:\u00a0\u00bb \u00e9laborer des plats cuisin\u00e9s en produites carn\u00e9s: porc, boeuf et volaille\u00a0\u00bb les 1er et 2 mars de 9h15 \u00e0 17 heures; \u00e0 l&rsquo;AFRAT \u00e0 Autrans Vous souhaitez mettre en place une activit\u00e9 de transformation de viandes, ou&#8230;<\/p>\n","protected":false},"author":2,"featured_media":0,"comment_status":"open","ping_status":"open","sticky":false,"template":"","format":"standard","meta":{"footnotes":""},"categories":[21],"tags":[228],"class_list":["post-26915","post","type-post","status-publish","format-standard","hentry","category-enseignementformation","tag-afrat-autrans"],"yoast_head":"<!-- This site is optimized with the Yoast SEO plugin v27.5 - https:\/\/yoast.com\/product\/yoast-seo-wordpress\/ -->\n<title>Stage \u00e9laborer des plats cuisin\u00e9s en produits carn\u00e9s: porc, b\u0153uf et volaille -<\/title>\n<meta name=\"robots\" content=\"index, follow, max-snippet:-1, max-image-preview:large, max-video-preview:-1\" \/>\n<link rel=\"canonical\" href=\"https:\/\/www.sillon38.com\/blog\/2012\/02\/20\/stage-elaborer-des-plats-cuisines-en-produits-carnes-porc-boeuf-et-volaille\/\" \/>\n<meta property=\"og:locale\" content=\"fr_FR\" \/>\n<meta property=\"og:type\" content=\"article\" \/>\n<meta property=\"og:title\" content=\"Stage \u00e9laborer des plats cuisin\u00e9s en produits carn\u00e9s: porc, b\u0153uf et volaille -\" \/>\n<meta property=\"og:description\" content=\"Proposition de stage:\u00a0\u00bb \u00e9laborer des plats cuisin\u00e9s en produites carn\u00e9s: porc, boeuf et volaille\u00a0\u00bb les 1er et 2 mars de 9h15 \u00e0 17 heures; \u00e0 l&rsquo;AFRAT \u00e0 Autrans Vous souhaitez mettre en place une activit\u00e9 de transformation de viandes, ou...\" \/>\n<meta property=\"og:url\" content=\"https:\/\/www.sillon38.com\/blog\/2012\/02\/20\/stage-elaborer-des-plats-cuisines-en-produits-carnes-porc-boeuf-et-volaille\/\" \/>\n<meta property=\"article:published_time\" content=\"2012-02-20T16:56:20+00:00\" \/>\n<meta name=\"author\" content=\"M Coeur\" \/>\n<meta name=\"twitter:card\" content=\"summary_large_image\" \/>\n<meta name=\"twitter:label1\" content=\"\u00c9crit par\" \/>\n\t<meta name=\"twitter:data1\" content=\"M Coeur\" \/>\n\t<meta name=\"twitter:label2\" content=\"Dur\u00e9e de lecture estim\u00e9e\" \/>\n\t<meta name=\"twitter:data2\" content=\"1 minute\" \/>\n<script type=\"application\/ld+json\" class=\"yoast-schema-graph\">{\"@context\":\"https:\\\/\\\/schema.org\",\"@graph\":[{\"@type\":\"Article\",\"@id\":\"https:\\\/\\\/www.sillon38.com\\\/blog\\\/2012\\\/02\\\/20\\\/stage-elaborer-des-plats-cuisines-en-produits-carnes-porc-boeuf-et-volaille\\\/#article\",\"isPartOf\":{\"@id\":\"https:\\\/\\\/www.sillon38.com\\\/blog\\\/2012\\\/02\\\/20\\\/stage-elaborer-des-plats-cuisines-en-produits-carnes-porc-boeuf-et-volaille\\\/\"},\"author\":{\"name\":\"M Coeur\",\"@id\":\"https:\\\/\\\/www.sillon38.com\\\/blog\\\/#\\\/schema\\\/person\\\/72f06b5f0494d1edc8f4e5bf63651ff1\"},\"headline\":\"Stage \u00e9laborer des plats cuisin\u00e9s en produits carn\u00e9s: porc, b\u0153uf et volaille\",\"datePublished\":\"2012-02-20T16:56:20+00:00\",\"mainEntityOfPage\":{\"@id\":\"https:\\\/\\\/www.sillon38.com\\\/blog\\\/2012\\\/02\\\/20\\\/stage-elaborer-des-plats-cuisines-en-produits-carnes-porc-boeuf-et-volaille\\\/\"},\"wordCount\":180,\"commentCount\":0,\"keywords\":[\"AFRAT AUTRANS\"],\"articleSection\":[\"enseignement-formation\"],\"inLanguage\":\"fr-FR\",\"potentialAction\":[{\"@type\":\"CommentAction\",\"name\":\"Comment\",\"target\":[\"https:\\\/\\\/www.sillon38.com\\\/blog\\\/2012\\\/02\\\/20\\\/stage-elaborer-des-plats-cuisines-en-produits-carnes-porc-boeuf-et-volaille\\\/#respond\"]}]},{\"@type\":\"WebPage\",\"@id\":\"https:\\\/\\\/www.sillon38.com\\\/blog\\\/2012\\\/02\\\/20\\\/stage-elaborer-des-plats-cuisines-en-produits-carnes-porc-boeuf-et-volaille\\\/\",\"url\":\"https:\\\/\\\/www.sillon38.com\\\/blog\\\/2012\\\/02\\\/20\\\/stage-elaborer-des-plats-cuisines-en-produits-carnes-porc-boeuf-et-volaille\\\/\",\"name\":\"Stage \u00e9laborer des plats cuisin\u00e9s en produits carn\u00e9s: porc, b\u0153uf et volaille -\",\"isPartOf\":{\"@id\":\"https:\\\/\\\/www.sillon38.com\\\/blog\\\/#website\"},\"datePublished\":\"2012-02-20T16:56:20+00:00\",\"author\":{\"@id\":\"https:\\\/\\\/www.sillon38.com\\\/blog\\\/#\\\/schema\\\/person\\\/72f06b5f0494d1edc8f4e5bf63651ff1\"},\"breadcrumb\":{\"@id\":\"https:\\\/\\\/www.sillon38.com\\\/blog\\\/2012\\\/02\\\/20\\\/stage-elaborer-des-plats-cuisines-en-produits-carnes-porc-boeuf-et-volaille\\\/#breadcrumb\"},\"inLanguage\":\"fr-FR\",\"potentialAction\":[{\"@type\":\"ReadAction\",\"target\":[\"https:\\\/\\\/www.sillon38.com\\\/blog\\\/2012\\\/02\\\/20\\\/stage-elaborer-des-plats-cuisines-en-produits-carnes-porc-boeuf-et-volaille\\\/\"]}]},{\"@type\":\"BreadcrumbList\",\"@id\":\"https:\\\/\\\/www.sillon38.com\\\/blog\\\/2012\\\/02\\\/20\\\/stage-elaborer-des-plats-cuisines-en-produits-carnes-porc-boeuf-et-volaille\\\/#breadcrumb\",\"itemListElement\":[{\"@type\":\"ListItem\",\"position\":1,\"name\":\"Accueil\",\"item\":\"https:\\\/\\\/www.sillon38.com\\\/blog\\\/\"},{\"@type\":\"ListItem\",\"position\":2,\"name\":\"Stage \u00e9laborer des plats cuisin\u00e9s en produits carn\u00e9s: porc, b\u0153uf et volaille\"}]},{\"@type\":\"WebSite\",\"@id\":\"https:\\\/\\\/www.sillon38.com\\\/blog\\\/#website\",\"url\":\"https:\\\/\\\/www.sillon38.com\\\/blog\\\/\",\"name\":\"\",\"description\":\"Le journal du monde rural\",\"potentialAction\":[{\"@type\":\"SearchAction\",\"target\":{\"@type\":\"EntryPoint\",\"urlTemplate\":\"https:\\\/\\\/www.sillon38.com\\\/blog\\\/?s={search_term_string}\"},\"query-input\":{\"@type\":\"PropertyValueSpecification\",\"valueRequired\":true,\"valueName\":\"search_term_string\"}}],\"inLanguage\":\"fr-FR\"},{\"@type\":\"Person\",\"@id\":\"https:\\\/\\\/www.sillon38.com\\\/blog\\\/#\\\/schema\\\/person\\\/72f06b5f0494d1edc8f4e5bf63651ff1\",\"name\":\"M Coeur\"}]}<\/script>\n<!-- \/ Yoast SEO plugin. -->","yoast_head_json":{"title":"Stage \u00e9laborer des plats cuisin\u00e9s en produits carn\u00e9s: porc, b\u0153uf et volaille -","robots":{"index":"index","follow":"follow","max-snippet":"max-snippet:-1","max-image-preview":"max-image-preview:large","max-video-preview":"max-video-preview:-1"},"canonical":"https:\/\/www.sillon38.com\/blog\/2012\/02\/20\/stage-elaborer-des-plats-cuisines-en-produits-carnes-porc-boeuf-et-volaille\/","og_locale":"fr_FR","og_type":"article","og_title":"Stage \u00e9laborer des plats cuisin\u00e9s en produits carn\u00e9s: porc, b\u0153uf et volaille -","og_description":"Proposition de stage:\u00a0\u00bb \u00e9laborer des plats cuisin\u00e9s en produites carn\u00e9s: porc, boeuf et volaille\u00a0\u00bb les 1er et 2 mars de 9h15 \u00e0 17 heures; \u00e0 l&rsquo;AFRAT \u00e0 Autrans Vous souhaitez mettre en place une activit\u00e9 de transformation de viandes, ou...","og_url":"https:\/\/www.sillon38.com\/blog\/2012\/02\/20\/stage-elaborer-des-plats-cuisines-en-produits-carnes-porc-boeuf-et-volaille\/","article_published_time":"2012-02-20T16:56:20+00:00","author":"M Coeur","twitter_card":"summary_large_image","twitter_misc":{"\u00c9crit par":"M Coeur","Dur\u00e9e de lecture estim\u00e9e":"1 minute"},"schema":{"@context":"https:\/\/schema.org","@graph":[{"@type":"Article","@id":"https:\/\/www.sillon38.com\/blog\/2012\/02\/20\/stage-elaborer-des-plats-cuisines-en-produits-carnes-porc-boeuf-et-volaille\/#article","isPartOf":{"@id":"https:\/\/www.sillon38.com\/blog\/2012\/02\/20\/stage-elaborer-des-plats-cuisines-en-produits-carnes-porc-boeuf-et-volaille\/"},"author":{"name":"M Coeur","@id":"https:\/\/www.sillon38.com\/blog\/#\/schema\/person\/72f06b5f0494d1edc8f4e5bf63651ff1"},"headline":"Stage \u00e9laborer des plats cuisin\u00e9s en produits carn\u00e9s: porc, b\u0153uf et volaille","datePublished":"2012-02-20T16:56:20+00:00","mainEntityOfPage":{"@id":"https:\/\/www.sillon38.com\/blog\/2012\/02\/20\/stage-elaborer-des-plats-cuisines-en-produits-carnes-porc-boeuf-et-volaille\/"},"wordCount":180,"commentCount":0,"keywords":["AFRAT AUTRANS"],"articleSection":["enseignement-formation"],"inLanguage":"fr-FR","potentialAction":[{"@type":"CommentAction","name":"Comment","target":["https:\/\/www.sillon38.com\/blog\/2012\/02\/20\/stage-elaborer-des-plats-cuisines-en-produits-carnes-porc-boeuf-et-volaille\/#respond"]}]},{"@type":"WebPage","@id":"https:\/\/www.sillon38.com\/blog\/2012\/02\/20\/stage-elaborer-des-plats-cuisines-en-produits-carnes-porc-boeuf-et-volaille\/","url":"https:\/\/www.sillon38.com\/blog\/2012\/02\/20\/stage-elaborer-des-plats-cuisines-en-produits-carnes-porc-boeuf-et-volaille\/","name":"Stage \u00e9laborer des plats cuisin\u00e9s en produits carn\u00e9s: porc, b\u0153uf et volaille -","isPartOf":{"@id":"https:\/\/www.sillon38.com\/blog\/#website"},"datePublished":"2012-02-20T16:56:20+00:00","author":{"@id":"https:\/\/www.sillon38.com\/blog\/#\/schema\/person\/72f06b5f0494d1edc8f4e5bf63651ff1"},"breadcrumb":{"@id":"https:\/\/www.sillon38.com\/blog\/2012\/02\/20\/stage-elaborer-des-plats-cuisines-en-produits-carnes-porc-boeuf-et-volaille\/#breadcrumb"},"inLanguage":"fr-FR","potentialAction":[{"@type":"ReadAction","target":["https:\/\/www.sillon38.com\/blog\/2012\/02\/20\/stage-elaborer-des-plats-cuisines-en-produits-carnes-porc-boeuf-et-volaille\/"]}]},{"@type":"BreadcrumbList","@id":"https:\/\/www.sillon38.com\/blog\/2012\/02\/20\/stage-elaborer-des-plats-cuisines-en-produits-carnes-porc-boeuf-et-volaille\/#breadcrumb","itemListElement":[{"@type":"ListItem","position":1,"name":"Accueil","item":"https:\/\/www.sillon38.com\/blog\/"},{"@type":"ListItem","position":2,"name":"Stage \u00e9laborer des plats cuisin\u00e9s en produits carn\u00e9s: porc, b\u0153uf et volaille"}]},{"@type":"WebSite","@id":"https:\/\/www.sillon38.com\/blog\/#website","url":"https:\/\/www.sillon38.com\/blog\/","name":"","description":"Le journal du monde rural","potentialAction":[{"@type":"SearchAction","target":{"@type":"EntryPoint","urlTemplate":"https:\/\/www.sillon38.com\/blog\/?s={search_term_string}"},"query-input":{"@type":"PropertyValueSpecification","valueRequired":true,"valueName":"search_term_string"}}],"inLanguage":"fr-FR"},{"@type":"Person","@id":"https:\/\/www.sillon38.com\/blog\/#\/schema\/person\/72f06b5f0494d1edc8f4e5bf63651ff1","name":"M Coeur"}]}},"_links":{"self":[{"href":"https:\/\/www.sillon38.com\/blog\/wp-json\/wp\/v2\/posts\/26915","targetHints":{"allow":["GET"]}}],"collection":[{"href":"https:\/\/www.sillon38.com\/blog\/wp-json\/wp\/v2\/posts"}],"about":[{"href":"https:\/\/www.sillon38.com\/blog\/wp-json\/wp\/v2\/types\/post"}],"author":[{"embeddable":true,"href":"https:\/\/www.sillon38.com\/blog\/wp-json\/wp\/v2\/users\/2"}],"replies":[{"embeddable":true,"href":"https:\/\/www.sillon38.com\/blog\/wp-json\/wp\/v2\/comments?post=26915"}],"version-history":[{"count":0,"href":"https:\/\/www.sillon38.com\/blog\/wp-json\/wp\/v2\/posts\/26915\/revisions"}],"wp:attachment":[{"href":"https:\/\/www.sillon38.com\/blog\/wp-json\/wp\/v2\/media?parent=26915"}],"wp:term":[{"taxonomy":"category","embeddable":true,"href":"https:\/\/www.sillon38.com\/blog\/wp-json\/wp\/v2\/categories?post=26915"},{"taxonomy":"post_tag","embeddable":true,"href":"https:\/\/www.sillon38.com\/blog\/wp-json\/wp\/v2\/tags?post=26915"}],"curies":[{"name":"wp","href":"https:\/\/api.w.org\/{rel}","templated":true}]}}