{"id":27903,"date":"2012-04-16T12:09:29","date_gmt":"2012-04-16T10:09:29","guid":{"rendered":"http:\/\/staging.sillon38.com\/?p=27903"},"modified":"2012-04-16T12:09:29","modified_gmt":"2012-04-16T10:09:29","slug":"plan-departemental-de-protection-des-forets-contre-lincendie","status":"publish","type":"post","link":"https:\/\/www.sillon38.com\/blog\/2012\/04\/16\/plan-departemental-de-protection-des-forets-contre-lincendie\/","title":{"rendered":"Plan D\u00e9partemental de Protection des For\u00eats contre l\u2019Incendie"},"content":{"rendered":"<div>\n<p><span style=\"color: #008000;\">Le d\u00e9partement de l\u2019Is\u00e8re, suite aux incendies de  for\u00eat de grande ampleur de 2003, a engag\u00e9 une d\u00e9marche visant \u00e0  am\u00e9liorer la protection des for\u00eats contre l\u2019incendie.<br \/>\nPar commande du pr\u00e9fet, il s\u2019est dot\u00e9 d\u2019un <strong>Plan D\u00e9partemental de Protection des For\u00eats contre l\u2019Incendie (PDPFCI)<\/strong>, qui doit durer 7 ans (2012 &#8211; 2018).<\/span><\/p>\n<p><span style=\"color: #008000;\">Ce document a \u00e9t\u00e9 \u00e9labor\u00e9 par la Direction D\u00e9partementale des  Territoires, en collaboration avec le Service D\u00e9partemental d\u2019Incendie  et de Secours, de l\u2019Office National des For\u00eats, du Centre R\u00e9gional de la  Propri\u00e9t\u00e9 Foresti\u00e8re et de M\u00e9t\u00e9o France.<\/span><\/p>\n<p><span style=\"color: #008000;\">Le plan est constitu\u00e9 d\u2019un document de pr\u00e9sentation et d\u2019un document d\u2019orientation, accompagn\u00e9s de documents cartographiques.<\/span><\/p>\n<p><span style=\"color: #008000;\">Valid\u00e9 en comit\u00e9 de pilotage le 19 janvier 2012, il a \u00e9t\u00e9 soumis le 2  mars 2012 \u00e0 l\u2019avis de la Commission Consultative D\u00e9partementale de  S\u00e9curit\u00e9 et Accessibilit\u00e9, qui a donn\u00e9 un avis favorable.<\/span><\/p>\n<p><span style=\"color: #008000;\">Il est actuellement soumis \u00e0 l\u2019avis des collectivit\u00e9s territoriales, pour une dur\u00e9e de deux mois.<\/span><\/p>\n<p><span style=\"color: #008000;\"><strong>Documents \u00e0 t\u00e9l\u00e9charger:<\/strong><\/span><\/p>\n<ul>\n<li> <a title=\"Ouvrir le document PDPFCI rapport et annexes dans une nouvelle fen\u00eatre\" href=\"http:\/\/ddaf.isere.agriculture.gouv.fr\/IMG\/pdf\/PDPFCI_Rapport_et_AnnexesBD_cle0cbec9.pdf\" target=\"_blank\" rel=\"noopener\">PDPFCI rapport et annexes<\/a><\/li>\n<\/ul>\n<ul>\n<li> <a title=\"Ouvrir le document PDPFCI - Cartes Partie 1 dans une nouvelle fen\u00eatre\" href=\"http:\/\/ddaf.isere.agriculture.gouv.fr\/IMG\/pdf\/PDPFCI_Cartes_partie_1_bd_cle016e28.pdf\" target=\"_blank\" rel=\"noopener\">PDPFCI &#8211; Cartes Partie 1<\/a><\/li>\n<li> <a title=\"Ouvrir le document PDPFCI - Cartes Partie 2 dans une nouvelle fen\u00eatre\" href=\"http:\/\/ddaf.isere.agriculture.gouv.fr\/IMG\/pdf\/PDPFCI_Cartes_partie_2__cle8cb648.pdf\" target=\"_blank\" rel=\"noopener\">PDPFCI &#8211; Cartes Partie 2<\/a><\/li>\n<li> <a title=\"Ouvrir le document PDPFCI - Cartes Partie 3 dans une nouvelle fen\u00eatre\" href=\"http:\/\/ddaf.isere.agriculture.gouv.fr\/IMG\/pdf\/PDPFCI_Cartes_partie_3__cle8a4541.pdf\" target=\"_blank\" rel=\"noopener\">PDPFCI &#8211; Cartes Partie 3<\/a><\/li>\n<li> <a title=\"Ouvrir le document PDPFCI - Cartes Partie 4 dans une nouvelle fen\u00eatre\" href=\"http:\/\/ddaf.isere.agriculture.gouv.fr\/IMG\/pdf\/PDPFCI_Cartes_partie_4__cle8b71ac.pdf\" target=\"_blank\" rel=\"noopener\">PDPFCI &#8211; Cartes Partie 4<\/a><\/li>\n<li> <a title=\"Ouvrir le document PDPFCI - Cartes Partie 5 dans une nouvelle fen\u00eatre\" href=\"http:\/\/ddaf.isere.agriculture.gouv.fr\/IMG\/pdf\/PDPFCI_Cartes_partie_5__cle8a4515.pdf\" target=\"_blank\" rel=\"noopener\">PDPFCI &#8211; Cartes Partie 5<\/a><\/li>\n<li> <a title=\"Ouvrir le document PDPFCI - Cartes Partie 6 dans une nouvelle fen\u00eatre\" href=\"http:\/\/ddaf.isere.agriculture.gouv.fr\/IMG\/pdf\/PDPFCI_Cartes_partie_6__cle862312.pdf\" target=\"_blank\" rel=\"noopener\">PDPFCI &#8211; Cartes Partie 6<\/a><\/li>\n<li> <a title=\"Ouvrir le document PDPFCI - Cartes Partie 7 dans une nouvelle fen\u00eatre\" href=\"http:\/\/ddaf.isere.agriculture.gouv.fr\/IMG\/pdf\/PDPFCI_Cartes_partie_7__cle8f7e87.pdf\" target=\"_blank\" rel=\"noopener\">PDPFCI &#8211; Cartes Partie 7<\/a><\/li>\n<\/ul>\n<p><span style=\"color: #008000;\"><strong>Pour d\u00e9couvrir d&rsquo;autres th\u00e8mes concernant la for\u00eat cliquer sur: <\/strong><\/span><\/p>\n<ul>\n<li><a href=\"http:\/\/ddaf.isere.agriculture.gouv.fr\/Le-Plan-Departemental-de\">Le Plan D\u00e9partemental de Protection des For\u00eats contre l\u2019Incendie (PDPFCI)<\/a><\/li>\n<li><a href=\"http:\/\/ddaf.isere.agriculture.gouv.fr\/L-Isere-un-grand-departement\">L\u2019Is\u00e8re, un grand d\u00e9partement forestier<\/a><\/li>\n<li><a href=\"http:\/\/ddaf.isere.agriculture.gouv.fr\/La-gestion-durable-des-espaces\">La gestion durable des espaces bois\u00e9s<\/a><\/li>\n<li><a href=\"http:\/\/ddaf.isere.agriculture.gouv.fr\/La-reglementation-forestiere\">La r\u00e9glementation foresti\u00e8re<\/a><\/li>\n<li><a href=\"http:\/\/ddaf.isere.agriculture.gouv.fr\/La-sante-des-forets\">La sant\u00e9 des for\u00eats<\/a><\/li>\n<li><a href=\"http:\/\/ddaf.isere.agriculture.gouv.fr\/Prevention-des-incendies-de-foret\">Pr\u00e9vention des incendies de for\u00eat\u00a0: l\u2019obligation l\u00e9gale de d\u00e9broussaillement<\/a><\/li>\n<li><a href=\"http:\/\/ddaf.isere.agriculture.gouv.fr\/L-exploitation-forestiere-et-la\">L\u2019exploitation foresti\u00e8re et la transformation du bois<\/a><\/li>\n<li><a href=\"http:\/\/ddaf.isere.agriculture.gouv.fr\/Les-aides-publiques-pour-la-foret\">Les aides publiques pour la for\u00eat<\/a><\/li>\n<li><a href=\"http:\/\/ddaf.isere.agriculture.gouv.fr\/Entrepreneurs-de-travaux\">Entrepreneurs de travaux forestiers en Is\u00e8re<\/a><\/li>\n<li><a href=\"http:\/\/ddaf.isere.agriculture.gouv.fr\/Reglementation-du-brulage-des\">R\u00e9glementation du br\u00fblage des d\u00e9chets v\u00e9g\u00e9taux<\/a><\/li>\n<li><a href=\"http:\/\/ddaf.isere.agriculture.gouv.fr\/Mesures-de-prevention-contre-les\">Mesures de pr\u00e9vention contre les incendies<\/a><\/li>\n<\/ul>\n<p><em>Documents DDT Is\u00e8re<\/em><\/div>\n","protected":false},"excerpt":{"rendered":"<p>Le d\u00e9partement de l\u2019Is\u00e8re, suite aux incendies de for\u00eat de grande ampleur de 2003, a engag\u00e9 une d\u00e9marche visant \u00e0 am\u00e9liorer la protection des for\u00eats contre l\u2019incendie. Il s&rsquo;agit du Plan D\u00e9partemental de Protection des For\u00eats contre l\u2019Incendie<\/p>\n","protected":false},"author":2,"featured_media":0,"comment_status":"open","ping_status":"open","sticky":false,"template":"","format":"standard","meta":{"footnotes":""},"categories":[28],"tags":[1747,2994,4335],"class_list":["post-27903","post","type-post","status-publish","format-standard","hentry","category-foret","tag-ddt-isere","tag-isere","tag-plan-departemental-de-protection-des-forets-contre-lincendie"],"yoast_head":"<!-- This site is optimized with the Yoast SEO plugin v27.5 - https:\/\/yoast.com\/product\/yoast-seo-wordpress\/ -->\n<title>Plan D\u00e9partemental de Protection des For\u00eats contre l\u2019Incendie -<\/title>\n<meta name=\"robots\" content=\"index, follow, max-snippet:-1, max-image-preview:large, max-video-preview:-1\" \/>\n<link rel=\"canonical\" href=\"https:\/\/www.sillon38.com\/blog\/2012\/04\/16\/plan-departemental-de-protection-des-forets-contre-lincendie\/\" \/>\n<meta property=\"og:locale\" content=\"fr_FR\" \/>\n<meta property=\"og:type\" content=\"article\" \/>\n<meta property=\"og:title\" content=\"Plan D\u00e9partemental de Protection des For\u00eats contre l\u2019Incendie -\" \/>\n<meta property=\"og:description\" content=\"Le d\u00e9partement de l\u2019Is\u00e8re, suite aux incendies de for\u00eat de grande ampleur de 2003, a engag\u00e9 une d\u00e9marche visant \u00e0 am\u00e9liorer la protection des for\u00eats contre l\u2019incendie. Il s&#039;agit du Plan D\u00e9partemental de Protection des For\u00eats contre l\u2019Incendie\" \/>\n<meta property=\"og:url\" content=\"https:\/\/www.sillon38.com\/blog\/2012\/04\/16\/plan-departemental-de-protection-des-forets-contre-lincendie\/\" \/>\n<meta property=\"article:published_time\" content=\"2012-04-16T10:09:29+00:00\" \/>\n<meta name=\"author\" content=\"M Coeur\" \/>\n<meta name=\"twitter:card\" content=\"summary_large_image\" \/>\n<meta name=\"twitter:label1\" content=\"\u00c9crit par\" \/>\n\t<meta name=\"twitter:data1\" content=\"M Coeur\" \/>\n\t<meta name=\"twitter:label2\" content=\"Dur\u00e9e de lecture estim\u00e9e\" \/>\n\t<meta name=\"twitter:data2\" content=\"2 minutes\" \/>\n<script type=\"application\/ld+json\" class=\"yoast-schema-graph\">{\"@context\":\"https:\\\/\\\/schema.org\",\"@graph\":[{\"@type\":\"Article\",\"@id\":\"https:\\\/\\\/www.sillon38.com\\\/blog\\\/2012\\\/04\\\/16\\\/plan-departemental-de-protection-des-forets-contre-lincendie\\\/#article\",\"isPartOf\":{\"@id\":\"https:\\\/\\\/www.sillon38.com\\\/blog\\\/2012\\\/04\\\/16\\\/plan-departemental-de-protection-des-forets-contre-lincendie\\\/\"},\"author\":{\"name\":\"M Coeur\",\"@id\":\"https:\\\/\\\/www.sillon38.com\\\/blog\\\/#\\\/schema\\\/person\\\/72f06b5f0494d1edc8f4e5bf63651ff1\"},\"headline\":\"Plan D\u00e9partemental de Protection des For\u00eats contre l\u2019Incendie\",\"datePublished\":\"2012-04-16T10:09:29+00:00\",\"mainEntityOfPage\":{\"@id\":\"https:\\\/\\\/www.sillon38.com\\\/blog\\\/2012\\\/04\\\/16\\\/plan-departemental-de-protection-des-forets-contre-lincendie\\\/\"},\"wordCount\":335,\"commentCount\":0,\"keywords\":[\"DDT Is\u00e8re\",\"Is\u00e8re\",\"Plan D\u00e9partemental de Protection des For\u00eats contre l\u2019Incendie\"],\"articleSection\":[\"for\u00eat\"],\"inLanguage\":\"fr-FR\",\"potentialAction\":[{\"@type\":\"CommentAction\",\"name\":\"Comment\",\"target\":[\"https:\\\/\\\/www.sillon38.com\\\/blog\\\/2012\\\/04\\\/16\\\/plan-departemental-de-protection-des-forets-contre-lincendie\\\/#respond\"]}]},{\"@type\":\"WebPage\",\"@id\":\"https:\\\/\\\/www.sillon38.com\\\/blog\\\/2012\\\/04\\\/16\\\/plan-departemental-de-protection-des-forets-contre-lincendie\\\/\",\"url\":\"https:\\\/\\\/www.sillon38.com\\\/blog\\\/2012\\\/04\\\/16\\\/plan-departemental-de-protection-des-forets-contre-lincendie\\\/\",\"name\":\"Plan D\u00e9partemental de Protection des For\u00eats contre l\u2019Incendie -\",\"isPartOf\":{\"@id\":\"https:\\\/\\\/www.sillon38.com\\\/blog\\\/#website\"},\"datePublished\":\"2012-04-16T10:09:29+00:00\",\"author\":{\"@id\":\"https:\\\/\\\/www.sillon38.com\\\/blog\\\/#\\\/schema\\\/person\\\/72f06b5f0494d1edc8f4e5bf63651ff1\"},\"breadcrumb\":{\"@id\":\"https:\\\/\\\/www.sillon38.com\\\/blog\\\/2012\\\/04\\\/16\\\/plan-departemental-de-protection-des-forets-contre-lincendie\\\/#breadcrumb\"},\"inLanguage\":\"fr-FR\",\"potentialAction\":[{\"@type\":\"ReadAction\",\"target\":[\"https:\\\/\\\/www.sillon38.com\\\/blog\\\/2012\\\/04\\\/16\\\/plan-departemental-de-protection-des-forets-contre-lincendie\\\/\"]}]},{\"@type\":\"BreadcrumbList\",\"@id\":\"https:\\\/\\\/www.sillon38.com\\\/blog\\\/2012\\\/04\\\/16\\\/plan-departemental-de-protection-des-forets-contre-lincendie\\\/#breadcrumb\",\"itemListElement\":[{\"@type\":\"ListItem\",\"position\":1,\"name\":\"Accueil\",\"item\":\"https:\\\/\\\/www.sillon38.com\\\/blog\\\/\"},{\"@type\":\"ListItem\",\"position\":2,\"name\":\"Plan D\u00e9partemental de Protection des For\u00eats contre l\u2019Incendie\"}]},{\"@type\":\"WebSite\",\"@id\":\"https:\\\/\\\/www.sillon38.com\\\/blog\\\/#website\",\"url\":\"https:\\\/\\\/www.sillon38.com\\\/blog\\\/\",\"name\":\"\",\"description\":\"Le journal du monde rural\",\"potentialAction\":[{\"@type\":\"SearchAction\",\"target\":{\"@type\":\"EntryPoint\",\"urlTemplate\":\"https:\\\/\\\/www.sillon38.com\\\/blog\\\/?s={search_term_string}\"},\"query-input\":{\"@type\":\"PropertyValueSpecification\",\"valueRequired\":true,\"valueName\":\"search_term_string\"}}],\"inLanguage\":\"fr-FR\"},{\"@type\":\"Person\",\"@id\":\"https:\\\/\\\/www.sillon38.com\\\/blog\\\/#\\\/schema\\\/person\\\/72f06b5f0494d1edc8f4e5bf63651ff1\",\"name\":\"M Coeur\"}]}<\/script>\n<!-- \/ Yoast SEO plugin. -->","yoast_head_json":{"title":"Plan D\u00e9partemental de Protection des For\u00eats contre l\u2019Incendie -","robots":{"index":"index","follow":"follow","max-snippet":"max-snippet:-1","max-image-preview":"max-image-preview:large","max-video-preview":"max-video-preview:-1"},"canonical":"https:\/\/www.sillon38.com\/blog\/2012\/04\/16\/plan-departemental-de-protection-des-forets-contre-lincendie\/","og_locale":"fr_FR","og_type":"article","og_title":"Plan D\u00e9partemental de Protection des For\u00eats contre l\u2019Incendie -","og_description":"Le d\u00e9partement de l\u2019Is\u00e8re, suite aux incendies de for\u00eat de grande ampleur de 2003, a engag\u00e9 une d\u00e9marche visant \u00e0 am\u00e9liorer la protection des for\u00eats contre l\u2019incendie. Il s'agit du Plan D\u00e9partemental de Protection des For\u00eats contre l\u2019Incendie","og_url":"https:\/\/www.sillon38.com\/blog\/2012\/04\/16\/plan-departemental-de-protection-des-forets-contre-lincendie\/","article_published_time":"2012-04-16T10:09:29+00:00","author":"M Coeur","twitter_card":"summary_large_image","twitter_misc":{"\u00c9crit par":"M Coeur","Dur\u00e9e de lecture estim\u00e9e":"2 minutes"},"schema":{"@context":"https:\/\/schema.org","@graph":[{"@type":"Article","@id":"https:\/\/www.sillon38.com\/blog\/2012\/04\/16\/plan-departemental-de-protection-des-forets-contre-lincendie\/#article","isPartOf":{"@id":"https:\/\/www.sillon38.com\/blog\/2012\/04\/16\/plan-departemental-de-protection-des-forets-contre-lincendie\/"},"author":{"name":"M Coeur","@id":"https:\/\/www.sillon38.com\/blog\/#\/schema\/person\/72f06b5f0494d1edc8f4e5bf63651ff1"},"headline":"Plan D\u00e9partemental de Protection des For\u00eats contre l\u2019Incendie","datePublished":"2012-04-16T10:09:29+00:00","mainEntityOfPage":{"@id":"https:\/\/www.sillon38.com\/blog\/2012\/04\/16\/plan-departemental-de-protection-des-forets-contre-lincendie\/"},"wordCount":335,"commentCount":0,"keywords":["DDT Is\u00e8re","Is\u00e8re","Plan D\u00e9partemental de Protection des For\u00eats contre l\u2019Incendie"],"articleSection":["for\u00eat"],"inLanguage":"fr-FR","potentialAction":[{"@type":"CommentAction","name":"Comment","target":["https:\/\/www.sillon38.com\/blog\/2012\/04\/16\/plan-departemental-de-protection-des-forets-contre-lincendie\/#respond"]}]},{"@type":"WebPage","@id":"https:\/\/www.sillon38.com\/blog\/2012\/04\/16\/plan-departemental-de-protection-des-forets-contre-lincendie\/","url":"https:\/\/www.sillon38.com\/blog\/2012\/04\/16\/plan-departemental-de-protection-des-forets-contre-lincendie\/","name":"Plan D\u00e9partemental de Protection des For\u00eats contre l\u2019Incendie -","isPartOf":{"@id":"https:\/\/www.sillon38.com\/blog\/#website"},"datePublished":"2012-04-16T10:09:29+00:00","author":{"@id":"https:\/\/www.sillon38.com\/blog\/#\/schema\/person\/72f06b5f0494d1edc8f4e5bf63651ff1"},"breadcrumb":{"@id":"https:\/\/www.sillon38.com\/blog\/2012\/04\/16\/plan-departemental-de-protection-des-forets-contre-lincendie\/#breadcrumb"},"inLanguage":"fr-FR","potentialAction":[{"@type":"ReadAction","target":["https:\/\/www.sillon38.com\/blog\/2012\/04\/16\/plan-departemental-de-protection-des-forets-contre-lincendie\/"]}]},{"@type":"BreadcrumbList","@id":"https:\/\/www.sillon38.com\/blog\/2012\/04\/16\/plan-departemental-de-protection-des-forets-contre-lincendie\/#breadcrumb","itemListElement":[{"@type":"ListItem","position":1,"name":"Accueil","item":"https:\/\/www.sillon38.com\/blog\/"},{"@type":"ListItem","position":2,"name":"Plan D\u00e9partemental de Protection des For\u00eats contre l\u2019Incendie"}]},{"@type":"WebSite","@id":"https:\/\/www.sillon38.com\/blog\/#website","url":"https:\/\/www.sillon38.com\/blog\/","name":"","description":"Le journal du monde rural","potentialAction":[{"@type":"SearchAction","target":{"@type":"EntryPoint","urlTemplate":"https:\/\/www.sillon38.com\/blog\/?s={search_term_string}"},"query-input":{"@type":"PropertyValueSpecification","valueRequired":true,"valueName":"search_term_string"}}],"inLanguage":"fr-FR"},{"@type":"Person","@id":"https:\/\/www.sillon38.com\/blog\/#\/schema\/person\/72f06b5f0494d1edc8f4e5bf63651ff1","name":"M Coeur"}]}},"_links":{"self":[{"href":"https:\/\/www.sillon38.com\/blog\/wp-json\/wp\/v2\/posts\/27903","targetHints":{"allow":["GET"]}}],"collection":[{"href":"https:\/\/www.sillon38.com\/blog\/wp-json\/wp\/v2\/posts"}],"about":[{"href":"https:\/\/www.sillon38.com\/blog\/wp-json\/wp\/v2\/types\/post"}],"author":[{"embeddable":true,"href":"https:\/\/www.sillon38.com\/blog\/wp-json\/wp\/v2\/users\/2"}],"replies":[{"embeddable":true,"href":"https:\/\/www.sillon38.com\/blog\/wp-json\/wp\/v2\/comments?post=27903"}],"version-history":[{"count":0,"href":"https:\/\/www.sillon38.com\/blog\/wp-json\/wp\/v2\/posts\/27903\/revisions"}],"wp:attachment":[{"href":"https:\/\/www.sillon38.com\/blog\/wp-json\/wp\/v2\/media?parent=27903"}],"wp:term":[{"taxonomy":"category","embeddable":true,"href":"https:\/\/www.sillon38.com\/blog\/wp-json\/wp\/v2\/categories?post=27903"},{"taxonomy":"post_tag","embeddable":true,"href":"https:\/\/www.sillon38.com\/blog\/wp-json\/wp\/v2\/tags?post=27903"}],"curies":[{"name":"wp","href":"https:\/\/api.w.org\/{rel}","templated":true}]}}