{"id":32506,"date":"2012-11-11T19:32:28","date_gmt":"2012-11-11T17:32:28","guid":{"rendered":"http:\/\/staging.sillon38.com\/?p=32506"},"modified":"2012-11-11T19:32:28","modified_gmt":"2012-11-11T17:32:28","slug":"foire-de-la-st-martin-stand-carrefour-tres-anime","status":"publish","type":"post","link":"https:\/\/www.sillon38.com\/blog\/2012\/11\/11\/foire-de-la-st-martin-stand-carrefour-tres-anime\/","title":{"rendered":"Foire de la St Martin: Stand Carrefour tr\u00e8s anim\u00e9!"},"content":{"rendered":"<p><strong><span style=\"color: #000080;\">C&rsquo;\u00e9tait une premi\u00e8re, Carrefour Voiron, groupe Provencia, a particip\u00e9 activement \u00e0 la St Martin avec la tenue d&rsquo;un stand en commun avec les g\u00eetes de France Is\u00e8re et L&rsquo;association Terre d&rsquo;ici.<\/span><\/strong><\/p>\n<p><span style=\"color: #000080;\">La foire de la St martin \u00e0 Voiron est un rendrez vous incontournable pour le monde agricole. L&rsquo;espace r\u00e9serv\u00e9 \u00e0 l&rsquo;agriculture \u00e9tant tr\u00e8s pris\u00e9, anim\u00e9&#8230;.<\/span><\/p>\n<blockquote><p><span style=\"color: #000080;\">Cette ann\u00e9e l&rsquo;ensemble des visiteurs a remarqu\u00e9 la pr\u00e9sence d&rsquo;un nouveau stand tenu conjointement par le groupe Provencia, \u00e0 travers\u00a0 l&rsquo;hyper Carrefour Voiron, les g\u00eetes de France Is\u00e8re, l&rsquo;association des producteurs Terre d&rsquo;ici et sillon38.com.<br \/>\n<\/span><\/p><\/blockquote>\n<p><strong><span style=\"color: #000080;\">Stand qui peut para\u00eetre atypique et pourtant&#8230;<\/span><\/strong><\/p>\n<p><span style=\"color: #000080;\">Le groupe Provencia qui regroupe 35 magasins a toujours mis en avant les produits r\u00e9gionaux, les produits locaux&#8230; C&rsquo;est le cas de Carrefour Voiron, qui a sur ses \u00e9tals des produits nouvellement r\u00e9f\u00e9renc\u00e9s dont le Bleu du Vercors Sassenage, les vins de Savoie de chez Cartier ( chapareillan) les fromages du Gaec du Plantimay ( St Joseph de Rivi\u00e8re) les ravioles des grands Goulets&#8230; et bient\u00f4t d&rsquo;autres produits dont ceux \u00e0 base de noix de Grenoble&#8230;<\/span><\/p>\n<p><span style=\"color: #000080;\">Afin de montrer sa d\u00e9termination \u00e0 mettre en valeur les produits locaux et sa volont\u00e9 de ficeler des partenariats \u00a0\u00bb costauds\u00a0\u00bb avec les producteurs le groupe a organis\u00e9 une op\u00e9ration promotionnelle \u00e0 la foire de Beaucroissant. Afin de poursuivre dans cette d\u00e9marche il a tenu un stand en commun avec l&rsquo;association Terre d&rsquo;ici. Celle ci regroupe les producteurs du pays voironnais. <\/span><\/p>\n<p><span style=\"color: #000080;\">Partageaient \u00e9galement le stand la f\u00e9d\u00e9ration des g\u00eetes de France Is\u00e8re qui a \u00e9galement offert deux week-ends \u00e0 travers un jeu organis\u00e9 par France bleu Is\u00e8re. sillon38, partenaire du groupe Provencia, des g\u00eetes de France Is\u00e8re, des jeunes agriculteurs et des agriculteurs du pays voironnais ne pouvait qu&rsquo;\u00eatre pr\u00e9sent \u00e9galement&#8230;<\/span><\/p>\n<blockquote><p><span style=\"color: #000080;\">Les milliers de visiteurs ont donc pu d\u00e9guster les\u00a0 trois AOC de l&rsquo;Is\u00e8re: Bleu du Vercors Sassenage, noix de Grenoble et vins de Savoie mais aussi le lait cru de Paladru, le veau des fr\u00e8res Drevon&#8230; mais aussi partager un moment dans une ambiance tr\u00e8s conviviale.<\/span><\/p><\/blockquote>\n<p><span style=\"color: #000080;\">Inutile de dire que le stand a connu durant les deux jours de foire une tr\u00e8s forte animation, et les discussions all\u00e8rent bon train. <\/span><\/p>\n<p><span style=\"color: #000080;\">Alain Galliot directeur de Carrefour Voiron expliquant avec passion et sans rel\u00e2che la politique que m\u00e8ne le groupe Provencia vis \u00e0 vis des produits locaux. Thierry blanchet pr\u00e9sident de Terre d&rsquo;ici expliquant pour sa part que des relations saines, constructives&#8230; doivent se mettre en place entre les producteurs et la grande distribution. Le leitmotiv \u00e9tant \u00a0\u00bb on a un besoin r\u00e9ciproque des uns et des autres.\u00a0\u00bb<\/span><\/p>\n<p><span style=\"color: #000080;\">Apr\u00e8s deux jours de foire on peut dire que cette op\u00e9ration de communication et de rapprochement est couronn\u00e9e de succ\u00e8s&#8230;.et quelle doit se poursuivre, se p\u00e9renniser&#8230;.<br \/>\n<\/span><\/p>\n<p><span style=\"color: #000080;\">Au fil des heures, outre les \u00e9lus de la commune de Voiron, regroup\u00e9s autour du maire Roland Revil, et les \u00e9lus de la communaut\u00e9 de commune du pays Voironnais, le stand a accueilli Mich\u00e8le Bonneton, d\u00e9put\u00e9, Robert Veyret conseiller g\u00e9n\u00e9ral, G\u00e9rard Seigle Vatte pr\u00e9sident et Ren\u00e9 Jacquin vice pr\u00e9sident de la chambre d&rsquo;agriculture de l&rsquo;Is\u00e8re, l&rsquo;\u00e9quipe de France bleu Is\u00e8re avec \u00e0 sa t\u00eate Pierre Monaton, animateur et responsable des partenariats, Alain Merlin directeur de la f\u00e9d\u00e9ration d\u00e9partementale des maisons familiales rurales de l&rsquo;Is\u00e8re&#8230;. et une foule de clients de Carrefour, amis, agriculteurs&#8230;.<\/span><\/p>\n<p><em><strong><span style=\"color: #000080;\">Voici en quelques illustrations l&rsquo;ambiance qui animait le stand.<\/span><\/strong><\/em><\/p>\n<p><em><strong><span style=\"color: #000080;\"><img loading=\"lazy\" decoding=\"async\" class=\"aligncenter size-full wp-image-32507\" title=\"prov 1\" src=\"http:\/\/staging.sillon38.com\/wp-content\/uploads\/2012\/11\/prov-1-1.jpg\" alt=\"prov 1\" width=\"595\" height=\"290\" srcset=\"https:\/\/www.sillon38.com\/blog\/wp-content\/uploads\/2012\/11\/prov-1-1.jpg 595w, https:\/\/www.sillon38.com\/blog\/wp-content\/uploads\/2012\/11\/prov-1-1-300x146.jpg 300w\" sizes=\"auto, (max-width: 595px) 100vw, 595px\" \/><img loading=\"lazy\" decoding=\"async\" class=\"aligncenter size-full wp-image-32508\" title=\"prov 2\" src=\"http:\/\/staging.sillon38.com\/wp-content\/uploads\/2012\/11\/prov-2-1.jpg\" alt=\"prov 2\" width=\"595\" height=\"399\" srcset=\"https:\/\/www.sillon38.com\/blog\/wp-content\/uploads\/2012\/11\/prov-2-1.jpg 595w, https:\/\/www.sillon38.com\/blog\/wp-content\/uploads\/2012\/11\/prov-2-1-300x201.jpg 300w\" sizes=\"auto, (max-width: 595px) 100vw, 595px\" \/><img loading=\"lazy\" decoding=\"async\" class=\"aligncenter size-full wp-image-32509\" title=\"prov 3\" src=\"http:\/\/staging.sillon38.com\/wp-content\/uploads\/2012\/11\/prov-3-1.jpg\" alt=\"prov 3\" width=\"595\" height=\"513\" srcset=\"https:\/\/www.sillon38.com\/blog\/wp-content\/uploads\/2012\/11\/prov-3-1.jpg 595w, https:\/\/www.sillon38.com\/blog\/wp-content\/uploads\/2012\/11\/prov-3-1-300x259.jpg 300w\" sizes=\"auto, (max-width: 595px) 100vw, 595px\" \/><img loading=\"lazy\" decoding=\"async\" class=\"aligncenter size-full wp-image-32510\" title=\"prov 4\" src=\"http:\/\/staging.sillon38.com\/wp-content\/uploads\/2012\/11\/prov-4-1.jpg\" alt=\"prov 4\" width=\"595\" height=\"415\" srcset=\"https:\/\/www.sillon38.com\/blog\/wp-content\/uploads\/2012\/11\/prov-4-1.jpg 595w, https:\/\/www.sillon38.com\/blog\/wp-content\/uploads\/2012\/11\/prov-4-1-300x209.jpg 300w\" sizes=\"auto, (max-width: 595px) 100vw, 595px\" \/><img loading=\"lazy\" decoding=\"async\" class=\"aligncenter size-full wp-image-32511\" title=\"prov 5\" src=\"http:\/\/staging.sillon38.com\/wp-content\/uploads\/2012\/11\/prov-5-1.jpg\" alt=\"prov 5\" width=\"595\" height=\"379\" srcset=\"https:\/\/www.sillon38.com\/blog\/wp-content\/uploads\/2012\/11\/prov-5-1.jpg 595w, https:\/\/www.sillon38.com\/blog\/wp-content\/uploads\/2012\/11\/prov-5-1-300x191.jpg 300w\" sizes=\"auto, (max-width: 595px) 100vw, 595px\" \/><img loading=\"lazy\" decoding=\"async\" class=\"aligncenter size-full wp-image-32512\" title=\"prov 6\" src=\"http:\/\/staging.sillon38.com\/wp-content\/uploads\/2012\/11\/prov-6-1.jpg\" alt=\"prov 6\" width=\"595\" height=\"417\" srcset=\"https:\/\/www.sillon38.com\/blog\/wp-content\/uploads\/2012\/11\/prov-6-1.jpg 595w, https:\/\/www.sillon38.com\/blog\/wp-content\/uploads\/2012\/11\/prov-6-1-300x210.jpg 300w\" sizes=\"auto, (max-width: 595px) 100vw, 595px\" \/><img loading=\"lazy\" decoding=\"async\" class=\"aligncenter size-full wp-image-32513\" title=\"prov 7\" src=\"http:\/\/staging.sillon38.com\/wp-content\/uploads\/2012\/11\/prov-7-1.jpg\" alt=\"prov 7\" width=\"595\" height=\"446\" srcset=\"https:\/\/www.sillon38.com\/blog\/wp-content\/uploads\/2012\/11\/prov-7-1.jpg 595w, https:\/\/www.sillon38.com\/blog\/wp-content\/uploads\/2012\/11\/prov-7-1-300x225.jpg 300w\" sizes=\"auto, (max-width: 595px) 100vw, 595px\" \/><img loading=\"lazy\" decoding=\"async\" class=\"aligncenter size-full wp-image-32514\" title=\"prov 8\" src=\"http:\/\/staging.sillon38.com\/wp-content\/uploads\/2012\/11\/prov-8-1.jpg\" alt=\"prov 8\" width=\"595\" height=\"446\" srcset=\"https:\/\/www.sillon38.com\/blog\/wp-content\/uploads\/2012\/11\/prov-8-1.jpg 595w, https:\/\/www.sillon38.com\/blog\/wp-content\/uploads\/2012\/11\/prov-8-1-300x225.jpg 300w\" sizes=\"auto, (max-width: 595px) 100vw, 595px\" \/><img loading=\"lazy\" decoding=\"async\" class=\"aligncenter size-full wp-image-32515\" title=\"prov 10\" src=\"http:\/\/staging.sillon38.com\/wp-content\/uploads\/2012\/11\/prov-10-1.jpg\" alt=\"prov 10\" width=\"595\" height=\"413\" srcset=\"https:\/\/www.sillon38.com\/blog\/wp-content\/uploads\/2012\/11\/prov-10-1.jpg 595w, https:\/\/www.sillon38.com\/blog\/wp-content\/uploads\/2012\/11\/prov-10-1-300x208.jpg 300w\" sizes=\"auto, (max-width: 595px) 100vw, 595px\" \/><img loading=\"lazy\" decoding=\"async\" class=\"aligncenter size-full wp-image-32516\" title=\"prov 11\" src=\"http:\/\/staging.sillon38.com\/wp-content\/uploads\/2012\/11\/prov-11-1.jpg\" alt=\"prov 11\" width=\"595\" height=\"416\" srcset=\"https:\/\/www.sillon38.com\/blog\/wp-content\/uploads\/2012\/11\/prov-11-1.jpg 595w, https:\/\/www.sillon38.com\/blog\/wp-content\/uploads\/2012\/11\/prov-11-1-300x210.jpg 300w\" sizes=\"auto, (max-width: 595px) 100vw, 595px\" \/><img loading=\"lazy\" decoding=\"async\" class=\"aligncenter size-full wp-image-32517\" title=\"prov 12\" src=\"http:\/\/staging.sillon38.com\/wp-content\/uploads\/2012\/11\/prov-12-1.jpg\" alt=\"prov 12\" width=\"595\" height=\"446\" srcset=\"https:\/\/www.sillon38.com\/blog\/wp-content\/uploads\/2012\/11\/prov-12-1.jpg 595w, https:\/\/www.sillon38.com\/blog\/wp-content\/uploads\/2012\/11\/prov-12-1-300x225.jpg 300w\" sizes=\"auto, (max-width: 595px) 100vw, 595px\" \/><img loading=\"lazy\" decoding=\"async\" class=\"aligncenter size-full wp-image-32518\" title=\"prov 13\" src=\"http:\/\/staging.sillon38.com\/wp-content\/uploads\/2012\/11\/prov-13-1.jpg\" alt=\"prov 13\" width=\"595\" height=\"481\" srcset=\"https:\/\/www.sillon38.com\/blog\/wp-content\/uploads\/2012\/11\/prov-13-1.jpg 595w, https:\/\/www.sillon38.com\/blog\/wp-content\/uploads\/2012\/11\/prov-13-1-300x243.jpg 300w\" sizes=\"auto, (max-width: 595px) 100vw, 595px\" \/><img loading=\"lazy\" decoding=\"async\" class=\"aligncenter size-full wp-image-32519\" title=\"prov10\" src=\"http:\/\/staging.sillon38.com\/wp-content\/uploads\/2012\/11\/prov10-1.jpg\" alt=\"prov10\" width=\"595\" height=\"427\" srcset=\"https:\/\/www.sillon38.com\/blog\/wp-content\/uploads\/2012\/11\/prov10-1.jpg 595w, https:\/\/www.sillon38.com\/blog\/wp-content\/uploads\/2012\/11\/prov10-1-300x215.jpg 300w\" sizes=\"auto, (max-width: 595px) 100vw, 595px\" \/><br \/>\n<\/span><\/strong><\/em><\/p>\n","protected":false},"excerpt":{"rendered":"<p>C&rsquo;\u00e9tait une premi\u00e8re, Carrefour Voiron, groupe Provencia, a particip\u00e9 activement \u00e0 la St Martin avec la tenue d&rsquo;un stand en commun avec les g\u00eetes de France Is\u00e8re et L&rsquo;association Terre d&rsquo;ici.<\/p>\n","protected":false},"author":2,"featured_media":0,"comment_status":"open","ping_status":"open","sticky":false,"template":"","format":"standard","meta":{"footnotes":""},"categories":[26],"tags":[333,987,2485,2551,2680,4303,4557],"class_list":["post-32506","post","type-post","status-publish","format-standard","hentry","category-foires-et-fetes","tag-alain-galliot","tag-carrefour-voiron","tag-foire-st-martin-voiron","tag-france-bleu-isere","tag-gerard-seigle-vatte","tag-pierre-monaton","tag-provencia"],"yoast_head":"<!-- This site is optimized with the Yoast SEO plugin v27.5 - https:\/\/yoast.com\/product\/yoast-seo-wordpress\/ -->\n<title>Foire de la St Martin: Stand Carrefour tr\u00e8s anim\u00e9! -<\/title>\n<meta name=\"robots\" content=\"index, follow, max-snippet:-1, max-image-preview:large, max-video-preview:-1\" \/>\n<link rel=\"canonical\" href=\"https:\/\/www.sillon38.com\/blog\/2012\/11\/11\/foire-de-la-st-martin-stand-carrefour-tres-anime\/\" \/>\n<meta property=\"og:locale\" content=\"fr_FR\" \/>\n<meta property=\"og:type\" content=\"article\" \/>\n<meta property=\"og:title\" content=\"Foire de la St Martin: Stand Carrefour tr\u00e8s anim\u00e9! -\" \/>\n<meta property=\"og:description\" content=\"C&#039;\u00e9tait une premi\u00e8re, Carrefour Voiron, groupe Provencia, a particip\u00e9 activement \u00e0 la St Martin avec la tenue d&#039;un stand en commun avec les g\u00eetes de France Is\u00e8re et L&#039;association Terre d&#039;ici.\" \/>\n<meta property=\"og:url\" content=\"https:\/\/www.sillon38.com\/blog\/2012\/11\/11\/foire-de-la-st-martin-stand-carrefour-tres-anime\/\" \/>\n<meta property=\"article:published_time\" content=\"2012-11-11T17:32:28+00:00\" \/>\n<meta property=\"og:image\" content=\"http:\/\/staging.sillon38.com\/wp-content\/uploads\/2012\/11\/prov-1-1.jpg\" \/>\n<meta name=\"author\" content=\"M Coeur\" \/>\n<meta name=\"twitter:card\" content=\"summary_large_image\" \/>\n<meta name=\"twitter:label1\" content=\"\u00c9crit par\" \/>\n\t<meta name=\"twitter:data1\" content=\"M Coeur\" \/>\n\t<meta name=\"twitter:label2\" content=\"Dur\u00e9e de lecture estim\u00e9e\" \/>\n\t<meta name=\"twitter:data2\" content=\"3 minutes\" \/>\n<script type=\"application\/ld+json\" class=\"yoast-schema-graph\">{\"@context\":\"https:\\\/\\\/schema.org\",\"@graph\":[{\"@type\":\"Article\",\"@id\":\"https:\\\/\\\/www.sillon38.com\\\/blog\\\/2012\\\/11\\\/11\\\/foire-de-la-st-martin-stand-carrefour-tres-anime\\\/#article\",\"isPartOf\":{\"@id\":\"https:\\\/\\\/www.sillon38.com\\\/blog\\\/2012\\\/11\\\/11\\\/foire-de-la-st-martin-stand-carrefour-tres-anime\\\/\"},\"author\":{\"name\":\"M Coeur\",\"@id\":\"https:\\\/\\\/www.sillon38.com\\\/blog\\\/#\\\/schema\\\/person\\\/72f06b5f0494d1edc8f4e5bf63651ff1\"},\"headline\":\"Foire de la St Martin: Stand Carrefour tr\u00e8s anim\u00e9!\",\"datePublished\":\"2012-11-11T17:32:28+00:00\",\"mainEntityOfPage\":{\"@id\":\"https:\\\/\\\/www.sillon38.com\\\/blog\\\/2012\\\/11\\\/11\\\/foire-de-la-st-martin-stand-carrefour-tres-anime\\\/\"},\"wordCount\":626,\"commentCount\":0,\"image\":{\"@id\":\"https:\\\/\\\/www.sillon38.com\\\/blog\\\/2012\\\/11\\\/11\\\/foire-de-la-st-martin-stand-carrefour-tres-anime\\\/#primaryimage\"},\"thumbnailUrl\":\"http:\\\/\\\/staging.sillon38.com\\\/wp-content\\\/uploads\\\/2012\\\/11\\\/prov-1-1.jpg\",\"keywords\":[\"alain Galliot\",\"Carrefour Voiron\",\"Foire St Martin Voiron\",\"France bleu Is\u00e8re\",\"G\u00e9rard Seigle Vatte\",\"Pierre Monaton\",\"Provencia\"],\"articleSection\":[\"foires et f\u00eates\"],\"inLanguage\":\"fr-FR\",\"potentialAction\":[{\"@type\":\"CommentAction\",\"name\":\"Comment\",\"target\":[\"https:\\\/\\\/www.sillon38.com\\\/blog\\\/2012\\\/11\\\/11\\\/foire-de-la-st-martin-stand-carrefour-tres-anime\\\/#respond\"]}]},{\"@type\":\"WebPage\",\"@id\":\"https:\\\/\\\/www.sillon38.com\\\/blog\\\/2012\\\/11\\\/11\\\/foire-de-la-st-martin-stand-carrefour-tres-anime\\\/\",\"url\":\"https:\\\/\\\/www.sillon38.com\\\/blog\\\/2012\\\/11\\\/11\\\/foire-de-la-st-martin-stand-carrefour-tres-anime\\\/\",\"name\":\"Foire de la St Martin: Stand Carrefour tr\u00e8s anim\u00e9! -\",\"isPartOf\":{\"@id\":\"https:\\\/\\\/www.sillon38.com\\\/blog\\\/#website\"},\"primaryImageOfPage\":{\"@id\":\"https:\\\/\\\/www.sillon38.com\\\/blog\\\/2012\\\/11\\\/11\\\/foire-de-la-st-martin-stand-carrefour-tres-anime\\\/#primaryimage\"},\"image\":{\"@id\":\"https:\\\/\\\/www.sillon38.com\\\/blog\\\/2012\\\/11\\\/11\\\/foire-de-la-st-martin-stand-carrefour-tres-anime\\\/#primaryimage\"},\"thumbnailUrl\":\"http:\\\/\\\/staging.sillon38.com\\\/wp-content\\\/uploads\\\/2012\\\/11\\\/prov-1-1.jpg\",\"datePublished\":\"2012-11-11T17:32:28+00:00\",\"author\":{\"@id\":\"https:\\\/\\\/www.sillon38.com\\\/blog\\\/#\\\/schema\\\/person\\\/72f06b5f0494d1edc8f4e5bf63651ff1\"},\"breadcrumb\":{\"@id\":\"https:\\\/\\\/www.sillon38.com\\\/blog\\\/2012\\\/11\\\/11\\\/foire-de-la-st-martin-stand-carrefour-tres-anime\\\/#breadcrumb\"},\"inLanguage\":\"fr-FR\",\"potentialAction\":[{\"@type\":\"ReadAction\",\"target\":[\"https:\\\/\\\/www.sillon38.com\\\/blog\\\/2012\\\/11\\\/11\\\/foire-de-la-st-martin-stand-carrefour-tres-anime\\\/\"]}]},{\"@type\":\"ImageObject\",\"inLanguage\":\"fr-FR\",\"@id\":\"https:\\\/\\\/www.sillon38.com\\\/blog\\\/2012\\\/11\\\/11\\\/foire-de-la-st-martin-stand-carrefour-tres-anime\\\/#primaryimage\",\"url\":\"http:\\\/\\\/staging.sillon38.com\\\/wp-content\\\/uploads\\\/2012\\\/11\\\/prov-1-1.jpg\",\"contentUrl\":\"http:\\\/\\\/staging.sillon38.com\\\/wp-content\\\/uploads\\\/2012\\\/11\\\/prov-1-1.jpg\"},{\"@type\":\"BreadcrumbList\",\"@id\":\"https:\\\/\\\/www.sillon38.com\\\/blog\\\/2012\\\/11\\\/11\\\/foire-de-la-st-martin-stand-carrefour-tres-anime\\\/#breadcrumb\",\"itemListElement\":[{\"@type\":\"ListItem\",\"position\":1,\"name\":\"Accueil\",\"item\":\"https:\\\/\\\/www.sillon38.com\\\/blog\\\/\"},{\"@type\":\"ListItem\",\"position\":2,\"name\":\"Foire de la St Martin: Stand Carrefour tr\u00e8s anim\u00e9!\"}]},{\"@type\":\"WebSite\",\"@id\":\"https:\\\/\\\/www.sillon38.com\\\/blog\\\/#website\",\"url\":\"https:\\\/\\\/www.sillon38.com\\\/blog\\\/\",\"name\":\"\",\"description\":\"Le journal du monde rural\",\"potentialAction\":[{\"@type\":\"SearchAction\",\"target\":{\"@type\":\"EntryPoint\",\"urlTemplate\":\"https:\\\/\\\/www.sillon38.com\\\/blog\\\/?s={search_term_string}\"},\"query-input\":{\"@type\":\"PropertyValueSpecification\",\"valueRequired\":true,\"valueName\":\"search_term_string\"}}],\"inLanguage\":\"fr-FR\"},{\"@type\":\"Person\",\"@id\":\"https:\\\/\\\/www.sillon38.com\\\/blog\\\/#\\\/schema\\\/person\\\/72f06b5f0494d1edc8f4e5bf63651ff1\",\"name\":\"M Coeur\"}]}<\/script>\n<!-- \/ Yoast SEO plugin. -->","yoast_head_json":{"title":"Foire de la St Martin: Stand Carrefour tr\u00e8s anim\u00e9! -","robots":{"index":"index","follow":"follow","max-snippet":"max-snippet:-1","max-image-preview":"max-image-preview:large","max-video-preview":"max-video-preview:-1"},"canonical":"https:\/\/www.sillon38.com\/blog\/2012\/11\/11\/foire-de-la-st-martin-stand-carrefour-tres-anime\/","og_locale":"fr_FR","og_type":"article","og_title":"Foire de la St Martin: Stand Carrefour tr\u00e8s anim\u00e9! -","og_description":"C'\u00e9tait une premi\u00e8re, Carrefour Voiron, groupe Provencia, a particip\u00e9 activement \u00e0 la St Martin avec la tenue d'un stand en commun avec les g\u00eetes de France Is\u00e8re et L'association Terre d'ici.","og_url":"https:\/\/www.sillon38.com\/blog\/2012\/11\/11\/foire-de-la-st-martin-stand-carrefour-tres-anime\/","article_published_time":"2012-11-11T17:32:28+00:00","og_image":[{"url":"http:\/\/staging.sillon38.com\/wp-content\/uploads\/2012\/11\/prov-1-1.jpg","type":"","width":"","height":""}],"author":"M Coeur","twitter_card":"summary_large_image","twitter_misc":{"\u00c9crit par":"M Coeur","Dur\u00e9e de lecture estim\u00e9e":"3 minutes"},"schema":{"@context":"https:\/\/schema.org","@graph":[{"@type":"Article","@id":"https:\/\/www.sillon38.com\/blog\/2012\/11\/11\/foire-de-la-st-martin-stand-carrefour-tres-anime\/#article","isPartOf":{"@id":"https:\/\/www.sillon38.com\/blog\/2012\/11\/11\/foire-de-la-st-martin-stand-carrefour-tres-anime\/"},"author":{"name":"M Coeur","@id":"https:\/\/www.sillon38.com\/blog\/#\/schema\/person\/72f06b5f0494d1edc8f4e5bf63651ff1"},"headline":"Foire de la St Martin: Stand Carrefour tr\u00e8s anim\u00e9!","datePublished":"2012-11-11T17:32:28+00:00","mainEntityOfPage":{"@id":"https:\/\/www.sillon38.com\/blog\/2012\/11\/11\/foire-de-la-st-martin-stand-carrefour-tres-anime\/"},"wordCount":626,"commentCount":0,"image":{"@id":"https:\/\/www.sillon38.com\/blog\/2012\/11\/11\/foire-de-la-st-martin-stand-carrefour-tres-anime\/#primaryimage"},"thumbnailUrl":"http:\/\/staging.sillon38.com\/wp-content\/uploads\/2012\/11\/prov-1-1.jpg","keywords":["alain Galliot","Carrefour Voiron","Foire St Martin Voiron","France bleu Is\u00e8re","G\u00e9rard Seigle Vatte","Pierre Monaton","Provencia"],"articleSection":["foires et f\u00eates"],"inLanguage":"fr-FR","potentialAction":[{"@type":"CommentAction","name":"Comment","target":["https:\/\/www.sillon38.com\/blog\/2012\/11\/11\/foire-de-la-st-martin-stand-carrefour-tres-anime\/#respond"]}]},{"@type":"WebPage","@id":"https:\/\/www.sillon38.com\/blog\/2012\/11\/11\/foire-de-la-st-martin-stand-carrefour-tres-anime\/","url":"https:\/\/www.sillon38.com\/blog\/2012\/11\/11\/foire-de-la-st-martin-stand-carrefour-tres-anime\/","name":"Foire de la St Martin: Stand Carrefour tr\u00e8s anim\u00e9! -","isPartOf":{"@id":"https:\/\/www.sillon38.com\/blog\/#website"},"primaryImageOfPage":{"@id":"https:\/\/www.sillon38.com\/blog\/2012\/11\/11\/foire-de-la-st-martin-stand-carrefour-tres-anime\/#primaryimage"},"image":{"@id":"https:\/\/www.sillon38.com\/blog\/2012\/11\/11\/foire-de-la-st-martin-stand-carrefour-tres-anime\/#primaryimage"},"thumbnailUrl":"http:\/\/staging.sillon38.com\/wp-content\/uploads\/2012\/11\/prov-1-1.jpg","datePublished":"2012-11-11T17:32:28+00:00","author":{"@id":"https:\/\/www.sillon38.com\/blog\/#\/schema\/person\/72f06b5f0494d1edc8f4e5bf63651ff1"},"breadcrumb":{"@id":"https:\/\/www.sillon38.com\/blog\/2012\/11\/11\/foire-de-la-st-martin-stand-carrefour-tres-anime\/#breadcrumb"},"inLanguage":"fr-FR","potentialAction":[{"@type":"ReadAction","target":["https:\/\/www.sillon38.com\/blog\/2012\/11\/11\/foire-de-la-st-martin-stand-carrefour-tres-anime\/"]}]},{"@type":"ImageObject","inLanguage":"fr-FR","@id":"https:\/\/www.sillon38.com\/blog\/2012\/11\/11\/foire-de-la-st-martin-stand-carrefour-tres-anime\/#primaryimage","url":"http:\/\/staging.sillon38.com\/wp-content\/uploads\/2012\/11\/prov-1-1.jpg","contentUrl":"http:\/\/staging.sillon38.com\/wp-content\/uploads\/2012\/11\/prov-1-1.jpg"},{"@type":"BreadcrumbList","@id":"https:\/\/www.sillon38.com\/blog\/2012\/11\/11\/foire-de-la-st-martin-stand-carrefour-tres-anime\/#breadcrumb","itemListElement":[{"@type":"ListItem","position":1,"name":"Accueil","item":"https:\/\/www.sillon38.com\/blog\/"},{"@type":"ListItem","position":2,"name":"Foire de la St Martin: Stand Carrefour tr\u00e8s anim\u00e9!"}]},{"@type":"WebSite","@id":"https:\/\/www.sillon38.com\/blog\/#website","url":"https:\/\/www.sillon38.com\/blog\/","name":"","description":"Le journal du monde rural","potentialAction":[{"@type":"SearchAction","target":{"@type":"EntryPoint","urlTemplate":"https:\/\/www.sillon38.com\/blog\/?s={search_term_string}"},"query-input":{"@type":"PropertyValueSpecification","valueRequired":true,"valueName":"search_term_string"}}],"inLanguage":"fr-FR"},{"@type":"Person","@id":"https:\/\/www.sillon38.com\/blog\/#\/schema\/person\/72f06b5f0494d1edc8f4e5bf63651ff1","name":"M Coeur"}]}},"_links":{"self":[{"href":"https:\/\/www.sillon38.com\/blog\/wp-json\/wp\/v2\/posts\/32506","targetHints":{"allow":["GET"]}}],"collection":[{"href":"https:\/\/www.sillon38.com\/blog\/wp-json\/wp\/v2\/posts"}],"about":[{"href":"https:\/\/www.sillon38.com\/blog\/wp-json\/wp\/v2\/types\/post"}],"author":[{"embeddable":true,"href":"https:\/\/www.sillon38.com\/blog\/wp-json\/wp\/v2\/users\/2"}],"replies":[{"embeddable":true,"href":"https:\/\/www.sillon38.com\/blog\/wp-json\/wp\/v2\/comments?post=32506"}],"version-history":[{"count":0,"href":"https:\/\/www.sillon38.com\/blog\/wp-json\/wp\/v2\/posts\/32506\/revisions"}],"wp:attachment":[{"href":"https:\/\/www.sillon38.com\/blog\/wp-json\/wp\/v2\/media?parent=32506"}],"wp:term":[{"taxonomy":"category","embeddable":true,"href":"https:\/\/www.sillon38.com\/blog\/wp-json\/wp\/v2\/categories?post=32506"},{"taxonomy":"post_tag","embeddable":true,"href":"https:\/\/www.sillon38.com\/blog\/wp-json\/wp\/v2\/tags?post=32506"}],"curies":[{"name":"wp","href":"https:\/\/api.w.org\/{rel}","templated":true}]}}