{"id":33826,"date":"2013-01-18T15:13:15","date_gmt":"2013-01-18T13:13:15","guid":{"rendered":"http:\/\/staging.sillon38.com\/?p=33826"},"modified":"2013-01-18T15:13:15","modified_gmt":"2013-01-18T13:13:15","slug":"elections-chambres-dagriculture-la-coordination-rurale-38-vous-offre-lapero","status":"publish","type":"post","link":"https:\/\/www.sillon38.com\/blog\/2013\/01\/18\/elections-chambres-dagriculture-la-coordination-rurale-38-vous-offre-lapero\/","title":{"rendered":"Elections Chambres d&rsquo;agriculture: La Coordination rurale 38 vous informe"},"content":{"rendered":"<div>\n<p><strong><span style=\"color: #000080;\">Vu sur le site internet de la Coordination Rurale :<a href=\"http:\/\/2013.coordinationrurale.fr\/isere.html\">2013.coordinationrurale.fr\/isere.<\/a><\/span><\/strong><\/p>\n<p><span style=\"color: #000080;\">La CR 38 est l\u2019une des premi\u00e8res Coordination Rurale ayant \u00e9t\u00e9 cr\u00e9\u00e9e en France, d\u00e8s le d\u00e9but des ann\u00e9es 1990.<br \/>\nEn Is\u00e8re, pr\u00e8s de 30\u00a0% des agriculteurs ont fait confiance \u00e0 la CR38 pour les repr\u00e9senter.<\/span><\/p>\n<p><span style=\"color: #000080;\">Ainsi, la CR 38 vous repr\u00e9sente en CDOA, Safer, Commissions d\u00e9partementales (Lait, Viande, F&amp;L, Agridiff&#8230;).<br \/>\nLa  CR38 porte aussi des projets et d\u00e9fend vos droits par ses actions\u00a0:  d\u00e9fense des semences fermi\u00e8res, d\u00e9marrage de la gr\u00e8ve du lait&#8230;<\/span><\/p>\n<p><span style=\"color: #000080;\">Depuis  20 ans, le travail et la constance de ses \u00e9quipes ont permis \u00e0 la CR38  de se placer en acteur incontournable de la vie syndicale d\u00e9partementale  et d\u2019apporter soutien et conseils aux agriculteurs Is\u00e9rois. N\u00e9anmoins,  jamais la CR n\u2019a eu la majorit\u00e9 aux \u00e9lections et pu d\u00e9montrer sa vision  et sa gestion d\u2019une Chambre d\u2019agriculture.<br \/>\nAussi, la  CR38 se pr\u00e9sentera aux \u00e9lections Chambre d\u2019agriculture avec cet  objectif, conqu\u00e9rir la majorit\u00e9 et remettre la Chambre d\u2019agriculture au  service des agriculteurs.<\/span><\/p>\n<p><span style=\"color: #000080;\">Pendant toute la campagne, vous retrouverez notre actualit\u00e9 sur cette page d\u00e9partementale.<\/span><\/p>\n<p><span style=\"color: #000080;\"><span style=\"float: left; width: 200px;\"> <img loading=\"lazy\" decoding=\"async\" src=\"http:\/\/2013.coordinationrurale.fr\/IMG\/jpg\/apero_en_campagne.jpg\" alt=\"\" width=\"200\" height=\"113\" \/><\/span><strong><strong>Venez prendre un ap\u00e9ro en campagne avec la CR38\u00a0!<\/strong><\/strong><br \/>\nLa CR38 d\u00e9bute ses ap\u00e9ros en campagne.Retour ligne automatique<br \/>\nVenez retrouvez les candidats de la CR38, et discuter des sujets agricoles\u00a0:<br \/>\nLe 16 janvier \u00e0 11 heures \u00e0 la Ferme agricole du Lyc\u00e9e de La C\u00f4te-St- Andr\u00e9<br \/>\n<a href=\"http:\/\/2013.coordinationrurale.fr\/venez-prendre-un-apero-en-campagne-avec-la-cr38.html\" target=\"_blank\" rel=\"noopener\"><strong>Retrouvez toutes les dates<\/strong><\/a><\/span><\/p>\n<p><span style=\"color: #000080;\"><span style=\"float: left; width: 200px;\"> <img loading=\"lazy\" decoding=\"async\" src=\"http:\/\/2013.coordinationrurale.fr\/IMG\/jpg\/38_equipe_small.jpg\" alt=\"\" width=\"200\" height=\"115\" \/><\/span><strong><strong>D\u00e9couvrez la liste de la CR38\u00a0!<\/strong><\/strong><br \/>\nLa  Coordination Rurale de l\u2019Is\u00e8re pr\u00e9sente une liste aux \u00e9lections Chambre  d\u2019agriculture pour les coll\u00e8ges n\u00b01 et n\u00b04. Compos\u00e9e de femmes et  d\u2019hommes venant de tout le d\u00e9partement, l\u2019\u00e9quipe aura \u00e0 c\u0153ur de  travailler au service de tous les agriculteurs (futurs, &#8230;<br \/>\n<a href=\"http:\/\/2013.coordinationrurale.fr\/decouvrez-la-liste-de-la-cr38.html\" target=\"_blank\" rel=\"noopener\"><strong>Retrouvez la liste compl\u00e8te<\/strong><\/a><\/span><\/p>\n<p><span style=\"color: #000080;\"><span style=\"float: left; width: 200px;\"> <img loading=\"lazy\" decoding=\"async\" src=\"http:\/\/2013.coordinationrurale.fr\/IMG\/jpg\/entete_j3.jpg\" alt=\"\" width=\"200\" height=\"89\" \/><\/span><strong><strong>Notre avenir est entre nos mains<\/strong><\/strong><br \/>\nNous  voil\u00e0 dans la derni\u00e8re ligne droite avant les \u00e9lections \u00e0 la Chambre  d\u2019agriculture\u00a0! Nous arrivons \u00e0 un carrefour\u00a0: avec vous, un vrai  changement de la politique agricole d\u00e9partementale est possible&#8230;<\/span><\/p>\n<p><span style=\"color: #000080;\"><a rel=\"external noopener\" href=\"http:\/\/www.coordinationrurale.fr\/actu\/2013\/web\/J3_CR38.pdf\" target=\"_blank\"><strong>Retrouvez l\u2019int\u00e9gralit\u00e9 du 3\u00e8me Journal de Campagne de la CR38\u00a0!<\/strong><\/a><\/span><\/p>\n<p><span style=\"color: #000080;\"><span style=\"float: left; width: 200px;\"> <img loading=\"lazy\" decoding=\"async\" src=\"http:\/\/2013.coordinationrurale.fr\/IMG\/jpg\/entete_j2.jpg\" alt=\"\" width=\"200\" height=\"81\" \/><\/span><strong><strong>Prenons notre m\u00e9tier en main<\/strong><\/strong><br \/>\nIl  est encore temps de relever la te\u0302te. Reprenons notre pouvoir de  de\u0301cision\u00a0; organisons nous de fac\u0327on a\u0300 contro\u0302ler notre production et  lutter ensemble\u00a0!<\/span><\/p>\n<p><span style=\"color: #000080;\"><a rel=\"external noopener\" href=\"http:\/\/www.coordinationrurale.fr\/actu\/2013\/web\/J2_CR38.pdf\" target=\"_blank\"><strong>Retrouvez l\u2019int\u00e9gralit\u00e9 du 2\u00e8me Journal de Campagne de la CR38\u00a0!<\/strong><\/a><\/span><\/p>\n<p><span style=\"color: #000080;\"><span style=\"float: left; width: 200px;\"> <img loading=\"lazy\" decoding=\"async\" src=\"http:\/\/2013.coordinationrurale.fr\/IMG\/jpg\/entete_j1_v2-2.jpg\" alt=\"\" width=\"200\" height=\"90\" \/><\/span><strong><strong>La CR est pr\u00e9sente en Is\u00e8re depuis 20 ans, d\u00e9j\u00e0\u00a0!<\/strong><\/strong><br \/>\nDepuis  nos d\u00e9buts, nous nous battons pour une agriculture digne et  r\u00e9mun\u00e9ratrice. Digne, car nous sommes des agriculteurs responsables &#8230;<\/span><\/p>\n<p><span style=\"color: #000080;\"><a rel=\"external noopener\" href=\"http:\/\/www.coordinationrurale.fr\/actu\/2013\/web\/J1_CR38.pdf\" target=\"_blank\"><strong>Retrouvez l\u2019int\u00e9gralit\u00e9 du 1er Journal de Campagne de la CR38\u00a0!<\/strong><\/a><\/span><\/div>\n","protected":false},"excerpt":{"rendered":"<p>Retrouvez l&rsquo;actualit\u00e9 de la coordination Rurale 38 li\u00e9e aux \u00e9lections de la Chambre d&rsquo;agriculture de l&rsquo;Is\u00e8re<\/p>\n","protected":false},"author":2,"featured_media":0,"comment_status":"open","ping_status":"open","sticky":false,"template":"","format":"standard","meta":{"footnotes":""},"categories":[18],"tags":[1590,1990],"class_list":["post-33826","post","type-post","status-publish","format-standard","hentry","category-elections-chambre-dagriculture-2013","tag-coordination-rurale","tag-elections-chambre-dagriculture"],"yoast_head":"<!-- This site is optimized with the Yoast SEO plugin v27.5 - https:\/\/yoast.com\/product\/yoast-seo-wordpress\/ -->\n<title>Elections Chambres d&#039;agriculture: La Coordination rurale 38 vous informe -<\/title>\n<meta name=\"robots\" content=\"index, follow, max-snippet:-1, max-image-preview:large, max-video-preview:-1\" \/>\n<link rel=\"canonical\" href=\"https:\/\/www.sillon38.com\/blog\/2013\/01\/18\/elections-chambres-dagriculture-la-coordination-rurale-38-vous-offre-lapero\/\" \/>\n<meta property=\"og:locale\" content=\"fr_FR\" \/>\n<meta property=\"og:type\" content=\"article\" \/>\n<meta property=\"og:title\" content=\"Elections Chambres d&#039;agriculture: La Coordination rurale 38 vous informe -\" \/>\n<meta property=\"og:description\" content=\"Retrouvez l&#039;actualit\u00e9 de la coordination Rurale 38 li\u00e9e aux \u00e9lections de la Chambre d&#039;agriculture de l&#039;Is\u00e8re\" \/>\n<meta property=\"og:url\" content=\"https:\/\/www.sillon38.com\/blog\/2013\/01\/18\/elections-chambres-dagriculture-la-coordination-rurale-38-vous-offre-lapero\/\" \/>\n<meta property=\"article:published_time\" content=\"2013-01-18T13:13:15+00:00\" \/>\n<meta property=\"og:image\" content=\"http:\/\/2013.coordinationrurale.fr\/IMG\/jpg\/apero_en_campagne.jpg\" \/>\n<meta name=\"author\" content=\"M Coeur\" \/>\n<meta name=\"twitter:card\" content=\"summary_large_image\" \/>\n<meta name=\"twitter:label1\" content=\"\u00c9crit par\" \/>\n\t<meta name=\"twitter:data1\" content=\"M Coeur\" \/>\n\t<meta name=\"twitter:label2\" content=\"Dur\u00e9e de lecture estim\u00e9e\" \/>\n\t<meta name=\"twitter:data2\" content=\"2 minutes\" \/>\n<script type=\"application\/ld+json\" class=\"yoast-schema-graph\">{\"@context\":\"https:\\\/\\\/schema.org\",\"@graph\":[{\"@type\":\"Article\",\"@id\":\"https:\\\/\\\/www.sillon38.com\\\/blog\\\/2013\\\/01\\\/18\\\/elections-chambres-dagriculture-la-coordination-rurale-38-vous-offre-lapero\\\/#article\",\"isPartOf\":{\"@id\":\"https:\\\/\\\/www.sillon38.com\\\/blog\\\/2013\\\/01\\\/18\\\/elections-chambres-dagriculture-la-coordination-rurale-38-vous-offre-lapero\\\/\"},\"author\":{\"name\":\"M Coeur\",\"@id\":\"https:\\\/\\\/www.sillon38.com\\\/blog\\\/#\\\/schema\\\/person\\\/72f06b5f0494d1edc8f4e5bf63651ff1\"},\"headline\":\"Elections Chambres d&rsquo;agriculture: La Coordination rurale 38 vous informe\",\"datePublished\":\"2013-01-18T13:13:15+00:00\",\"mainEntityOfPage\":{\"@id\":\"https:\\\/\\\/www.sillon38.com\\\/blog\\\/2013\\\/01\\\/18\\\/elections-chambres-dagriculture-la-coordination-rurale-38-vous-offre-lapero\\\/\"},\"wordCount\":467,\"commentCount\":0,\"image\":{\"@id\":\"https:\\\/\\\/www.sillon38.com\\\/blog\\\/2013\\\/01\\\/18\\\/elections-chambres-dagriculture-la-coordination-rurale-38-vous-offre-lapero\\\/#primaryimage\"},\"thumbnailUrl\":\"http:\\\/\\\/2013.coordinationrurale.fr\\\/IMG\\\/jpg\\\/apero_en_campagne.jpg\",\"keywords\":[\"coordination rurale\",\"\u00e9lections chambre d'agriculture\"],\"articleSection\":[\"Elections chambre d'agriculture 2013\"],\"inLanguage\":\"fr-FR\",\"potentialAction\":[{\"@type\":\"CommentAction\",\"name\":\"Comment\",\"target\":[\"https:\\\/\\\/www.sillon38.com\\\/blog\\\/2013\\\/01\\\/18\\\/elections-chambres-dagriculture-la-coordination-rurale-38-vous-offre-lapero\\\/#respond\"]}]},{\"@type\":\"WebPage\",\"@id\":\"https:\\\/\\\/www.sillon38.com\\\/blog\\\/2013\\\/01\\\/18\\\/elections-chambres-dagriculture-la-coordination-rurale-38-vous-offre-lapero\\\/\",\"url\":\"https:\\\/\\\/www.sillon38.com\\\/blog\\\/2013\\\/01\\\/18\\\/elections-chambres-dagriculture-la-coordination-rurale-38-vous-offre-lapero\\\/\",\"name\":\"Elections Chambres d'agriculture: La Coordination rurale 38 vous informe -\",\"isPartOf\":{\"@id\":\"https:\\\/\\\/www.sillon38.com\\\/blog\\\/#website\"},\"primaryImageOfPage\":{\"@id\":\"https:\\\/\\\/www.sillon38.com\\\/blog\\\/2013\\\/01\\\/18\\\/elections-chambres-dagriculture-la-coordination-rurale-38-vous-offre-lapero\\\/#primaryimage\"},\"image\":{\"@id\":\"https:\\\/\\\/www.sillon38.com\\\/blog\\\/2013\\\/01\\\/18\\\/elections-chambres-dagriculture-la-coordination-rurale-38-vous-offre-lapero\\\/#primaryimage\"},\"thumbnailUrl\":\"http:\\\/\\\/2013.coordinationrurale.fr\\\/IMG\\\/jpg\\\/apero_en_campagne.jpg\",\"datePublished\":\"2013-01-18T13:13:15+00:00\",\"author\":{\"@id\":\"https:\\\/\\\/www.sillon38.com\\\/blog\\\/#\\\/schema\\\/person\\\/72f06b5f0494d1edc8f4e5bf63651ff1\"},\"breadcrumb\":{\"@id\":\"https:\\\/\\\/www.sillon38.com\\\/blog\\\/2013\\\/01\\\/18\\\/elections-chambres-dagriculture-la-coordination-rurale-38-vous-offre-lapero\\\/#breadcrumb\"},\"inLanguage\":\"fr-FR\",\"potentialAction\":[{\"@type\":\"ReadAction\",\"target\":[\"https:\\\/\\\/www.sillon38.com\\\/blog\\\/2013\\\/01\\\/18\\\/elections-chambres-dagriculture-la-coordination-rurale-38-vous-offre-lapero\\\/\"]}]},{\"@type\":\"ImageObject\",\"inLanguage\":\"fr-FR\",\"@id\":\"https:\\\/\\\/www.sillon38.com\\\/blog\\\/2013\\\/01\\\/18\\\/elections-chambres-dagriculture-la-coordination-rurale-38-vous-offre-lapero\\\/#primaryimage\",\"url\":\"http:\\\/\\\/2013.coordinationrurale.fr\\\/IMG\\\/jpg\\\/apero_en_campagne.jpg\",\"contentUrl\":\"http:\\\/\\\/2013.coordinationrurale.fr\\\/IMG\\\/jpg\\\/apero_en_campagne.jpg\"},{\"@type\":\"BreadcrumbList\",\"@id\":\"https:\\\/\\\/www.sillon38.com\\\/blog\\\/2013\\\/01\\\/18\\\/elections-chambres-dagriculture-la-coordination-rurale-38-vous-offre-lapero\\\/#breadcrumb\",\"itemListElement\":[{\"@type\":\"ListItem\",\"position\":1,\"name\":\"Accueil\",\"item\":\"https:\\\/\\\/www.sillon38.com\\\/blog\\\/\"},{\"@type\":\"ListItem\",\"position\":2,\"name\":\"Elections Chambres d&rsquo;agriculture: La Coordination rurale 38 vous informe\"}]},{\"@type\":\"WebSite\",\"@id\":\"https:\\\/\\\/www.sillon38.com\\\/blog\\\/#website\",\"url\":\"https:\\\/\\\/www.sillon38.com\\\/blog\\\/\",\"name\":\"\",\"description\":\"Le journal du monde rural\",\"potentialAction\":[{\"@type\":\"SearchAction\",\"target\":{\"@type\":\"EntryPoint\",\"urlTemplate\":\"https:\\\/\\\/www.sillon38.com\\\/blog\\\/?s={search_term_string}\"},\"query-input\":{\"@type\":\"PropertyValueSpecification\",\"valueRequired\":true,\"valueName\":\"search_term_string\"}}],\"inLanguage\":\"fr-FR\"},{\"@type\":\"Person\",\"@id\":\"https:\\\/\\\/www.sillon38.com\\\/blog\\\/#\\\/schema\\\/person\\\/72f06b5f0494d1edc8f4e5bf63651ff1\",\"name\":\"M Coeur\"}]}<\/script>\n<!-- \/ Yoast SEO plugin. -->","yoast_head_json":{"title":"Elections Chambres d'agriculture: La Coordination rurale 38 vous informe -","robots":{"index":"index","follow":"follow","max-snippet":"max-snippet:-1","max-image-preview":"max-image-preview:large","max-video-preview":"max-video-preview:-1"},"canonical":"https:\/\/www.sillon38.com\/blog\/2013\/01\/18\/elections-chambres-dagriculture-la-coordination-rurale-38-vous-offre-lapero\/","og_locale":"fr_FR","og_type":"article","og_title":"Elections Chambres d'agriculture: La Coordination rurale 38 vous informe -","og_description":"Retrouvez l'actualit\u00e9 de la coordination Rurale 38 li\u00e9e aux \u00e9lections de la Chambre d'agriculture de l'Is\u00e8re","og_url":"https:\/\/www.sillon38.com\/blog\/2013\/01\/18\/elections-chambres-dagriculture-la-coordination-rurale-38-vous-offre-lapero\/","article_published_time":"2013-01-18T13:13:15+00:00","og_image":[{"url":"http:\/\/2013.coordinationrurale.fr\/IMG\/jpg\/apero_en_campagne.jpg","type":"","width":"","height":""}],"author":"M Coeur","twitter_card":"summary_large_image","twitter_misc":{"\u00c9crit par":"M Coeur","Dur\u00e9e de lecture estim\u00e9e":"2 minutes"},"schema":{"@context":"https:\/\/schema.org","@graph":[{"@type":"Article","@id":"https:\/\/www.sillon38.com\/blog\/2013\/01\/18\/elections-chambres-dagriculture-la-coordination-rurale-38-vous-offre-lapero\/#article","isPartOf":{"@id":"https:\/\/www.sillon38.com\/blog\/2013\/01\/18\/elections-chambres-dagriculture-la-coordination-rurale-38-vous-offre-lapero\/"},"author":{"name":"M Coeur","@id":"https:\/\/www.sillon38.com\/blog\/#\/schema\/person\/72f06b5f0494d1edc8f4e5bf63651ff1"},"headline":"Elections Chambres d&rsquo;agriculture: La Coordination rurale 38 vous informe","datePublished":"2013-01-18T13:13:15+00:00","mainEntityOfPage":{"@id":"https:\/\/www.sillon38.com\/blog\/2013\/01\/18\/elections-chambres-dagriculture-la-coordination-rurale-38-vous-offre-lapero\/"},"wordCount":467,"commentCount":0,"image":{"@id":"https:\/\/www.sillon38.com\/blog\/2013\/01\/18\/elections-chambres-dagriculture-la-coordination-rurale-38-vous-offre-lapero\/#primaryimage"},"thumbnailUrl":"http:\/\/2013.coordinationrurale.fr\/IMG\/jpg\/apero_en_campagne.jpg","keywords":["coordination rurale","\u00e9lections chambre d'agriculture"],"articleSection":["Elections chambre d'agriculture 2013"],"inLanguage":"fr-FR","potentialAction":[{"@type":"CommentAction","name":"Comment","target":["https:\/\/www.sillon38.com\/blog\/2013\/01\/18\/elections-chambres-dagriculture-la-coordination-rurale-38-vous-offre-lapero\/#respond"]}]},{"@type":"WebPage","@id":"https:\/\/www.sillon38.com\/blog\/2013\/01\/18\/elections-chambres-dagriculture-la-coordination-rurale-38-vous-offre-lapero\/","url":"https:\/\/www.sillon38.com\/blog\/2013\/01\/18\/elections-chambres-dagriculture-la-coordination-rurale-38-vous-offre-lapero\/","name":"Elections Chambres d'agriculture: La Coordination rurale 38 vous informe -","isPartOf":{"@id":"https:\/\/www.sillon38.com\/blog\/#website"},"primaryImageOfPage":{"@id":"https:\/\/www.sillon38.com\/blog\/2013\/01\/18\/elections-chambres-dagriculture-la-coordination-rurale-38-vous-offre-lapero\/#primaryimage"},"image":{"@id":"https:\/\/www.sillon38.com\/blog\/2013\/01\/18\/elections-chambres-dagriculture-la-coordination-rurale-38-vous-offre-lapero\/#primaryimage"},"thumbnailUrl":"http:\/\/2013.coordinationrurale.fr\/IMG\/jpg\/apero_en_campagne.jpg","datePublished":"2013-01-18T13:13:15+00:00","author":{"@id":"https:\/\/www.sillon38.com\/blog\/#\/schema\/person\/72f06b5f0494d1edc8f4e5bf63651ff1"},"breadcrumb":{"@id":"https:\/\/www.sillon38.com\/blog\/2013\/01\/18\/elections-chambres-dagriculture-la-coordination-rurale-38-vous-offre-lapero\/#breadcrumb"},"inLanguage":"fr-FR","potentialAction":[{"@type":"ReadAction","target":["https:\/\/www.sillon38.com\/blog\/2013\/01\/18\/elections-chambres-dagriculture-la-coordination-rurale-38-vous-offre-lapero\/"]}]},{"@type":"ImageObject","inLanguage":"fr-FR","@id":"https:\/\/www.sillon38.com\/blog\/2013\/01\/18\/elections-chambres-dagriculture-la-coordination-rurale-38-vous-offre-lapero\/#primaryimage","url":"http:\/\/2013.coordinationrurale.fr\/IMG\/jpg\/apero_en_campagne.jpg","contentUrl":"http:\/\/2013.coordinationrurale.fr\/IMG\/jpg\/apero_en_campagne.jpg"},{"@type":"BreadcrumbList","@id":"https:\/\/www.sillon38.com\/blog\/2013\/01\/18\/elections-chambres-dagriculture-la-coordination-rurale-38-vous-offre-lapero\/#breadcrumb","itemListElement":[{"@type":"ListItem","position":1,"name":"Accueil","item":"https:\/\/www.sillon38.com\/blog\/"},{"@type":"ListItem","position":2,"name":"Elections Chambres d&rsquo;agriculture: La Coordination rurale 38 vous informe"}]},{"@type":"WebSite","@id":"https:\/\/www.sillon38.com\/blog\/#website","url":"https:\/\/www.sillon38.com\/blog\/","name":"","description":"Le journal du monde rural","potentialAction":[{"@type":"SearchAction","target":{"@type":"EntryPoint","urlTemplate":"https:\/\/www.sillon38.com\/blog\/?s={search_term_string}"},"query-input":{"@type":"PropertyValueSpecification","valueRequired":true,"valueName":"search_term_string"}}],"inLanguage":"fr-FR"},{"@type":"Person","@id":"https:\/\/www.sillon38.com\/blog\/#\/schema\/person\/72f06b5f0494d1edc8f4e5bf63651ff1","name":"M Coeur"}]}},"_links":{"self":[{"href":"https:\/\/www.sillon38.com\/blog\/wp-json\/wp\/v2\/posts\/33826","targetHints":{"allow":["GET"]}}],"collection":[{"href":"https:\/\/www.sillon38.com\/blog\/wp-json\/wp\/v2\/posts"}],"about":[{"href":"https:\/\/www.sillon38.com\/blog\/wp-json\/wp\/v2\/types\/post"}],"author":[{"embeddable":true,"href":"https:\/\/www.sillon38.com\/blog\/wp-json\/wp\/v2\/users\/2"}],"replies":[{"embeddable":true,"href":"https:\/\/www.sillon38.com\/blog\/wp-json\/wp\/v2\/comments?post=33826"}],"version-history":[{"count":0,"href":"https:\/\/www.sillon38.com\/blog\/wp-json\/wp\/v2\/posts\/33826\/revisions"}],"wp:attachment":[{"href":"https:\/\/www.sillon38.com\/blog\/wp-json\/wp\/v2\/media?parent=33826"}],"wp:term":[{"taxonomy":"category","embeddable":true,"href":"https:\/\/www.sillon38.com\/blog\/wp-json\/wp\/v2\/categories?post=33826"},{"taxonomy":"post_tag","embeddable":true,"href":"https:\/\/www.sillon38.com\/blog\/wp-json\/wp\/v2\/tags?post=33826"}],"curies":[{"name":"wp","href":"https:\/\/api.w.org\/{rel}","templated":true}]}}