{"id":34408,"date":"2013-02-20T15:10:00","date_gmt":"2013-02-20T13:10:00","guid":{"rendered":"http:\/\/staging.sillon38.com\/?p=34408"},"modified":"2013-02-20T15:10:00","modified_gmt":"2013-02-20T13:10:00","slug":"lhistoire-du-salon-un-demi-siecle-dagriculture-au-coeur","status":"publish","type":"post","link":"https:\/\/www.sillon38.com\/blog\/2013\/02\/20\/lhistoire-du-salon-un-demi-siecle-dagriculture-au-coeur\/","title":{"rendered":"L&rsquo;histoire du salon : un demi-si\u00e8cle d&rsquo;agriculture au coeur&#8230;"},"content":{"rendered":"<h3><span style=\"color: #000080;\">Tout commence en 1870\u2026<\/span><\/h3>\n<p><span style=\"color: #000080;\">Ann\u00e9e de la cr\u00e9ation du Concours G\u00e9n\u00e9ral Agricole. H\u00e9ritier des comices  agricoles, issus du 18\u00e8me si\u00e8cle, le concours \u00ab\u00a0des animaux gras\u00a0\u00bb ou  \u00ab\u00a0des animaux de boucherie\u00a0\u00bb est inaugur\u00e9 en 1844 \u00e0 Poissy. Quant au  Concours G\u00e9n\u00e9ral Agricole, il est lanc\u00e9 officiellement \u00e0 Paris en 1870.<br \/>\nEn 1925, il emm\u00e9nage au Parc des Expositions de la Porte de Versailles  et ne cesse d\u2019\u00e9voluer depuis. D\u2019abord r\u00e9server aux animaux, il accueille  maintenant les Concours des produits du terroir, des produits laitiers  et des vins et s\u2019est dot\u00e9 d\u2019une magnifique vitrine\u00a0: le Salon  International de l\u2019Agriculture.<br \/>\nPour en savoir plus sur le Concours G\u00e9n\u00e9ral Agricole, <a href=\"http:\/\/www.concours-agricole.com\/Documents\/Historique_Concours.pdf\" target=\"_blank\" rel=\"noopener\">cliquez\u00a0ici<\/a> !<\/span><\/p>\n<p><span style=\"color: #000080;\"> <\/span><\/p>\n<p><span style=\"color: #000080;\">En 50 ans, le Salon International de l\u2019Agriculture a construit sa r\u00e9putation :<\/span><\/p>\n<p><span style=\"color: #000080;\"> <\/span><\/p>\n<ul>\n<li><span style=\"color: #000080;\">Un rendez-vous incontournable de l\u2019\u00e9levage et de la g\u00e9n\u00e9tique<\/span><\/li>\n<li><span style=\"color: #000080;\">Une vitrine exceptionnelle pour les produits des terroirs, la  gastronomie r\u00e9gionale et internationale, les grandes cultures et le  tourisme vert.<\/span><\/li>\n<li><span style=\"color: #000080;\">La premi\u00e8re \u00e9dition du salon attire 300\u00a0000 visiteurs et en 2012, il en rassemble plus de\u00a0680\u00a0000.<\/span><\/li>\n<li><span style=\"color: #000080;\">97% des visiteurs aiment le climat et l\u2019ambiance du salon * <\/span><\/li>\n<\/ul>\n<p><span style=\"color: #000080;\"> <\/span><\/p>\n<p><span style=\"color: #000080;\"><em>* Source : Enqu\u00eate visiteurs r\u00e9alis\u00e9es pendant le salon 2012<\/em><\/span><\/p>\n<p><span style=\"color: #000080;\"><a id=\"eztoc808367_0_2\" name=\"eztoc808367_0_2\"><\/a><\/span><\/p>\n<h3><span style=\"color: #000080;\">C\u2019\u00e9tait il y a longtemps\u2026<\/span><\/h3>\n<p><span style=\"color: #000080;\">Depuis un demi-si\u00e8cle, le Salon International de l\u2019Agriculture rassemble  chaque ann\u00e9e tous les acteurs du monde agricole. Il est la r\u00e9f\u00e9rence de  son secteur, non seulement en France mais aussi \u00e0 l\u2019\u00e9tranger.<br \/>\nAu d\u00e9part le Salon a \u00e9t\u00e9 cr\u00e9\u00e9 autour du Concours G\u00e9n\u00e9ral Agricole des  Animaux. Puis, il a grandi et suivi ann\u00e9e apr\u00e8s ann\u00e9e l\u2019\u00e9volution de  l\u2019agriculture fran\u00e7aise.<br \/>\nIl rassemble maintenant 1\u00a0300 exposants qui viennent de 22 pays et plus  de 4\u00a0000 animaux. C\u2019est un \u00e9v\u00e9nement particuli\u00e8rement aim\u00e9 du public qui  vient en nombre. En 2012 ce sont plus de 680\u00a0000 visiteurs qui sont  venus.<br \/>\nEn 2013, le salon f\u00eate ses 50 ans\u00a0autour du concept de \u00ab\u00a0l\u2019agriculture  au c\u0153ur\u00a0\u00bb\u2026 au c\u0153ur des hommes\u2026 des villes\u2026 des arts\u2026 et de chacun\u00a0!<\/span><\/p>\n<div>\n<p><span style=\"color: #000080;\">D\u00e9couvrez toutes les informations n\u00e9cessaires \u00e0 la pr\u00e9paration de votre venue\u00a0au salon !<\/span><\/div>\n<p><span style=\"color: #000080;\"> <\/span><\/p>\n<div>\n<div>\n<div>\n<div><span style=\"color: #000080;\"><img loading=\"lazy\" decoding=\"async\" style=\"border: 0px  ;\" title=\"Logo 50 ans\" src=\"http:\/\/www.salon-agriculture.com\/var\/comexposium\/storage\/images\/media\/sia-medias\/sia-2013\/images\/logo-50-ans\/953208-1-fre-FR\/Logo-50-ans_scalewidthdownonly_570.jpg\" alt=\"Logo 50 ans\" width=\"300\" height=\"284\" \/><\/span><\/div>\n<\/div>\n<\/div>\n<\/div>\n<p><span style=\"color: #000080;\"><a id=\"eztoc932349_0_1\" name=\"eztoc932349_0_1\"><\/a><\/span><\/p>\n<h3><span style=\"color: #000080;\">Dates<\/span><\/h3>\n<p><span style=\"color: #000080;\">Le Salon International de l\u2019Agriculture se tient du samedi 23 f\u00e9vrier au dimanche 3 mars 2013.<\/span><\/p>\n<p><span style=\"color: #000080;\"><a id=\"eztoc932349_0_2\" name=\"eztoc932349_0_2\"><\/a><\/span><\/p>\n<h3><span style=\"color: #000080;\">Lieu<\/span><\/h3>\n<p><span style=\"color: #000080;\">Salon International de l\u2019Agriculture<br \/>\nParis Porte de Versailles<br \/>\n1, place de la Porte de Versailles<br \/>\n75015 Paris<\/span><\/p>\n<p><span style=\"color: #000080;\"><a id=\"eztoc932349_0_3\" name=\"eztoc932349_0_3\"><\/a><\/span><\/p>\n<h3><span style=\"color: #000080;\">Horaires<\/span><\/h3>\n<p><span style=\"color: #000080;\"><strong>Tous les jours de 9 heures \u00e0 19 heures.<\/strong><\/span><\/p>\n<p><span style=\"color: #000080;\"> <\/span><\/p>\n<p><span style=\"color: #000080;\"><strong>Nocturne, vendredi 1er mars de 19h00 \u00e0 23h00<\/strong> (entr\u00e9e possible jusqu\u2019\u00e0 22 heures 30).<\/span><\/p>\n<p><span style=\"color: #000080;\"><a id=\"eztoc932349_0_4\" name=\"eztoc932349_0_4\"><\/a><\/span><\/p>\n<h3><span style=\"color: #000080;\">Tarifs individuels<\/span><\/h3>\n<p><span style=\"color: #000080;\"> <\/span><\/p>\n<ul>\n<li><span style=\"color: #000080;\"><strong>Plein tarif<\/strong> : 13 \u20ac<\/span><\/li>\n<li><span style=\"color: #000080;\"><strong>Enfants de 6 \u00e0 12 ans<\/strong> : 6\u20ac<\/span><\/li>\n<li><span style=\"color: #000080;\"><strong>Enfants de moins de 6 ans<\/strong> : gratuit<\/span><\/li>\n<li> <span style=\"color: #000080;\"><strong>Etudiants<\/strong> : 6\u20ac<br \/>\nAttention, le tarif \u00e9tudiant n\u2019est valable que sur pr\u00e9sentation d\u2019une  carte d\u2019\u00e9tudiant en cours de validit\u00e9 aux caisses du salon.<\/span><\/li>\n<li> <span style=\"color: #000080;\"><strong>Visiteur handicap\u00e9<\/strong> : 9\u20ac, uniquement sur pr\u00e9sentation d\u2019une carte d\u2019invalidit\u00e9.<br \/>\nTarif accompagnateur\u00a0: 9\u20ac, un accompagnateur par visiteur handicap\u00e9<br \/>\n<\/span> <span style=\"color: #000080;\"><sub>A noter<\/sub> , pour \u00e9viter l\u2019attente aux entr\u00e9es pendant le salon\u00a0: les billets  visiteur handicap\u00e9 sont disponibles \u00e0 l\u2019achat avant le salon et jusqu\u2019au  11 f\u00e9vrier 2013.<br \/>\nPour t\u00e9l\u00e9charger le bon de commande\u00a0: <a href=\"http:\/\/www.salon-agriculture.com\/content\/download\/79539\/906417\/file\/BDC%20Personnes%20Handicap%C3%A9es.pdf\" target=\"_self\" rel=\"noopener\">cliquez ici<\/a>.<\/span><\/li>\n<li><span style=\"color: #000080;\"><strong>Tarif sp\u00e9cial nocturne<\/strong> : 6\u20ac, ce billet est vendu uniquement  le vendredi 1er mars \u00e0 partir de 19 heures et valable pour une entr\u00e9e le  soir m\u00eame jusqu\u2019\u00e0 22 heures 30. <\/span><\/li>\n<\/ul>\n<p><span style=\"color: #000080;\"> <\/span><\/p>\n<p><span style=\"color: #000080;\">Pour acheter d\u00e8s maintenant vos billets d\u2019entr\u00e9e\u00a0: <a href=\"https:\/\/www.themisweb.fr\/rodwebshoppark\/fSessionsList.aspx?idstructure=0393&amp;EventId=4\" target=\"_blank\" rel=\"noopener\">cliquez ici<\/a>.<\/span><\/p>\n<p><span style=\"color: #000080;\"><a id=\"eztoc932349_0_5\" name=\"eztoc932349_0_5\"><\/a><\/span><\/p>\n<h3><span style=\"color: #000080;\">Tarifs groupes et CE<\/span><\/h3>\n<p><span style=\"color: #000080;\"> <\/span><\/p>\n<ul>\n<li><span style=\"color: #000080;\">Groupe de 15 \u00e0 49 personnes\u00a0: 10\u20ac \/ personne<\/span><\/li>\n<li><span style=\"color: #000080;\">Groupe de 50 personnes et plus\u00a0: 9\u20ac \/ personne. <\/span><\/li>\n<\/ul>\n<p><span style=\"color: #000080;\"><br \/>\n<\/span><\/p>\n<p><span style=\"color: #000080;\"> <\/span><\/p>\n","protected":false},"excerpt":{"rendered":"<p>Le salon international de l&rsquo;agriculture f\u00eatera ses 50 ans&#8230; du 23 f\u00e9vrier au 3 mars&#8230;<\/p>\n","protected":false},"author":2,"featured_media":0,"comment_status":"open","ping_status":"open","sticky":false,"template":"","format":"standard","meta":{"footnotes":""},"categories":[27],"tags":[4897],"class_list":["post-34408","post","type-post","status-publish","format-standard","hentry","category-foiressalons","tag-salon-de-lagriculture"],"yoast_head":"<!-- This site is optimized with the Yoast SEO plugin v27.5 - https:\/\/yoast.com\/product\/yoast-seo-wordpress\/ -->\n<title>L&#039;histoire du salon : un demi-si\u00e8cle d&#039;agriculture au coeur... -<\/title>\n<meta name=\"robots\" content=\"index, follow, max-snippet:-1, max-image-preview:large, max-video-preview:-1\" \/>\n<link rel=\"canonical\" href=\"https:\/\/www.sillon38.com\/blog\/2013\/02\/20\/lhistoire-du-salon-un-demi-siecle-dagriculture-au-coeur\/\" \/>\n<meta property=\"og:locale\" content=\"fr_FR\" \/>\n<meta property=\"og:type\" content=\"article\" \/>\n<meta property=\"og:title\" content=\"L&#039;histoire du salon : un demi-si\u00e8cle d&#039;agriculture au coeur... -\" \/>\n<meta property=\"og:description\" content=\"Le salon international de l&#039;agriculture f\u00eatera ses 50 ans... du 23 f\u00e9vrier au 3 mars...\" \/>\n<meta property=\"og:url\" content=\"https:\/\/www.sillon38.com\/blog\/2013\/02\/20\/lhistoire-du-salon-un-demi-siecle-dagriculture-au-coeur\/\" \/>\n<meta property=\"article:published_time\" content=\"2013-02-20T13:10:00+00:00\" \/>\n<meta property=\"og:image\" content=\"http:\/\/www.salon-agriculture.com\/var\/comexposium\/storage\/images\/media\/sia-medias\/sia-2013\/images\/logo-50-ans\/953208-1-fre-FR\/Logo-50-ans_scalewidthdownonly_570.jpg\" \/>\n<meta name=\"author\" content=\"M Coeur\" \/>\n<meta name=\"twitter:card\" content=\"summary_large_image\" \/>\n<meta name=\"twitter:label1\" content=\"\u00c9crit par\" \/>\n\t<meta name=\"twitter:data1\" content=\"M Coeur\" \/>\n\t<meta name=\"twitter:label2\" content=\"Dur\u00e9e de lecture estim\u00e9e\" \/>\n\t<meta name=\"twitter:data2\" content=\"3 minutes\" \/>\n<script type=\"application\/ld+json\" class=\"yoast-schema-graph\">{\"@context\":\"https:\\\/\\\/schema.org\",\"@graph\":[{\"@type\":\"Article\",\"@id\":\"https:\\\/\\\/www.sillon38.com\\\/blog\\\/2013\\\/02\\\/20\\\/lhistoire-du-salon-un-demi-siecle-dagriculture-au-coeur\\\/#article\",\"isPartOf\":{\"@id\":\"https:\\\/\\\/www.sillon38.com\\\/blog\\\/2013\\\/02\\\/20\\\/lhistoire-du-salon-un-demi-siecle-dagriculture-au-coeur\\\/\"},\"author\":{\"name\":\"M Coeur\",\"@id\":\"https:\\\/\\\/www.sillon38.com\\\/blog\\\/#\\\/schema\\\/person\\\/72f06b5f0494d1edc8f4e5bf63651ff1\"},\"headline\":\"L&rsquo;histoire du salon : un demi-si\u00e8cle d&rsquo;agriculture au coeur&#8230;\",\"datePublished\":\"2013-02-20T13:10:00+00:00\",\"mainEntityOfPage\":{\"@id\":\"https:\\\/\\\/www.sillon38.com\\\/blog\\\/2013\\\/02\\\/20\\\/lhistoire-du-salon-un-demi-siecle-dagriculture-au-coeur\\\/\"},\"wordCount\":568,\"commentCount\":0,\"image\":{\"@id\":\"https:\\\/\\\/www.sillon38.com\\\/blog\\\/2013\\\/02\\\/20\\\/lhistoire-du-salon-un-demi-siecle-dagriculture-au-coeur\\\/#primaryimage\"},\"thumbnailUrl\":\"http:\\\/\\\/www.salon-agriculture.com\\\/var\\\/comexposium\\\/storage\\\/images\\\/media\\\/sia-medias\\\/sia-2013\\\/images\\\/logo-50-ans\\\/953208-1-fre-FR\\\/Logo-50-ans_scalewidthdownonly_570.jpg\",\"keywords\":[\"salon de l'agriculture\"],\"articleSection\":[\"foires\\\/salons\"],\"inLanguage\":\"fr-FR\",\"potentialAction\":[{\"@type\":\"CommentAction\",\"name\":\"Comment\",\"target\":[\"https:\\\/\\\/www.sillon38.com\\\/blog\\\/2013\\\/02\\\/20\\\/lhistoire-du-salon-un-demi-siecle-dagriculture-au-coeur\\\/#respond\"]}]},{\"@type\":\"WebPage\",\"@id\":\"https:\\\/\\\/www.sillon38.com\\\/blog\\\/2013\\\/02\\\/20\\\/lhistoire-du-salon-un-demi-siecle-dagriculture-au-coeur\\\/\",\"url\":\"https:\\\/\\\/www.sillon38.com\\\/blog\\\/2013\\\/02\\\/20\\\/lhistoire-du-salon-un-demi-siecle-dagriculture-au-coeur\\\/\",\"name\":\"L'histoire du salon : un demi-si\u00e8cle d'agriculture au coeur... -\",\"isPartOf\":{\"@id\":\"https:\\\/\\\/www.sillon38.com\\\/blog\\\/#website\"},\"primaryImageOfPage\":{\"@id\":\"https:\\\/\\\/www.sillon38.com\\\/blog\\\/2013\\\/02\\\/20\\\/lhistoire-du-salon-un-demi-siecle-dagriculture-au-coeur\\\/#primaryimage\"},\"image\":{\"@id\":\"https:\\\/\\\/www.sillon38.com\\\/blog\\\/2013\\\/02\\\/20\\\/lhistoire-du-salon-un-demi-siecle-dagriculture-au-coeur\\\/#primaryimage\"},\"thumbnailUrl\":\"http:\\\/\\\/www.salon-agriculture.com\\\/var\\\/comexposium\\\/storage\\\/images\\\/media\\\/sia-medias\\\/sia-2013\\\/images\\\/logo-50-ans\\\/953208-1-fre-FR\\\/Logo-50-ans_scalewidthdownonly_570.jpg\",\"datePublished\":\"2013-02-20T13:10:00+00:00\",\"author\":{\"@id\":\"https:\\\/\\\/www.sillon38.com\\\/blog\\\/#\\\/schema\\\/person\\\/72f06b5f0494d1edc8f4e5bf63651ff1\"},\"breadcrumb\":{\"@id\":\"https:\\\/\\\/www.sillon38.com\\\/blog\\\/2013\\\/02\\\/20\\\/lhistoire-du-salon-un-demi-siecle-dagriculture-au-coeur\\\/#breadcrumb\"},\"inLanguage\":\"fr-FR\",\"potentialAction\":[{\"@type\":\"ReadAction\",\"target\":[\"https:\\\/\\\/www.sillon38.com\\\/blog\\\/2013\\\/02\\\/20\\\/lhistoire-du-salon-un-demi-siecle-dagriculture-au-coeur\\\/\"]}]},{\"@type\":\"ImageObject\",\"inLanguage\":\"fr-FR\",\"@id\":\"https:\\\/\\\/www.sillon38.com\\\/blog\\\/2013\\\/02\\\/20\\\/lhistoire-du-salon-un-demi-siecle-dagriculture-au-coeur\\\/#primaryimage\",\"url\":\"http:\\\/\\\/www.salon-agriculture.com\\\/var\\\/comexposium\\\/storage\\\/images\\\/media\\\/sia-medias\\\/sia-2013\\\/images\\\/logo-50-ans\\\/953208-1-fre-FR\\\/Logo-50-ans_scalewidthdownonly_570.jpg\",\"contentUrl\":\"http:\\\/\\\/www.salon-agriculture.com\\\/var\\\/comexposium\\\/storage\\\/images\\\/media\\\/sia-medias\\\/sia-2013\\\/images\\\/logo-50-ans\\\/953208-1-fre-FR\\\/Logo-50-ans_scalewidthdownonly_570.jpg\"},{\"@type\":\"BreadcrumbList\",\"@id\":\"https:\\\/\\\/www.sillon38.com\\\/blog\\\/2013\\\/02\\\/20\\\/lhistoire-du-salon-un-demi-siecle-dagriculture-au-coeur\\\/#breadcrumb\",\"itemListElement\":[{\"@type\":\"ListItem\",\"position\":1,\"name\":\"Accueil\",\"item\":\"https:\\\/\\\/www.sillon38.com\\\/blog\\\/\"},{\"@type\":\"ListItem\",\"position\":2,\"name\":\"L&rsquo;histoire du salon : un demi-si\u00e8cle d&rsquo;agriculture au coeur&#8230;\"}]},{\"@type\":\"WebSite\",\"@id\":\"https:\\\/\\\/www.sillon38.com\\\/blog\\\/#website\",\"url\":\"https:\\\/\\\/www.sillon38.com\\\/blog\\\/\",\"name\":\"\",\"description\":\"Le journal du monde rural\",\"potentialAction\":[{\"@type\":\"SearchAction\",\"target\":{\"@type\":\"EntryPoint\",\"urlTemplate\":\"https:\\\/\\\/www.sillon38.com\\\/blog\\\/?s={search_term_string}\"},\"query-input\":{\"@type\":\"PropertyValueSpecification\",\"valueRequired\":true,\"valueName\":\"search_term_string\"}}],\"inLanguage\":\"fr-FR\"},{\"@type\":\"Person\",\"@id\":\"https:\\\/\\\/www.sillon38.com\\\/blog\\\/#\\\/schema\\\/person\\\/72f06b5f0494d1edc8f4e5bf63651ff1\",\"name\":\"M Coeur\"}]}<\/script>\n<!-- \/ Yoast SEO plugin. -->","yoast_head_json":{"title":"L'histoire du salon : un demi-si\u00e8cle d'agriculture au coeur... -","robots":{"index":"index","follow":"follow","max-snippet":"max-snippet:-1","max-image-preview":"max-image-preview:large","max-video-preview":"max-video-preview:-1"},"canonical":"https:\/\/www.sillon38.com\/blog\/2013\/02\/20\/lhistoire-du-salon-un-demi-siecle-dagriculture-au-coeur\/","og_locale":"fr_FR","og_type":"article","og_title":"L'histoire du salon : un demi-si\u00e8cle d'agriculture au coeur... -","og_description":"Le salon international de l'agriculture f\u00eatera ses 50 ans... du 23 f\u00e9vrier au 3 mars...","og_url":"https:\/\/www.sillon38.com\/blog\/2013\/02\/20\/lhistoire-du-salon-un-demi-siecle-dagriculture-au-coeur\/","article_published_time":"2013-02-20T13:10:00+00:00","og_image":[{"url":"http:\/\/www.salon-agriculture.com\/var\/comexposium\/storage\/images\/media\/sia-medias\/sia-2013\/images\/logo-50-ans\/953208-1-fre-FR\/Logo-50-ans_scalewidthdownonly_570.jpg","type":"","width":"","height":""}],"author":"M Coeur","twitter_card":"summary_large_image","twitter_misc":{"\u00c9crit par":"M Coeur","Dur\u00e9e de lecture estim\u00e9e":"3 minutes"},"schema":{"@context":"https:\/\/schema.org","@graph":[{"@type":"Article","@id":"https:\/\/www.sillon38.com\/blog\/2013\/02\/20\/lhistoire-du-salon-un-demi-siecle-dagriculture-au-coeur\/#article","isPartOf":{"@id":"https:\/\/www.sillon38.com\/blog\/2013\/02\/20\/lhistoire-du-salon-un-demi-siecle-dagriculture-au-coeur\/"},"author":{"name":"M Coeur","@id":"https:\/\/www.sillon38.com\/blog\/#\/schema\/person\/72f06b5f0494d1edc8f4e5bf63651ff1"},"headline":"L&rsquo;histoire du salon : un demi-si\u00e8cle d&rsquo;agriculture au coeur&#8230;","datePublished":"2013-02-20T13:10:00+00:00","mainEntityOfPage":{"@id":"https:\/\/www.sillon38.com\/blog\/2013\/02\/20\/lhistoire-du-salon-un-demi-siecle-dagriculture-au-coeur\/"},"wordCount":568,"commentCount":0,"image":{"@id":"https:\/\/www.sillon38.com\/blog\/2013\/02\/20\/lhistoire-du-salon-un-demi-siecle-dagriculture-au-coeur\/#primaryimage"},"thumbnailUrl":"http:\/\/www.salon-agriculture.com\/var\/comexposium\/storage\/images\/media\/sia-medias\/sia-2013\/images\/logo-50-ans\/953208-1-fre-FR\/Logo-50-ans_scalewidthdownonly_570.jpg","keywords":["salon de l'agriculture"],"articleSection":["foires\/salons"],"inLanguage":"fr-FR","potentialAction":[{"@type":"CommentAction","name":"Comment","target":["https:\/\/www.sillon38.com\/blog\/2013\/02\/20\/lhistoire-du-salon-un-demi-siecle-dagriculture-au-coeur\/#respond"]}]},{"@type":"WebPage","@id":"https:\/\/www.sillon38.com\/blog\/2013\/02\/20\/lhistoire-du-salon-un-demi-siecle-dagriculture-au-coeur\/","url":"https:\/\/www.sillon38.com\/blog\/2013\/02\/20\/lhistoire-du-salon-un-demi-siecle-dagriculture-au-coeur\/","name":"L'histoire du salon : un demi-si\u00e8cle d'agriculture au coeur... -","isPartOf":{"@id":"https:\/\/www.sillon38.com\/blog\/#website"},"primaryImageOfPage":{"@id":"https:\/\/www.sillon38.com\/blog\/2013\/02\/20\/lhistoire-du-salon-un-demi-siecle-dagriculture-au-coeur\/#primaryimage"},"image":{"@id":"https:\/\/www.sillon38.com\/blog\/2013\/02\/20\/lhistoire-du-salon-un-demi-siecle-dagriculture-au-coeur\/#primaryimage"},"thumbnailUrl":"http:\/\/www.salon-agriculture.com\/var\/comexposium\/storage\/images\/media\/sia-medias\/sia-2013\/images\/logo-50-ans\/953208-1-fre-FR\/Logo-50-ans_scalewidthdownonly_570.jpg","datePublished":"2013-02-20T13:10:00+00:00","author":{"@id":"https:\/\/www.sillon38.com\/blog\/#\/schema\/person\/72f06b5f0494d1edc8f4e5bf63651ff1"},"breadcrumb":{"@id":"https:\/\/www.sillon38.com\/blog\/2013\/02\/20\/lhistoire-du-salon-un-demi-siecle-dagriculture-au-coeur\/#breadcrumb"},"inLanguage":"fr-FR","potentialAction":[{"@type":"ReadAction","target":["https:\/\/www.sillon38.com\/blog\/2013\/02\/20\/lhistoire-du-salon-un-demi-siecle-dagriculture-au-coeur\/"]}]},{"@type":"ImageObject","inLanguage":"fr-FR","@id":"https:\/\/www.sillon38.com\/blog\/2013\/02\/20\/lhistoire-du-salon-un-demi-siecle-dagriculture-au-coeur\/#primaryimage","url":"http:\/\/www.salon-agriculture.com\/var\/comexposium\/storage\/images\/media\/sia-medias\/sia-2013\/images\/logo-50-ans\/953208-1-fre-FR\/Logo-50-ans_scalewidthdownonly_570.jpg","contentUrl":"http:\/\/www.salon-agriculture.com\/var\/comexposium\/storage\/images\/media\/sia-medias\/sia-2013\/images\/logo-50-ans\/953208-1-fre-FR\/Logo-50-ans_scalewidthdownonly_570.jpg"},{"@type":"BreadcrumbList","@id":"https:\/\/www.sillon38.com\/blog\/2013\/02\/20\/lhistoire-du-salon-un-demi-siecle-dagriculture-au-coeur\/#breadcrumb","itemListElement":[{"@type":"ListItem","position":1,"name":"Accueil","item":"https:\/\/www.sillon38.com\/blog\/"},{"@type":"ListItem","position":2,"name":"L&rsquo;histoire du salon : un demi-si\u00e8cle d&rsquo;agriculture au coeur&#8230;"}]},{"@type":"WebSite","@id":"https:\/\/www.sillon38.com\/blog\/#website","url":"https:\/\/www.sillon38.com\/blog\/","name":"","description":"Le journal du monde rural","potentialAction":[{"@type":"SearchAction","target":{"@type":"EntryPoint","urlTemplate":"https:\/\/www.sillon38.com\/blog\/?s={search_term_string}"},"query-input":{"@type":"PropertyValueSpecification","valueRequired":true,"valueName":"search_term_string"}}],"inLanguage":"fr-FR"},{"@type":"Person","@id":"https:\/\/www.sillon38.com\/blog\/#\/schema\/person\/72f06b5f0494d1edc8f4e5bf63651ff1","name":"M Coeur"}]}},"_links":{"self":[{"href":"https:\/\/www.sillon38.com\/blog\/wp-json\/wp\/v2\/posts\/34408","targetHints":{"allow":["GET"]}}],"collection":[{"href":"https:\/\/www.sillon38.com\/blog\/wp-json\/wp\/v2\/posts"}],"about":[{"href":"https:\/\/www.sillon38.com\/blog\/wp-json\/wp\/v2\/types\/post"}],"author":[{"embeddable":true,"href":"https:\/\/www.sillon38.com\/blog\/wp-json\/wp\/v2\/users\/2"}],"replies":[{"embeddable":true,"href":"https:\/\/www.sillon38.com\/blog\/wp-json\/wp\/v2\/comments?post=34408"}],"version-history":[{"count":0,"href":"https:\/\/www.sillon38.com\/blog\/wp-json\/wp\/v2\/posts\/34408\/revisions"}],"wp:attachment":[{"href":"https:\/\/www.sillon38.com\/blog\/wp-json\/wp\/v2\/media?parent=34408"}],"wp:term":[{"taxonomy":"category","embeddable":true,"href":"https:\/\/www.sillon38.com\/blog\/wp-json\/wp\/v2\/categories?post=34408"},{"taxonomy":"post_tag","embeddable":true,"href":"https:\/\/www.sillon38.com\/blog\/wp-json\/wp\/v2\/tags?post=34408"}],"curies":[{"name":"wp","href":"https:\/\/api.w.org\/{rel}","templated":true}]}}