{"id":34619,"date":"2013-02-26T15:52:15","date_gmt":"2013-02-26T13:52:15","guid":{"rendered":"http:\/\/staging.sillon38.com\/?p=34619"},"modified":"2013-02-26T15:52:15","modified_gmt":"2013-02-26T13:52:15","slug":"34619-2","status":"publish","type":"post","link":"https:\/\/www.sillon38.com\/blog\/2013\/02\/26\/34619-2\/","title":{"rendered":"Exposition nationale d&rsquo;aviculture: palmar\u00e8s"},"content":{"rendered":"<p><span style=\"color: #333399;\"><strong>Les mauvaises conditions m\u00e9t\u00e9o ont sans doute emp\u00each\u00e9 certains visiteurs \u00e0 se rendre \u00e0 l&rsquo;exposition avicole qui s&rsquo;est d\u00e9roul\u00e9e \u00e0 Beaucroissant.<\/strong><\/span><\/p>\n<p><span style=\"color: #333399;\"><strong> Cela n&#8217;emp\u00eache, cette manifestation, organis\u00e9e tous les deux ans par l&rsquo;union avicole de l&rsquo;Is\u00e8re a connu un grand succ\u00e8s.<\/strong><\/span><\/p>\n<p><img loading=\"lazy\" decoding=\"async\" class=\"aligncenter size-full wp-image-34620\" title=\"palmares pp\" src=\"http:\/\/staging.sillon38.com\/wp-content\/uploads\/2013\/02\/palmares-pp-1.jpg\" alt=\"palmares pp\" width=\"595\" height=\"392\" srcset=\"https:\/\/www.sillon38.com\/blog\/wp-content\/uploads\/2013\/02\/palmares-pp-1.jpg 595w, https:\/\/www.sillon38.com\/blog\/wp-content\/uploads\/2013\/02\/palmares-pp-1-300x198.jpg 300w\" sizes=\"auto, (max-width: 595px) 100vw, 595px\" \/><\/p>\n<p><strong><span style=\"color: #000080;\"> Cliquer sur le titre pour voir notre article:<\/span><\/strong><\/p>\n<p><a title=\"Permanent Link to 67 i\u00e8me Exposition Nationale d\u2019Aviculture: 1100 animaux expos\u00e9s\" rel=\"bookmark\" href=\"http:\/\/staging.sillon38.com\/2013\/02\/23\/34501\/\">67 i\u00e8me Exposition Nationale d\u2019Aviculture: 1100 animaux expos\u00e9s.<\/a><\/p>\n<p><span style=\"color: #000080;\"><strong>Cette exposition est ponctu\u00e9e par plusieurs concours nationaux et r\u00e9gionaux tr\u00e8s attendus par les propri\u00e9taires des animaux. <\/strong><\/span><\/p>\n<p><span style=\"color: #000080;\"><strong>Un concours de tr\u00e8s haut niveau qui a demand\u00e9 beaucoup de professionnalisme de la part des juges.<\/strong><\/span><\/p>\n<p><span style=\"color: #ff6600;\"><strong>Voici le palmar\u00e8s complet 2013<\/strong><\/span><\/p>\n<p><img loading=\"lazy\" decoding=\"async\" class=\"aligncenter size-full wp-image-34621\" title=\"palmares 1\" src=\"http:\/\/staging.sillon38.com\/wp-content\/uploads\/2013\/02\/palmares-1-1.png\" alt=\"palmares 1\" width=\"596\" height=\"612\" srcset=\"https:\/\/www.sillon38.com\/blog\/wp-content\/uploads\/2013\/02\/palmares-1-1.png 596w, https:\/\/www.sillon38.com\/blog\/wp-content\/uploads\/2013\/02\/palmares-1-1-292x300.png 292w\" sizes=\"auto, (max-width: 596px) 100vw, 596px\" \/><img loading=\"lazy\" decoding=\"async\" class=\"aligncenter size-full wp-image-34622\" title=\"palmares2\" src=\"http:\/\/staging.sillon38.com\/wp-content\/uploads\/2013\/02\/palmares2-1.png\" alt=\"palmares2\" width=\"596\" height=\"311\" srcset=\"https:\/\/www.sillon38.com\/blog\/wp-content\/uploads\/2013\/02\/palmares2-1.png 596w, https:\/\/www.sillon38.com\/blog\/wp-content\/uploads\/2013\/02\/palmares2-1-300x157.png 300w\" sizes=\"auto, (max-width: 596px) 100vw, 596px\" \/><img loading=\"lazy\" decoding=\"async\" class=\"aligncenter size-full wp-image-34623\" title=\"palmares3\" src=\"http:\/\/staging.sillon38.com\/wp-content\/uploads\/2013\/02\/palmares3-1.png\" alt=\"palmares3\" width=\"572\" height=\"696\" srcset=\"https:\/\/www.sillon38.com\/blog\/wp-content\/uploads\/2013\/02\/palmares3-1.png 572w, https:\/\/www.sillon38.com\/blog\/wp-content\/uploads\/2013\/02\/palmares3-1-247x300.png 247w\" sizes=\"auto, (max-width: 572px) 100vw, 572px\" \/><img loading=\"lazy\" decoding=\"async\" class=\"aligncenter size-full wp-image-34624\" title=\"palmares4\" src=\"http:\/\/staging.sillon38.com\/wp-content\/uploads\/2013\/02\/palmares4-1.png\" alt=\"palmares4\" width=\"586\" height=\"694\" srcset=\"https:\/\/www.sillon38.com\/blog\/wp-content\/uploads\/2013\/02\/palmares4-1.png 586w, https:\/\/www.sillon38.com\/blog\/wp-content\/uploads\/2013\/02\/palmares4-1-253x300.png 253w\" sizes=\"auto, (max-width: 586px) 100vw, 586px\" \/><\/p>\n","protected":false},"excerpt":{"rendered":"<p>L&rsquo;exposition nationale d&rsquo;aviculture est ponctu\u00e9e par plusieurs concours nationaux et r\u00e9gionaux. Un concours de tr\u00e8s haut niveau qui a demand\u00e9 beaucoup de professionnalisme de la part des juges.<\/p>\n","protected":false},"author":2,"featured_media":0,"comment_status":"open","ping_status":"open","sticky":false,"template":"","format":"standard","meta":{"footnotes":""},"categories":[27],"tags":[710,5527],"class_list":["post-34619","post","type-post","status-publish","format-standard","hentry","category-foiressalons","tag-beaucroissant","tag-union-avicole-de-lisere"],"yoast_head":"<!-- This site is optimized with the Yoast SEO plugin v27.5 - https:\/\/yoast.com\/product\/yoast-seo-wordpress\/ -->\n<title>Exposition nationale d&#039;aviculture: palmar\u00e8s -<\/title>\n<meta name=\"robots\" content=\"index, follow, max-snippet:-1, max-image-preview:large, max-video-preview:-1\" \/>\n<link rel=\"canonical\" href=\"https:\/\/www.sillon38.com\/blog\/2013\/02\/26\/34619-2\/\" \/>\n<meta property=\"og:locale\" content=\"fr_FR\" \/>\n<meta property=\"og:type\" content=\"article\" \/>\n<meta property=\"og:title\" content=\"Exposition nationale d&#039;aviculture: palmar\u00e8s -\" \/>\n<meta property=\"og:description\" content=\"L&#039;exposition nationale d&#039;aviculture est ponctu\u00e9e par plusieurs concours nationaux et r\u00e9gionaux. Un concours de tr\u00e8s haut niveau qui a demand\u00e9 beaucoup de professionnalisme de la part des juges.\" \/>\n<meta property=\"og:url\" content=\"https:\/\/www.sillon38.com\/blog\/2013\/02\/26\/34619-2\/\" \/>\n<meta property=\"article:published_time\" content=\"2013-02-26T13:52:15+00:00\" \/>\n<meta property=\"og:image\" content=\"http:\/\/staging.sillon38.com\/wp-content\/uploads\/2013\/02\/palmares-pp-1.jpg\" \/>\n<meta name=\"author\" content=\"M Coeur\" \/>\n<meta name=\"twitter:card\" content=\"summary_large_image\" \/>\n<meta name=\"twitter:label1\" content=\"\u00c9crit par\" \/>\n\t<meta name=\"twitter:data1\" content=\"M Coeur\" \/>\n\t<meta name=\"twitter:label2\" content=\"Dur\u00e9e de lecture estim\u00e9e\" \/>\n\t<meta name=\"twitter:data2\" content=\"1 minute\" \/>\n<script type=\"application\/ld+json\" class=\"yoast-schema-graph\">{\"@context\":\"https:\\\/\\\/schema.org\",\"@graph\":[{\"@type\":\"Article\",\"@id\":\"https:\\\/\\\/www.sillon38.com\\\/blog\\\/2013\\\/02\\\/26\\\/34619-2\\\/#article\",\"isPartOf\":{\"@id\":\"https:\\\/\\\/www.sillon38.com\\\/blog\\\/2013\\\/02\\\/26\\\/34619-2\\\/\"},\"author\":{\"name\":\"M Coeur\",\"@id\":\"https:\\\/\\\/www.sillon38.com\\\/blog\\\/#\\\/schema\\\/person\\\/72f06b5f0494d1edc8f4e5bf63651ff1\"},\"headline\":\"Exposition nationale d&rsquo;aviculture: palmar\u00e8s\",\"datePublished\":\"2013-02-26T13:52:15+00:00\",\"mainEntityOfPage\":{\"@id\":\"https:\\\/\\\/www.sillon38.com\\\/blog\\\/2013\\\/02\\\/26\\\/34619-2\\\/\"},\"wordCount\":118,\"commentCount\":0,\"image\":{\"@id\":\"https:\\\/\\\/www.sillon38.com\\\/blog\\\/2013\\\/02\\\/26\\\/34619-2\\\/#primaryimage\"},\"thumbnailUrl\":\"http:\\\/\\\/staging.sillon38.com\\\/wp-content\\\/uploads\\\/2013\\\/02\\\/palmares-pp-1.jpg\",\"keywords\":[\"Beaucroissant\",\"union avicole de l'Is\u00e8re\"],\"articleSection\":[\"foires\\\/salons\"],\"inLanguage\":\"fr-FR\",\"potentialAction\":[{\"@type\":\"CommentAction\",\"name\":\"Comment\",\"target\":[\"https:\\\/\\\/www.sillon38.com\\\/blog\\\/2013\\\/02\\\/26\\\/34619-2\\\/#respond\"]}]},{\"@type\":\"WebPage\",\"@id\":\"https:\\\/\\\/www.sillon38.com\\\/blog\\\/2013\\\/02\\\/26\\\/34619-2\\\/\",\"url\":\"https:\\\/\\\/www.sillon38.com\\\/blog\\\/2013\\\/02\\\/26\\\/34619-2\\\/\",\"name\":\"Exposition nationale d'aviculture: palmar\u00e8s -\",\"isPartOf\":{\"@id\":\"https:\\\/\\\/www.sillon38.com\\\/blog\\\/#website\"},\"primaryImageOfPage\":{\"@id\":\"https:\\\/\\\/www.sillon38.com\\\/blog\\\/2013\\\/02\\\/26\\\/34619-2\\\/#primaryimage\"},\"image\":{\"@id\":\"https:\\\/\\\/www.sillon38.com\\\/blog\\\/2013\\\/02\\\/26\\\/34619-2\\\/#primaryimage\"},\"thumbnailUrl\":\"http:\\\/\\\/staging.sillon38.com\\\/wp-content\\\/uploads\\\/2013\\\/02\\\/palmares-pp-1.jpg\",\"datePublished\":\"2013-02-26T13:52:15+00:00\",\"author\":{\"@id\":\"https:\\\/\\\/www.sillon38.com\\\/blog\\\/#\\\/schema\\\/person\\\/72f06b5f0494d1edc8f4e5bf63651ff1\"},\"breadcrumb\":{\"@id\":\"https:\\\/\\\/www.sillon38.com\\\/blog\\\/2013\\\/02\\\/26\\\/34619-2\\\/#breadcrumb\"},\"inLanguage\":\"fr-FR\",\"potentialAction\":[{\"@type\":\"ReadAction\",\"target\":[\"https:\\\/\\\/www.sillon38.com\\\/blog\\\/2013\\\/02\\\/26\\\/34619-2\\\/\"]}]},{\"@type\":\"ImageObject\",\"inLanguage\":\"fr-FR\",\"@id\":\"https:\\\/\\\/www.sillon38.com\\\/blog\\\/2013\\\/02\\\/26\\\/34619-2\\\/#primaryimage\",\"url\":\"http:\\\/\\\/staging.sillon38.com\\\/wp-content\\\/uploads\\\/2013\\\/02\\\/palmares-pp-1.jpg\",\"contentUrl\":\"http:\\\/\\\/staging.sillon38.com\\\/wp-content\\\/uploads\\\/2013\\\/02\\\/palmares-pp-1.jpg\"},{\"@type\":\"BreadcrumbList\",\"@id\":\"https:\\\/\\\/www.sillon38.com\\\/blog\\\/2013\\\/02\\\/26\\\/34619-2\\\/#breadcrumb\",\"itemListElement\":[{\"@type\":\"ListItem\",\"position\":1,\"name\":\"Accueil\",\"item\":\"https:\\\/\\\/www.sillon38.com\\\/blog\\\/\"},{\"@type\":\"ListItem\",\"position\":2,\"name\":\"Exposition nationale d&rsquo;aviculture: palmar\u00e8s\"}]},{\"@type\":\"WebSite\",\"@id\":\"https:\\\/\\\/www.sillon38.com\\\/blog\\\/#website\",\"url\":\"https:\\\/\\\/www.sillon38.com\\\/blog\\\/\",\"name\":\"\",\"description\":\"Le journal du monde rural\",\"potentialAction\":[{\"@type\":\"SearchAction\",\"target\":{\"@type\":\"EntryPoint\",\"urlTemplate\":\"https:\\\/\\\/www.sillon38.com\\\/blog\\\/?s={search_term_string}\"},\"query-input\":{\"@type\":\"PropertyValueSpecification\",\"valueRequired\":true,\"valueName\":\"search_term_string\"}}],\"inLanguage\":\"fr-FR\"},{\"@type\":\"Person\",\"@id\":\"https:\\\/\\\/www.sillon38.com\\\/blog\\\/#\\\/schema\\\/person\\\/72f06b5f0494d1edc8f4e5bf63651ff1\",\"name\":\"M Coeur\"}]}<\/script>\n<!-- \/ Yoast SEO plugin. -->","yoast_head_json":{"title":"Exposition nationale d'aviculture: palmar\u00e8s -","robots":{"index":"index","follow":"follow","max-snippet":"max-snippet:-1","max-image-preview":"max-image-preview:large","max-video-preview":"max-video-preview:-1"},"canonical":"https:\/\/www.sillon38.com\/blog\/2013\/02\/26\/34619-2\/","og_locale":"fr_FR","og_type":"article","og_title":"Exposition nationale d'aviculture: palmar\u00e8s -","og_description":"L'exposition nationale d'aviculture est ponctu\u00e9e par plusieurs concours nationaux et r\u00e9gionaux. Un concours de tr\u00e8s haut niveau qui a demand\u00e9 beaucoup de professionnalisme de la part des juges.","og_url":"https:\/\/www.sillon38.com\/blog\/2013\/02\/26\/34619-2\/","article_published_time":"2013-02-26T13:52:15+00:00","og_image":[{"url":"http:\/\/staging.sillon38.com\/wp-content\/uploads\/2013\/02\/palmares-pp-1.jpg","type":"","width":"","height":""}],"author":"M Coeur","twitter_card":"summary_large_image","twitter_misc":{"\u00c9crit par":"M Coeur","Dur\u00e9e de lecture estim\u00e9e":"1 minute"},"schema":{"@context":"https:\/\/schema.org","@graph":[{"@type":"Article","@id":"https:\/\/www.sillon38.com\/blog\/2013\/02\/26\/34619-2\/#article","isPartOf":{"@id":"https:\/\/www.sillon38.com\/blog\/2013\/02\/26\/34619-2\/"},"author":{"name":"M Coeur","@id":"https:\/\/www.sillon38.com\/blog\/#\/schema\/person\/72f06b5f0494d1edc8f4e5bf63651ff1"},"headline":"Exposition nationale d&rsquo;aviculture: palmar\u00e8s","datePublished":"2013-02-26T13:52:15+00:00","mainEntityOfPage":{"@id":"https:\/\/www.sillon38.com\/blog\/2013\/02\/26\/34619-2\/"},"wordCount":118,"commentCount":0,"image":{"@id":"https:\/\/www.sillon38.com\/blog\/2013\/02\/26\/34619-2\/#primaryimage"},"thumbnailUrl":"http:\/\/staging.sillon38.com\/wp-content\/uploads\/2013\/02\/palmares-pp-1.jpg","keywords":["Beaucroissant","union avicole de l'Is\u00e8re"],"articleSection":["foires\/salons"],"inLanguage":"fr-FR","potentialAction":[{"@type":"CommentAction","name":"Comment","target":["https:\/\/www.sillon38.com\/blog\/2013\/02\/26\/34619-2\/#respond"]}]},{"@type":"WebPage","@id":"https:\/\/www.sillon38.com\/blog\/2013\/02\/26\/34619-2\/","url":"https:\/\/www.sillon38.com\/blog\/2013\/02\/26\/34619-2\/","name":"Exposition nationale d'aviculture: palmar\u00e8s -","isPartOf":{"@id":"https:\/\/www.sillon38.com\/blog\/#website"},"primaryImageOfPage":{"@id":"https:\/\/www.sillon38.com\/blog\/2013\/02\/26\/34619-2\/#primaryimage"},"image":{"@id":"https:\/\/www.sillon38.com\/blog\/2013\/02\/26\/34619-2\/#primaryimage"},"thumbnailUrl":"http:\/\/staging.sillon38.com\/wp-content\/uploads\/2013\/02\/palmares-pp-1.jpg","datePublished":"2013-02-26T13:52:15+00:00","author":{"@id":"https:\/\/www.sillon38.com\/blog\/#\/schema\/person\/72f06b5f0494d1edc8f4e5bf63651ff1"},"breadcrumb":{"@id":"https:\/\/www.sillon38.com\/blog\/2013\/02\/26\/34619-2\/#breadcrumb"},"inLanguage":"fr-FR","potentialAction":[{"@type":"ReadAction","target":["https:\/\/www.sillon38.com\/blog\/2013\/02\/26\/34619-2\/"]}]},{"@type":"ImageObject","inLanguage":"fr-FR","@id":"https:\/\/www.sillon38.com\/blog\/2013\/02\/26\/34619-2\/#primaryimage","url":"http:\/\/staging.sillon38.com\/wp-content\/uploads\/2013\/02\/palmares-pp-1.jpg","contentUrl":"http:\/\/staging.sillon38.com\/wp-content\/uploads\/2013\/02\/palmares-pp-1.jpg"},{"@type":"BreadcrumbList","@id":"https:\/\/www.sillon38.com\/blog\/2013\/02\/26\/34619-2\/#breadcrumb","itemListElement":[{"@type":"ListItem","position":1,"name":"Accueil","item":"https:\/\/www.sillon38.com\/blog\/"},{"@type":"ListItem","position":2,"name":"Exposition nationale d&rsquo;aviculture: palmar\u00e8s"}]},{"@type":"WebSite","@id":"https:\/\/www.sillon38.com\/blog\/#website","url":"https:\/\/www.sillon38.com\/blog\/","name":"","description":"Le journal du monde rural","potentialAction":[{"@type":"SearchAction","target":{"@type":"EntryPoint","urlTemplate":"https:\/\/www.sillon38.com\/blog\/?s={search_term_string}"},"query-input":{"@type":"PropertyValueSpecification","valueRequired":true,"valueName":"search_term_string"}}],"inLanguage":"fr-FR"},{"@type":"Person","@id":"https:\/\/www.sillon38.com\/blog\/#\/schema\/person\/72f06b5f0494d1edc8f4e5bf63651ff1","name":"M Coeur"}]}},"_links":{"self":[{"href":"https:\/\/www.sillon38.com\/blog\/wp-json\/wp\/v2\/posts\/34619","targetHints":{"allow":["GET"]}}],"collection":[{"href":"https:\/\/www.sillon38.com\/blog\/wp-json\/wp\/v2\/posts"}],"about":[{"href":"https:\/\/www.sillon38.com\/blog\/wp-json\/wp\/v2\/types\/post"}],"author":[{"embeddable":true,"href":"https:\/\/www.sillon38.com\/blog\/wp-json\/wp\/v2\/users\/2"}],"replies":[{"embeddable":true,"href":"https:\/\/www.sillon38.com\/blog\/wp-json\/wp\/v2\/comments?post=34619"}],"version-history":[{"count":0,"href":"https:\/\/www.sillon38.com\/blog\/wp-json\/wp\/v2\/posts\/34619\/revisions"}],"wp:attachment":[{"href":"https:\/\/www.sillon38.com\/blog\/wp-json\/wp\/v2\/media?parent=34619"}],"wp:term":[{"taxonomy":"category","embeddable":true,"href":"https:\/\/www.sillon38.com\/blog\/wp-json\/wp\/v2\/categories?post=34619"},{"taxonomy":"post_tag","embeddable":true,"href":"https:\/\/www.sillon38.com\/blog\/wp-json\/wp\/v2\/tags?post=34619"}],"curies":[{"name":"wp","href":"https:\/\/api.w.org\/{rel}","templated":true}]}}