{"id":35955,"date":"2013-04-04T22:18:55","date_gmt":"2013-04-04T20:18:55","guid":{"rendered":"http:\/\/staging.sillon38.com\/?p=35955"},"modified":"2013-04-04T22:18:55","modified_gmt":"2013-04-04T20:18:55","slug":"assemblee-general-de-ladabel","status":"publish","type":"post","link":"https:\/\/www.sillon38.com\/blog\/2013\/04\/04\/assemblee-general-de-ladabel\/","title":{"rendered":"Assembl\u00e9e g\u00e9n\u00e9rale de l&rsquo;ADABEL"},"content":{"rendered":"<p><span style=\"color: #000080;\"><strong>L&rsquo;association pour le d\u00e9veloppement de l&rsquo;agriculture en Belledonne organise son AG le mardi 9 avril \u00e0 partir de 19h00 \u00e0 l&rsquo;auberge des Charri\u00e8res \u00e0 HERBEYS.<\/strong><\/span><\/p>\n<p><span style=\"color: #ff6600;\"><strong>AU PROGRAMME<\/strong><\/span><\/p>\n<p><span style=\"color: #000080;\"> 19H30: Buffet ap\u00e9ritif, pr\u00e9par\u00e9 par l&rsquo;auberge des Charri\u00e8res<\/span><\/p>\n<div style=\"font-size: 14.6667px; left: 275.067px; top: 152.267px; transform: scale(1.11163, 1); transform-origin: 0% 0% 0px;\" dir=\"ltr\"><span style=\"color: #000080;\">19h45 :Assembl\u00e9e G\u00e9n\u00e9rale statutaire:<\/span><\/div>\n<div style=\"font-size: 14px; left: 76.5333px; top: 171.2px; transform: scale(1.02586, 1); transform-origin: 0% 0% 0px;\" dir=\"ltr\"><span style=\"color: #000080;\">Rapport moral,<\/span><\/div>\n<div style=\"font-size: 14px; left: 76.5333px; top: 188.667px; transform: scale(1.03177, 1); transform-origin: 0% 0% 0px;\" dir=\"ltr\"><span style=\"color: #000080;\">Rapport d\u2019activit\u00e9s 2012,<\/span><\/div>\n<div style=\"font-size: 14px; left: 76.5333px; top: 206.267px; transform: scale(1.01915, 1); transform-origin: 0% 0% 0px;\" dir=\"ltr\"><span style=\"color: #000080;\">Rapport financier 2012,<\/span><\/div>\n<div style=\"font-size: 14px; left: 76.5333px; top: 223.733px; transform: scale(1.01746, 1); transform-origin: 0% 0% 0px;\" dir=\"ltr\"><span style=\"color: #000080;\">Validation du budget 2013,<\/span><\/div>\n<div style=\"font-size: 14px; left: 76.5333px; top: 241.333px; transform: scale(1.01052, 1); transform-origin: 0% 0% 0px;\" dir=\"ltr\"><span style=\"color: #000080;\">Renouvellement du Conseil d&rsquo;Administration.<\/span><\/div>\n<blockquote>\n<div style=\"font-size: 14px; left: 76.5333px; top: 241.333px; transform: scale(1.01052, 1); transform-origin: 0% 0% 0px;\" dir=\"ltr\"><span style=\"color: #000080;\"><br \/>\n<\/span><\/div>\n<div style=\"font-size: 18.6667px; left: 299.733px; top: 358.533px; transform: scale(0.995977, 1); transform-origin: 0% 0% 0px;\" dir=\"ltr\"><span style=\"color: #000080;\">20h45: ECHANGES &#8211; DEBAT<\/span><\/div>\n<div style=\"font-size: 18.6667px; left: 299.733px; top: 358.533px; transform: scale(0.995977, 1); transform-origin: 0% 0% 0px;\" dir=\"ltr\"><span style=\"color: #000080;\"><br \/>\n<\/span><\/div>\n<div style=\"font-size: 17.3333px; left: 630px; top: 395.2px; transform: scale(0.786298, 1); transform-origin: 0% 0% 0px;\" dir=\"ltr\"><span style=\"color: #000080;\">Que peut apporter un PARC Naturel R\u00e9gional \u00e0 l&rsquo;agriculture?<\/span><\/div>\n<div style=\"font-size: 17.3333px; left: 525.467px; top: 425.467px; transform: scale(0.786298, 1); transform-origin: 0% 0% 0px;\" dir=\"ltr\"><span style=\"color: #000080;\">Quels b\u00e9n\u00e9fices? Des contraintes ?<\/span><\/div>\n<div style=\"font-size: 14.6667px; left: 597.867px; top: 455.867px; transform: scale(0.798363, 1); transform-origin: 0% 0% 0px;\" dir=\"ltr\"><span style=\"color: #000080;\">Qu&rsquo;attendent les agriculteurs de Belledonne?  Que craignent-ils?<\/span><\/div>\n<div style=\"font-size: 14.6667px; left: 580.8px; top: 481.333px; transform: scale(0.66045, 1); transform-origin: 0% 0% 0px;\" dir=\"ltr\"><span style=\"color: #000080;\">Comment construire un projet qui r\u00e9pondent aux besoins?<\/span><\/div>\n<div style=\"font-size: 14.6667px; left: 580.8px; top: 481.333px; transform: scale(0.66045, 1); transform-origin: 0% 0% 0px;\" dir=\"ltr\"><span style=\"color: #000080;\"><br \/>\n<\/span><\/div>\n<div style=\"font-size: 16px; left: 109.867px; top: 510.4px; transform: scale(1.06358, 1); transform-origin: 0% 0% 0px;\" dir=\"ltr\"><span style=\"color: #000080;\">Table-ronde avec des agriculteurs des Parcs de Chartreuse et du Vercors. <\/span><\/div>\n<div style=\"font-size: 16px; left: 109.867px; top: 510.4px; transform: scale(1.06358, 1); transform-origin: 0% 0% 0px;\" dir=\"ltr\"><span style=\"color: #000080;\"><br \/>\n<\/span><\/div>\n<\/blockquote>\n<div style=\"font-size: 20px; left: 119.2px; top: 590.667px; transform: scale(1.08944, 1); transform-origin: 0% 0% 0px;\" dir=\"ltr\"><span style=\"color: #000080;\">22h: Buffet sucr\u00e9<br \/>\n<\/span><\/div>\n<div style=\"font-size: 10.6667px; left: 247.2px; top: 600px; transform: scale(1.00077, 1); transform-origin: 0% 0% 0px;\" dir=\"ltr\"><span style=\"color: #000080;\">pr\u00e9par\u00e9 par l&rsquo;auberge des Charri\u00e8res<\/span><\/div>\n<blockquote>\n<div style=\"font-size: 10.6667px; left: 247.2px; top: 600px; transform: scale(1.00077, 1); transform-origin: 0% 0% 0px;\" dir=\"ltr\"><\/div>\n<div style=\"font-size: 10.6667px; left: 247.2px; top: 600px; transform: scale(1.00077, 1); transform-origin: 0% 0% 0px;\" dir=\"ltr\"><span style=\"color: #ff6600;\"><strong><br \/>\n<\/strong><\/span><\/p>\n<div style=\"font-size: 14px; left: 396.933px; top: 71.7333px; transform: scale(0.972568, 1); transform-origin: 0% 0% 0px;\" dir=\"ltr\"><span style=\"color: #ff6600;\"><strong>Rendez-vous \u00e0 l&rsquo;auberge des Charri\u00e8res,<\/strong><\/span><\/div>\n<div style=\"font-size: 14px; left: 396.933px; top: 88.6666px; transform: scale(0.980169, 1); transform-origin: 0% 0% 0px;\" dir=\"ltr\"><span style=\"color: #ff6600;\"><strong>967 Chemin des Terres, Le Noyaret<\/strong><\/span><\/div>\n<\/div>\n<div style=\"font-size: 14px; left: 408.667px; top: 105.6px; transform: scale(0.985304, 1); transform-origin: 0% 0% 0px;\" dir=\"ltr\"><span style=\"color: #ff6600;\"><strong>\u00e0 HERBEYS<\/strong><\/span><\/div>\n<\/blockquote>\n","protected":false},"excerpt":{"rendered":"<p>L&rsquo;association pour le d\u00e9veloppement de l&rsquo;agriculture en Belledonne organise son AG le mardi 9 avril.<\/p>\n","protected":false},"author":2,"featured_media":0,"comment_status":"open","ping_status":"open","sticky":false,"template":"","format":"standard","meta":{"footnotes":""},"categories":[44],"tags":[190],"class_list":["post-35955","post","type-post","status-publish","format-standard","hentry","category-massif-de-belledonne","tag-adabel"],"yoast_head":"<!-- This site is optimized with the Yoast SEO plugin v27.5 - https:\/\/yoast.com\/product\/yoast-seo-wordpress\/ -->\n<title>Assembl\u00e9e g\u00e9n\u00e9rale de l&#039;ADABEL -<\/title>\n<meta name=\"robots\" content=\"index, follow, max-snippet:-1, max-image-preview:large, max-video-preview:-1\" \/>\n<link rel=\"canonical\" href=\"https:\/\/www.sillon38.com\/blog\/2013\/04\/04\/assemblee-general-de-ladabel\/\" \/>\n<meta property=\"og:locale\" content=\"fr_FR\" \/>\n<meta property=\"og:type\" content=\"article\" \/>\n<meta property=\"og:title\" content=\"Assembl\u00e9e g\u00e9n\u00e9rale de l&#039;ADABEL -\" \/>\n<meta property=\"og:description\" content=\"L&#039;association pour le d\u00e9veloppement de l&#039;agriculture en Belledonne organise son AG le mardi 9 avril.\" \/>\n<meta property=\"og:url\" content=\"https:\/\/www.sillon38.com\/blog\/2013\/04\/04\/assemblee-general-de-ladabel\/\" \/>\n<meta property=\"article:published_time\" content=\"2013-04-04T20:18:55+00:00\" \/>\n<meta name=\"author\" content=\"M Coeur\" \/>\n<meta name=\"twitter:card\" content=\"summary_large_image\" \/>\n<meta name=\"twitter:label1\" content=\"\u00c9crit par\" \/>\n\t<meta name=\"twitter:data1\" content=\"M Coeur\" \/>\n\t<meta name=\"twitter:label2\" content=\"Dur\u00e9e de lecture estim\u00e9e\" \/>\n\t<meta name=\"twitter:data2\" content=\"1 minute\" \/>\n<script type=\"application\/ld+json\" class=\"yoast-schema-graph\">{\"@context\":\"https:\\\/\\\/schema.org\",\"@graph\":[{\"@type\":\"Article\",\"@id\":\"https:\\\/\\\/www.sillon38.com\\\/blog\\\/2013\\\/04\\\/04\\\/assemblee-general-de-ladabel\\\/#article\",\"isPartOf\":{\"@id\":\"https:\\\/\\\/www.sillon38.com\\\/blog\\\/2013\\\/04\\\/04\\\/assemblee-general-de-ladabel\\\/\"},\"author\":{\"name\":\"M Coeur\",\"@id\":\"https:\\\/\\\/www.sillon38.com\\\/blog\\\/#\\\/schema\\\/person\\\/72f06b5f0494d1edc8f4e5bf63651ff1\"},\"headline\":\"Assembl\u00e9e g\u00e9n\u00e9rale de l&rsquo;ADABEL\",\"datePublished\":\"2013-04-04T20:18:55+00:00\",\"mainEntityOfPage\":{\"@id\":\"https:\\\/\\\/www.sillon38.com\\\/blog\\\/2013\\\/04\\\/04\\\/assemblee-general-de-ladabel\\\/\"},\"wordCount\":142,\"commentCount\":0,\"keywords\":[\"ADABEL\"],\"articleSection\":[\"massif de Belledonne\"],\"inLanguage\":\"fr-FR\",\"potentialAction\":[{\"@type\":\"CommentAction\",\"name\":\"Comment\",\"target\":[\"https:\\\/\\\/www.sillon38.com\\\/blog\\\/2013\\\/04\\\/04\\\/assemblee-general-de-ladabel\\\/#respond\"]}]},{\"@type\":\"WebPage\",\"@id\":\"https:\\\/\\\/www.sillon38.com\\\/blog\\\/2013\\\/04\\\/04\\\/assemblee-general-de-ladabel\\\/\",\"url\":\"https:\\\/\\\/www.sillon38.com\\\/blog\\\/2013\\\/04\\\/04\\\/assemblee-general-de-ladabel\\\/\",\"name\":\"Assembl\u00e9e g\u00e9n\u00e9rale de l'ADABEL -\",\"isPartOf\":{\"@id\":\"https:\\\/\\\/www.sillon38.com\\\/blog\\\/#website\"},\"datePublished\":\"2013-04-04T20:18:55+00:00\",\"author\":{\"@id\":\"https:\\\/\\\/www.sillon38.com\\\/blog\\\/#\\\/schema\\\/person\\\/72f06b5f0494d1edc8f4e5bf63651ff1\"},\"breadcrumb\":{\"@id\":\"https:\\\/\\\/www.sillon38.com\\\/blog\\\/2013\\\/04\\\/04\\\/assemblee-general-de-ladabel\\\/#breadcrumb\"},\"inLanguage\":\"fr-FR\",\"potentialAction\":[{\"@type\":\"ReadAction\",\"target\":[\"https:\\\/\\\/www.sillon38.com\\\/blog\\\/2013\\\/04\\\/04\\\/assemblee-general-de-ladabel\\\/\"]}]},{\"@type\":\"BreadcrumbList\",\"@id\":\"https:\\\/\\\/www.sillon38.com\\\/blog\\\/2013\\\/04\\\/04\\\/assemblee-general-de-ladabel\\\/#breadcrumb\",\"itemListElement\":[{\"@type\":\"ListItem\",\"position\":1,\"name\":\"Accueil\",\"item\":\"https:\\\/\\\/www.sillon38.com\\\/blog\\\/\"},{\"@type\":\"ListItem\",\"position\":2,\"name\":\"Assembl\u00e9e g\u00e9n\u00e9rale de l&rsquo;ADABEL\"}]},{\"@type\":\"WebSite\",\"@id\":\"https:\\\/\\\/www.sillon38.com\\\/blog\\\/#website\",\"url\":\"https:\\\/\\\/www.sillon38.com\\\/blog\\\/\",\"name\":\"\",\"description\":\"Le journal du monde rural\",\"potentialAction\":[{\"@type\":\"SearchAction\",\"target\":{\"@type\":\"EntryPoint\",\"urlTemplate\":\"https:\\\/\\\/www.sillon38.com\\\/blog\\\/?s={search_term_string}\"},\"query-input\":{\"@type\":\"PropertyValueSpecification\",\"valueRequired\":true,\"valueName\":\"search_term_string\"}}],\"inLanguage\":\"fr-FR\"},{\"@type\":\"Person\",\"@id\":\"https:\\\/\\\/www.sillon38.com\\\/blog\\\/#\\\/schema\\\/person\\\/72f06b5f0494d1edc8f4e5bf63651ff1\",\"name\":\"M Coeur\"}]}<\/script>\n<!-- \/ Yoast SEO plugin. -->","yoast_head_json":{"title":"Assembl\u00e9e g\u00e9n\u00e9rale de l'ADABEL -","robots":{"index":"index","follow":"follow","max-snippet":"max-snippet:-1","max-image-preview":"max-image-preview:large","max-video-preview":"max-video-preview:-1"},"canonical":"https:\/\/www.sillon38.com\/blog\/2013\/04\/04\/assemblee-general-de-ladabel\/","og_locale":"fr_FR","og_type":"article","og_title":"Assembl\u00e9e g\u00e9n\u00e9rale de l'ADABEL -","og_description":"L'association pour le d\u00e9veloppement de l'agriculture en Belledonne organise son AG le mardi 9 avril.","og_url":"https:\/\/www.sillon38.com\/blog\/2013\/04\/04\/assemblee-general-de-ladabel\/","article_published_time":"2013-04-04T20:18:55+00:00","author":"M Coeur","twitter_card":"summary_large_image","twitter_misc":{"\u00c9crit par":"M Coeur","Dur\u00e9e de lecture estim\u00e9e":"1 minute"},"schema":{"@context":"https:\/\/schema.org","@graph":[{"@type":"Article","@id":"https:\/\/www.sillon38.com\/blog\/2013\/04\/04\/assemblee-general-de-ladabel\/#article","isPartOf":{"@id":"https:\/\/www.sillon38.com\/blog\/2013\/04\/04\/assemblee-general-de-ladabel\/"},"author":{"name":"M Coeur","@id":"https:\/\/www.sillon38.com\/blog\/#\/schema\/person\/72f06b5f0494d1edc8f4e5bf63651ff1"},"headline":"Assembl\u00e9e g\u00e9n\u00e9rale de l&rsquo;ADABEL","datePublished":"2013-04-04T20:18:55+00:00","mainEntityOfPage":{"@id":"https:\/\/www.sillon38.com\/blog\/2013\/04\/04\/assemblee-general-de-ladabel\/"},"wordCount":142,"commentCount":0,"keywords":["ADABEL"],"articleSection":["massif de Belledonne"],"inLanguage":"fr-FR","potentialAction":[{"@type":"CommentAction","name":"Comment","target":["https:\/\/www.sillon38.com\/blog\/2013\/04\/04\/assemblee-general-de-ladabel\/#respond"]}]},{"@type":"WebPage","@id":"https:\/\/www.sillon38.com\/blog\/2013\/04\/04\/assemblee-general-de-ladabel\/","url":"https:\/\/www.sillon38.com\/blog\/2013\/04\/04\/assemblee-general-de-ladabel\/","name":"Assembl\u00e9e g\u00e9n\u00e9rale de l'ADABEL -","isPartOf":{"@id":"https:\/\/www.sillon38.com\/blog\/#website"},"datePublished":"2013-04-04T20:18:55+00:00","author":{"@id":"https:\/\/www.sillon38.com\/blog\/#\/schema\/person\/72f06b5f0494d1edc8f4e5bf63651ff1"},"breadcrumb":{"@id":"https:\/\/www.sillon38.com\/blog\/2013\/04\/04\/assemblee-general-de-ladabel\/#breadcrumb"},"inLanguage":"fr-FR","potentialAction":[{"@type":"ReadAction","target":["https:\/\/www.sillon38.com\/blog\/2013\/04\/04\/assemblee-general-de-ladabel\/"]}]},{"@type":"BreadcrumbList","@id":"https:\/\/www.sillon38.com\/blog\/2013\/04\/04\/assemblee-general-de-ladabel\/#breadcrumb","itemListElement":[{"@type":"ListItem","position":1,"name":"Accueil","item":"https:\/\/www.sillon38.com\/blog\/"},{"@type":"ListItem","position":2,"name":"Assembl\u00e9e g\u00e9n\u00e9rale de l&rsquo;ADABEL"}]},{"@type":"WebSite","@id":"https:\/\/www.sillon38.com\/blog\/#website","url":"https:\/\/www.sillon38.com\/blog\/","name":"","description":"Le journal du monde rural","potentialAction":[{"@type":"SearchAction","target":{"@type":"EntryPoint","urlTemplate":"https:\/\/www.sillon38.com\/blog\/?s={search_term_string}"},"query-input":{"@type":"PropertyValueSpecification","valueRequired":true,"valueName":"search_term_string"}}],"inLanguage":"fr-FR"},{"@type":"Person","@id":"https:\/\/www.sillon38.com\/blog\/#\/schema\/person\/72f06b5f0494d1edc8f4e5bf63651ff1","name":"M Coeur"}]}},"_links":{"self":[{"href":"https:\/\/www.sillon38.com\/blog\/wp-json\/wp\/v2\/posts\/35955","targetHints":{"allow":["GET"]}}],"collection":[{"href":"https:\/\/www.sillon38.com\/blog\/wp-json\/wp\/v2\/posts"}],"about":[{"href":"https:\/\/www.sillon38.com\/blog\/wp-json\/wp\/v2\/types\/post"}],"author":[{"embeddable":true,"href":"https:\/\/www.sillon38.com\/blog\/wp-json\/wp\/v2\/users\/2"}],"replies":[{"embeddable":true,"href":"https:\/\/www.sillon38.com\/blog\/wp-json\/wp\/v2\/comments?post=35955"}],"version-history":[{"count":0,"href":"https:\/\/www.sillon38.com\/blog\/wp-json\/wp\/v2\/posts\/35955\/revisions"}],"wp:attachment":[{"href":"https:\/\/www.sillon38.com\/blog\/wp-json\/wp\/v2\/media?parent=35955"}],"wp:term":[{"taxonomy":"category","embeddable":true,"href":"https:\/\/www.sillon38.com\/blog\/wp-json\/wp\/v2\/categories?post=35955"},{"taxonomy":"post_tag","embeddable":true,"href":"https:\/\/www.sillon38.com\/blog\/wp-json\/wp\/v2\/tags?post=35955"}],"curies":[{"name":"wp","href":"https:\/\/api.w.org\/{rel}","templated":true}]}}