{"id":36482,"date":"2013-04-27T21:14:39","date_gmt":"2013-04-27T19:14:39","guid":{"rendered":"http:\/\/staging.sillon38.com\/?p=36482"},"modified":"2013-04-27T21:14:39","modified_gmt":"2013-04-27T19:14:39","slug":"quelle-place-demain-pour-le-monde-rural","status":"publish","type":"post","link":"https:\/\/www.sillon38.com\/blog\/2013\/04\/27\/quelle-place-demain-pour-le-monde-rural\/","title":{"rendered":"Quelle place, demain, pour le monde rural ?"},"content":{"rendered":"<p style=\"margin: 0px 0px 20px; padding: 0px; border: 0px; font-family: Helvetica, Arial, sans-serif; font-size: 12px; font-style: normal; font-variant: normal; font-weight: normal; line-height: 16px; vertical-align: baseline; color: #1a171b; letter-spacing: normal; orphans: auto; text-indent: 0px; text-transform: none; white-space: normal; widows: auto; word-spacing: 0px; -webkit-text-size-adjust: auto; -webkit-text-stroke-width: 0px; background-color: #ffffff; text-align: justify;\">Le Groupe Monde Rural s&rsquo;alarme de voir l&rsquo;am\u00e9nagement du territoire redessin\u00e9 \u00e0 partir des m\u00e9tropoles, niant au passage le fait rural.<\/p>\n<p style=\"margin: 0px 0px 20px; padding: 0px; border: 0px; font-family: Helvetica, Arial, sans-serif; font-size: 12px; font-style: normal; font-variant: normal; font-weight: normal; line-height: 16px; vertical-align: baseline; color: #1a171b; letter-spacing: normal; orphans: auto; text-indent: 0px; text-transform: none; white-space: normal; widows: auto; word-spacing: 0px; -webkit-text-size-adjust: auto; -webkit-text-stroke-width: 0px; background-color: #ffffff; text-align: justify;\">En outre, pour le Groupe Monde Rural, la diminution de moiti\u00e9 du nombre de cantons existants affaiblira in\u00e9vitablement la repr\u00e9sentativit\u00e9 des territoires ruraux au sein des assembl\u00e9es d\u00e9partementales, ce qui les exposera de facto \u00e0 une perte d&rsquo;influence.<\/p>\n<p style=\"margin: 0px 0px 20px; padding: 0px; border: 0px; font-family: Helvetica, Arial, sans-serif; font-size: 12px; font-style: normal; font-variant: normal; font-weight: normal; line-height: 16px; vertical-align: baseline; color: #1a171b; letter-spacing: normal; orphans: auto; text-indent: 0px; text-transform: none; white-space: normal; widows: auto; word-spacing: 0px; -webkit-text-size-adjust: auto; -webkit-text-stroke-width: 0px; background-color: #ffffff; text-align: justify;\">Le Groupe Monde Rural demande que le d\u00e9coupage du canton se fasse de mani\u00e8re \u00e9quilibr\u00e9e, en tenant compte des territoires, et non seulement de la d\u00e9mographie !<\/p>\n<p style=\"margin: 0px 0px 20px; padding: 0px; border: 0px; font-family: Helvetica, Arial, sans-serif; font-size: 12px; font-style: normal; font-variant: normal; font-weight: normal; line-height: 16px; vertical-align: baseline; color: #1a171b; letter-spacing: normal; orphans: auto; text-indent: 0px; text-transform: none; white-space: normal; widows: auto; word-spacing: 0px; -webkit-text-size-adjust: auto; -webkit-text-stroke-width: 0px; background-color: #ffffff; text-align: justify;\">Le Groupe Monde Rural rappelle que les territoires ruraux sont les t\u00e9moins des identit\u00e9s et de la d\u00e9mocratie de proximit\u00e9 qui font r\u00e9f\u00e9rence au \u00ab vivre ensemble \u00bb. Le monde rural est source d&rsquo;am\u00e9nit\u00e9s. Il est porteur de valeurs d&rsquo;humanisme, d&rsquo;\u00e9quilibre, de solidarit\u00e9.<\/p>\n<p style=\"margin: 0px 0px 20px; padding: 0px; border: 0px; font-family: Helvetica, Arial, sans-serif; font-size: 12px; font-style: normal; font-variant: normal; font-weight: normal; line-height: 16px; vertical-align: baseline; color: #1a171b; letter-spacing: normal; orphans: auto; text-indent: 0px; text-transform: none; white-space: normal; widows: auto; word-spacing: 0px; -webkit-text-size-adjust: auto; -webkit-text-stroke-width: 0px; background-color: #ffffff; text-align: justify;\">C&rsquo;est pourquoi le Groupe Monde Rural alerte les pouvoirs publics sur les r\u00e9formes en cours et demande que le territoire rural soit con\u00e7u en relation avec les villes, dans une logique de compl\u00e9mentarit\u00e9, et non de hi\u00e9rarchie entre espaces urbains et espaces ruraux.<\/p>\n<p style=\"margin: 0px 0px 20px; padding: 0px; border: 0px; font-family: Helvetica, Arial, sans-serif; font-size: 12px; font-style: normal; font-variant: normal; font-weight: normal; line-height: 16px; vertical-align: baseline; color: #1a171b; letter-spacing: normal; orphans: auto; text-indent: 0px; text-transform: none; white-space: normal; widows: auto; word-spacing: 0px; -webkit-text-size-adjust: auto; -webkit-text-stroke-width: 0px; background-color: #ffffff; text-align: justify;\">Enfin, le Groupe Monde Rural rappelle que les territoires ruraux poss\u00e8dent les ressources pour contribuer au red\u00e9marrage de l&rsquo;activit\u00e9 de notre pays !<\/p>\n<p style=\"margin: 0px 0px 20px; padding: 0px; border: 0px; font-family: Helvetica, Arial, sans-serif; font-size: 12px; font-style: normal; font-variant: normal; font-weight: normal; line-height: 16px; vertical-align: baseline; color: #1a171b; letter-spacing: normal; orphans: auto; text-indent: 0px; text-transform: none; white-space: normal; widows: auto; word-spacing: 0px; -webkit-text-size-adjust: auto; -webkit-text-stroke-width: 0px; background-color: #ffffff; text-align: justify;\">Le Groupe Monde Rural, instance d&rsquo;\u00e9changes, de concertation, de r\u00e9flexion et de proposition, rassemble des organisations professionnelles, des r\u00e9seaux associatifs et des associations d&rsquo;\u00e9lus locaux et territoriaux. Les principaux objectifs du Groupe Monde Rural sont de promouvoir une vision horizontale des enjeux li\u00e9s \u00e0 la ruralit\u00e9.<\/p>\n","protected":false},"excerpt":{"rendered":"<p>Le Groupe Monde Rural s&rsquo;alarme de voir l&rsquo;am\u00e9nagement du territoire redessin\u00e9 \u00e0 partir des m\u00e9tropoles, niant au passage le fait rural.<\/p>\n","protected":false},"author":2,"featured_media":0,"comment_status":"open","ping_status":"open","sticky":false,"template":"","format":"standard","meta":{"footnotes":""},"categories":[45],"tags":[2800],"class_list":["post-36482","post","type-post","status-publish","format-standard","hentry","category-monde-rural","tag-groupe-monde-rural"],"yoast_head":"<!-- This site is optimized with the Yoast SEO plugin v27.5 - https:\/\/yoast.com\/product\/yoast-seo-wordpress\/ -->\n<title>Quelle place, demain, pour le monde rural ? -<\/title>\n<meta name=\"robots\" content=\"index, follow, max-snippet:-1, max-image-preview:large, max-video-preview:-1\" \/>\n<link rel=\"canonical\" href=\"https:\/\/www.sillon38.com\/blog\/2013\/04\/27\/quelle-place-demain-pour-le-monde-rural\/\" \/>\n<meta property=\"og:locale\" content=\"fr_FR\" \/>\n<meta property=\"og:type\" content=\"article\" \/>\n<meta property=\"og:title\" content=\"Quelle place, demain, pour le monde rural ? -\" \/>\n<meta property=\"og:description\" content=\"Le Groupe Monde Rural s&#039;alarme de voir l&#039;am\u00e9nagement du territoire redessin\u00e9 \u00e0 partir des m\u00e9tropoles, niant au passage le fait rural.\" \/>\n<meta property=\"og:url\" content=\"https:\/\/www.sillon38.com\/blog\/2013\/04\/27\/quelle-place-demain-pour-le-monde-rural\/\" \/>\n<meta property=\"article:published_time\" content=\"2013-04-27T19:14:39+00:00\" \/>\n<meta name=\"author\" content=\"M Coeur\" \/>\n<meta name=\"twitter:card\" content=\"summary_large_image\" \/>\n<meta name=\"twitter:label1\" content=\"\u00c9crit par\" \/>\n\t<meta name=\"twitter:data1\" content=\"M Coeur\" \/>\n\t<meta name=\"twitter:label2\" content=\"Dur\u00e9e de lecture estim\u00e9e\" \/>\n\t<meta name=\"twitter:data2\" content=\"1 minute\" \/>\n<script type=\"application\/ld+json\" class=\"yoast-schema-graph\">{\"@context\":\"https:\\\/\\\/schema.org\",\"@graph\":[{\"@type\":\"Article\",\"@id\":\"https:\\\/\\\/www.sillon38.com\\\/blog\\\/2013\\\/04\\\/27\\\/quelle-place-demain-pour-le-monde-rural\\\/#article\",\"isPartOf\":{\"@id\":\"https:\\\/\\\/www.sillon38.com\\\/blog\\\/2013\\\/04\\\/27\\\/quelle-place-demain-pour-le-monde-rural\\\/\"},\"author\":{\"name\":\"M Coeur\",\"@id\":\"https:\\\/\\\/www.sillon38.com\\\/blog\\\/#\\\/schema\\\/person\\\/72f06b5f0494d1edc8f4e5bf63651ff1\"},\"headline\":\"Quelle place, demain, pour le monde rural ?\",\"datePublished\":\"2013-04-27T19:14:39+00:00\",\"mainEntityOfPage\":{\"@id\":\"https:\\\/\\\/www.sillon38.com\\\/blog\\\/2013\\\/04\\\/27\\\/quelle-place-demain-pour-le-monde-rural\\\/\"},\"wordCount\":277,\"commentCount\":0,\"keywords\":[\"Groupe Monde Rural\"],\"articleSection\":[\"monde rural\"],\"inLanguage\":\"fr-FR\",\"potentialAction\":[{\"@type\":\"CommentAction\",\"name\":\"Comment\",\"target\":[\"https:\\\/\\\/www.sillon38.com\\\/blog\\\/2013\\\/04\\\/27\\\/quelle-place-demain-pour-le-monde-rural\\\/#respond\"]}]},{\"@type\":\"WebPage\",\"@id\":\"https:\\\/\\\/www.sillon38.com\\\/blog\\\/2013\\\/04\\\/27\\\/quelle-place-demain-pour-le-monde-rural\\\/\",\"url\":\"https:\\\/\\\/www.sillon38.com\\\/blog\\\/2013\\\/04\\\/27\\\/quelle-place-demain-pour-le-monde-rural\\\/\",\"name\":\"Quelle place, demain, pour le monde rural ? -\",\"isPartOf\":{\"@id\":\"https:\\\/\\\/www.sillon38.com\\\/blog\\\/#website\"},\"datePublished\":\"2013-04-27T19:14:39+00:00\",\"author\":{\"@id\":\"https:\\\/\\\/www.sillon38.com\\\/blog\\\/#\\\/schema\\\/person\\\/72f06b5f0494d1edc8f4e5bf63651ff1\"},\"breadcrumb\":{\"@id\":\"https:\\\/\\\/www.sillon38.com\\\/blog\\\/2013\\\/04\\\/27\\\/quelle-place-demain-pour-le-monde-rural\\\/#breadcrumb\"},\"inLanguage\":\"fr-FR\",\"potentialAction\":[{\"@type\":\"ReadAction\",\"target\":[\"https:\\\/\\\/www.sillon38.com\\\/blog\\\/2013\\\/04\\\/27\\\/quelle-place-demain-pour-le-monde-rural\\\/\"]}]},{\"@type\":\"BreadcrumbList\",\"@id\":\"https:\\\/\\\/www.sillon38.com\\\/blog\\\/2013\\\/04\\\/27\\\/quelle-place-demain-pour-le-monde-rural\\\/#breadcrumb\",\"itemListElement\":[{\"@type\":\"ListItem\",\"position\":1,\"name\":\"Accueil\",\"item\":\"https:\\\/\\\/www.sillon38.com\\\/blog\\\/\"},{\"@type\":\"ListItem\",\"position\":2,\"name\":\"Quelle place, demain, pour le monde rural ?\"}]},{\"@type\":\"WebSite\",\"@id\":\"https:\\\/\\\/www.sillon38.com\\\/blog\\\/#website\",\"url\":\"https:\\\/\\\/www.sillon38.com\\\/blog\\\/\",\"name\":\"\",\"description\":\"Le journal du monde rural\",\"potentialAction\":[{\"@type\":\"SearchAction\",\"target\":{\"@type\":\"EntryPoint\",\"urlTemplate\":\"https:\\\/\\\/www.sillon38.com\\\/blog\\\/?s={search_term_string}\"},\"query-input\":{\"@type\":\"PropertyValueSpecification\",\"valueRequired\":true,\"valueName\":\"search_term_string\"}}],\"inLanguage\":\"fr-FR\"},{\"@type\":\"Person\",\"@id\":\"https:\\\/\\\/www.sillon38.com\\\/blog\\\/#\\\/schema\\\/person\\\/72f06b5f0494d1edc8f4e5bf63651ff1\",\"name\":\"M Coeur\"}]}<\/script>\n<!-- \/ Yoast SEO plugin. -->","yoast_head_json":{"title":"Quelle place, demain, pour le monde rural ? -","robots":{"index":"index","follow":"follow","max-snippet":"max-snippet:-1","max-image-preview":"max-image-preview:large","max-video-preview":"max-video-preview:-1"},"canonical":"https:\/\/www.sillon38.com\/blog\/2013\/04\/27\/quelle-place-demain-pour-le-monde-rural\/","og_locale":"fr_FR","og_type":"article","og_title":"Quelle place, demain, pour le monde rural ? -","og_description":"Le Groupe Monde Rural s'alarme de voir l'am\u00e9nagement du territoire redessin\u00e9 \u00e0 partir des m\u00e9tropoles, niant au passage le fait rural.","og_url":"https:\/\/www.sillon38.com\/blog\/2013\/04\/27\/quelle-place-demain-pour-le-monde-rural\/","article_published_time":"2013-04-27T19:14:39+00:00","author":"M Coeur","twitter_card":"summary_large_image","twitter_misc":{"\u00c9crit par":"M Coeur","Dur\u00e9e de lecture estim\u00e9e":"1 minute"},"schema":{"@context":"https:\/\/schema.org","@graph":[{"@type":"Article","@id":"https:\/\/www.sillon38.com\/blog\/2013\/04\/27\/quelle-place-demain-pour-le-monde-rural\/#article","isPartOf":{"@id":"https:\/\/www.sillon38.com\/blog\/2013\/04\/27\/quelle-place-demain-pour-le-monde-rural\/"},"author":{"name":"M Coeur","@id":"https:\/\/www.sillon38.com\/blog\/#\/schema\/person\/72f06b5f0494d1edc8f4e5bf63651ff1"},"headline":"Quelle place, demain, pour le monde rural ?","datePublished":"2013-04-27T19:14:39+00:00","mainEntityOfPage":{"@id":"https:\/\/www.sillon38.com\/blog\/2013\/04\/27\/quelle-place-demain-pour-le-monde-rural\/"},"wordCount":277,"commentCount":0,"keywords":["Groupe Monde Rural"],"articleSection":["monde rural"],"inLanguage":"fr-FR","potentialAction":[{"@type":"CommentAction","name":"Comment","target":["https:\/\/www.sillon38.com\/blog\/2013\/04\/27\/quelle-place-demain-pour-le-monde-rural\/#respond"]}]},{"@type":"WebPage","@id":"https:\/\/www.sillon38.com\/blog\/2013\/04\/27\/quelle-place-demain-pour-le-monde-rural\/","url":"https:\/\/www.sillon38.com\/blog\/2013\/04\/27\/quelle-place-demain-pour-le-monde-rural\/","name":"Quelle place, demain, pour le monde rural ? -","isPartOf":{"@id":"https:\/\/www.sillon38.com\/blog\/#website"},"datePublished":"2013-04-27T19:14:39+00:00","author":{"@id":"https:\/\/www.sillon38.com\/blog\/#\/schema\/person\/72f06b5f0494d1edc8f4e5bf63651ff1"},"breadcrumb":{"@id":"https:\/\/www.sillon38.com\/blog\/2013\/04\/27\/quelle-place-demain-pour-le-monde-rural\/#breadcrumb"},"inLanguage":"fr-FR","potentialAction":[{"@type":"ReadAction","target":["https:\/\/www.sillon38.com\/blog\/2013\/04\/27\/quelle-place-demain-pour-le-monde-rural\/"]}]},{"@type":"BreadcrumbList","@id":"https:\/\/www.sillon38.com\/blog\/2013\/04\/27\/quelle-place-demain-pour-le-monde-rural\/#breadcrumb","itemListElement":[{"@type":"ListItem","position":1,"name":"Accueil","item":"https:\/\/www.sillon38.com\/blog\/"},{"@type":"ListItem","position":2,"name":"Quelle place, demain, pour le monde rural ?"}]},{"@type":"WebSite","@id":"https:\/\/www.sillon38.com\/blog\/#website","url":"https:\/\/www.sillon38.com\/blog\/","name":"","description":"Le journal du monde rural","potentialAction":[{"@type":"SearchAction","target":{"@type":"EntryPoint","urlTemplate":"https:\/\/www.sillon38.com\/blog\/?s={search_term_string}"},"query-input":{"@type":"PropertyValueSpecification","valueRequired":true,"valueName":"search_term_string"}}],"inLanguage":"fr-FR"},{"@type":"Person","@id":"https:\/\/www.sillon38.com\/blog\/#\/schema\/person\/72f06b5f0494d1edc8f4e5bf63651ff1","name":"M Coeur"}]}},"_links":{"self":[{"href":"https:\/\/www.sillon38.com\/blog\/wp-json\/wp\/v2\/posts\/36482","targetHints":{"allow":["GET"]}}],"collection":[{"href":"https:\/\/www.sillon38.com\/blog\/wp-json\/wp\/v2\/posts"}],"about":[{"href":"https:\/\/www.sillon38.com\/blog\/wp-json\/wp\/v2\/types\/post"}],"author":[{"embeddable":true,"href":"https:\/\/www.sillon38.com\/blog\/wp-json\/wp\/v2\/users\/2"}],"replies":[{"embeddable":true,"href":"https:\/\/www.sillon38.com\/blog\/wp-json\/wp\/v2\/comments?post=36482"}],"version-history":[{"count":0,"href":"https:\/\/www.sillon38.com\/blog\/wp-json\/wp\/v2\/posts\/36482\/revisions"}],"wp:attachment":[{"href":"https:\/\/www.sillon38.com\/blog\/wp-json\/wp\/v2\/media?parent=36482"}],"wp:term":[{"taxonomy":"category","embeddable":true,"href":"https:\/\/www.sillon38.com\/blog\/wp-json\/wp\/v2\/categories?post=36482"},{"taxonomy":"post_tag","embeddable":true,"href":"https:\/\/www.sillon38.com\/blog\/wp-json\/wp\/v2\/tags?post=36482"}],"curies":[{"name":"wp","href":"https:\/\/api.w.org\/{rel}","templated":true}]}}