{"id":37154,"date":"2013-06-06T14:02:16","date_gmt":"2013-06-06T12:02:16","guid":{"rendered":"http:\/\/staging.sillon38.com\/?p=37154"},"modified":"2013-06-06T14:02:16","modified_gmt":"2013-06-06T12:02:16","slug":"le-criterium-fait-etape-a-grenoble","status":"publish","type":"post","link":"https:\/\/www.sillon38.com\/blog\/2013\/06\/06\/le-criterium-fait-etape-a-grenoble\/","title":{"rendered":"Le crit\u00e9rium fait \u00e9tape \u00e0 Grenoble"},"content":{"rendered":"<p><span style=\"color: #000080;\">Le crit\u00e9rium ente en Is\u00e8re lors de sa 6eme \u00e9tape. D\u00e9part de La l\u00e9ch\u00e8re et arriv\u00e9e \u00e0 Grenoble&#8230;L&rsquo;\u00e9tape sera courte: 143 kilom\u00e8tres.<br \/>\n<\/span><\/p>\n<p><span style=\"color: #000080;\">Cette \u00e9tape fait suite \u00e0 celle qui avait au programme la tr\u00e8s difficile mont\u00e9e sur Valmorel et qui devance l&rsquo;\u00e9tape reine de samedi avec la mont\u00e9e de l&rsquo;Alpe d&rsquo;Huez mais aussi le col d&rsquo;Ornon&#8230;<\/span><strong> <\/strong><\/p>\n<p><strong> <\/strong><span style=\"color: #000080;\">On peut donc l&rsquo;appeler \u00e9tape de transition mais elle ne sera pas de tout repos avec un parcours qui va arpenter les contreforts du massif de Belledonne. 3 cols sont au programme dont le d\u00e9licat col du Barioz, class\u00e9 en premi\u00e8re cat\u00e9gorie. <\/span><strong> <\/strong><\/p>\n<p><span style=\"color: #000080;\">L&rsquo;arrive \u00e0 Grenoble se fera au niveau du palais des sports<strong>.<\/strong><\/span><\/p>\n<blockquote><p><span style=\"color: #000080;\"><strong>Au d\u00e9part de cette \u00e9tape voici les classements:<\/strong><\/span><a id=\"IT\" href=\"http:\/\/www.letour.fr\/indexCDD_fr.html#ici\"><\/a><\/p>\n<p><a id=\"IT\" href=\"http:\/\/www.letour.fr\/indexCDD_fr.html#ici\">Individuel<\/a><\/p>\n<h4><a id=\"IM\" href=\"http:\/\/www.letour.fr\/indexCDD_fr.html#ici\">Grimpeur<\/a><\/h4>\n<h4><a id=\"IP\" href=\"http:\/\/www.letour.fr\/indexCDD_fr.html#ici\">Points<\/a><\/h4>\n<\/blockquote>\n<p><span style=\"color: #000080;\"><strong>Etape <\/strong><\/span><span style=\"color: #000080;\"><strong>La L\u00e9ch\u00e8re Grenoble:<\/strong><\/span><\/p>\n<p><span style=\"color: #000080;\"><strong><img loading=\"lazy\" decoding=\"async\" class=\"aligncenter size-full wp-image-37155\" title=\"CRI GRE PROF\" src=\"http:\/\/staging.sillon38.com\/wp-content\/uploads\/2013\/06\/CRI-GRE-PROF-1.png\" alt=\"CRI GRE PROF\" width=\"591\" height=\"621\" srcset=\"https:\/\/www.sillon38.com\/blog\/wp-content\/uploads\/2013\/06\/CRI-GRE-PROF-1.png 591w, https:\/\/www.sillon38.com\/blog\/wp-content\/uploads\/2013\/06\/CRI-GRE-PROF-1-286x300.png 286w\" sizes=\"auto, (max-width: 591px) 100vw, 591px\" \/><\/strong><\/span><\/p>\n<p><span style=\"color: #000080;\"><strong><img loading=\"lazy\" decoding=\"async\" class=\"aligncenter size-full wp-image-37156\" title=\"CRI GRE PROFI\" src=\"http:\/\/staging.sillon38.com\/wp-content\/uploads\/2013\/06\/CRI-GRE-PROFI-1.png\" alt=\"CRI GRE PROFI\" width=\"486\" height=\"262\" srcset=\"https:\/\/www.sillon38.com\/blog\/wp-content\/uploads\/2013\/06\/CRI-GRE-PROFI-1.png 486w, https:\/\/www.sillon38.com\/blog\/wp-content\/uploads\/2013\/06\/CRI-GRE-PROFI-1-300x162.png 300w\" sizes=\"auto, (max-width: 486px) 100vw, 486px\" \/><\/strong><\/span><\/p>\n<p><span style=\"color: #ff6600;\"><strong>Itin\u00e9raire et horaires<\/strong><\/span><\/p>\n<p><span style=\"color: #ff6600;\"><strong> <\/strong><\/span><span style=\"color: #000080;\"><strong><img loading=\"lazy\" decoding=\"async\" class=\"aligncenter size-full wp-image-37157\" title=\"ITI HOR GRE 1\" src=\"http:\/\/staging.sillon38.com\/wp-content\/uploads\/2013\/06\/ITI-HOR-GRE-1-1.png\" alt=\"ITI HOR GRE 1\" width=\"603\" height=\"772\" srcset=\"https:\/\/www.sillon38.com\/blog\/wp-content\/uploads\/2013\/06\/ITI-HOR-GRE-1-1.png 603w, https:\/\/www.sillon38.com\/blog\/wp-content\/uploads\/2013\/06\/ITI-HOR-GRE-1-1-234x300.png 234w\" sizes=\"auto, (max-width: 603px) 100vw, 603px\" \/><img loading=\"lazy\" decoding=\"async\" class=\"aligncenter size-full wp-image-37158\" title=\"ITI HOR GRE3\" src=\"http:\/\/staging.sillon38.com\/wp-content\/uploads\/2013\/06\/ITI-HOR-GRE3-1.png\" alt=\"ITI HOR GRE3\" width=\"599\" height=\"750\" srcset=\"https:\/\/www.sillon38.com\/blog\/wp-content\/uploads\/2013\/06\/ITI-HOR-GRE3-1.png 599w, https:\/\/www.sillon38.com\/blog\/wp-content\/uploads\/2013\/06\/ITI-HOR-GRE3-1-240x300.png 240w\" sizes=\"auto, (max-width: 599px) 100vw, 599px\" \/><br \/>\n<\/strong><\/span><\/p>\n<p><strong><br \/>\n<\/strong><\/p>\n","protected":false},"excerpt":{"rendered":"<p>Le crit\u00e9rium ente en Is\u00e8re lors de sa 6eme \u00e9tape. D\u00e9part de La l\u00e9ch\u00e8re et arriv\u00e9e \u00e0 Grenoble&#8230;<\/p>\n","protected":false},"author":2,"featured_media":0,"comment_status":"open","ping_status":"open","sticky":false,"template":"","format":"standard","meta":{"footnotes":""},"categories":[68],"tags":[728,1676,2776],"class_list":["post-37154","post","type-post","status-publish","format-standard","hentry","category-sports","tag-belledonne","tag-criterium-du-dauphine","tag-grenoble"],"yoast_head":"<!-- This site is optimized with the Yoast SEO plugin v27.5 - https:\/\/yoast.com\/product\/yoast-seo-wordpress\/ -->\n<title>Le crit\u00e9rium fait \u00e9tape \u00e0 Grenoble -<\/title>\n<meta name=\"robots\" content=\"index, follow, max-snippet:-1, max-image-preview:large, max-video-preview:-1\" \/>\n<link rel=\"canonical\" href=\"https:\/\/www.sillon38.com\/blog\/2013\/06\/06\/le-criterium-fait-etape-a-grenoble\/\" \/>\n<meta property=\"og:locale\" content=\"fr_FR\" \/>\n<meta property=\"og:type\" content=\"article\" \/>\n<meta property=\"og:title\" content=\"Le crit\u00e9rium fait \u00e9tape \u00e0 Grenoble -\" \/>\n<meta property=\"og:description\" content=\"Le crit\u00e9rium ente en Is\u00e8re lors de sa 6eme \u00e9tape. D\u00e9part de La l\u00e9ch\u00e8re et arriv\u00e9e \u00e0 Grenoble...\" \/>\n<meta property=\"og:url\" content=\"https:\/\/www.sillon38.com\/blog\/2013\/06\/06\/le-criterium-fait-etape-a-grenoble\/\" \/>\n<meta property=\"article:published_time\" content=\"2013-06-06T12:02:16+00:00\" \/>\n<meta property=\"og:image\" content=\"http:\/\/staging.sillon38.com\/wp-content\/uploads\/2013\/06\/CRI-GRE-PROF-1.png\" \/>\n<meta name=\"author\" content=\"M Coeur\" \/>\n<meta name=\"twitter:card\" content=\"summary_large_image\" \/>\n<meta name=\"twitter:label1\" content=\"\u00c9crit par\" \/>\n\t<meta name=\"twitter:data1\" content=\"M Coeur\" \/>\n\t<meta name=\"twitter:label2\" content=\"Dur\u00e9e de lecture estim\u00e9e\" \/>\n\t<meta name=\"twitter:data2\" content=\"1 minute\" \/>\n<script type=\"application\/ld+json\" class=\"yoast-schema-graph\">{\"@context\":\"https:\\\/\\\/schema.org\",\"@graph\":[{\"@type\":\"Article\",\"@id\":\"https:\\\/\\\/www.sillon38.com\\\/blog\\\/2013\\\/06\\\/06\\\/le-criterium-fait-etape-a-grenoble\\\/#article\",\"isPartOf\":{\"@id\":\"https:\\\/\\\/www.sillon38.com\\\/blog\\\/2013\\\/06\\\/06\\\/le-criterium-fait-etape-a-grenoble\\\/\"},\"author\":{\"name\":\"M Coeur\",\"@id\":\"https:\\\/\\\/www.sillon38.com\\\/blog\\\/#\\\/schema\\\/person\\\/72f06b5f0494d1edc8f4e5bf63651ff1\"},\"headline\":\"Le crit\u00e9rium fait \u00e9tape \u00e0 Grenoble\",\"datePublished\":\"2013-06-06T12:02:16+00:00\",\"mainEntityOfPage\":{\"@id\":\"https:\\\/\\\/www.sillon38.com\\\/blog\\\/2013\\\/06\\\/06\\\/le-criterium-fait-etape-a-grenoble\\\/\"},\"wordCount\":153,\"commentCount\":0,\"image\":{\"@id\":\"https:\\\/\\\/www.sillon38.com\\\/blog\\\/2013\\\/06\\\/06\\\/le-criterium-fait-etape-a-grenoble\\\/#primaryimage\"},\"thumbnailUrl\":\"http:\\\/\\\/staging.sillon38.com\\\/wp-content\\\/uploads\\\/2013\\\/06\\\/CRI-GRE-PROF-1.png\",\"keywords\":[\"Belledonne\",\"criterium du dauphin\u00e9\",\"Grenoble\"],\"articleSection\":[\"sports\"],\"inLanguage\":\"fr-FR\",\"potentialAction\":[{\"@type\":\"CommentAction\",\"name\":\"Comment\",\"target\":[\"https:\\\/\\\/www.sillon38.com\\\/blog\\\/2013\\\/06\\\/06\\\/le-criterium-fait-etape-a-grenoble\\\/#respond\"]}]},{\"@type\":\"WebPage\",\"@id\":\"https:\\\/\\\/www.sillon38.com\\\/blog\\\/2013\\\/06\\\/06\\\/le-criterium-fait-etape-a-grenoble\\\/\",\"url\":\"https:\\\/\\\/www.sillon38.com\\\/blog\\\/2013\\\/06\\\/06\\\/le-criterium-fait-etape-a-grenoble\\\/\",\"name\":\"Le crit\u00e9rium fait \u00e9tape \u00e0 Grenoble -\",\"isPartOf\":{\"@id\":\"https:\\\/\\\/www.sillon38.com\\\/blog\\\/#website\"},\"primaryImageOfPage\":{\"@id\":\"https:\\\/\\\/www.sillon38.com\\\/blog\\\/2013\\\/06\\\/06\\\/le-criterium-fait-etape-a-grenoble\\\/#primaryimage\"},\"image\":{\"@id\":\"https:\\\/\\\/www.sillon38.com\\\/blog\\\/2013\\\/06\\\/06\\\/le-criterium-fait-etape-a-grenoble\\\/#primaryimage\"},\"thumbnailUrl\":\"http:\\\/\\\/staging.sillon38.com\\\/wp-content\\\/uploads\\\/2013\\\/06\\\/CRI-GRE-PROF-1.png\",\"datePublished\":\"2013-06-06T12:02:16+00:00\",\"author\":{\"@id\":\"https:\\\/\\\/www.sillon38.com\\\/blog\\\/#\\\/schema\\\/person\\\/72f06b5f0494d1edc8f4e5bf63651ff1\"},\"breadcrumb\":{\"@id\":\"https:\\\/\\\/www.sillon38.com\\\/blog\\\/2013\\\/06\\\/06\\\/le-criterium-fait-etape-a-grenoble\\\/#breadcrumb\"},\"inLanguage\":\"fr-FR\",\"potentialAction\":[{\"@type\":\"ReadAction\",\"target\":[\"https:\\\/\\\/www.sillon38.com\\\/blog\\\/2013\\\/06\\\/06\\\/le-criterium-fait-etape-a-grenoble\\\/\"]}]},{\"@type\":\"ImageObject\",\"inLanguage\":\"fr-FR\",\"@id\":\"https:\\\/\\\/www.sillon38.com\\\/blog\\\/2013\\\/06\\\/06\\\/le-criterium-fait-etape-a-grenoble\\\/#primaryimage\",\"url\":\"http:\\\/\\\/staging.sillon38.com\\\/wp-content\\\/uploads\\\/2013\\\/06\\\/CRI-GRE-PROF-1.png\",\"contentUrl\":\"http:\\\/\\\/staging.sillon38.com\\\/wp-content\\\/uploads\\\/2013\\\/06\\\/CRI-GRE-PROF-1.png\"},{\"@type\":\"BreadcrumbList\",\"@id\":\"https:\\\/\\\/www.sillon38.com\\\/blog\\\/2013\\\/06\\\/06\\\/le-criterium-fait-etape-a-grenoble\\\/#breadcrumb\",\"itemListElement\":[{\"@type\":\"ListItem\",\"position\":1,\"name\":\"Accueil\",\"item\":\"https:\\\/\\\/www.sillon38.com\\\/blog\\\/\"},{\"@type\":\"ListItem\",\"position\":2,\"name\":\"Le crit\u00e9rium fait \u00e9tape \u00e0 Grenoble\"}]},{\"@type\":\"WebSite\",\"@id\":\"https:\\\/\\\/www.sillon38.com\\\/blog\\\/#website\",\"url\":\"https:\\\/\\\/www.sillon38.com\\\/blog\\\/\",\"name\":\"\",\"description\":\"Le journal du monde rural\",\"potentialAction\":[{\"@type\":\"SearchAction\",\"target\":{\"@type\":\"EntryPoint\",\"urlTemplate\":\"https:\\\/\\\/www.sillon38.com\\\/blog\\\/?s={search_term_string}\"},\"query-input\":{\"@type\":\"PropertyValueSpecification\",\"valueRequired\":true,\"valueName\":\"search_term_string\"}}],\"inLanguage\":\"fr-FR\"},{\"@type\":\"Person\",\"@id\":\"https:\\\/\\\/www.sillon38.com\\\/blog\\\/#\\\/schema\\\/person\\\/72f06b5f0494d1edc8f4e5bf63651ff1\",\"name\":\"M Coeur\"}]}<\/script>\n<!-- \/ Yoast SEO plugin. -->","yoast_head_json":{"title":"Le crit\u00e9rium fait \u00e9tape \u00e0 Grenoble -","robots":{"index":"index","follow":"follow","max-snippet":"max-snippet:-1","max-image-preview":"max-image-preview:large","max-video-preview":"max-video-preview:-1"},"canonical":"https:\/\/www.sillon38.com\/blog\/2013\/06\/06\/le-criterium-fait-etape-a-grenoble\/","og_locale":"fr_FR","og_type":"article","og_title":"Le crit\u00e9rium fait \u00e9tape \u00e0 Grenoble -","og_description":"Le crit\u00e9rium ente en Is\u00e8re lors de sa 6eme \u00e9tape. D\u00e9part de La l\u00e9ch\u00e8re et arriv\u00e9e \u00e0 Grenoble...","og_url":"https:\/\/www.sillon38.com\/blog\/2013\/06\/06\/le-criterium-fait-etape-a-grenoble\/","article_published_time":"2013-06-06T12:02:16+00:00","og_image":[{"url":"http:\/\/staging.sillon38.com\/wp-content\/uploads\/2013\/06\/CRI-GRE-PROF-1.png","type":"","width":"","height":""}],"author":"M Coeur","twitter_card":"summary_large_image","twitter_misc":{"\u00c9crit par":"M Coeur","Dur\u00e9e de lecture estim\u00e9e":"1 minute"},"schema":{"@context":"https:\/\/schema.org","@graph":[{"@type":"Article","@id":"https:\/\/www.sillon38.com\/blog\/2013\/06\/06\/le-criterium-fait-etape-a-grenoble\/#article","isPartOf":{"@id":"https:\/\/www.sillon38.com\/blog\/2013\/06\/06\/le-criterium-fait-etape-a-grenoble\/"},"author":{"name":"M Coeur","@id":"https:\/\/www.sillon38.com\/blog\/#\/schema\/person\/72f06b5f0494d1edc8f4e5bf63651ff1"},"headline":"Le crit\u00e9rium fait \u00e9tape \u00e0 Grenoble","datePublished":"2013-06-06T12:02:16+00:00","mainEntityOfPage":{"@id":"https:\/\/www.sillon38.com\/blog\/2013\/06\/06\/le-criterium-fait-etape-a-grenoble\/"},"wordCount":153,"commentCount":0,"image":{"@id":"https:\/\/www.sillon38.com\/blog\/2013\/06\/06\/le-criterium-fait-etape-a-grenoble\/#primaryimage"},"thumbnailUrl":"http:\/\/staging.sillon38.com\/wp-content\/uploads\/2013\/06\/CRI-GRE-PROF-1.png","keywords":["Belledonne","criterium du dauphin\u00e9","Grenoble"],"articleSection":["sports"],"inLanguage":"fr-FR","potentialAction":[{"@type":"CommentAction","name":"Comment","target":["https:\/\/www.sillon38.com\/blog\/2013\/06\/06\/le-criterium-fait-etape-a-grenoble\/#respond"]}]},{"@type":"WebPage","@id":"https:\/\/www.sillon38.com\/blog\/2013\/06\/06\/le-criterium-fait-etape-a-grenoble\/","url":"https:\/\/www.sillon38.com\/blog\/2013\/06\/06\/le-criterium-fait-etape-a-grenoble\/","name":"Le crit\u00e9rium fait \u00e9tape \u00e0 Grenoble -","isPartOf":{"@id":"https:\/\/www.sillon38.com\/blog\/#website"},"primaryImageOfPage":{"@id":"https:\/\/www.sillon38.com\/blog\/2013\/06\/06\/le-criterium-fait-etape-a-grenoble\/#primaryimage"},"image":{"@id":"https:\/\/www.sillon38.com\/blog\/2013\/06\/06\/le-criterium-fait-etape-a-grenoble\/#primaryimage"},"thumbnailUrl":"http:\/\/staging.sillon38.com\/wp-content\/uploads\/2013\/06\/CRI-GRE-PROF-1.png","datePublished":"2013-06-06T12:02:16+00:00","author":{"@id":"https:\/\/www.sillon38.com\/blog\/#\/schema\/person\/72f06b5f0494d1edc8f4e5bf63651ff1"},"breadcrumb":{"@id":"https:\/\/www.sillon38.com\/blog\/2013\/06\/06\/le-criterium-fait-etape-a-grenoble\/#breadcrumb"},"inLanguage":"fr-FR","potentialAction":[{"@type":"ReadAction","target":["https:\/\/www.sillon38.com\/blog\/2013\/06\/06\/le-criterium-fait-etape-a-grenoble\/"]}]},{"@type":"ImageObject","inLanguage":"fr-FR","@id":"https:\/\/www.sillon38.com\/blog\/2013\/06\/06\/le-criterium-fait-etape-a-grenoble\/#primaryimage","url":"http:\/\/staging.sillon38.com\/wp-content\/uploads\/2013\/06\/CRI-GRE-PROF-1.png","contentUrl":"http:\/\/staging.sillon38.com\/wp-content\/uploads\/2013\/06\/CRI-GRE-PROF-1.png"},{"@type":"BreadcrumbList","@id":"https:\/\/www.sillon38.com\/blog\/2013\/06\/06\/le-criterium-fait-etape-a-grenoble\/#breadcrumb","itemListElement":[{"@type":"ListItem","position":1,"name":"Accueil","item":"https:\/\/www.sillon38.com\/blog\/"},{"@type":"ListItem","position":2,"name":"Le crit\u00e9rium fait \u00e9tape \u00e0 Grenoble"}]},{"@type":"WebSite","@id":"https:\/\/www.sillon38.com\/blog\/#website","url":"https:\/\/www.sillon38.com\/blog\/","name":"","description":"Le journal du monde rural","potentialAction":[{"@type":"SearchAction","target":{"@type":"EntryPoint","urlTemplate":"https:\/\/www.sillon38.com\/blog\/?s={search_term_string}"},"query-input":{"@type":"PropertyValueSpecification","valueRequired":true,"valueName":"search_term_string"}}],"inLanguage":"fr-FR"},{"@type":"Person","@id":"https:\/\/www.sillon38.com\/blog\/#\/schema\/person\/72f06b5f0494d1edc8f4e5bf63651ff1","name":"M Coeur"}]}},"_links":{"self":[{"href":"https:\/\/www.sillon38.com\/blog\/wp-json\/wp\/v2\/posts\/37154","targetHints":{"allow":["GET"]}}],"collection":[{"href":"https:\/\/www.sillon38.com\/blog\/wp-json\/wp\/v2\/posts"}],"about":[{"href":"https:\/\/www.sillon38.com\/blog\/wp-json\/wp\/v2\/types\/post"}],"author":[{"embeddable":true,"href":"https:\/\/www.sillon38.com\/blog\/wp-json\/wp\/v2\/users\/2"}],"replies":[{"embeddable":true,"href":"https:\/\/www.sillon38.com\/blog\/wp-json\/wp\/v2\/comments?post=37154"}],"version-history":[{"count":0,"href":"https:\/\/www.sillon38.com\/blog\/wp-json\/wp\/v2\/posts\/37154\/revisions"}],"wp:attachment":[{"href":"https:\/\/www.sillon38.com\/blog\/wp-json\/wp\/v2\/media?parent=37154"}],"wp:term":[{"taxonomy":"category","embeddable":true,"href":"https:\/\/www.sillon38.com\/blog\/wp-json\/wp\/v2\/categories?post=37154"},{"taxonomy":"post_tag","embeddable":true,"href":"https:\/\/www.sillon38.com\/blog\/wp-json\/wp\/v2\/tags?post=37154"}],"curies":[{"name":"wp","href":"https:\/\/api.w.org\/{rel}","templated":true}]}}