{"id":37173,"date":"2013-06-06T18:01:17","date_gmt":"2013-06-06T16:01:17","guid":{"rendered":"http:\/\/staging.sillon38.com\/?p=37173"},"modified":"2013-06-06T18:01:17","modified_gmt":"2013-06-06T16:01:17","slug":"13eme-edition-de-la-fete-de-la-foret-de-montagne","status":"publish","type":"post","link":"https:\/\/www.sillon38.com\/blog\/2013\/06\/06\/13eme-edition-de-la-fete-de-la-foret-de-montagne\/","title":{"rendered":"13\u00e8me \u00e9dition de la f\u00eate de la for\u00eat de montagne"},"content":{"rendered":"<div style=\"font-size: 13.28px; left: 71.84px; top: 551.68px; transform: scale(0.892791, 1); transform-origin: 0% 0% 0px;\" dir=\"ltr\"><\/div>\n<div style=\"font-size: 13.28px; left: 71.84px; top: 551.68px; transform: scale(0.892791, 1); transform-origin: 0% 0% 0px;\" dir=\"ltr\"><span style=\"color: #ff6600;\"><strong>La f\u00eate de la for\u00eat de montagne qui a lieu tous les deux an, se d\u00e9roulera cette ann\u00e9e \u00e0 Vaujany les 21-22 et 23 juin.<\/strong><\/span><\/div>\n<div style=\"font-size: 13.28px; left: 71.84px; top: 551.68px; transform: scale(0.892791, 1); transform-origin: 0% 0% 0px;\" dir=\"ltr\"><span style=\"color: #ff6600;\"><strong><br \/>\n<\/strong><\/span><\/div>\n<div style=\"font-size: 13.28px; left: 71.84px; top: 551.68px; transform: scale(0.892791, 1); transform-origin: 0% 0% 0px;\" dir=\"ltr\"><span style=\"color: #ff6600;\"><strong><img loading=\"lazy\" decoding=\"async\" class=\"aligncenter size-full wp-image-37174\" title=\"Vaujany\" src=\"http:\/\/staging.sillon38.com\/wp-content\/uploads\/2013\/06\/Vaujany-1.png\" alt=\"Vaujany\" width=\"408\" height=\"627\" srcset=\"https:\/\/www.sillon38.com\/blog\/wp-content\/uploads\/2013\/06\/Vaujany-1.png 408w, https:\/\/www.sillon38.com\/blog\/wp-content\/uploads\/2013\/06\/Vaujany-1-195x300.png 195w\" sizes=\"auto, (max-width: 408px) 100vw, 408px\" \/><br \/>\n<\/strong><\/span><\/div>\n<div style=\"font-size: 13.28px; left: 71.84px; top: 551.68px; transform: scale(0.892791, 1); transform-origin: 0% 0% 0px;\" dir=\"ltr\"><strong><span style=\"color: #000080;\">La commune de Vaujany est situ\u00e9e \u00e0 1 250 m d\u2019altitude  face au  massif des Grandes Rousses, \u00e0 20 minutes de Bourg-d\u2018Oisans.<\/span><\/strong><\/div>\n<div style=\"font-size: 16px; left: 72.16px; top: 590.08px; transform: scale(0.918794, 1); transform-origin: 0% 0% 0px;\" dir=\"ltr\"><span style=\"color: #ff6600;\"><strong><br \/>\n<\/strong><\/span><\/div>\n<div style=\"font-size: 16px; left: 71.84px; top: 590.4px; transform: scale(0.918794, 1); transform-origin: 0% 0% 0px;\" dir=\"ltr\"><span style=\"color: #ff6600;\"><strong>Le contexte<\/strong><\/span><\/div>\n<div style=\"font-size: 16px; left: 71.84px; top: 590.08px; transform: scale(0.981434, 1); transform-origin: 0% 0% 0px;\" dir=\"ltr\"><span style=\"color: #000080;\"><br \/>\n<\/span><\/div>\n<div style=\"font-size: 13.28px; left: 71.84px; top: 675.04px; transform: scale(0.885115, 1); transform-origin: 0% 0% 0px;\" dir=\"ltr\"><span style=\"color: #000080;\">En  France,  la  for\u00eat  constitue  un  \u00e9l\u00e9ment  incontournable des zones de montagne. <\/span><\/div>\n<div style=\"font-size: 13.28px; left: 71.84px; top: 675.04px; transform: scale(0.885115, 1); transform-origin: 0% 0% 0px;\" dir=\"ltr\"><span style=\"color: #000080;\"><br \/>\n<\/span><\/div>\n<div style=\"font-size: 13.28px; left: 71.84px; top: 675.04px; transform: scale(0.885115, 1); transform-origin: 0% 0% 0px;\" dir=\"ltr\"><span style=\"color: #000080;\">Elle couvre en effet plus de 42% des territoires du massif alpin avec une superficie totale atteignant pr\u00e9s de 1.700.000  hectares.<\/span><\/div>\n<div style=\"font-size: 13.28px; left: 71.84px; top: 770.88px; transform: scale(0.908242, 1); transform-origin: 0% 0% 0px;\" dir=\"ltr\"><span style=\"color: #000080;\">La  for\u00eat  repr\u00e9sente  ainsi  un  patrimoine  remarquable n\u00e9cessitant  d\u2019\u00eatre  g\u00e9r\u00e9  afin  de  pr\u00e9server  les  diff\u00e9rentes fonctions     qu\u2019elle     assure     (socio-\u00e9conomico-environnementale).<\/span><\/div>\n<div style=\"font-size: 13.28px; left: 71.84px; top: 770.88px; transform: scale(0.908242, 1); transform-origin: 0% 0% 0px;\" dir=\"ltr\"><span style=\"color: #000080;\"><br \/>\n<\/span><\/div>\n<div style=\"font-size: 13.28px; left: 324.16px; top: 847.52px; transform: scale(0.933388, 1); transform-origin: 0% 0% 0px;\" dir=\"ltr\"><span style=\"color: #000080;\">Or en zone de montagne, la mobilisation des bois n\u00e9cessaire \u00e0 une bonne gestion de la for\u00eat, se heurte \u00e0 de nombreuses difficult\u00e9s li\u00e9es \u00e0 cette situation particuli\u00e8re.<\/span><\/div>\n<div style=\"font-size: 13.28px; left: 324.16px; top: 847.52px; transform: scale(0.933388, 1); transform-origin: 0% 0% 0px;\" dir=\"ltr\"><span style=\"color: #000080;\"><br \/>\n<\/span><\/div>\n<div style=\"font-size: 13.28px; left: 353.28px; top: 943.36px; transform: scale(0.764381, 1); transform-origin: 0% 0% 0px;\" dir=\"ltr\"><span style=\"color: #000080;\">C\u2019est  pour  alerter  les  institutions  et  le  grand  public  sur les difficult\u00e9s d\u2019exploitation de la for\u00eat en montagne que l\u2019Association  des  Communes  Foresti\u00e8re  et  l\u2019ONF  ont cr\u00e9\u00e9e en 1989 la premi\u00e8re F\u00eate de la For\u00eat de Montagne.<\/span><\/div>\n<div style=\"font-size: 13.28px; left: 353.28px; top: 943.36px; transform: scale(0.764381, 1); transform-origin: 0% 0% 0px;\" dir=\"ltr\"><span style=\"color: #000080;\"><br \/>\n<\/span><\/div>\n<div style=\"font-size: 13.28px; left: 71.84px; top: 981.76px; transform: scale(0.908926, 1); transform-origin: 0% 0% 0px;\" dir=\"ltr\"><span style=\"color: #000080;\">Elle  a  lieu  traditionnellement  tous  les  2  ans  dans une commune diff\u00e9rente et se d\u00e9roule sur trois jours.<\/span><\/div>\n<p><span style=\"color: #ff6600;\"><strong>Cette ann\u00e9e,<\/strong><\/span><\/p>\n<div style=\"font-size: 13.28px; left: 689.439px; top: 462.56px; transform: scale(0.737212, 1); transform-origin: 0% 0% 0px;\" dir=\"ltr\"><span style=\"color: #000080;\">En  2013,  c\u2019est  l\u2019aspect for\u00eat  protection qui  sera  mis  \u00e0 l\u2019honneur.  En  effet,  au-del\u00e0  de  ses  fonctions  productives, r\u00e9cr\u00e9atives,  paysag\u00e8res,  environnementales&#8230;  la  for\u00eat  joue un  r\u00f4le  non  n\u00e9gligeable  dans  la  protection  des  biens  et  des<\/span><span style=\"color: #000080;\"> personnes face \u00e0 des nombreux risques naturels souvent tr\u00e8s pr\u00e9sents  notamment  en  zone  de  montagne  mais  aussi  en zone      p\u00e9riurbaine. <\/span><\/div>\n<div style=\"font-size: 13.28px; left: 689.439px; top: 462.56px; transform: scale(0.737212, 1); transform-origin: 0% 0% 0px;\" dir=\"ltr\"><span style=\"color: #000080;\"><br \/>\n<\/span><\/div>\n<div style=\"font-size: 13.28px; left: 406.72px; top: 577.6px; transform: scale(0.931597, 1); transform-origin: 0% 0% 0px;\" dir=\"ltr\"><span style=\"color: #000080;\"> Selon   les   techniques   sylvicoles em- ploy\u00e9es,  cette  fonction  de  protection  peut  \u00eatre  am\u00e9lior\u00e9e pour  que  la  for\u00eat  remplisse  au  mieux,  voire  pleinement  ce r\u00f4le.<\/span><\/div>\n<div style=\"font-size: 16px; left: 407.04px; top: 615.84px; transform: scale(0.840244, 1); transform-origin: 0% 0% 0px;\" dir=\"ltr\"><span style=\"color: #000080;\"><br \/>\n<\/span><\/div>\n<div style=\"font-size: 16px; left: 406.72px; top: 616.16px; transform: scale(0.840244, 1); transform-origin: 0% 0% 0px;\" dir=\"ltr\"><strong><span style=\"color: #ff6600;\">Mais encore&#8230;<\/span><\/strong><\/div>\n<div style=\"font-size: 16px; left: 406.72px; top: 615.84px; transform: scale(1.00668, 1); transform-origin: 0% 0% 0px;\" dir=\"ltr\"><span style=\"color: #000080;\"><br \/>\n<\/span><\/div>\n<div style=\"font-size: 13.28px; left: 406.72px; top: 739.2px; transform: scale(0.904641, 1); transform-origin: 0% 0% 0px;\" dir=\"ltr\"><span style=\"color: #000080;\">Au-del\u00e0 du Colloque qui se tiendra sur le th\u00e8me de la fonction  de  protection  de  la  for\u00eat,  l\u2019objectif  centralde  la  manifestation  est  comme  chaque  \u00e9dition  de  sensibiliser les  pouvoirs publics,  les professionnels  de  la  fili\u00e8re  for\u00eat bois  et  le grand public  petits  et  grands  sur  toutes  les  questions  ayant trait aux for\u00eats de montagne.<\/span><\/div>\n","protected":false},"excerpt":{"rendered":"<p>La f\u00eate de la for\u00eat de montagne qui a lieu tous les deux an, se d\u00e9roulera cette ann\u00e9e \u00e0 Vaujany les 21-22 et 23 juin. <\/p>\n","protected":false},"author":2,"featured_media":0,"comment_status":"open","ping_status":"open","sticky":false,"template":"","format":"standard","meta":{"footnotes":""},"categories":[81,28],"tags":[2342,5601],"class_list":["post-37173","post","type-post","status-publish","format-standard","hentry","category-filierebois","category-foret","tag-fete-de-la-foret-de-montagne","tag-vaujany"],"yoast_head":"<!-- This site is optimized with the Yoast SEO plugin v27.5 - https:\/\/yoast.com\/product\/yoast-seo-wordpress\/ -->\n<title>13\u00e8me \u00e9dition de la f\u00eate de la for\u00eat de montagne -<\/title>\n<meta name=\"robots\" content=\"index, follow, max-snippet:-1, max-image-preview:large, max-video-preview:-1\" \/>\n<link rel=\"canonical\" href=\"https:\/\/www.sillon38.com\/blog\/2013\/06\/06\/13eme-edition-de-la-fete-de-la-foret-de-montagne\/\" \/>\n<meta property=\"og:locale\" content=\"fr_FR\" \/>\n<meta property=\"og:type\" content=\"article\" \/>\n<meta property=\"og:title\" content=\"13\u00e8me \u00e9dition de la f\u00eate de la for\u00eat de montagne -\" \/>\n<meta property=\"og:description\" content=\"La f\u00eate de la for\u00eat de montagne qui a lieu tous les deux an, se d\u00e9roulera cette ann\u00e9e \u00e0 Vaujany les 21-22 et 23 juin.\" \/>\n<meta property=\"og:url\" content=\"https:\/\/www.sillon38.com\/blog\/2013\/06\/06\/13eme-edition-de-la-fete-de-la-foret-de-montagne\/\" \/>\n<meta property=\"article:published_time\" content=\"2013-06-06T16:01:17+00:00\" \/>\n<meta property=\"og:image\" content=\"http:\/\/staging.sillon38.com\/wp-content\/uploads\/2013\/06\/Vaujany-1.png\" \/>\n<meta name=\"author\" content=\"M Coeur\" \/>\n<meta name=\"twitter:card\" content=\"summary_large_image\" \/>\n<meta name=\"twitter:label1\" content=\"\u00c9crit par\" \/>\n\t<meta name=\"twitter:data1\" content=\"M Coeur\" \/>\n\t<meta name=\"twitter:label2\" content=\"Dur\u00e9e de lecture estim\u00e9e\" \/>\n\t<meta name=\"twitter:data2\" content=\"2 minutes\" \/>\n<script type=\"application\/ld+json\" class=\"yoast-schema-graph\">{\"@context\":\"https:\\\/\\\/schema.org\",\"@graph\":[{\"@type\":\"Article\",\"@id\":\"https:\\\/\\\/www.sillon38.com\\\/blog\\\/2013\\\/06\\\/06\\\/13eme-edition-de-la-fete-de-la-foret-de-montagne\\\/#article\",\"isPartOf\":{\"@id\":\"https:\\\/\\\/www.sillon38.com\\\/blog\\\/2013\\\/06\\\/06\\\/13eme-edition-de-la-fete-de-la-foret-de-montagne\\\/\"},\"author\":{\"name\":\"M Coeur\",\"@id\":\"https:\\\/\\\/www.sillon38.com\\\/blog\\\/#\\\/schema\\\/person\\\/72f06b5f0494d1edc8f4e5bf63651ff1\"},\"headline\":\"13\u00e8me \u00e9dition de la f\u00eate de la for\u00eat de montagne\",\"datePublished\":\"2013-06-06T16:01:17+00:00\",\"mainEntityOfPage\":{\"@id\":\"https:\\\/\\\/www.sillon38.com\\\/blog\\\/2013\\\/06\\\/06\\\/13eme-edition-de-la-fete-de-la-foret-de-montagne\\\/\"},\"wordCount\":378,\"commentCount\":0,\"image\":{\"@id\":\"https:\\\/\\\/www.sillon38.com\\\/blog\\\/2013\\\/06\\\/06\\\/13eme-edition-de-la-fete-de-la-foret-de-montagne\\\/#primaryimage\"},\"thumbnailUrl\":\"http:\\\/\\\/staging.sillon38.com\\\/wp-content\\\/uploads\\\/2013\\\/06\\\/Vaujany-1.png\",\"keywords\":[\"f\u00eate de la for\u00eat de montagne\",\"Vaujany\"],\"articleSection\":[\"- fili\u00e8re bois\",\"for\u00eat\"],\"inLanguage\":\"fr-FR\",\"potentialAction\":[{\"@type\":\"CommentAction\",\"name\":\"Comment\",\"target\":[\"https:\\\/\\\/www.sillon38.com\\\/blog\\\/2013\\\/06\\\/06\\\/13eme-edition-de-la-fete-de-la-foret-de-montagne\\\/#respond\"]}]},{\"@type\":\"WebPage\",\"@id\":\"https:\\\/\\\/www.sillon38.com\\\/blog\\\/2013\\\/06\\\/06\\\/13eme-edition-de-la-fete-de-la-foret-de-montagne\\\/\",\"url\":\"https:\\\/\\\/www.sillon38.com\\\/blog\\\/2013\\\/06\\\/06\\\/13eme-edition-de-la-fete-de-la-foret-de-montagne\\\/\",\"name\":\"13\u00e8me \u00e9dition de la f\u00eate de la for\u00eat de montagne -\",\"isPartOf\":{\"@id\":\"https:\\\/\\\/www.sillon38.com\\\/blog\\\/#website\"},\"primaryImageOfPage\":{\"@id\":\"https:\\\/\\\/www.sillon38.com\\\/blog\\\/2013\\\/06\\\/06\\\/13eme-edition-de-la-fete-de-la-foret-de-montagne\\\/#primaryimage\"},\"image\":{\"@id\":\"https:\\\/\\\/www.sillon38.com\\\/blog\\\/2013\\\/06\\\/06\\\/13eme-edition-de-la-fete-de-la-foret-de-montagne\\\/#primaryimage\"},\"thumbnailUrl\":\"http:\\\/\\\/staging.sillon38.com\\\/wp-content\\\/uploads\\\/2013\\\/06\\\/Vaujany-1.png\",\"datePublished\":\"2013-06-06T16:01:17+00:00\",\"author\":{\"@id\":\"https:\\\/\\\/www.sillon38.com\\\/blog\\\/#\\\/schema\\\/person\\\/72f06b5f0494d1edc8f4e5bf63651ff1\"},\"breadcrumb\":{\"@id\":\"https:\\\/\\\/www.sillon38.com\\\/blog\\\/2013\\\/06\\\/06\\\/13eme-edition-de-la-fete-de-la-foret-de-montagne\\\/#breadcrumb\"},\"inLanguage\":\"fr-FR\",\"potentialAction\":[{\"@type\":\"ReadAction\",\"target\":[\"https:\\\/\\\/www.sillon38.com\\\/blog\\\/2013\\\/06\\\/06\\\/13eme-edition-de-la-fete-de-la-foret-de-montagne\\\/\"]}]},{\"@type\":\"ImageObject\",\"inLanguage\":\"fr-FR\",\"@id\":\"https:\\\/\\\/www.sillon38.com\\\/blog\\\/2013\\\/06\\\/06\\\/13eme-edition-de-la-fete-de-la-foret-de-montagne\\\/#primaryimage\",\"url\":\"http:\\\/\\\/staging.sillon38.com\\\/wp-content\\\/uploads\\\/2013\\\/06\\\/Vaujany-1.png\",\"contentUrl\":\"http:\\\/\\\/staging.sillon38.com\\\/wp-content\\\/uploads\\\/2013\\\/06\\\/Vaujany-1.png\"},{\"@type\":\"BreadcrumbList\",\"@id\":\"https:\\\/\\\/www.sillon38.com\\\/blog\\\/2013\\\/06\\\/06\\\/13eme-edition-de-la-fete-de-la-foret-de-montagne\\\/#breadcrumb\",\"itemListElement\":[{\"@type\":\"ListItem\",\"position\":1,\"name\":\"Accueil\",\"item\":\"https:\\\/\\\/www.sillon38.com\\\/blog\\\/\"},{\"@type\":\"ListItem\",\"position\":2,\"name\":\"13\u00e8me \u00e9dition de la f\u00eate de la for\u00eat de montagne\"}]},{\"@type\":\"WebSite\",\"@id\":\"https:\\\/\\\/www.sillon38.com\\\/blog\\\/#website\",\"url\":\"https:\\\/\\\/www.sillon38.com\\\/blog\\\/\",\"name\":\"\",\"description\":\"Le journal du monde rural\",\"potentialAction\":[{\"@type\":\"SearchAction\",\"target\":{\"@type\":\"EntryPoint\",\"urlTemplate\":\"https:\\\/\\\/www.sillon38.com\\\/blog\\\/?s={search_term_string}\"},\"query-input\":{\"@type\":\"PropertyValueSpecification\",\"valueRequired\":true,\"valueName\":\"search_term_string\"}}],\"inLanguage\":\"fr-FR\"},{\"@type\":\"Person\",\"@id\":\"https:\\\/\\\/www.sillon38.com\\\/blog\\\/#\\\/schema\\\/person\\\/72f06b5f0494d1edc8f4e5bf63651ff1\",\"name\":\"M Coeur\"}]}<\/script>\n<!-- \/ Yoast SEO plugin. -->","yoast_head_json":{"title":"13\u00e8me \u00e9dition de la f\u00eate de la for\u00eat de montagne -","robots":{"index":"index","follow":"follow","max-snippet":"max-snippet:-1","max-image-preview":"max-image-preview:large","max-video-preview":"max-video-preview:-1"},"canonical":"https:\/\/www.sillon38.com\/blog\/2013\/06\/06\/13eme-edition-de-la-fete-de-la-foret-de-montagne\/","og_locale":"fr_FR","og_type":"article","og_title":"13\u00e8me \u00e9dition de la f\u00eate de la for\u00eat de montagne -","og_description":"La f\u00eate de la for\u00eat de montagne qui a lieu tous les deux an, se d\u00e9roulera cette ann\u00e9e \u00e0 Vaujany les 21-22 et 23 juin.","og_url":"https:\/\/www.sillon38.com\/blog\/2013\/06\/06\/13eme-edition-de-la-fete-de-la-foret-de-montagne\/","article_published_time":"2013-06-06T16:01:17+00:00","og_image":[{"url":"http:\/\/staging.sillon38.com\/wp-content\/uploads\/2013\/06\/Vaujany-1.png","type":"","width":"","height":""}],"author":"M Coeur","twitter_card":"summary_large_image","twitter_misc":{"\u00c9crit par":"M Coeur","Dur\u00e9e de lecture estim\u00e9e":"2 minutes"},"schema":{"@context":"https:\/\/schema.org","@graph":[{"@type":"Article","@id":"https:\/\/www.sillon38.com\/blog\/2013\/06\/06\/13eme-edition-de-la-fete-de-la-foret-de-montagne\/#article","isPartOf":{"@id":"https:\/\/www.sillon38.com\/blog\/2013\/06\/06\/13eme-edition-de-la-fete-de-la-foret-de-montagne\/"},"author":{"name":"M Coeur","@id":"https:\/\/www.sillon38.com\/blog\/#\/schema\/person\/72f06b5f0494d1edc8f4e5bf63651ff1"},"headline":"13\u00e8me \u00e9dition de la f\u00eate de la for\u00eat de montagne","datePublished":"2013-06-06T16:01:17+00:00","mainEntityOfPage":{"@id":"https:\/\/www.sillon38.com\/blog\/2013\/06\/06\/13eme-edition-de-la-fete-de-la-foret-de-montagne\/"},"wordCount":378,"commentCount":0,"image":{"@id":"https:\/\/www.sillon38.com\/blog\/2013\/06\/06\/13eme-edition-de-la-fete-de-la-foret-de-montagne\/#primaryimage"},"thumbnailUrl":"http:\/\/staging.sillon38.com\/wp-content\/uploads\/2013\/06\/Vaujany-1.png","keywords":["f\u00eate de la for\u00eat de montagne","Vaujany"],"articleSection":["- fili\u00e8re bois","for\u00eat"],"inLanguage":"fr-FR","potentialAction":[{"@type":"CommentAction","name":"Comment","target":["https:\/\/www.sillon38.com\/blog\/2013\/06\/06\/13eme-edition-de-la-fete-de-la-foret-de-montagne\/#respond"]}]},{"@type":"WebPage","@id":"https:\/\/www.sillon38.com\/blog\/2013\/06\/06\/13eme-edition-de-la-fete-de-la-foret-de-montagne\/","url":"https:\/\/www.sillon38.com\/blog\/2013\/06\/06\/13eme-edition-de-la-fete-de-la-foret-de-montagne\/","name":"13\u00e8me \u00e9dition de la f\u00eate de la for\u00eat de montagne -","isPartOf":{"@id":"https:\/\/www.sillon38.com\/blog\/#website"},"primaryImageOfPage":{"@id":"https:\/\/www.sillon38.com\/blog\/2013\/06\/06\/13eme-edition-de-la-fete-de-la-foret-de-montagne\/#primaryimage"},"image":{"@id":"https:\/\/www.sillon38.com\/blog\/2013\/06\/06\/13eme-edition-de-la-fete-de-la-foret-de-montagne\/#primaryimage"},"thumbnailUrl":"http:\/\/staging.sillon38.com\/wp-content\/uploads\/2013\/06\/Vaujany-1.png","datePublished":"2013-06-06T16:01:17+00:00","author":{"@id":"https:\/\/www.sillon38.com\/blog\/#\/schema\/person\/72f06b5f0494d1edc8f4e5bf63651ff1"},"breadcrumb":{"@id":"https:\/\/www.sillon38.com\/blog\/2013\/06\/06\/13eme-edition-de-la-fete-de-la-foret-de-montagne\/#breadcrumb"},"inLanguage":"fr-FR","potentialAction":[{"@type":"ReadAction","target":["https:\/\/www.sillon38.com\/blog\/2013\/06\/06\/13eme-edition-de-la-fete-de-la-foret-de-montagne\/"]}]},{"@type":"ImageObject","inLanguage":"fr-FR","@id":"https:\/\/www.sillon38.com\/blog\/2013\/06\/06\/13eme-edition-de-la-fete-de-la-foret-de-montagne\/#primaryimage","url":"http:\/\/staging.sillon38.com\/wp-content\/uploads\/2013\/06\/Vaujany-1.png","contentUrl":"http:\/\/staging.sillon38.com\/wp-content\/uploads\/2013\/06\/Vaujany-1.png"},{"@type":"BreadcrumbList","@id":"https:\/\/www.sillon38.com\/blog\/2013\/06\/06\/13eme-edition-de-la-fete-de-la-foret-de-montagne\/#breadcrumb","itemListElement":[{"@type":"ListItem","position":1,"name":"Accueil","item":"https:\/\/www.sillon38.com\/blog\/"},{"@type":"ListItem","position":2,"name":"13\u00e8me \u00e9dition de la f\u00eate de la for\u00eat de montagne"}]},{"@type":"WebSite","@id":"https:\/\/www.sillon38.com\/blog\/#website","url":"https:\/\/www.sillon38.com\/blog\/","name":"","description":"Le journal du monde rural","potentialAction":[{"@type":"SearchAction","target":{"@type":"EntryPoint","urlTemplate":"https:\/\/www.sillon38.com\/blog\/?s={search_term_string}"},"query-input":{"@type":"PropertyValueSpecification","valueRequired":true,"valueName":"search_term_string"}}],"inLanguage":"fr-FR"},{"@type":"Person","@id":"https:\/\/www.sillon38.com\/blog\/#\/schema\/person\/72f06b5f0494d1edc8f4e5bf63651ff1","name":"M Coeur"}]}},"_links":{"self":[{"href":"https:\/\/www.sillon38.com\/blog\/wp-json\/wp\/v2\/posts\/37173","targetHints":{"allow":["GET"]}}],"collection":[{"href":"https:\/\/www.sillon38.com\/blog\/wp-json\/wp\/v2\/posts"}],"about":[{"href":"https:\/\/www.sillon38.com\/blog\/wp-json\/wp\/v2\/types\/post"}],"author":[{"embeddable":true,"href":"https:\/\/www.sillon38.com\/blog\/wp-json\/wp\/v2\/users\/2"}],"replies":[{"embeddable":true,"href":"https:\/\/www.sillon38.com\/blog\/wp-json\/wp\/v2\/comments?post=37173"}],"version-history":[{"count":0,"href":"https:\/\/www.sillon38.com\/blog\/wp-json\/wp\/v2\/posts\/37173\/revisions"}],"wp:attachment":[{"href":"https:\/\/www.sillon38.com\/blog\/wp-json\/wp\/v2\/media?parent=37173"}],"wp:term":[{"taxonomy":"category","embeddable":true,"href":"https:\/\/www.sillon38.com\/blog\/wp-json\/wp\/v2\/categories?post=37173"},{"taxonomy":"post_tag","embeddable":true,"href":"https:\/\/www.sillon38.com\/blog\/wp-json\/wp\/v2\/tags?post=37173"}],"curies":[{"name":"wp","href":"https:\/\/api.w.org\/{rel}","templated":true}]}}