{"id":3720,"date":"2008-09-08T12:32:14","date_gmt":"2008-09-08T10:32:14","guid":{"rendered":"http:\/\/staging.sillon38.com\/2008\/09\/08\/manifestation-a-lalbenc\/"},"modified":"2008-09-08T12:32:14","modified_gmt":"2008-09-08T10:32:14","slug":"manifestation-a-lalbenc","status":"publish","type":"post","link":"https:\/\/www.sillon38.com\/blog\/2008\/09\/08\/manifestation-a-lalbenc\/","title":{"rendered":"Manifestation \u00e0 l&rsquo;Albenc contre le projet de d\u00e9charge"},"content":{"rendered":"<p>Alors que le dossier Center Parc avance, le projet de d\u00e9charge sur Roybon est loin d&rsquo;\u00eatre enterr\u00e9. La mobilisation des opposants \u00e0 cette implantation \u00e0 cette d\u00e9charge en Chambarans est toujours aussi forte.<br \/>\nLors du festival \u00ab\u00a0avenir au naturel qui s&rsquo;est d\u00e9roul\u00e9 ce week-end \u00e0 L&rsquo;Albenc, plusieurs manifestants se sont invit\u00e9s \u00e0 la visite inaugurale. Celle ci avec \u00e0 sa t\u00eate le pr\u00e9sident du conseil G\u00e9n\u00e9ral, Andr\u00e9 Vallini\u00a0 a pu \u00e9couter les revendications des opposants \u00e0 ce projet de centre de stockage de d\u00e9chets ultimes. Ils souhaitent \u00eatre inform\u00e9s sur la tenue d&rsquo;une r\u00e9union interd\u00e9partementale entre l&rsquo;Is\u00e8re, la Savoie et l&rsquo;Ain. Ceci afin de savoir si ces deux d\u00e9partements viendront d\u00e9verser leurs d\u00e9chets en Is\u00e8re.<\/p>\n<p>D&rsquo;autre part le collectif demande \u00e0 pouvoir prendre connaissance des r\u00e9sultats des forages des diff\u00e9rents sols sond\u00e9s sur les sites retenus et effectu\u00e9s en d\u00e9but d&rsquo;ann\u00e9e.<\/p>\n<p>Les manifestants ont tenu \u00e0 se faire entendre et c&rsquo;est dans le calme qu&rsquo;ils ont montr\u00e9 une fois de plus leur opposition \u00e0 l&rsquo;implantation de ce centre de stockage situ\u00e9 \u00e0 quelques encablures du futur Center Parc,ce qui serait une sacr\u00e9e aberration!<\/p>\n","protected":false},"excerpt":{"rendered":"<p>Alors que le dossier Center Parc avance, le projet de d\u00e9charge sur Roybon est loin d&rsquo;\u00eatre enterr\u00e9. La mobilisation des opposants \u00e0 cette implantation \u00e0 cette d\u00e9charge en Chambarans est toujours aussi forte. Lors du festival \u00ab\u00a0avenir au naturel qui&#8230;<\/p>\n","protected":false},"author":2,"featured_media":0,"comment_status":"open","ping_status":"open","sticky":false,"template":"","format":"standard","meta":{"footnotes":""},"categories":[96],"tags":[1767,2312],"class_list":["post-3720","post","type-post","status-publish","format-standard","hentry","category-decharge-en-chambaran","tag-decharge-en-chambaran","tag-festival-de-lalbenc"],"yoast_head":"<!-- This site is optimized with the Yoast SEO plugin v27.5 - https:\/\/yoast.com\/product\/yoast-seo-wordpress\/ -->\n<title>Manifestation \u00e0 l&#039;Albenc contre le projet de d\u00e9charge -<\/title>\n<meta name=\"robots\" content=\"index, follow, max-snippet:-1, max-image-preview:large, max-video-preview:-1\" \/>\n<link rel=\"canonical\" href=\"https:\/\/www.sillon38.com\/blog\/2008\/09\/08\/manifestation-a-lalbenc\/\" \/>\n<meta property=\"og:locale\" content=\"fr_FR\" \/>\n<meta property=\"og:type\" content=\"article\" \/>\n<meta property=\"og:title\" content=\"Manifestation \u00e0 l&#039;Albenc contre le projet de d\u00e9charge -\" \/>\n<meta property=\"og:description\" content=\"Alors que le dossier Center Parc avance, le projet de d\u00e9charge sur Roybon est loin d&rsquo;\u00eatre enterr\u00e9. La mobilisation des opposants \u00e0 cette implantation \u00e0 cette d\u00e9charge en Chambarans est toujours aussi forte. Lors du festival \u00ab\u00a0avenir au naturel qui...\" \/>\n<meta property=\"og:url\" content=\"https:\/\/www.sillon38.com\/blog\/2008\/09\/08\/manifestation-a-lalbenc\/\" \/>\n<meta property=\"article:published_time\" content=\"2008-09-08T10:32:14+00:00\" \/>\n<meta name=\"author\" content=\"M Coeur\" \/>\n<meta name=\"twitter:card\" content=\"summary_large_image\" \/>\n<meta name=\"twitter:label1\" content=\"\u00c9crit par\" \/>\n\t<meta name=\"twitter:data1\" content=\"M Coeur\" \/>\n\t<meta name=\"twitter:label2\" content=\"Dur\u00e9e de lecture estim\u00e9e\" \/>\n\t<meta name=\"twitter:data2\" content=\"1 minute\" \/>\n<script type=\"application\/ld+json\" class=\"yoast-schema-graph\">{\"@context\":\"https:\\\/\\\/schema.org\",\"@graph\":[{\"@type\":\"Article\",\"@id\":\"https:\\\/\\\/www.sillon38.com\\\/blog\\\/2008\\\/09\\\/08\\\/manifestation-a-lalbenc\\\/#article\",\"isPartOf\":{\"@id\":\"https:\\\/\\\/www.sillon38.com\\\/blog\\\/2008\\\/09\\\/08\\\/manifestation-a-lalbenc\\\/\"},\"author\":{\"name\":\"M Coeur\",\"@id\":\"https:\\\/\\\/www.sillon38.com\\\/blog\\\/#\\\/schema\\\/person\\\/72f06b5f0494d1edc8f4e5bf63651ff1\"},\"headline\":\"Manifestation \u00e0 l&rsquo;Albenc contre le projet de d\u00e9charge\",\"datePublished\":\"2008-09-08T10:32:14+00:00\",\"mainEntityOfPage\":{\"@id\":\"https:\\\/\\\/www.sillon38.com\\\/blog\\\/2008\\\/09\\\/08\\\/manifestation-a-lalbenc\\\/\"},\"wordCount\":218,\"commentCount\":0,\"keywords\":[\"d\u00e9charge en Chambaran\",\"festival de l'Albenc\"],\"articleSection\":[\"d\u00e9charge en Chambaran\"],\"inLanguage\":\"fr-FR\",\"potentialAction\":[{\"@type\":\"CommentAction\",\"name\":\"Comment\",\"target\":[\"https:\\\/\\\/www.sillon38.com\\\/blog\\\/2008\\\/09\\\/08\\\/manifestation-a-lalbenc\\\/#respond\"]}]},{\"@type\":\"WebPage\",\"@id\":\"https:\\\/\\\/www.sillon38.com\\\/blog\\\/2008\\\/09\\\/08\\\/manifestation-a-lalbenc\\\/\",\"url\":\"https:\\\/\\\/www.sillon38.com\\\/blog\\\/2008\\\/09\\\/08\\\/manifestation-a-lalbenc\\\/\",\"name\":\"Manifestation \u00e0 l'Albenc contre le projet de d\u00e9charge -\",\"isPartOf\":{\"@id\":\"https:\\\/\\\/www.sillon38.com\\\/blog\\\/#website\"},\"datePublished\":\"2008-09-08T10:32:14+00:00\",\"author\":{\"@id\":\"https:\\\/\\\/www.sillon38.com\\\/blog\\\/#\\\/schema\\\/person\\\/72f06b5f0494d1edc8f4e5bf63651ff1\"},\"breadcrumb\":{\"@id\":\"https:\\\/\\\/www.sillon38.com\\\/blog\\\/2008\\\/09\\\/08\\\/manifestation-a-lalbenc\\\/#breadcrumb\"},\"inLanguage\":\"fr-FR\",\"potentialAction\":[{\"@type\":\"ReadAction\",\"target\":[\"https:\\\/\\\/www.sillon38.com\\\/blog\\\/2008\\\/09\\\/08\\\/manifestation-a-lalbenc\\\/\"]}]},{\"@type\":\"BreadcrumbList\",\"@id\":\"https:\\\/\\\/www.sillon38.com\\\/blog\\\/2008\\\/09\\\/08\\\/manifestation-a-lalbenc\\\/#breadcrumb\",\"itemListElement\":[{\"@type\":\"ListItem\",\"position\":1,\"name\":\"Accueil\",\"item\":\"https:\\\/\\\/www.sillon38.com\\\/blog\\\/\"},{\"@type\":\"ListItem\",\"position\":2,\"name\":\"Manifestation \u00e0 l&rsquo;Albenc contre le projet de d\u00e9charge\"}]},{\"@type\":\"WebSite\",\"@id\":\"https:\\\/\\\/www.sillon38.com\\\/blog\\\/#website\",\"url\":\"https:\\\/\\\/www.sillon38.com\\\/blog\\\/\",\"name\":\"\",\"description\":\"Le journal du monde rural\",\"potentialAction\":[{\"@type\":\"SearchAction\",\"target\":{\"@type\":\"EntryPoint\",\"urlTemplate\":\"https:\\\/\\\/www.sillon38.com\\\/blog\\\/?s={search_term_string}\"},\"query-input\":{\"@type\":\"PropertyValueSpecification\",\"valueRequired\":true,\"valueName\":\"search_term_string\"}}],\"inLanguage\":\"fr-FR\"},{\"@type\":\"Person\",\"@id\":\"https:\\\/\\\/www.sillon38.com\\\/blog\\\/#\\\/schema\\\/person\\\/72f06b5f0494d1edc8f4e5bf63651ff1\",\"name\":\"M Coeur\"}]}<\/script>\n<!-- \/ Yoast SEO plugin. -->","yoast_head_json":{"title":"Manifestation \u00e0 l'Albenc contre le projet de d\u00e9charge -","robots":{"index":"index","follow":"follow","max-snippet":"max-snippet:-1","max-image-preview":"max-image-preview:large","max-video-preview":"max-video-preview:-1"},"canonical":"https:\/\/www.sillon38.com\/blog\/2008\/09\/08\/manifestation-a-lalbenc\/","og_locale":"fr_FR","og_type":"article","og_title":"Manifestation \u00e0 l'Albenc contre le projet de d\u00e9charge -","og_description":"Alors que le dossier Center Parc avance, le projet de d\u00e9charge sur Roybon est loin d&rsquo;\u00eatre enterr\u00e9. La mobilisation des opposants \u00e0 cette implantation \u00e0 cette d\u00e9charge en Chambarans est toujours aussi forte. Lors du festival \u00ab\u00a0avenir au naturel qui...","og_url":"https:\/\/www.sillon38.com\/blog\/2008\/09\/08\/manifestation-a-lalbenc\/","article_published_time":"2008-09-08T10:32:14+00:00","author":"M Coeur","twitter_card":"summary_large_image","twitter_misc":{"\u00c9crit par":"M Coeur","Dur\u00e9e de lecture estim\u00e9e":"1 minute"},"schema":{"@context":"https:\/\/schema.org","@graph":[{"@type":"Article","@id":"https:\/\/www.sillon38.com\/blog\/2008\/09\/08\/manifestation-a-lalbenc\/#article","isPartOf":{"@id":"https:\/\/www.sillon38.com\/blog\/2008\/09\/08\/manifestation-a-lalbenc\/"},"author":{"name":"M Coeur","@id":"https:\/\/www.sillon38.com\/blog\/#\/schema\/person\/72f06b5f0494d1edc8f4e5bf63651ff1"},"headline":"Manifestation \u00e0 l&rsquo;Albenc contre le projet de d\u00e9charge","datePublished":"2008-09-08T10:32:14+00:00","mainEntityOfPage":{"@id":"https:\/\/www.sillon38.com\/blog\/2008\/09\/08\/manifestation-a-lalbenc\/"},"wordCount":218,"commentCount":0,"keywords":["d\u00e9charge en Chambaran","festival de l'Albenc"],"articleSection":["d\u00e9charge en Chambaran"],"inLanguage":"fr-FR","potentialAction":[{"@type":"CommentAction","name":"Comment","target":["https:\/\/www.sillon38.com\/blog\/2008\/09\/08\/manifestation-a-lalbenc\/#respond"]}]},{"@type":"WebPage","@id":"https:\/\/www.sillon38.com\/blog\/2008\/09\/08\/manifestation-a-lalbenc\/","url":"https:\/\/www.sillon38.com\/blog\/2008\/09\/08\/manifestation-a-lalbenc\/","name":"Manifestation \u00e0 l'Albenc contre le projet de d\u00e9charge -","isPartOf":{"@id":"https:\/\/www.sillon38.com\/blog\/#website"},"datePublished":"2008-09-08T10:32:14+00:00","author":{"@id":"https:\/\/www.sillon38.com\/blog\/#\/schema\/person\/72f06b5f0494d1edc8f4e5bf63651ff1"},"breadcrumb":{"@id":"https:\/\/www.sillon38.com\/blog\/2008\/09\/08\/manifestation-a-lalbenc\/#breadcrumb"},"inLanguage":"fr-FR","potentialAction":[{"@type":"ReadAction","target":["https:\/\/www.sillon38.com\/blog\/2008\/09\/08\/manifestation-a-lalbenc\/"]}]},{"@type":"BreadcrumbList","@id":"https:\/\/www.sillon38.com\/blog\/2008\/09\/08\/manifestation-a-lalbenc\/#breadcrumb","itemListElement":[{"@type":"ListItem","position":1,"name":"Accueil","item":"https:\/\/www.sillon38.com\/blog\/"},{"@type":"ListItem","position":2,"name":"Manifestation \u00e0 l&rsquo;Albenc contre le projet de d\u00e9charge"}]},{"@type":"WebSite","@id":"https:\/\/www.sillon38.com\/blog\/#website","url":"https:\/\/www.sillon38.com\/blog\/","name":"","description":"Le journal du monde rural","potentialAction":[{"@type":"SearchAction","target":{"@type":"EntryPoint","urlTemplate":"https:\/\/www.sillon38.com\/blog\/?s={search_term_string}"},"query-input":{"@type":"PropertyValueSpecification","valueRequired":true,"valueName":"search_term_string"}}],"inLanguage":"fr-FR"},{"@type":"Person","@id":"https:\/\/www.sillon38.com\/blog\/#\/schema\/person\/72f06b5f0494d1edc8f4e5bf63651ff1","name":"M Coeur"}]}},"_links":{"self":[{"href":"https:\/\/www.sillon38.com\/blog\/wp-json\/wp\/v2\/posts\/3720","targetHints":{"allow":["GET"]}}],"collection":[{"href":"https:\/\/www.sillon38.com\/blog\/wp-json\/wp\/v2\/posts"}],"about":[{"href":"https:\/\/www.sillon38.com\/blog\/wp-json\/wp\/v2\/types\/post"}],"author":[{"embeddable":true,"href":"https:\/\/www.sillon38.com\/blog\/wp-json\/wp\/v2\/users\/2"}],"replies":[{"embeddable":true,"href":"https:\/\/www.sillon38.com\/blog\/wp-json\/wp\/v2\/comments?post=3720"}],"version-history":[{"count":0,"href":"https:\/\/www.sillon38.com\/blog\/wp-json\/wp\/v2\/posts\/3720\/revisions"}],"wp:attachment":[{"href":"https:\/\/www.sillon38.com\/blog\/wp-json\/wp\/v2\/media?parent=3720"}],"wp:term":[{"taxonomy":"category","embeddable":true,"href":"https:\/\/www.sillon38.com\/blog\/wp-json\/wp\/v2\/categories?post=3720"},{"taxonomy":"post_tag","embeddable":true,"href":"https:\/\/www.sillon38.com\/blog\/wp-json\/wp\/v2\/tags?post=3720"}],"curies":[{"name":"wp","href":"https:\/\/api.w.org\/{rel}","templated":true}]}}