{"id":37421,"date":"2013-06-19T21:10:15","date_gmt":"2013-06-19T19:10:15","guid":{"rendered":"http:\/\/staging.sillon38.com\/?p=37421"},"modified":"2013-06-19T21:10:15","modified_gmt":"2013-06-19T19:10:15","slug":"le-pic-vert-fete-lete-en-bievre","status":"publish","type":"post","link":"https:\/\/www.sillon38.com\/blog\/2013\/06\/19\/le-pic-vert-fete-lete-en-bievre\/","title":{"rendered":"Le Pic Vert f\u00eate l\u2019\u00e9t\u00e9 en Bi\u00e8vre"},"content":{"rendered":"<p><span style=\"color: #000080;\">Comme chaque ann\u00e9e, l\u2019association de protection de la nature Le Pic Vert organise fin juin une journ\u00e9e<br \/>\nconviviale ouverte \u00e0 tous afin de f\u00eater l&rsquo;\u00e9t\u00e9 et de faire d\u00e9couvrir la nature en Bi\u00e8vre. Cette journ\u00e9e aura<br \/>\nlieu le <span style=\"color: #ff6600;\"><strong>samedi 22 juin \u00e0 partir de 8h00 sur la r\u00e9serve de Bi\u00e8vre chemin du lierre, \u00e0 Rives (38).<\/strong><\/span><\/span><\/p>\n<p><span style=\"color: #000080;\">Au programme : balades tout en observant, observations tout en se baladant, mini-chantiers dans la<br \/>\nr\u00e9serve de la carri\u00e8re de Bi\u00e8vre, capture de papillons et de libellules au filet, soir\u00e9e grillade.<\/span><\/p>\n<p><strong><span style=\"color: #000080;\">Plusieurs horaires de rendez-vous sont propos\u00e9s :<\/span><\/strong><\/p>\n<p><span style=\"color: #000080;\">\u2022 1er rendez-vous \u00e0 partir de 8h sur le parking de l&rsquo;observatoire de la r\u00e9serve de Bi\u00e8vre<br \/>\n(chemin du Lierre 1e route \u00e0 droite environ 400 m apr\u00e8s l\u2019entr\u00e9e officielle de la carri\u00e8re<br \/>\nCARBIEV), \u00e0 Rives (voir Plan) : arrachage de plantes invasives, nettoyage des deux d\u00e9p\u00f4ts<br \/>\nd\u2019ordures sauvages sur le site, observations diverses&#8230;. ;<\/span><\/p>\n<p><span style=\"color: #000080;\">\u2022 2e rendez-vous \u00e0 14h sur le parking de l&rsquo;observatoire de la r\u00e9serve de Bi\u00e8vre : observation<br \/>\nd&rsquo;oiseaux, capture au filet de papillons et libellules sur divers milieux dans et \u00e0 l\u2019ext\u00e9rieur des<br \/>\ncarri\u00e8res<\/span><\/p>\n<p><span style=\"color: #000080;\">\u2022 3e rendez-vous \u00e0 19h sur le parking de l&rsquo;observatoire de la r\u00e9serve de Bi\u00e8vre \u00e0 Rives, pour<br \/>\nune soir\u00e9e barbecue. Le Pic Vert offrira la boisson.<\/span><\/p>\n<p><span style=\"color: #000080;\">Mat\u00e9riel : chapeau ou casquette, jumelles, appareil photo, pique-nique du midi, boissons, grillades,<br \/>\ng\u00e2teaux et tartes pour la soir\u00e9e.<\/span><\/p>\n<p><span style=\"color: #000080;\">Mat\u00e9riel mini-chantier (le matin uniquement) : gants, fourche-b\u00eache, piochon, s\u00e9cateur.<br \/>\nLa presse ainsi que toutes les personnes int\u00e9ress\u00e9es par la protection de l&rsquo;environnement dans le<br \/>\nVoironnais et la Bi\u00e8vre sont cordialement invit\u00e9s.<\/span><\/p>\n<p><span style=\"color: #000080;\">Renseignements aupr\u00e8s du Pic Vert par t\u00e9l\u00e9phone au 04 76 91 34 33 ou par mail \u00e0<br \/>\ncontact@lepicvert.asso.fr<br \/>\nwww.lepicvert.asso.fr<\/span><\/p>\n","protected":false},"excerpt":{"rendered":"<p>L\u2019association de protection de la nature Le Pic Vert organise fin juin une journ\u00e9e<br \/>\nconviviale pour f\u00eater l&rsquo;\u00e9t\u00e9 faire d\u00e9couvrir la nature en Bi\u00e8vre. Cette journ\u00e9e aura<br \/>\nlieu le samedi 22 juin \u00e0 Rives.<\/p>\n","protected":false},"author":2,"featured_media":0,"comment_status":"open","ping_status":"open","sticky":false,"template":"","format":"standard","meta":{"footnotes":""},"categories":[47],"tags":[3378],"class_list":["post-37421","post","type-post","status-publish","format-standard","hentry","category-nature","tag-le-pic-vert"],"yoast_head":"<!-- This site is optimized with the Yoast SEO plugin v27.5 - https:\/\/yoast.com\/product\/yoast-seo-wordpress\/ -->\n<title>Le Pic Vert f\u00eate l\u2019\u00e9t\u00e9 en Bi\u00e8vre -<\/title>\n<meta name=\"robots\" content=\"index, follow, max-snippet:-1, max-image-preview:large, max-video-preview:-1\" \/>\n<link rel=\"canonical\" href=\"https:\/\/www.sillon38.com\/blog\/2013\/06\/19\/le-pic-vert-fete-lete-en-bievre\/\" \/>\n<meta property=\"og:locale\" content=\"fr_FR\" \/>\n<meta property=\"og:type\" content=\"article\" \/>\n<meta property=\"og:title\" content=\"Le Pic Vert f\u00eate l\u2019\u00e9t\u00e9 en Bi\u00e8vre -\" \/>\n<meta property=\"og:description\" content=\"L\u2019association de protection de la nature Le Pic Vert organise fin juin une journ\u00e9e conviviale pour f\u00eater l&#039;\u00e9t\u00e9 faire d\u00e9couvrir la nature en Bi\u00e8vre. Cette journ\u00e9e aura lieu le samedi 22 juin \u00e0 Rives.\" \/>\n<meta property=\"og:url\" content=\"https:\/\/www.sillon38.com\/blog\/2013\/06\/19\/le-pic-vert-fete-lete-en-bievre\/\" \/>\n<meta property=\"article:published_time\" content=\"2013-06-19T19:10:15+00:00\" \/>\n<meta name=\"author\" content=\"M Coeur\" \/>\n<meta name=\"twitter:card\" content=\"summary_large_image\" \/>\n<meta name=\"twitter:label1\" content=\"\u00c9crit par\" \/>\n\t<meta name=\"twitter:data1\" content=\"M Coeur\" \/>\n\t<meta name=\"twitter:label2\" content=\"Dur\u00e9e de lecture estim\u00e9e\" \/>\n\t<meta name=\"twitter:data2\" content=\"2 minutes\" \/>\n<script type=\"application\/ld+json\" class=\"yoast-schema-graph\">{\"@context\":\"https:\\\/\\\/schema.org\",\"@graph\":[{\"@type\":\"Article\",\"@id\":\"https:\\\/\\\/www.sillon38.com\\\/blog\\\/2013\\\/06\\\/19\\\/le-pic-vert-fete-lete-en-bievre\\\/#article\",\"isPartOf\":{\"@id\":\"https:\\\/\\\/www.sillon38.com\\\/blog\\\/2013\\\/06\\\/19\\\/le-pic-vert-fete-lete-en-bievre\\\/\"},\"author\":{\"name\":\"M Coeur\",\"@id\":\"https:\\\/\\\/www.sillon38.com\\\/blog\\\/#\\\/schema\\\/person\\\/72f06b5f0494d1edc8f4e5bf63651ff1\"},\"headline\":\"Le Pic Vert f\u00eate l\u2019\u00e9t\u00e9 en Bi\u00e8vre\",\"datePublished\":\"2013-06-19T19:10:15+00:00\",\"mainEntityOfPage\":{\"@id\":\"https:\\\/\\\/www.sillon38.com\\\/blog\\\/2013\\\/06\\\/19\\\/le-pic-vert-fete-lete-en-bievre\\\/\"},\"wordCount\":317,\"commentCount\":0,\"keywords\":[\"le Pic Vert\"],\"articleSection\":[\"nature\"],\"inLanguage\":\"fr-FR\",\"potentialAction\":[{\"@type\":\"CommentAction\",\"name\":\"Comment\",\"target\":[\"https:\\\/\\\/www.sillon38.com\\\/blog\\\/2013\\\/06\\\/19\\\/le-pic-vert-fete-lete-en-bievre\\\/#respond\"]}]},{\"@type\":\"WebPage\",\"@id\":\"https:\\\/\\\/www.sillon38.com\\\/blog\\\/2013\\\/06\\\/19\\\/le-pic-vert-fete-lete-en-bievre\\\/\",\"url\":\"https:\\\/\\\/www.sillon38.com\\\/blog\\\/2013\\\/06\\\/19\\\/le-pic-vert-fete-lete-en-bievre\\\/\",\"name\":\"Le Pic Vert f\u00eate l\u2019\u00e9t\u00e9 en Bi\u00e8vre -\",\"isPartOf\":{\"@id\":\"https:\\\/\\\/www.sillon38.com\\\/blog\\\/#website\"},\"datePublished\":\"2013-06-19T19:10:15+00:00\",\"author\":{\"@id\":\"https:\\\/\\\/www.sillon38.com\\\/blog\\\/#\\\/schema\\\/person\\\/72f06b5f0494d1edc8f4e5bf63651ff1\"},\"breadcrumb\":{\"@id\":\"https:\\\/\\\/www.sillon38.com\\\/blog\\\/2013\\\/06\\\/19\\\/le-pic-vert-fete-lete-en-bievre\\\/#breadcrumb\"},\"inLanguage\":\"fr-FR\",\"potentialAction\":[{\"@type\":\"ReadAction\",\"target\":[\"https:\\\/\\\/www.sillon38.com\\\/blog\\\/2013\\\/06\\\/19\\\/le-pic-vert-fete-lete-en-bievre\\\/\"]}]},{\"@type\":\"BreadcrumbList\",\"@id\":\"https:\\\/\\\/www.sillon38.com\\\/blog\\\/2013\\\/06\\\/19\\\/le-pic-vert-fete-lete-en-bievre\\\/#breadcrumb\",\"itemListElement\":[{\"@type\":\"ListItem\",\"position\":1,\"name\":\"Accueil\",\"item\":\"https:\\\/\\\/www.sillon38.com\\\/blog\\\/\"},{\"@type\":\"ListItem\",\"position\":2,\"name\":\"Le Pic Vert f\u00eate l\u2019\u00e9t\u00e9 en Bi\u00e8vre\"}]},{\"@type\":\"WebSite\",\"@id\":\"https:\\\/\\\/www.sillon38.com\\\/blog\\\/#website\",\"url\":\"https:\\\/\\\/www.sillon38.com\\\/blog\\\/\",\"name\":\"\",\"description\":\"Le journal du monde rural\",\"potentialAction\":[{\"@type\":\"SearchAction\",\"target\":{\"@type\":\"EntryPoint\",\"urlTemplate\":\"https:\\\/\\\/www.sillon38.com\\\/blog\\\/?s={search_term_string}\"},\"query-input\":{\"@type\":\"PropertyValueSpecification\",\"valueRequired\":true,\"valueName\":\"search_term_string\"}}],\"inLanguage\":\"fr-FR\"},{\"@type\":\"Person\",\"@id\":\"https:\\\/\\\/www.sillon38.com\\\/blog\\\/#\\\/schema\\\/person\\\/72f06b5f0494d1edc8f4e5bf63651ff1\",\"name\":\"M Coeur\"}]}<\/script>\n<!-- \/ Yoast SEO plugin. -->","yoast_head_json":{"title":"Le Pic Vert f\u00eate l\u2019\u00e9t\u00e9 en Bi\u00e8vre -","robots":{"index":"index","follow":"follow","max-snippet":"max-snippet:-1","max-image-preview":"max-image-preview:large","max-video-preview":"max-video-preview:-1"},"canonical":"https:\/\/www.sillon38.com\/blog\/2013\/06\/19\/le-pic-vert-fete-lete-en-bievre\/","og_locale":"fr_FR","og_type":"article","og_title":"Le Pic Vert f\u00eate l\u2019\u00e9t\u00e9 en Bi\u00e8vre -","og_description":"L\u2019association de protection de la nature Le Pic Vert organise fin juin une journ\u00e9e conviviale pour f\u00eater l'\u00e9t\u00e9 faire d\u00e9couvrir la nature en Bi\u00e8vre. Cette journ\u00e9e aura lieu le samedi 22 juin \u00e0 Rives.","og_url":"https:\/\/www.sillon38.com\/blog\/2013\/06\/19\/le-pic-vert-fete-lete-en-bievre\/","article_published_time":"2013-06-19T19:10:15+00:00","author":"M Coeur","twitter_card":"summary_large_image","twitter_misc":{"\u00c9crit par":"M Coeur","Dur\u00e9e de lecture estim\u00e9e":"2 minutes"},"schema":{"@context":"https:\/\/schema.org","@graph":[{"@type":"Article","@id":"https:\/\/www.sillon38.com\/blog\/2013\/06\/19\/le-pic-vert-fete-lete-en-bievre\/#article","isPartOf":{"@id":"https:\/\/www.sillon38.com\/blog\/2013\/06\/19\/le-pic-vert-fete-lete-en-bievre\/"},"author":{"name":"M Coeur","@id":"https:\/\/www.sillon38.com\/blog\/#\/schema\/person\/72f06b5f0494d1edc8f4e5bf63651ff1"},"headline":"Le Pic Vert f\u00eate l\u2019\u00e9t\u00e9 en Bi\u00e8vre","datePublished":"2013-06-19T19:10:15+00:00","mainEntityOfPage":{"@id":"https:\/\/www.sillon38.com\/blog\/2013\/06\/19\/le-pic-vert-fete-lete-en-bievre\/"},"wordCount":317,"commentCount":0,"keywords":["le Pic Vert"],"articleSection":["nature"],"inLanguage":"fr-FR","potentialAction":[{"@type":"CommentAction","name":"Comment","target":["https:\/\/www.sillon38.com\/blog\/2013\/06\/19\/le-pic-vert-fete-lete-en-bievre\/#respond"]}]},{"@type":"WebPage","@id":"https:\/\/www.sillon38.com\/blog\/2013\/06\/19\/le-pic-vert-fete-lete-en-bievre\/","url":"https:\/\/www.sillon38.com\/blog\/2013\/06\/19\/le-pic-vert-fete-lete-en-bievre\/","name":"Le Pic Vert f\u00eate l\u2019\u00e9t\u00e9 en Bi\u00e8vre -","isPartOf":{"@id":"https:\/\/www.sillon38.com\/blog\/#website"},"datePublished":"2013-06-19T19:10:15+00:00","author":{"@id":"https:\/\/www.sillon38.com\/blog\/#\/schema\/person\/72f06b5f0494d1edc8f4e5bf63651ff1"},"breadcrumb":{"@id":"https:\/\/www.sillon38.com\/blog\/2013\/06\/19\/le-pic-vert-fete-lete-en-bievre\/#breadcrumb"},"inLanguage":"fr-FR","potentialAction":[{"@type":"ReadAction","target":["https:\/\/www.sillon38.com\/blog\/2013\/06\/19\/le-pic-vert-fete-lete-en-bievre\/"]}]},{"@type":"BreadcrumbList","@id":"https:\/\/www.sillon38.com\/blog\/2013\/06\/19\/le-pic-vert-fete-lete-en-bievre\/#breadcrumb","itemListElement":[{"@type":"ListItem","position":1,"name":"Accueil","item":"https:\/\/www.sillon38.com\/blog\/"},{"@type":"ListItem","position":2,"name":"Le Pic Vert f\u00eate l\u2019\u00e9t\u00e9 en Bi\u00e8vre"}]},{"@type":"WebSite","@id":"https:\/\/www.sillon38.com\/blog\/#website","url":"https:\/\/www.sillon38.com\/blog\/","name":"","description":"Le journal du monde rural","potentialAction":[{"@type":"SearchAction","target":{"@type":"EntryPoint","urlTemplate":"https:\/\/www.sillon38.com\/blog\/?s={search_term_string}"},"query-input":{"@type":"PropertyValueSpecification","valueRequired":true,"valueName":"search_term_string"}}],"inLanguage":"fr-FR"},{"@type":"Person","@id":"https:\/\/www.sillon38.com\/blog\/#\/schema\/person\/72f06b5f0494d1edc8f4e5bf63651ff1","name":"M Coeur"}]}},"_links":{"self":[{"href":"https:\/\/www.sillon38.com\/blog\/wp-json\/wp\/v2\/posts\/37421","targetHints":{"allow":["GET"]}}],"collection":[{"href":"https:\/\/www.sillon38.com\/blog\/wp-json\/wp\/v2\/posts"}],"about":[{"href":"https:\/\/www.sillon38.com\/blog\/wp-json\/wp\/v2\/types\/post"}],"author":[{"embeddable":true,"href":"https:\/\/www.sillon38.com\/blog\/wp-json\/wp\/v2\/users\/2"}],"replies":[{"embeddable":true,"href":"https:\/\/www.sillon38.com\/blog\/wp-json\/wp\/v2\/comments?post=37421"}],"version-history":[{"count":0,"href":"https:\/\/www.sillon38.com\/blog\/wp-json\/wp\/v2\/posts\/37421\/revisions"}],"wp:attachment":[{"href":"https:\/\/www.sillon38.com\/blog\/wp-json\/wp\/v2\/media?parent=37421"}],"wp:term":[{"taxonomy":"category","embeddable":true,"href":"https:\/\/www.sillon38.com\/blog\/wp-json\/wp\/v2\/categories?post=37421"},{"taxonomy":"post_tag","embeddable":true,"href":"https:\/\/www.sillon38.com\/blog\/wp-json\/wp\/v2\/tags?post=37421"}],"curies":[{"name":"wp","href":"https:\/\/api.w.org\/{rel}","templated":true}]}}