{"id":4097,"date":"2008-10-10T12:55:54","date_gmt":"2008-10-10T10:55:54","guid":{"rendered":"http:\/\/staging.sillon38.com\/2008\/10\/10\/la-semaine-du-gout-en-sud-gresivaudan\/"},"modified":"2008-10-10T12:55:54","modified_gmt":"2008-10-10T10:55:54","slug":"la-semaine-du-gout-en-sud-gresivaudan","status":"publish","type":"post","link":"https:\/\/www.sillon38.com\/blog\/2008\/10\/10\/la-semaine-du-gout-en-sud-gresivaudan\/","title":{"rendered":"La semaine du go\u00fbt en sud Gr\u00e9sivaudan"},"content":{"rendered":"<p><strong>Cette ann\u00e9e, la semaine du Go\u00fbt s\u2019inscrit au c\u0153ur de la manifestation \u00ab Le mois de la noix \u00bb qui f\u00eate les 70 ans de l\u2019AOC \u00ab Noix de Grenoble \u00bb <\/strong><\/p>\n<p>Le Grand S\u00e9choir &#8211; Maison du Pays de la Noix et le Comit\u00e9 de territoire du Sud Gr\u00e9sivaudan organisent une semaine du go\u00fbt riche en animations : \u00e0 chaque jour son activit\u00e9 : ateliers gourmands pour les scolaires, spectacle pour enfants, go\u00fbter de fruits d\u2019automne et march\u00e9 fermier.<\/p>\n<p><strong>Lundi 13, mardi 14 et jeudi 16 octobre des ateliers pour les scolaires.<\/strong><\/p>\n<p>Des ateliers de d\u00e9couverte de la noix dans tous ses \u00e9tats qui \u00e9veillent les papilles et agitent les sens !<\/p>\n<p>Pour les scolaires, une demi-journ\u00e9e en compagnie des agriculteurs du Sud Gr\u00e9sivaudan entrecoup\u00e9e d\u2019un d\u00e9licieux go\u00fbter pour f\u00eater les 70 ans de l\u2019AOC !<\/p>\n<p>Les enfants deviendront des Ma\u00eetres P\u00e2tissier le temps de la confection de fruits d\u00e9guis\u00e9s \u00e0 base de cerneaux de noix.<br \/>\nCet atelier sera organis\u00e9 par des \u00e9l\u00e8ves du Lyc\u00e9e Bellevue de St Marcellin.<br \/>\nEnsuite, les enfants d\u00e9couvriront avec Catherine Duboucher, agricultrice \u00e0 Izeron les secrets de l\u2019huile de noix autour d\u2019une presse \u2026 il faudra avant casser les noix !<br \/>\nLe go\u00fbt et les saveurs \u2026 tout un programme ! Jean-Paul Dorly, producteur de plantes s\u00e9ch\u00e9es \u00e0 Chatte sensibilisera les enfants autour des 5 sens.<br \/>\nEt pour finir, une visite du mus\u00e9e s\u2019impose pour raconter la longue histoire de la noix !<br \/>\nR\u00e9servation indispensable : Comit\u00e9 de territoire du Sud Gr\u00e9sivaudan\u00a0 04 76 38 23 00<\/p>\n","protected":false},"excerpt":{"rendered":"<p>Cette ann\u00e9e, la semaine du Go\u00fbt s\u2019inscrit au c\u0153ur de la manifestation \u00ab Le mois de la noix \u00bb qui f\u00eate les 70 ans de l\u2019AOC \u00ab Noix de Grenoble \u00bb Le Grand S\u00e9choir &#8211; Maison du Pays de la&#8230;<\/p>\n","protected":false},"author":2,"featured_media":0,"comment_status":"open","ping_status":"open","sticky":false,"template":"","format":"standard","meta":{"footnotes":""},"categories":[95],"tags":[],"class_list":["post-4097","post","type-post","status-publish","format-standard","hentry","category-consommation"],"yoast_head":"<!-- This site is optimized with the Yoast SEO plugin v27.5 - https:\/\/yoast.com\/product\/yoast-seo-wordpress\/ -->\n<title>La semaine du go\u00fbt en sud Gr\u00e9sivaudan -<\/title>\n<meta name=\"robots\" content=\"index, follow, max-snippet:-1, max-image-preview:large, max-video-preview:-1\" \/>\n<link rel=\"canonical\" href=\"https:\/\/www.sillon38.com\/blog\/2008\/10\/10\/la-semaine-du-gout-en-sud-gresivaudan\/\" \/>\n<meta property=\"og:locale\" content=\"fr_FR\" \/>\n<meta property=\"og:type\" content=\"article\" \/>\n<meta property=\"og:title\" content=\"La semaine du go\u00fbt en sud Gr\u00e9sivaudan -\" \/>\n<meta property=\"og:description\" content=\"Cette ann\u00e9e, la semaine du Go\u00fbt s\u2019inscrit au c\u0153ur de la manifestation \u00ab Le mois de la noix \u00bb qui f\u00eate les 70 ans de l\u2019AOC \u00ab Noix de Grenoble \u00bb Le Grand S\u00e9choir &#8211; Maison du Pays de la...\" \/>\n<meta property=\"og:url\" content=\"https:\/\/www.sillon38.com\/blog\/2008\/10\/10\/la-semaine-du-gout-en-sud-gresivaudan\/\" \/>\n<meta property=\"article:published_time\" content=\"2008-10-10T10:55:54+00:00\" \/>\n<meta name=\"author\" content=\"M Coeur\" \/>\n<meta name=\"twitter:card\" content=\"summary_large_image\" \/>\n<meta name=\"twitter:label1\" content=\"\u00c9crit par\" \/>\n\t<meta name=\"twitter:data1\" content=\"M Coeur\" \/>\n\t<meta name=\"twitter:label2\" content=\"Dur\u00e9e de lecture estim\u00e9e\" \/>\n\t<meta name=\"twitter:data2\" content=\"1 minute\" \/>\n<script type=\"application\/ld+json\" class=\"yoast-schema-graph\">{\"@context\":\"https:\\\/\\\/schema.org\",\"@graph\":[{\"@type\":\"Article\",\"@id\":\"https:\\\/\\\/www.sillon38.com\\\/blog\\\/2008\\\/10\\\/10\\\/la-semaine-du-gout-en-sud-gresivaudan\\\/#article\",\"isPartOf\":{\"@id\":\"https:\\\/\\\/www.sillon38.com\\\/blog\\\/2008\\\/10\\\/10\\\/la-semaine-du-gout-en-sud-gresivaudan\\\/\"},\"author\":{\"name\":\"M Coeur\",\"@id\":\"https:\\\/\\\/www.sillon38.com\\\/blog\\\/#\\\/schema\\\/person\\\/72f06b5f0494d1edc8f4e5bf63651ff1\"},\"headline\":\"La semaine du go\u00fbt en sud Gr\u00e9sivaudan\",\"datePublished\":\"2008-10-10T10:55:54+00:00\",\"mainEntityOfPage\":{\"@id\":\"https:\\\/\\\/www.sillon38.com\\\/blog\\\/2008\\\/10\\\/10\\\/la-semaine-du-gout-en-sud-gresivaudan\\\/\"},\"wordCount\":268,\"commentCount\":0,\"articleSection\":[\"consommation\"],\"inLanguage\":\"fr-FR\",\"potentialAction\":[{\"@type\":\"CommentAction\",\"name\":\"Comment\",\"target\":[\"https:\\\/\\\/www.sillon38.com\\\/blog\\\/2008\\\/10\\\/10\\\/la-semaine-du-gout-en-sud-gresivaudan\\\/#respond\"]}]},{\"@type\":\"WebPage\",\"@id\":\"https:\\\/\\\/www.sillon38.com\\\/blog\\\/2008\\\/10\\\/10\\\/la-semaine-du-gout-en-sud-gresivaudan\\\/\",\"url\":\"https:\\\/\\\/www.sillon38.com\\\/blog\\\/2008\\\/10\\\/10\\\/la-semaine-du-gout-en-sud-gresivaudan\\\/\",\"name\":\"La semaine du go\u00fbt en sud Gr\u00e9sivaudan -\",\"isPartOf\":{\"@id\":\"https:\\\/\\\/www.sillon38.com\\\/blog\\\/#website\"},\"datePublished\":\"2008-10-10T10:55:54+00:00\",\"author\":{\"@id\":\"https:\\\/\\\/www.sillon38.com\\\/blog\\\/#\\\/schema\\\/person\\\/72f06b5f0494d1edc8f4e5bf63651ff1\"},\"breadcrumb\":{\"@id\":\"https:\\\/\\\/www.sillon38.com\\\/blog\\\/2008\\\/10\\\/10\\\/la-semaine-du-gout-en-sud-gresivaudan\\\/#breadcrumb\"},\"inLanguage\":\"fr-FR\",\"potentialAction\":[{\"@type\":\"ReadAction\",\"target\":[\"https:\\\/\\\/www.sillon38.com\\\/blog\\\/2008\\\/10\\\/10\\\/la-semaine-du-gout-en-sud-gresivaudan\\\/\"]}]},{\"@type\":\"BreadcrumbList\",\"@id\":\"https:\\\/\\\/www.sillon38.com\\\/blog\\\/2008\\\/10\\\/10\\\/la-semaine-du-gout-en-sud-gresivaudan\\\/#breadcrumb\",\"itemListElement\":[{\"@type\":\"ListItem\",\"position\":1,\"name\":\"Accueil\",\"item\":\"https:\\\/\\\/www.sillon38.com\\\/blog\\\/\"},{\"@type\":\"ListItem\",\"position\":2,\"name\":\"La semaine du go\u00fbt en sud Gr\u00e9sivaudan\"}]},{\"@type\":\"WebSite\",\"@id\":\"https:\\\/\\\/www.sillon38.com\\\/blog\\\/#website\",\"url\":\"https:\\\/\\\/www.sillon38.com\\\/blog\\\/\",\"name\":\"\",\"description\":\"Le journal du monde rural\",\"potentialAction\":[{\"@type\":\"SearchAction\",\"target\":{\"@type\":\"EntryPoint\",\"urlTemplate\":\"https:\\\/\\\/www.sillon38.com\\\/blog\\\/?s={search_term_string}\"},\"query-input\":{\"@type\":\"PropertyValueSpecification\",\"valueRequired\":true,\"valueName\":\"search_term_string\"}}],\"inLanguage\":\"fr-FR\"},{\"@type\":\"Person\",\"@id\":\"https:\\\/\\\/www.sillon38.com\\\/blog\\\/#\\\/schema\\\/person\\\/72f06b5f0494d1edc8f4e5bf63651ff1\",\"name\":\"M Coeur\"}]}<\/script>\n<!-- \/ Yoast SEO plugin. -->","yoast_head_json":{"title":"La semaine du go\u00fbt en sud Gr\u00e9sivaudan -","robots":{"index":"index","follow":"follow","max-snippet":"max-snippet:-1","max-image-preview":"max-image-preview:large","max-video-preview":"max-video-preview:-1"},"canonical":"https:\/\/www.sillon38.com\/blog\/2008\/10\/10\/la-semaine-du-gout-en-sud-gresivaudan\/","og_locale":"fr_FR","og_type":"article","og_title":"La semaine du go\u00fbt en sud Gr\u00e9sivaudan -","og_description":"Cette ann\u00e9e, la semaine du Go\u00fbt s\u2019inscrit au c\u0153ur de la manifestation \u00ab Le mois de la noix \u00bb qui f\u00eate les 70 ans de l\u2019AOC \u00ab Noix de Grenoble \u00bb Le Grand S\u00e9choir &#8211; Maison du Pays de la...","og_url":"https:\/\/www.sillon38.com\/blog\/2008\/10\/10\/la-semaine-du-gout-en-sud-gresivaudan\/","article_published_time":"2008-10-10T10:55:54+00:00","author":"M Coeur","twitter_card":"summary_large_image","twitter_misc":{"\u00c9crit par":"M Coeur","Dur\u00e9e de lecture estim\u00e9e":"1 minute"},"schema":{"@context":"https:\/\/schema.org","@graph":[{"@type":"Article","@id":"https:\/\/www.sillon38.com\/blog\/2008\/10\/10\/la-semaine-du-gout-en-sud-gresivaudan\/#article","isPartOf":{"@id":"https:\/\/www.sillon38.com\/blog\/2008\/10\/10\/la-semaine-du-gout-en-sud-gresivaudan\/"},"author":{"name":"M Coeur","@id":"https:\/\/www.sillon38.com\/blog\/#\/schema\/person\/72f06b5f0494d1edc8f4e5bf63651ff1"},"headline":"La semaine du go\u00fbt en sud Gr\u00e9sivaudan","datePublished":"2008-10-10T10:55:54+00:00","mainEntityOfPage":{"@id":"https:\/\/www.sillon38.com\/blog\/2008\/10\/10\/la-semaine-du-gout-en-sud-gresivaudan\/"},"wordCount":268,"commentCount":0,"articleSection":["consommation"],"inLanguage":"fr-FR","potentialAction":[{"@type":"CommentAction","name":"Comment","target":["https:\/\/www.sillon38.com\/blog\/2008\/10\/10\/la-semaine-du-gout-en-sud-gresivaudan\/#respond"]}]},{"@type":"WebPage","@id":"https:\/\/www.sillon38.com\/blog\/2008\/10\/10\/la-semaine-du-gout-en-sud-gresivaudan\/","url":"https:\/\/www.sillon38.com\/blog\/2008\/10\/10\/la-semaine-du-gout-en-sud-gresivaudan\/","name":"La semaine du go\u00fbt en sud Gr\u00e9sivaudan -","isPartOf":{"@id":"https:\/\/www.sillon38.com\/blog\/#website"},"datePublished":"2008-10-10T10:55:54+00:00","author":{"@id":"https:\/\/www.sillon38.com\/blog\/#\/schema\/person\/72f06b5f0494d1edc8f4e5bf63651ff1"},"breadcrumb":{"@id":"https:\/\/www.sillon38.com\/blog\/2008\/10\/10\/la-semaine-du-gout-en-sud-gresivaudan\/#breadcrumb"},"inLanguage":"fr-FR","potentialAction":[{"@type":"ReadAction","target":["https:\/\/www.sillon38.com\/blog\/2008\/10\/10\/la-semaine-du-gout-en-sud-gresivaudan\/"]}]},{"@type":"BreadcrumbList","@id":"https:\/\/www.sillon38.com\/blog\/2008\/10\/10\/la-semaine-du-gout-en-sud-gresivaudan\/#breadcrumb","itemListElement":[{"@type":"ListItem","position":1,"name":"Accueil","item":"https:\/\/www.sillon38.com\/blog\/"},{"@type":"ListItem","position":2,"name":"La semaine du go\u00fbt en sud Gr\u00e9sivaudan"}]},{"@type":"WebSite","@id":"https:\/\/www.sillon38.com\/blog\/#website","url":"https:\/\/www.sillon38.com\/blog\/","name":"","description":"Le journal du monde rural","potentialAction":[{"@type":"SearchAction","target":{"@type":"EntryPoint","urlTemplate":"https:\/\/www.sillon38.com\/blog\/?s={search_term_string}"},"query-input":{"@type":"PropertyValueSpecification","valueRequired":true,"valueName":"search_term_string"}}],"inLanguage":"fr-FR"},{"@type":"Person","@id":"https:\/\/www.sillon38.com\/blog\/#\/schema\/person\/72f06b5f0494d1edc8f4e5bf63651ff1","name":"M Coeur"}]}},"_links":{"self":[{"href":"https:\/\/www.sillon38.com\/blog\/wp-json\/wp\/v2\/posts\/4097","targetHints":{"allow":["GET"]}}],"collection":[{"href":"https:\/\/www.sillon38.com\/blog\/wp-json\/wp\/v2\/posts"}],"about":[{"href":"https:\/\/www.sillon38.com\/blog\/wp-json\/wp\/v2\/types\/post"}],"author":[{"embeddable":true,"href":"https:\/\/www.sillon38.com\/blog\/wp-json\/wp\/v2\/users\/2"}],"replies":[{"embeddable":true,"href":"https:\/\/www.sillon38.com\/blog\/wp-json\/wp\/v2\/comments?post=4097"}],"version-history":[{"count":0,"href":"https:\/\/www.sillon38.com\/blog\/wp-json\/wp\/v2\/posts\/4097\/revisions"}],"wp:attachment":[{"href":"https:\/\/www.sillon38.com\/blog\/wp-json\/wp\/v2\/media?parent=4097"}],"wp:term":[{"taxonomy":"category","embeddable":true,"href":"https:\/\/www.sillon38.com\/blog\/wp-json\/wp\/v2\/categories?post=4097"},{"taxonomy":"post_tag","embeddable":true,"href":"https:\/\/www.sillon38.com\/blog\/wp-json\/wp\/v2\/tags?post=4097"}],"curies":[{"name":"wp","href":"https:\/\/api.w.org\/{rel}","templated":true}]}}