{"id":41711,"date":"2013-12-24T18:24:21","date_gmt":"2013-12-24T16:24:21","guid":{"rendered":"http:\/\/staging.sillon38.com\/?p=41711"},"modified":"2013-12-24T18:24:21","modified_gmt":"2013-12-24T16:24:21","slug":"risque-davalanches-en-isere-2","status":"publish","type":"post","link":"https:\/\/www.sillon38.com\/blog\/2013\/12\/24\/risque-davalanches-en-isere-2\/","title":{"rendered":"RISQUE D\u2019AVALANCHES EN ISERE"},"content":{"rendered":"<p><span style=\"color: #000080;\"><br \/>\n<span style=\"color: #ff6600;\"><strong>La pr\u00e9fecture de l\u2019Is\u00e8re appelle votre attention sur le risque avalanche sur les diff\u00e9rents massifs du d\u00e9partement pour le mercredi 25 d\u00e9cembre 2013.<\/strong><\/span><\/p>\n<p><strong>Massif de la Chartreuse<\/strong> : Risque faible ou limit\u00e9 :<br \/>\n\u00b7\u00a0\u00a0 \u00a0D\u00e9parts spontan\u00e9s : Coul\u00e9es de neige lourde<br \/>\n\u00b7\u00a0\u00a0 \u00a0D\u00e9clenchement des skieurs : plaques localis\u00e9es pr\u00e8s des sommets<\/p>\n<p><strong>Massif du Vercors <\/strong>: Risque faible ou limit\u00e9 :<br \/>\n\u00b7\u00a0\u00a0 \u00a0D\u00e9parts spontan\u00e9s : Coul\u00e9es de neige lourde<br \/>\n\u00b7\u00a0\u00a0 \u00a0D\u00e9clenchement des skieurs : plaques localis\u00e9es pr\u00e8s des sommets<\/p>\n<p><strong>Massif de Belledonne <\/strong>: Risque limit\u00e9 en dessous de 2000 m\u00e8tres &#8211; Risque marqu\u00e9 et fort au dessus de 2000 m\u00e8tres :<br \/>\n\u00b7\u00a0\u00a0 \u00a0D\u00e9parts spontan\u00e9s : Coul\u00e9es ou avalanches de neige lourde<br \/>\n\u00b7\u00a0\u00a0 \u00a0D\u00e9clenchement des skieurs : plaques fragiles en altitude avec la neige fra\u00eeche<\/p>\n<p><strong>Massif des grandes-Rousses<\/strong> : Risque limit\u00e9 en dessous de 2000 m\u00e8tres &#8211; Risque marqu\u00e9 et fort au dessus de 2000 m\u00e8tres :<br \/>\n\u00b7\u00a0\u00a0 \u00a0D\u00e9parts spontan\u00e9s : Coul\u00e9es ou avalanches de neige lourde<br \/>\n\u00b7\u00a0\u00a0 \u00a0D\u00e9clenchement des skieurs : plaques fragiles en altitude avec la neige fra\u00eeche<\/p>\n<p><strong>Massif de l\u2019Oisans<\/strong> : Risque limit\u00e9 en dessous de 2000 m\u00e8tres &#8211; Risque marqu\u00e9 et fort au dessus de 2000 m\u00e8tres :<br \/>\n\u00b7\u00a0\u00a0 \u00a0D\u00e9parts spontan\u00e9s : Coul\u00e9es ou avalanches de neige lourde<br \/>\n\u00b7\u00a0\u00a0 \u00a0D\u00e9clenchement des skieurs : plaques fragiles en altitude avec la neige fra\u00eeche<\/p>\n<p><span style=\"color: #ff6600;\"><strong>Renseignements compl\u00e9mentaires :<\/strong><\/span><\/p>\n<p><a href=\"http:\/\/www.meteofrance.com\/previsions-meteo-montagne\/bulletin-avalanches\/synthese\/isere\/AVDEPT38\">http:\/\/www.meteofrance.com\/previsions-meteo-montagne\/bulletin-avalanches\/synthese\/isere\/AVDEPT38<\/a><\/span><\/p>\n","protected":false},"excerpt":{"rendered":"<p>La pr\u00e9fecture de l\u2019Is\u00e8re appelle votre attention sur le risque avalanche sur les diff\u00e9rents massifs du d\u00e9partement pour le mercredi 25 d\u00e9cembre 2013.<\/p>\n","protected":false},"author":2,"featured_media":0,"comment_status":"open","ping_status":"open","sticky":false,"template":"","format":"standard","meta":{"footnotes":""},"categories":[46],"tags":[640,728,2994,5626],"class_list":["post-41711","post","type-post","status-publish","format-standard","hentry","category-montagne-environnement","tag-avalanches","tag-belledonne","tag-isere","tag-vercors"],"yoast_head":"<!-- This site is optimized with the Yoast SEO plugin v27.5 - https:\/\/yoast.com\/product\/yoast-seo-wordpress\/ -->\n<title>RISQUE D\u2019AVALANCHES EN ISERE -<\/title>\n<meta name=\"robots\" content=\"index, follow, max-snippet:-1, max-image-preview:large, max-video-preview:-1\" \/>\n<link rel=\"canonical\" href=\"https:\/\/www.sillon38.com\/blog\/2013\/12\/24\/risque-davalanches-en-isere-2\/\" \/>\n<meta property=\"og:locale\" content=\"fr_FR\" \/>\n<meta property=\"og:type\" content=\"article\" \/>\n<meta property=\"og:title\" content=\"RISQUE D\u2019AVALANCHES EN ISERE -\" \/>\n<meta property=\"og:description\" content=\"La pr\u00e9fecture de l\u2019Is\u00e8re appelle votre attention sur le risque avalanche sur les diff\u00e9rents massifs du d\u00e9partement pour le mercredi 25 d\u00e9cembre 2013.\" \/>\n<meta property=\"og:url\" content=\"https:\/\/www.sillon38.com\/blog\/2013\/12\/24\/risque-davalanches-en-isere-2\/\" \/>\n<meta property=\"article:published_time\" content=\"2013-12-24T16:24:21+00:00\" \/>\n<meta name=\"author\" content=\"M Coeur\" \/>\n<meta name=\"twitter:card\" content=\"summary_large_image\" \/>\n<meta name=\"twitter:label1\" content=\"\u00c9crit par\" \/>\n\t<meta name=\"twitter:data1\" content=\"M Coeur\" \/>\n\t<meta name=\"twitter:label2\" content=\"Dur\u00e9e de lecture estim\u00e9e\" \/>\n\t<meta name=\"twitter:data2\" content=\"1 minute\" \/>\n<script type=\"application\/ld+json\" class=\"yoast-schema-graph\">{\"@context\":\"https:\\\/\\\/schema.org\",\"@graph\":[{\"@type\":\"Article\",\"@id\":\"https:\\\/\\\/www.sillon38.com\\\/blog\\\/2013\\\/12\\\/24\\\/risque-davalanches-en-isere-2\\\/#article\",\"isPartOf\":{\"@id\":\"https:\\\/\\\/www.sillon38.com\\\/blog\\\/2013\\\/12\\\/24\\\/risque-davalanches-en-isere-2\\\/\"},\"author\":{\"name\":\"M Coeur\",\"@id\":\"https:\\\/\\\/www.sillon38.com\\\/blog\\\/#\\\/schema\\\/person\\\/72f06b5f0494d1edc8f4e5bf63651ff1\"},\"headline\":\"RISQUE D\u2019AVALANCHES EN ISERE\",\"datePublished\":\"2013-12-24T16:24:21+00:00\",\"mainEntityOfPage\":{\"@id\":\"https:\\\/\\\/www.sillon38.com\\\/blog\\\/2013\\\/12\\\/24\\\/risque-davalanches-en-isere-2\\\/\"},\"wordCount\":232,\"commentCount\":0,\"keywords\":[\"avalanches\",\"Belledonne\",\"Is\u00e8re\",\"Vercors\"],\"articleSection\":[\"montagne\"],\"inLanguage\":\"fr-FR\",\"potentialAction\":[{\"@type\":\"CommentAction\",\"name\":\"Comment\",\"target\":[\"https:\\\/\\\/www.sillon38.com\\\/blog\\\/2013\\\/12\\\/24\\\/risque-davalanches-en-isere-2\\\/#respond\"]}]},{\"@type\":\"WebPage\",\"@id\":\"https:\\\/\\\/www.sillon38.com\\\/blog\\\/2013\\\/12\\\/24\\\/risque-davalanches-en-isere-2\\\/\",\"url\":\"https:\\\/\\\/www.sillon38.com\\\/blog\\\/2013\\\/12\\\/24\\\/risque-davalanches-en-isere-2\\\/\",\"name\":\"RISQUE D\u2019AVALANCHES EN ISERE -\",\"isPartOf\":{\"@id\":\"https:\\\/\\\/www.sillon38.com\\\/blog\\\/#website\"},\"datePublished\":\"2013-12-24T16:24:21+00:00\",\"author\":{\"@id\":\"https:\\\/\\\/www.sillon38.com\\\/blog\\\/#\\\/schema\\\/person\\\/72f06b5f0494d1edc8f4e5bf63651ff1\"},\"breadcrumb\":{\"@id\":\"https:\\\/\\\/www.sillon38.com\\\/blog\\\/2013\\\/12\\\/24\\\/risque-davalanches-en-isere-2\\\/#breadcrumb\"},\"inLanguage\":\"fr-FR\",\"potentialAction\":[{\"@type\":\"ReadAction\",\"target\":[\"https:\\\/\\\/www.sillon38.com\\\/blog\\\/2013\\\/12\\\/24\\\/risque-davalanches-en-isere-2\\\/\"]}]},{\"@type\":\"BreadcrumbList\",\"@id\":\"https:\\\/\\\/www.sillon38.com\\\/blog\\\/2013\\\/12\\\/24\\\/risque-davalanches-en-isere-2\\\/#breadcrumb\",\"itemListElement\":[{\"@type\":\"ListItem\",\"position\":1,\"name\":\"Accueil\",\"item\":\"https:\\\/\\\/www.sillon38.com\\\/blog\\\/\"},{\"@type\":\"ListItem\",\"position\":2,\"name\":\"RISQUE D\u2019AVALANCHES EN ISERE\"}]},{\"@type\":\"WebSite\",\"@id\":\"https:\\\/\\\/www.sillon38.com\\\/blog\\\/#website\",\"url\":\"https:\\\/\\\/www.sillon38.com\\\/blog\\\/\",\"name\":\"\",\"description\":\"Le journal du monde rural\",\"potentialAction\":[{\"@type\":\"SearchAction\",\"target\":{\"@type\":\"EntryPoint\",\"urlTemplate\":\"https:\\\/\\\/www.sillon38.com\\\/blog\\\/?s={search_term_string}\"},\"query-input\":{\"@type\":\"PropertyValueSpecification\",\"valueRequired\":true,\"valueName\":\"search_term_string\"}}],\"inLanguage\":\"fr-FR\"},{\"@type\":\"Person\",\"@id\":\"https:\\\/\\\/www.sillon38.com\\\/blog\\\/#\\\/schema\\\/person\\\/72f06b5f0494d1edc8f4e5bf63651ff1\",\"name\":\"M Coeur\"}]}<\/script>\n<!-- \/ Yoast SEO plugin. -->","yoast_head_json":{"title":"RISQUE D\u2019AVALANCHES EN ISERE -","robots":{"index":"index","follow":"follow","max-snippet":"max-snippet:-1","max-image-preview":"max-image-preview:large","max-video-preview":"max-video-preview:-1"},"canonical":"https:\/\/www.sillon38.com\/blog\/2013\/12\/24\/risque-davalanches-en-isere-2\/","og_locale":"fr_FR","og_type":"article","og_title":"RISQUE D\u2019AVALANCHES EN ISERE -","og_description":"La pr\u00e9fecture de l\u2019Is\u00e8re appelle votre attention sur le risque avalanche sur les diff\u00e9rents massifs du d\u00e9partement pour le mercredi 25 d\u00e9cembre 2013.","og_url":"https:\/\/www.sillon38.com\/blog\/2013\/12\/24\/risque-davalanches-en-isere-2\/","article_published_time":"2013-12-24T16:24:21+00:00","author":"M Coeur","twitter_card":"summary_large_image","twitter_misc":{"\u00c9crit par":"M Coeur","Dur\u00e9e de lecture estim\u00e9e":"1 minute"},"schema":{"@context":"https:\/\/schema.org","@graph":[{"@type":"Article","@id":"https:\/\/www.sillon38.com\/blog\/2013\/12\/24\/risque-davalanches-en-isere-2\/#article","isPartOf":{"@id":"https:\/\/www.sillon38.com\/blog\/2013\/12\/24\/risque-davalanches-en-isere-2\/"},"author":{"name":"M Coeur","@id":"https:\/\/www.sillon38.com\/blog\/#\/schema\/person\/72f06b5f0494d1edc8f4e5bf63651ff1"},"headline":"RISQUE D\u2019AVALANCHES EN ISERE","datePublished":"2013-12-24T16:24:21+00:00","mainEntityOfPage":{"@id":"https:\/\/www.sillon38.com\/blog\/2013\/12\/24\/risque-davalanches-en-isere-2\/"},"wordCount":232,"commentCount":0,"keywords":["avalanches","Belledonne","Is\u00e8re","Vercors"],"articleSection":["montagne"],"inLanguage":"fr-FR","potentialAction":[{"@type":"CommentAction","name":"Comment","target":["https:\/\/www.sillon38.com\/blog\/2013\/12\/24\/risque-davalanches-en-isere-2\/#respond"]}]},{"@type":"WebPage","@id":"https:\/\/www.sillon38.com\/blog\/2013\/12\/24\/risque-davalanches-en-isere-2\/","url":"https:\/\/www.sillon38.com\/blog\/2013\/12\/24\/risque-davalanches-en-isere-2\/","name":"RISQUE D\u2019AVALANCHES EN ISERE -","isPartOf":{"@id":"https:\/\/www.sillon38.com\/blog\/#website"},"datePublished":"2013-12-24T16:24:21+00:00","author":{"@id":"https:\/\/www.sillon38.com\/blog\/#\/schema\/person\/72f06b5f0494d1edc8f4e5bf63651ff1"},"breadcrumb":{"@id":"https:\/\/www.sillon38.com\/blog\/2013\/12\/24\/risque-davalanches-en-isere-2\/#breadcrumb"},"inLanguage":"fr-FR","potentialAction":[{"@type":"ReadAction","target":["https:\/\/www.sillon38.com\/blog\/2013\/12\/24\/risque-davalanches-en-isere-2\/"]}]},{"@type":"BreadcrumbList","@id":"https:\/\/www.sillon38.com\/blog\/2013\/12\/24\/risque-davalanches-en-isere-2\/#breadcrumb","itemListElement":[{"@type":"ListItem","position":1,"name":"Accueil","item":"https:\/\/www.sillon38.com\/blog\/"},{"@type":"ListItem","position":2,"name":"RISQUE D\u2019AVALANCHES EN ISERE"}]},{"@type":"WebSite","@id":"https:\/\/www.sillon38.com\/blog\/#website","url":"https:\/\/www.sillon38.com\/blog\/","name":"","description":"Le journal du monde rural","potentialAction":[{"@type":"SearchAction","target":{"@type":"EntryPoint","urlTemplate":"https:\/\/www.sillon38.com\/blog\/?s={search_term_string}"},"query-input":{"@type":"PropertyValueSpecification","valueRequired":true,"valueName":"search_term_string"}}],"inLanguage":"fr-FR"},{"@type":"Person","@id":"https:\/\/www.sillon38.com\/blog\/#\/schema\/person\/72f06b5f0494d1edc8f4e5bf63651ff1","name":"M Coeur"}]}},"_links":{"self":[{"href":"https:\/\/www.sillon38.com\/blog\/wp-json\/wp\/v2\/posts\/41711","targetHints":{"allow":["GET"]}}],"collection":[{"href":"https:\/\/www.sillon38.com\/blog\/wp-json\/wp\/v2\/posts"}],"about":[{"href":"https:\/\/www.sillon38.com\/blog\/wp-json\/wp\/v2\/types\/post"}],"author":[{"embeddable":true,"href":"https:\/\/www.sillon38.com\/blog\/wp-json\/wp\/v2\/users\/2"}],"replies":[{"embeddable":true,"href":"https:\/\/www.sillon38.com\/blog\/wp-json\/wp\/v2\/comments?post=41711"}],"version-history":[{"count":0,"href":"https:\/\/www.sillon38.com\/blog\/wp-json\/wp\/v2\/posts\/41711\/revisions"}],"wp:attachment":[{"href":"https:\/\/www.sillon38.com\/blog\/wp-json\/wp\/v2\/media?parent=41711"}],"wp:term":[{"taxonomy":"category","embeddable":true,"href":"https:\/\/www.sillon38.com\/blog\/wp-json\/wp\/v2\/categories?post=41711"},{"taxonomy":"post_tag","embeddable":true,"href":"https:\/\/www.sillon38.com\/blog\/wp-json\/wp\/v2\/tags?post=41711"}],"curies":[{"name":"wp","href":"https:\/\/api.w.org\/{rel}","templated":true}]}}