{"id":45620,"date":"2014-06-06T14:06:21","date_gmt":"2014-06-06T12:06:21","guid":{"rendered":"http:\/\/staging.sillon38.com\/?p=45620"},"modified":"2014-06-06T14:06:21","modified_gmt":"2014-06-06T12:06:21","slug":"la-senura-fete-ses-20-ans-dexistence","status":"publish","type":"post","link":"https:\/\/www.sillon38.com\/blog\/2014\/06\/06\/la-senura-fete-ses-20-ans-dexistence\/","title":{"rendered":"Asembl\u00e9e g\u00e9n\u00e9rale de la SENURA"},"content":{"rendered":"<p><span style=\"color: #000080;\"><strong>Jean-Luc Revol, co-pr\u00e9sident de la SENURA, Station Exp\u00e9rimentation Nucicole en Rh\u00f4ne-Alpes, a analys\u00e9\u00a0 au cours de l&rsquo;Assembl\u00e9e G\u00e9n\u00e9rale de la station la campagne de 2013 que l&rsquo;on peut qualifier de <span style=\"color: #000080;\"><strong>bonne r\u00e9colte, mill\u00e9sime moyen<\/strong><\/span><\/strong><\/span><\/p>\n<p><span style=\"color: #000080;\"><strong> <\/strong><\/span><strong><a href=\"http:\/\/staging.sillon38.com\/wp-content\/uploads\/2014\/06\/P1170110.jpg\"><img loading=\"lazy\" decoding=\"async\" class=\"size-full wp-image-45626\" title=\"P1170110\" src=\"http:\/\/staging.sillon38.com\/wp-content\/uploads\/2014\/06\/P1170110.jpg\" alt=\"Jean Luc Revol pr\u00e9sente l'activit\u00e9 de la SENURA. A ses c\u00f4t\u00e9s le second vice-pr\u00e9sident : Jean Claude Darlet, \u00e9galement pr\u00e9sident de la chambre d'agriculture del'Is\u00e8re\" width=\"595\" height=\"664\" srcset=\"https:\/\/www.sillon38.com\/blog\/wp-content\/uploads\/2014\/06\/P1170110.jpg 595w, https:\/\/www.sillon38.com\/blog\/wp-content\/uploads\/2014\/06\/P1170110-269x300.jpg 269w\" sizes=\"auto, (max-width: 595px) 100vw, 595px\" \/><\/a><\/strong><span style=\"color: #000080;\"><strong>.<\/strong><\/span><\/p>\n<p><em><span style=\"color: #000080;\"><strong><strong>Jean Luc Revol pr\u00e9sente l&rsquo;activit\u00e9 de la SENURA. A ses c\u00f4t\u00e9s le  second co-pr\u00e9sident : Jean Claude Darlet, \u00e9galement pr\u00e9sident de la  chambre d&rsquo;agriculture de l&rsquo;Is\u00e8re.<\/strong><\/strong><\/span><\/em><\/p>\n<p><em> <\/em><\/p>\n<p><strong> <\/strong><\/p>\n<p><strong> <\/strong><\/p>\n<p><span style=\"color: #000080;\">\u00a0\u00bb La climatologie du printemps a \u00e9t\u00e9 relativement proche de celle de 2012 avec des conditions<br \/>\nm\u00e9t\u00e9orologiques lors de la p\u00e9riode de floraison assez ressemblantes \u00e0 celles de 2014 que nous<br \/>\nvenons de traverser.<br \/>\nLa pluviom\u00e9trie abondante et le printemps froid de 2013, ont entra\u00een\u00e9 une floraison \u00e9tal\u00e9e mais sans<br \/>\npr\u00e9judice car la plupart des fleurs ont \u00e9t\u00e9 f\u00e9cond\u00e9es et se sont maintenues jusqu\u2019\u00e0 la r\u00e9colte.<br \/>\nLe retard de d\u00e9part s\u2019est poursuivi toute la saison, ce qui a entrain\u00e9 une r\u00e9colte tardive.<br \/>\nLe nombre important de fruits, associ\u00e9 au retard de maturit\u00e9, ont conduit \u00e0 une production<br \/>\nsignificative de noix de petit calibre (de 20 \u00e0 40 % de moins de 28 mm).<\/span><\/p>\n<p><span style=\"color: #000080;\">La production r\u00e9gionale a \u00e9t\u00e9 bonne, voire sup\u00e9rieure \u00e0 celle de 2012 dans certaines zones.<br \/>\nLes conditions de r\u00e9colte tardive n\u2019ont par contre pas permis d\u2019avoir un bon \u00ab mill\u00e9sime \u00bb. La qualit\u00e9<br \/>\nglobale \u00e9tant assez moyenne.<\/span><\/p>\n<p><span style=\"color: #000080;\">Ces volumes importants ont \u00e9t\u00e9 plus difficiles \u00e0 g\u00e9rer. Cela d\u00e9montre, si besoin est, que nos efforts<br \/>\ndoivent \u00eatre poursuivis autour de cette p\u00e9riode clef dans la vie de notre produit (r\u00e9colte,<br \/>\nconditionnement, s\u00e9chage\u2026).<\/span><\/p>\n<p><span style=\"color: #000080;\">Toutefois, la demande internationale et europ\u00e9enne a permis de maintenir un prix de march\u00e9 plut\u00f4t<br \/>\nhaut et 2013 a \u00e9t\u00e9 globalement une bonne ann\u00e9e pour la fili\u00e8re noix.<\/span><\/p>\n<p><span style=\"color: #000080;\">Il faut noter cependant que tous les producteurs ne se trouvent pas dans la m\u00eame situation et que<br \/>\ndes volumes significatifs ont \u00e9t\u00e9 perdus notamment dus \u00e0 la bact\u00e9riose et \u00e0 une pression fongique<br \/>\nimportante, probl\u00e8me que nous devons essayer de mieux comprendre afin d\u2019en limiter l\u2019impact.\u00a0\u00bb <\/span><\/p>\n<p><span style=\"color: #000080;\"><strong>Jean Luc Revol a ensuite abord\u00e9 la vie \u00e0 la station&#8230; Une activit\u00e9 bien dense!<\/strong><\/span><\/p>\n<p><span style=\"color: #000080;\">Au niveau de la station la production a \u00e9t\u00e9 le reflet de ce nous venons de voir au niveau de la r\u00e9gion.<br \/>\nLa production a \u00e9t\u00e9 abondante, la pr\u00e9vision de r\u00e9colte nous annon\u00e7ait + 16,6% de r\u00e9colte en plus par<br \/>\nrapport \u00e0 2012 et comme dans nos exploitations la r\u00e9colte a \u00e9t\u00e9 compliqu\u00e9e.<\/span><\/p>\n<p><span style=\"color: #000080;\">Le s\u00e9chage plus long, compte tenu de l\u2019humidit\u00e9 des noix et de l\u2019air ambiant, s\u2019est traduit par un doublement de notre facture de gaz pour s\u00e9cher la m\u00eame quantit\u00e9 de noix.<br \/>\nL&rsquo; achat d&rsquo;une ramasseuse \u00e0 noix,\u00a0 d&rsquo;un nouveau s\u00e9choir, d&rsquo; une cellule de stockage post-s\u00e9chage a permis de mieux g\u00e9rer la r\u00e9colte.\u00a0\u00bb<\/span><\/p>\n<p><span style=\"color: #000080;\">Jean Luc Revol s&rsquo;est\u00a0 ensuite adress\u00e9 directement aux financeurs:<br \/>\n\u00a0\u00bb Am\u00e9liorer les conditions de travail au quotidien de nos salari\u00e9s est pour le conseil d\u2019administration<br \/>\nune priorit\u00e9 mais les investissements qu\u2019elles n\u00e9cessitent demandent des fonds cons\u00e9quents pas<br \/>\ntoujours pris en compte par nos financeurs et pourtant la p\u00e9rennit\u00e9 de nos stations repose sur leur<br \/>\ncapacit\u00e9 \u00e0 pouvoir adapter leur outil de production aux exigences des programmes exp\u00e9rimentaux<br \/>\nmis en place.\u00a0\u00bb<\/span><\/p>\n<p><span style=\"color: #000080;\"><strong>Sur un plan purement technique, deux points ont \u00e9t\u00e9 abord\u00e9s.<\/strong><\/span><\/p>\n<p><span style=\"color: #000080;\"><span style=\"color: #ff6600;\"><strong>&#8211; La mouche du brou<\/strong><\/span> : elle a \u00e9t\u00e9 officiellement reconnue sur le territoire dr\u00f4mois en 2007. Le<br \/>\nstatut de cet insecte, class\u00e9 organisme de quarantaine, a \u00e9volu\u00e9 en septembre 2013, \u00e0 la<br \/>\ndemande notamment du comit\u00e9 de pilotage mouche Sud-Est.<\/span><\/p>\n<p><span style=\"color: #000080;\">Aujourd\u2019hui, elle n\u2019est plus soumise \u00e0 une lutte obligatoire en tout temps et en tout lieu.<br \/>\nCette \u00e9volution de statut am\u00e8ne des avantages mais aussi des inconv\u00e9nients. L\u2019absence de<br \/>\nmoyen de lutte bio homologu\u00e9 en dehors de l\u2019argile et le non soutien vers une homologation<br \/>\nde la firme d\u00e9tentrice des substances actives \u00e0 base de spinosad risquent de priver la fili\u00e8re<br \/>\nde ces solutions. Cette perspective inqui\u00e9tante risque de perturber la gestion de l\u2019insecte,<br \/>\nnotamment pour les producteurs en agriculture biologique. Nous restons tous mobilis\u00e9s sur<br \/>\nce sujet.<\/span><\/p>\n<p><span style=\"color: #000080;\"><span style=\"color: #ff6600;\"><strong>&#8211; Les huiles blanches<\/strong> <\/span>: en 2013, je vous avais fait part d\u2019une proc\u00e9dure lanc\u00e9e par quelques<br \/>\nproducteurs suite \u00e0 l\u2019utilisation de l\u2019huile blanche de p\u00e9trole au printemps 2012 qui aurait<br \/>\nperturb\u00e9 la v\u00e9g\u00e9tation de certains vergers et affect\u00e9 la production.<\/span><\/p>\n<p><span style=\"color: #000080;\">Deux ans apr\u00e8s le dossier est entre les mains des avocats et apr\u00e8s de tr\u00e8s nombreuses<br \/>\nr\u00e9unions avec la firme qui commercialise ce produit, les experts, les distributeurs\u2026 notre<br \/>\nstructure a \u00e9t\u00e9 cit\u00e9e, entendue ; r\u00e9ponse peut-\u00eatre fin 2014 ? Je d\u00e9plore que tant d\u2019\u00e9nergie<br \/>\nait d\u00fb \u00eatre mise dans cette affaire alors qu\u2019elle aurait pu \u00eatre utilis\u00e9e \u00e0 meilleur escient !!<\/span><\/p>\n<p><span style=\"color: #000080;\">Il \u00e9tait temps d&rsquo;aborder le chemin parcouru par la SENURA, lors de ses 20 ann\u00e9es d&rsquo;existence&#8230;<br \/>\n<\/span><\/p>\n<p><span style=\"color: #000080;\"><br \/>\n<\/span><\/p>\n","protected":false},"excerpt":{"rendered":"<p>L&rsquo;assembl\u00e9e g\u00e9n\u00e9rale de la Station Exp\u00e9rimentation Nucicole en Rh\u00f4ne-Alpes a permis de faire le point sur l&rsquo;ann\u00e9e 2013 mais surtout sur les actions men\u00e9es pendant ses 20 derni\u00e8res ann\u00e9es. La SENURA f\u00eate en effet ses 20 ans d&rsquo;existence&#8230;<\/p>\n","protected":false},"author":2,"featured_media":0,"comment_status":"open","ping_status":"open","sticky":false,"template":"","format":"standard","meta":{"footnotes":""},"categories":[48],"tags":[3065,3973,5019],"class_list":["post-45620","post","type-post","status-publish","format-standard","hentry","category-nuciculture","tag-jean-claude-darlet","tag-noix","tag-senura"],"yoast_head":"<!-- This site is optimized with the Yoast SEO plugin v27.5 - https:\/\/yoast.com\/product\/yoast-seo-wordpress\/ -->\n<title>Asembl\u00e9e g\u00e9n\u00e9rale de la SENURA -<\/title>\n<meta name=\"robots\" content=\"index, follow, max-snippet:-1, max-image-preview:large, max-video-preview:-1\" \/>\n<link rel=\"canonical\" href=\"https:\/\/www.sillon38.com\/blog\/2014\/06\/06\/la-senura-fete-ses-20-ans-dexistence\/\" \/>\n<meta property=\"og:locale\" content=\"fr_FR\" \/>\n<meta property=\"og:type\" content=\"article\" \/>\n<meta property=\"og:title\" content=\"Asembl\u00e9e g\u00e9n\u00e9rale de la SENURA -\" \/>\n<meta property=\"og:description\" content=\"L&#039;assembl\u00e9e g\u00e9n\u00e9rale de la Station Exp\u00e9rimentation Nucicole en Rh\u00f4ne-Alpes a permis de faire le point sur l&#039;ann\u00e9e 2013 mais surtout sur les actions men\u00e9es pendant ses 20 derni\u00e8res ann\u00e9es. La SENURA f\u00eate en effet ses 20 ans d&#039;existence...\" \/>\n<meta property=\"og:url\" content=\"https:\/\/www.sillon38.com\/blog\/2014\/06\/06\/la-senura-fete-ses-20-ans-dexistence\/\" \/>\n<meta property=\"article:published_time\" content=\"2014-06-06T12:06:21+00:00\" \/>\n<meta property=\"og:image\" content=\"http:\/\/staging.sillon38.com\/wp-content\/uploads\/2014\/06\/P1170110.jpg\" \/>\n<meta name=\"author\" content=\"M Coeur\" \/>\n<meta name=\"twitter:card\" content=\"summary_large_image\" \/>\n<meta name=\"twitter:label1\" content=\"\u00c9crit par\" \/>\n\t<meta name=\"twitter:data1\" content=\"M Coeur\" \/>\n\t<meta name=\"twitter:label2\" content=\"Dur\u00e9e de lecture estim\u00e9e\" \/>\n\t<meta name=\"twitter:data2\" content=\"4 minutes\" \/>\n<script type=\"application\/ld+json\" class=\"yoast-schema-graph\">{\"@context\":\"https:\\\/\\\/schema.org\",\"@graph\":[{\"@type\":\"Article\",\"@id\":\"https:\\\/\\\/www.sillon38.com\\\/blog\\\/2014\\\/06\\\/06\\\/la-senura-fete-ses-20-ans-dexistence\\\/#article\",\"isPartOf\":{\"@id\":\"https:\\\/\\\/www.sillon38.com\\\/blog\\\/2014\\\/06\\\/06\\\/la-senura-fete-ses-20-ans-dexistence\\\/\"},\"author\":{\"name\":\"M Coeur\",\"@id\":\"https:\\\/\\\/www.sillon38.com\\\/blog\\\/#\\\/schema\\\/person\\\/72f06b5f0494d1edc8f4e5bf63651ff1\"},\"headline\":\"Asembl\u00e9e g\u00e9n\u00e9rale de la SENURA\",\"datePublished\":\"2014-06-06T12:06:21+00:00\",\"mainEntityOfPage\":{\"@id\":\"https:\\\/\\\/www.sillon38.com\\\/blog\\\/2014\\\/06\\\/06\\\/la-senura-fete-ses-20-ans-dexistence\\\/\"},\"wordCount\":846,\"commentCount\":0,\"image\":{\"@id\":\"https:\\\/\\\/www.sillon38.com\\\/blog\\\/2014\\\/06\\\/06\\\/la-senura-fete-ses-20-ans-dexistence\\\/#primaryimage\"},\"thumbnailUrl\":\"http:\\\/\\\/staging.sillon38.com\\\/wp-content\\\/uploads\\\/2014\\\/06\\\/P1170110.jpg\",\"keywords\":[\"Jean Claude Darlet\",\"noix\",\"SENURA\"],\"articleSection\":[\"nuciculture\"],\"inLanguage\":\"fr-FR\",\"potentialAction\":[{\"@type\":\"CommentAction\",\"name\":\"Comment\",\"target\":[\"https:\\\/\\\/www.sillon38.com\\\/blog\\\/2014\\\/06\\\/06\\\/la-senura-fete-ses-20-ans-dexistence\\\/#respond\"]}]},{\"@type\":\"WebPage\",\"@id\":\"https:\\\/\\\/www.sillon38.com\\\/blog\\\/2014\\\/06\\\/06\\\/la-senura-fete-ses-20-ans-dexistence\\\/\",\"url\":\"https:\\\/\\\/www.sillon38.com\\\/blog\\\/2014\\\/06\\\/06\\\/la-senura-fete-ses-20-ans-dexistence\\\/\",\"name\":\"Asembl\u00e9e g\u00e9n\u00e9rale de la SENURA -\",\"isPartOf\":{\"@id\":\"https:\\\/\\\/www.sillon38.com\\\/blog\\\/#website\"},\"primaryImageOfPage\":{\"@id\":\"https:\\\/\\\/www.sillon38.com\\\/blog\\\/2014\\\/06\\\/06\\\/la-senura-fete-ses-20-ans-dexistence\\\/#primaryimage\"},\"image\":{\"@id\":\"https:\\\/\\\/www.sillon38.com\\\/blog\\\/2014\\\/06\\\/06\\\/la-senura-fete-ses-20-ans-dexistence\\\/#primaryimage\"},\"thumbnailUrl\":\"http:\\\/\\\/staging.sillon38.com\\\/wp-content\\\/uploads\\\/2014\\\/06\\\/P1170110.jpg\",\"datePublished\":\"2014-06-06T12:06:21+00:00\",\"author\":{\"@id\":\"https:\\\/\\\/www.sillon38.com\\\/blog\\\/#\\\/schema\\\/person\\\/72f06b5f0494d1edc8f4e5bf63651ff1\"},\"breadcrumb\":{\"@id\":\"https:\\\/\\\/www.sillon38.com\\\/blog\\\/2014\\\/06\\\/06\\\/la-senura-fete-ses-20-ans-dexistence\\\/#breadcrumb\"},\"inLanguage\":\"fr-FR\",\"potentialAction\":[{\"@type\":\"ReadAction\",\"target\":[\"https:\\\/\\\/www.sillon38.com\\\/blog\\\/2014\\\/06\\\/06\\\/la-senura-fete-ses-20-ans-dexistence\\\/\"]}]},{\"@type\":\"ImageObject\",\"inLanguage\":\"fr-FR\",\"@id\":\"https:\\\/\\\/www.sillon38.com\\\/blog\\\/2014\\\/06\\\/06\\\/la-senura-fete-ses-20-ans-dexistence\\\/#primaryimage\",\"url\":\"http:\\\/\\\/staging.sillon38.com\\\/wp-content\\\/uploads\\\/2014\\\/06\\\/P1170110.jpg\",\"contentUrl\":\"http:\\\/\\\/staging.sillon38.com\\\/wp-content\\\/uploads\\\/2014\\\/06\\\/P1170110.jpg\"},{\"@type\":\"BreadcrumbList\",\"@id\":\"https:\\\/\\\/www.sillon38.com\\\/blog\\\/2014\\\/06\\\/06\\\/la-senura-fete-ses-20-ans-dexistence\\\/#breadcrumb\",\"itemListElement\":[{\"@type\":\"ListItem\",\"position\":1,\"name\":\"Accueil\",\"item\":\"https:\\\/\\\/www.sillon38.com\\\/blog\\\/\"},{\"@type\":\"ListItem\",\"position\":2,\"name\":\"Asembl\u00e9e g\u00e9n\u00e9rale de la SENURA\"}]},{\"@type\":\"WebSite\",\"@id\":\"https:\\\/\\\/www.sillon38.com\\\/blog\\\/#website\",\"url\":\"https:\\\/\\\/www.sillon38.com\\\/blog\\\/\",\"name\":\"\",\"description\":\"Le journal du monde rural\",\"potentialAction\":[{\"@type\":\"SearchAction\",\"target\":{\"@type\":\"EntryPoint\",\"urlTemplate\":\"https:\\\/\\\/www.sillon38.com\\\/blog\\\/?s={search_term_string}\"},\"query-input\":{\"@type\":\"PropertyValueSpecification\",\"valueRequired\":true,\"valueName\":\"search_term_string\"}}],\"inLanguage\":\"fr-FR\"},{\"@type\":\"Person\",\"@id\":\"https:\\\/\\\/www.sillon38.com\\\/blog\\\/#\\\/schema\\\/person\\\/72f06b5f0494d1edc8f4e5bf63651ff1\",\"name\":\"M Coeur\"}]}<\/script>\n<!-- \/ Yoast SEO plugin. -->","yoast_head_json":{"title":"Asembl\u00e9e g\u00e9n\u00e9rale de la SENURA -","robots":{"index":"index","follow":"follow","max-snippet":"max-snippet:-1","max-image-preview":"max-image-preview:large","max-video-preview":"max-video-preview:-1"},"canonical":"https:\/\/www.sillon38.com\/blog\/2014\/06\/06\/la-senura-fete-ses-20-ans-dexistence\/","og_locale":"fr_FR","og_type":"article","og_title":"Asembl\u00e9e g\u00e9n\u00e9rale de la SENURA -","og_description":"L'assembl\u00e9e g\u00e9n\u00e9rale de la Station Exp\u00e9rimentation Nucicole en Rh\u00f4ne-Alpes a permis de faire le point sur l'ann\u00e9e 2013 mais surtout sur les actions men\u00e9es pendant ses 20 derni\u00e8res ann\u00e9es. La SENURA f\u00eate en effet ses 20 ans d'existence...","og_url":"https:\/\/www.sillon38.com\/blog\/2014\/06\/06\/la-senura-fete-ses-20-ans-dexistence\/","article_published_time":"2014-06-06T12:06:21+00:00","og_image":[{"url":"http:\/\/staging.sillon38.com\/wp-content\/uploads\/2014\/06\/P1170110.jpg","type":"","width":"","height":""}],"author":"M Coeur","twitter_card":"summary_large_image","twitter_misc":{"\u00c9crit par":"M Coeur","Dur\u00e9e de lecture estim\u00e9e":"4 minutes"},"schema":{"@context":"https:\/\/schema.org","@graph":[{"@type":"Article","@id":"https:\/\/www.sillon38.com\/blog\/2014\/06\/06\/la-senura-fete-ses-20-ans-dexistence\/#article","isPartOf":{"@id":"https:\/\/www.sillon38.com\/blog\/2014\/06\/06\/la-senura-fete-ses-20-ans-dexistence\/"},"author":{"name":"M Coeur","@id":"https:\/\/www.sillon38.com\/blog\/#\/schema\/person\/72f06b5f0494d1edc8f4e5bf63651ff1"},"headline":"Asembl\u00e9e g\u00e9n\u00e9rale de la SENURA","datePublished":"2014-06-06T12:06:21+00:00","mainEntityOfPage":{"@id":"https:\/\/www.sillon38.com\/blog\/2014\/06\/06\/la-senura-fete-ses-20-ans-dexistence\/"},"wordCount":846,"commentCount":0,"image":{"@id":"https:\/\/www.sillon38.com\/blog\/2014\/06\/06\/la-senura-fete-ses-20-ans-dexistence\/#primaryimage"},"thumbnailUrl":"http:\/\/staging.sillon38.com\/wp-content\/uploads\/2014\/06\/P1170110.jpg","keywords":["Jean Claude Darlet","noix","SENURA"],"articleSection":["nuciculture"],"inLanguage":"fr-FR","potentialAction":[{"@type":"CommentAction","name":"Comment","target":["https:\/\/www.sillon38.com\/blog\/2014\/06\/06\/la-senura-fete-ses-20-ans-dexistence\/#respond"]}]},{"@type":"WebPage","@id":"https:\/\/www.sillon38.com\/blog\/2014\/06\/06\/la-senura-fete-ses-20-ans-dexistence\/","url":"https:\/\/www.sillon38.com\/blog\/2014\/06\/06\/la-senura-fete-ses-20-ans-dexistence\/","name":"Asembl\u00e9e g\u00e9n\u00e9rale de la SENURA -","isPartOf":{"@id":"https:\/\/www.sillon38.com\/blog\/#website"},"primaryImageOfPage":{"@id":"https:\/\/www.sillon38.com\/blog\/2014\/06\/06\/la-senura-fete-ses-20-ans-dexistence\/#primaryimage"},"image":{"@id":"https:\/\/www.sillon38.com\/blog\/2014\/06\/06\/la-senura-fete-ses-20-ans-dexistence\/#primaryimage"},"thumbnailUrl":"http:\/\/staging.sillon38.com\/wp-content\/uploads\/2014\/06\/P1170110.jpg","datePublished":"2014-06-06T12:06:21+00:00","author":{"@id":"https:\/\/www.sillon38.com\/blog\/#\/schema\/person\/72f06b5f0494d1edc8f4e5bf63651ff1"},"breadcrumb":{"@id":"https:\/\/www.sillon38.com\/blog\/2014\/06\/06\/la-senura-fete-ses-20-ans-dexistence\/#breadcrumb"},"inLanguage":"fr-FR","potentialAction":[{"@type":"ReadAction","target":["https:\/\/www.sillon38.com\/blog\/2014\/06\/06\/la-senura-fete-ses-20-ans-dexistence\/"]}]},{"@type":"ImageObject","inLanguage":"fr-FR","@id":"https:\/\/www.sillon38.com\/blog\/2014\/06\/06\/la-senura-fete-ses-20-ans-dexistence\/#primaryimage","url":"http:\/\/staging.sillon38.com\/wp-content\/uploads\/2014\/06\/P1170110.jpg","contentUrl":"http:\/\/staging.sillon38.com\/wp-content\/uploads\/2014\/06\/P1170110.jpg"},{"@type":"BreadcrumbList","@id":"https:\/\/www.sillon38.com\/blog\/2014\/06\/06\/la-senura-fete-ses-20-ans-dexistence\/#breadcrumb","itemListElement":[{"@type":"ListItem","position":1,"name":"Accueil","item":"https:\/\/www.sillon38.com\/blog\/"},{"@type":"ListItem","position":2,"name":"Asembl\u00e9e g\u00e9n\u00e9rale de la SENURA"}]},{"@type":"WebSite","@id":"https:\/\/www.sillon38.com\/blog\/#website","url":"https:\/\/www.sillon38.com\/blog\/","name":"","description":"Le journal du monde rural","potentialAction":[{"@type":"SearchAction","target":{"@type":"EntryPoint","urlTemplate":"https:\/\/www.sillon38.com\/blog\/?s={search_term_string}"},"query-input":{"@type":"PropertyValueSpecification","valueRequired":true,"valueName":"search_term_string"}}],"inLanguage":"fr-FR"},{"@type":"Person","@id":"https:\/\/www.sillon38.com\/blog\/#\/schema\/person\/72f06b5f0494d1edc8f4e5bf63651ff1","name":"M Coeur"}]}},"_links":{"self":[{"href":"https:\/\/www.sillon38.com\/blog\/wp-json\/wp\/v2\/posts\/45620","targetHints":{"allow":["GET"]}}],"collection":[{"href":"https:\/\/www.sillon38.com\/blog\/wp-json\/wp\/v2\/posts"}],"about":[{"href":"https:\/\/www.sillon38.com\/blog\/wp-json\/wp\/v2\/types\/post"}],"author":[{"embeddable":true,"href":"https:\/\/www.sillon38.com\/blog\/wp-json\/wp\/v2\/users\/2"}],"replies":[{"embeddable":true,"href":"https:\/\/www.sillon38.com\/blog\/wp-json\/wp\/v2\/comments?post=45620"}],"version-history":[{"count":0,"href":"https:\/\/www.sillon38.com\/blog\/wp-json\/wp\/v2\/posts\/45620\/revisions"}],"wp:attachment":[{"href":"https:\/\/www.sillon38.com\/blog\/wp-json\/wp\/v2\/media?parent=45620"}],"wp:term":[{"taxonomy":"category","embeddable":true,"href":"https:\/\/www.sillon38.com\/blog\/wp-json\/wp\/v2\/categories?post=45620"},{"taxonomy":"post_tag","embeddable":true,"href":"https:\/\/www.sillon38.com\/blog\/wp-json\/wp\/v2\/tags?post=45620"}],"curies":[{"name":"wp","href":"https:\/\/api.w.org\/{rel}","templated":true}]}}