{"id":4565,"date":"2008-11-13T16:17:00","date_gmt":"2008-11-13T14:17:00","guid":{"rendered":"http:\/\/staging.sillon38.com\/2008\/11\/13\/les-salaries-de-la-chambre-gerard-cest-la-crise\/"},"modified":"2008-11-13T16:17:00","modified_gmt":"2008-11-13T14:17:00","slug":"les-salaries-de-la-chambre-gerard-cest-la-crise","status":"publish","type":"post","link":"https:\/\/www.sillon38.com\/blog\/2008\/11\/13\/les-salaries-de-la-chambre-gerard-cest-la-crise\/","title":{"rendered":"Les salari\u00e9s de la Chambre: \u201cG\u00e9rard, c\u2019est la crise!\u201d"},"content":{"rendered":"<p>La crise frappe tout le secteur d&rsquo;activit\u00e9 agricole, production et services, et les manifestations se succ\u00e8dent \u00e0 Paris et dans les r\u00e9gions. Les salari\u00e9s des organisations professionnelles agricoles n&rsquo;\u00e9chappent pas \u00e0 cette situation. Plus de 250 salari\u00e9s des Chambres d\u2019agriculture \u00e9taient \u00e0 Paris le 24 septembre dernier, pour le dire haut et fort. Ils sont revenus \u00e0 la charge aujourd&rsquo;hui \u00e0 l&rsquo;occasion d&rsquo;une action organis\u00e9e dans toute la France, \u00e0 l&rsquo;appel de la FGA-CFDT qui avait d\u00e9pos\u00e9 un pr\u00e9avis de gr\u00e8ve pour cette journ\u00e9e.<\/p>\n<p><img decoding=\"async\" src=\"http:\/\/staging.sillon38.com\/wp-content\/uploads\/2008\/11\/soupe-aux-points.jpg\" alt=\"soupe-aux-points.jpg\" \/><\/p>\n<p><em>Situation de crise, certes, mais chaude ambiance sur le parking avec \u00ab\u00a0la soupe aux points cass\u00e9s\u00a0\u00bb de la FGA-CFDT<br \/>\n<\/em><\/p>\n<p>A Grenoble, les salari\u00e9s de la Chambre d&rsquo;Agriculture de l&rsquo;Is\u00e8re, r\u00e9unis sur le parking de la Maison des agriculteurs, avaient choisi de servir une \u00ab\u00a0soupe aux points cass\u00e9s\u00a0\u00bb, pr\u00e9par\u00e9e par leurs soins (nous sommes en possession de la recette, pour ceux que \u00e7a int\u00e9resse). Un breuvage tr\u00e8s appr\u00e9ci\u00e9, compte tenu des conditions m\u00e9t\u00e9o, par la cinquantaine de participants \u00e0 cette chaleureuse manifestation . Jean-Claude Darlet, vice-pr\u00e9sident de la Chambre, Philippe Gu\u00e9rin, directeur, Yves Fran\u00e7ois, pr\u00e9sident de la commission Environnement, ont pu \u00e9couter les revendications des salari\u00e9s, en pr\u00e9sence de Dominique Laloy, secr\u00e9taire g\u00e9n\u00e9ral de l&rsquo;UD-CFDT. Ils ont \u00e9galement pu \u00e9couter une chanson intitul\u00e9e \u00ab\u00a0G\u00e9rard, c&rsquo;est la crise\u00a0\u00bb , dont la composition m\u00e9rite d&rsquo;\u00eatre retravaill\u00e9e (nous sommes en possession des paroles, pour ceux que \u00e7a int\u00e9resse).<\/p>\n<p><img decoding=\"async\" src=\"http:\/\/staging.sillon38.com\/wp-content\/uploads\/2008\/11\/soupe-aux-points3.jpg\" alt=\"soupe-aux-points3.jpg\" \/><\/p>\n<p>Plus s\u00e9rieusement, il s&rsquo;agissait pour les salari\u00e9s de la Chambre de d\u00e9fendre leur pouvoir d&rsquo;achat, leurs conditions de r\u00e9mun\u00e9ration et leur conception des services \u00e0 l&rsquo;agriculture.<\/p>\n<p>Parole de d\u00e9l\u00e9gu\u00e9 syndical\u00a0\u00bbNous sommes demandeurs d&rsquo;un dialogue intelligent avec notre employeur. Si nous ne faisons pas entendre notre voix aujourd&rsquo;hui et dans les mois qui viennent, nos conditions de r\u00e9mun\u00e9ration continueront de se d\u00e9grader, l&rsquo;\u00e9volution des Chambres d&rsquo;Agriculture (r\u00e9gionalisation) se fera \u00e0 notre d\u00e9triment. Il faut que nos revendications remontent \u00e0 l&rsquo;association permanente des chambres d&rsquo;agriculture (APCA) dont le pr\u00e9sident de la Chambre, G\u00e9rard Seigle-Vatte, est membre. Nous comptons donc sur lui pour le faire. La CNP doit se r\u00e9unir le 26 novembre. Nous serons donc vite fix\u00e9s sur une \u00e9ventuelle revalorisation du point Chambre que la CFDT a demand\u00e9 \u00e0 inscrire \u00e0 l&rsquo;ordre du jour\u00a0\u00bb.<\/p>\n<blockquote><p>Le noeud du probl\u00e8me: alors que l\u2019inflation est sup\u00e9rieure \u00e0 3 %, la revalorisation de la valeur du point au 1er juillet 2008 de seulement 1,6 % est d\u2019autant plus insuffisante qu\u2019elle fait suite \u00e0 une maigre revalorisation de 1,3 % en 2007 pour une inflation de 2,6 %. Dans les Chambres d\u2019agriculture, le salaire est constitu\u00e9 d\u2019un nombre de points multipli\u00e9 par la valeur du point.\u00a0 La valeur du point se n\u00e9gocie pour les salari\u00e9s de toutes les Chambres au sein d\u2019une instance appel\u00e9e CNP pour \u00ab Commission Nationale Paritaire \u00bb.<\/p><\/blockquote>\n<p><img loading=\"lazy\" decoding=\"async\" src=\"http:\/\/staging.sillon38.com\/wp-content\/uploads\/2008\/11\/soupe-aux-points2.jpg\" alt=\"soupe-aux-points2.jpg\" width=\"341\" height=\"314\" \/><\/p>\n<p>Pour information, la valeur du point concerne les 7500 salari\u00e9s des Chambres d\u2019agriculture qui sont r\u00e9partis sur 116 \u00e9tablissements (94 d\u00e9partementaux et 21 r\u00e9gionaux) et les 5000 salari\u00e9s de diff\u00e9rentes organisations professionnelles agricoles.<\/p>\n","protected":false},"excerpt":{"rendered":"<p>A Grenoble, les salari\u00e9s de la Chambre d&rsquo;Agriculture de l&rsquo;Is\u00e8re, r\u00e9unis sur le parking de la Maison des agriculteurs, ont choisi de servir une \u00ab\u00a0soupe aux points cass\u00e9s\u00a0\u00bb&#8230;<\/p>\n","protected":false},"author":2,"featured_media":0,"comment_status":"open","ping_status":"open","sticky":false,"template":"","format":"standard","meta":{"footnotes":""},"categories":[3],"tags":[1105,2680,3065],"class_list":["post-4565","post","type-post","status-publish","format-standard","hentry","category-agriculture","tag-chambre-dagriculture-isere","tag-gerard-seigle-vatte","tag-jean-claude-darlet"],"yoast_head":"<!-- This site is optimized with the Yoast SEO plugin v27.5 - https:\/\/yoast.com\/product\/yoast-seo-wordpress\/ -->\n<title>Les salari\u00e9s de la Chambre: \u201cG\u00e9rard, c\u2019est la crise!\u201d -<\/title>\n<meta name=\"robots\" content=\"index, follow, max-snippet:-1, max-image-preview:large, max-video-preview:-1\" \/>\n<link rel=\"canonical\" href=\"https:\/\/www.sillon38.com\/blog\/2008\/11\/13\/les-salaries-de-la-chambre-gerard-cest-la-crise\/\" \/>\n<meta property=\"og:locale\" content=\"fr_FR\" \/>\n<meta property=\"og:type\" content=\"article\" \/>\n<meta property=\"og:title\" content=\"Les salari\u00e9s de la Chambre: \u201cG\u00e9rard, c\u2019est la crise!\u201d -\" \/>\n<meta property=\"og:description\" content=\"A Grenoble, les salari\u00e9s de la Chambre d&#039;Agriculture de l&#039;Is\u00e8re, r\u00e9unis sur le parking de la Maison des agriculteurs, ont choisi de servir une &quot;soupe aux points cass\u00e9s&quot;...\" \/>\n<meta property=\"og:url\" content=\"https:\/\/www.sillon38.com\/blog\/2008\/11\/13\/les-salaries-de-la-chambre-gerard-cest-la-crise\/\" \/>\n<meta property=\"article:published_time\" content=\"2008-11-13T14:17:00+00:00\" \/>\n<meta property=\"og:image\" content=\"http:\/\/staging.sillon38.com\/wp-content\/uploads\/2008\/11\/soupe-aux-points.jpg\" \/>\n<meta name=\"author\" content=\"M Coeur\" \/>\n<meta name=\"twitter:card\" content=\"summary_large_image\" \/>\n<meta name=\"twitter:label1\" content=\"\u00c9crit par\" \/>\n\t<meta name=\"twitter:data1\" content=\"M Coeur\" \/>\n\t<meta name=\"twitter:label2\" content=\"Dur\u00e9e de lecture estim\u00e9e\" \/>\n\t<meta name=\"twitter:data2\" content=\"3 minutes\" \/>\n<script type=\"application\/ld+json\" class=\"yoast-schema-graph\">{\"@context\":\"https:\\\/\\\/schema.org\",\"@graph\":[{\"@type\":\"Article\",\"@id\":\"https:\\\/\\\/www.sillon38.com\\\/blog\\\/2008\\\/11\\\/13\\\/les-salaries-de-la-chambre-gerard-cest-la-crise\\\/#article\",\"isPartOf\":{\"@id\":\"https:\\\/\\\/www.sillon38.com\\\/blog\\\/2008\\\/11\\\/13\\\/les-salaries-de-la-chambre-gerard-cest-la-crise\\\/\"},\"author\":{\"name\":\"M Coeur\",\"@id\":\"https:\\\/\\\/www.sillon38.com\\\/blog\\\/#\\\/schema\\\/person\\\/72f06b5f0494d1edc8f4e5bf63651ff1\"},\"headline\":\"Les salari\u00e9s de la Chambre: \u201cG\u00e9rard, c\u2019est la crise!\u201d\",\"datePublished\":\"2008-11-13T14:17:00+00:00\",\"mainEntityOfPage\":{\"@id\":\"https:\\\/\\\/www.sillon38.com\\\/blog\\\/2008\\\/11\\\/13\\\/les-salaries-de-la-chambre-gerard-cest-la-crise\\\/\"},\"wordCount\":554,\"commentCount\":1,\"image\":{\"@id\":\"https:\\\/\\\/www.sillon38.com\\\/blog\\\/2008\\\/11\\\/13\\\/les-salaries-de-la-chambre-gerard-cest-la-crise\\\/#primaryimage\"},\"thumbnailUrl\":\"http:\\\/\\\/staging.sillon38.com\\\/wp-content\\\/uploads\\\/2008\\\/11\\\/soupe-aux-points.jpg\",\"keywords\":[\"chambre d'agriculture Is\u00e8re\",\"G\u00e9rard Seigle Vatte\",\"Jean Claude Darlet\"],\"articleSection\":[\"agriculture\"],\"inLanguage\":\"fr-FR\",\"potentialAction\":[{\"@type\":\"CommentAction\",\"name\":\"Comment\",\"target\":[\"https:\\\/\\\/www.sillon38.com\\\/blog\\\/2008\\\/11\\\/13\\\/les-salaries-de-la-chambre-gerard-cest-la-crise\\\/#respond\"]}]},{\"@type\":\"WebPage\",\"@id\":\"https:\\\/\\\/www.sillon38.com\\\/blog\\\/2008\\\/11\\\/13\\\/les-salaries-de-la-chambre-gerard-cest-la-crise\\\/\",\"url\":\"https:\\\/\\\/www.sillon38.com\\\/blog\\\/2008\\\/11\\\/13\\\/les-salaries-de-la-chambre-gerard-cest-la-crise\\\/\",\"name\":\"Les salari\u00e9s de la Chambre: \u201cG\u00e9rard, c\u2019est la crise!\u201d -\",\"isPartOf\":{\"@id\":\"https:\\\/\\\/www.sillon38.com\\\/blog\\\/#website\"},\"primaryImageOfPage\":{\"@id\":\"https:\\\/\\\/www.sillon38.com\\\/blog\\\/2008\\\/11\\\/13\\\/les-salaries-de-la-chambre-gerard-cest-la-crise\\\/#primaryimage\"},\"image\":{\"@id\":\"https:\\\/\\\/www.sillon38.com\\\/blog\\\/2008\\\/11\\\/13\\\/les-salaries-de-la-chambre-gerard-cest-la-crise\\\/#primaryimage\"},\"thumbnailUrl\":\"http:\\\/\\\/staging.sillon38.com\\\/wp-content\\\/uploads\\\/2008\\\/11\\\/soupe-aux-points.jpg\",\"datePublished\":\"2008-11-13T14:17:00+00:00\",\"author\":{\"@id\":\"https:\\\/\\\/www.sillon38.com\\\/blog\\\/#\\\/schema\\\/person\\\/72f06b5f0494d1edc8f4e5bf63651ff1\"},\"breadcrumb\":{\"@id\":\"https:\\\/\\\/www.sillon38.com\\\/blog\\\/2008\\\/11\\\/13\\\/les-salaries-de-la-chambre-gerard-cest-la-crise\\\/#breadcrumb\"},\"inLanguage\":\"fr-FR\",\"potentialAction\":[{\"@type\":\"ReadAction\",\"target\":[\"https:\\\/\\\/www.sillon38.com\\\/blog\\\/2008\\\/11\\\/13\\\/les-salaries-de-la-chambre-gerard-cest-la-crise\\\/\"]}]},{\"@type\":\"ImageObject\",\"inLanguage\":\"fr-FR\",\"@id\":\"https:\\\/\\\/www.sillon38.com\\\/blog\\\/2008\\\/11\\\/13\\\/les-salaries-de-la-chambre-gerard-cest-la-crise\\\/#primaryimage\",\"url\":\"http:\\\/\\\/staging.sillon38.com\\\/wp-content\\\/uploads\\\/2008\\\/11\\\/soupe-aux-points.jpg\",\"contentUrl\":\"http:\\\/\\\/staging.sillon38.com\\\/wp-content\\\/uploads\\\/2008\\\/11\\\/soupe-aux-points.jpg\"},{\"@type\":\"BreadcrumbList\",\"@id\":\"https:\\\/\\\/www.sillon38.com\\\/blog\\\/2008\\\/11\\\/13\\\/les-salaries-de-la-chambre-gerard-cest-la-crise\\\/#breadcrumb\",\"itemListElement\":[{\"@type\":\"ListItem\",\"position\":1,\"name\":\"Accueil\",\"item\":\"https:\\\/\\\/www.sillon38.com\\\/blog\\\/\"},{\"@type\":\"ListItem\",\"position\":2,\"name\":\"Les salari\u00e9s de la Chambre: \u201cG\u00e9rard, c\u2019est la crise!\u201d\"}]},{\"@type\":\"WebSite\",\"@id\":\"https:\\\/\\\/www.sillon38.com\\\/blog\\\/#website\",\"url\":\"https:\\\/\\\/www.sillon38.com\\\/blog\\\/\",\"name\":\"\",\"description\":\"Le journal du monde rural\",\"potentialAction\":[{\"@type\":\"SearchAction\",\"target\":{\"@type\":\"EntryPoint\",\"urlTemplate\":\"https:\\\/\\\/www.sillon38.com\\\/blog\\\/?s={search_term_string}\"},\"query-input\":{\"@type\":\"PropertyValueSpecification\",\"valueRequired\":true,\"valueName\":\"search_term_string\"}}],\"inLanguage\":\"fr-FR\"},{\"@type\":\"Person\",\"@id\":\"https:\\\/\\\/www.sillon38.com\\\/blog\\\/#\\\/schema\\\/person\\\/72f06b5f0494d1edc8f4e5bf63651ff1\",\"name\":\"M Coeur\"}]}<\/script>\n<!-- \/ Yoast SEO plugin. -->","yoast_head_json":{"title":"Les salari\u00e9s de la Chambre: \u201cG\u00e9rard, c\u2019est la crise!\u201d -","robots":{"index":"index","follow":"follow","max-snippet":"max-snippet:-1","max-image-preview":"max-image-preview:large","max-video-preview":"max-video-preview:-1"},"canonical":"https:\/\/www.sillon38.com\/blog\/2008\/11\/13\/les-salaries-de-la-chambre-gerard-cest-la-crise\/","og_locale":"fr_FR","og_type":"article","og_title":"Les salari\u00e9s de la Chambre: \u201cG\u00e9rard, c\u2019est la crise!\u201d -","og_description":"A Grenoble, les salari\u00e9s de la Chambre d'Agriculture de l'Is\u00e8re, r\u00e9unis sur le parking de la Maison des agriculteurs, ont choisi de servir une \"soupe aux points cass\u00e9s\"...","og_url":"https:\/\/www.sillon38.com\/blog\/2008\/11\/13\/les-salaries-de-la-chambre-gerard-cest-la-crise\/","article_published_time":"2008-11-13T14:17:00+00:00","og_image":[{"url":"http:\/\/staging.sillon38.com\/wp-content\/uploads\/2008\/11\/soupe-aux-points.jpg","type":"","width":"","height":""}],"author":"M Coeur","twitter_card":"summary_large_image","twitter_misc":{"\u00c9crit par":"M Coeur","Dur\u00e9e de lecture estim\u00e9e":"3 minutes"},"schema":{"@context":"https:\/\/schema.org","@graph":[{"@type":"Article","@id":"https:\/\/www.sillon38.com\/blog\/2008\/11\/13\/les-salaries-de-la-chambre-gerard-cest-la-crise\/#article","isPartOf":{"@id":"https:\/\/www.sillon38.com\/blog\/2008\/11\/13\/les-salaries-de-la-chambre-gerard-cest-la-crise\/"},"author":{"name":"M Coeur","@id":"https:\/\/www.sillon38.com\/blog\/#\/schema\/person\/72f06b5f0494d1edc8f4e5bf63651ff1"},"headline":"Les salari\u00e9s de la Chambre: \u201cG\u00e9rard, c\u2019est la crise!\u201d","datePublished":"2008-11-13T14:17:00+00:00","mainEntityOfPage":{"@id":"https:\/\/www.sillon38.com\/blog\/2008\/11\/13\/les-salaries-de-la-chambre-gerard-cest-la-crise\/"},"wordCount":554,"commentCount":1,"image":{"@id":"https:\/\/www.sillon38.com\/blog\/2008\/11\/13\/les-salaries-de-la-chambre-gerard-cest-la-crise\/#primaryimage"},"thumbnailUrl":"http:\/\/staging.sillon38.com\/wp-content\/uploads\/2008\/11\/soupe-aux-points.jpg","keywords":["chambre d'agriculture Is\u00e8re","G\u00e9rard Seigle Vatte","Jean Claude Darlet"],"articleSection":["agriculture"],"inLanguage":"fr-FR","potentialAction":[{"@type":"CommentAction","name":"Comment","target":["https:\/\/www.sillon38.com\/blog\/2008\/11\/13\/les-salaries-de-la-chambre-gerard-cest-la-crise\/#respond"]}]},{"@type":"WebPage","@id":"https:\/\/www.sillon38.com\/blog\/2008\/11\/13\/les-salaries-de-la-chambre-gerard-cest-la-crise\/","url":"https:\/\/www.sillon38.com\/blog\/2008\/11\/13\/les-salaries-de-la-chambre-gerard-cest-la-crise\/","name":"Les salari\u00e9s de la Chambre: \u201cG\u00e9rard, c\u2019est la crise!\u201d -","isPartOf":{"@id":"https:\/\/www.sillon38.com\/blog\/#website"},"primaryImageOfPage":{"@id":"https:\/\/www.sillon38.com\/blog\/2008\/11\/13\/les-salaries-de-la-chambre-gerard-cest-la-crise\/#primaryimage"},"image":{"@id":"https:\/\/www.sillon38.com\/blog\/2008\/11\/13\/les-salaries-de-la-chambre-gerard-cest-la-crise\/#primaryimage"},"thumbnailUrl":"http:\/\/staging.sillon38.com\/wp-content\/uploads\/2008\/11\/soupe-aux-points.jpg","datePublished":"2008-11-13T14:17:00+00:00","author":{"@id":"https:\/\/www.sillon38.com\/blog\/#\/schema\/person\/72f06b5f0494d1edc8f4e5bf63651ff1"},"breadcrumb":{"@id":"https:\/\/www.sillon38.com\/blog\/2008\/11\/13\/les-salaries-de-la-chambre-gerard-cest-la-crise\/#breadcrumb"},"inLanguage":"fr-FR","potentialAction":[{"@type":"ReadAction","target":["https:\/\/www.sillon38.com\/blog\/2008\/11\/13\/les-salaries-de-la-chambre-gerard-cest-la-crise\/"]}]},{"@type":"ImageObject","inLanguage":"fr-FR","@id":"https:\/\/www.sillon38.com\/blog\/2008\/11\/13\/les-salaries-de-la-chambre-gerard-cest-la-crise\/#primaryimage","url":"http:\/\/staging.sillon38.com\/wp-content\/uploads\/2008\/11\/soupe-aux-points.jpg","contentUrl":"http:\/\/staging.sillon38.com\/wp-content\/uploads\/2008\/11\/soupe-aux-points.jpg"},{"@type":"BreadcrumbList","@id":"https:\/\/www.sillon38.com\/blog\/2008\/11\/13\/les-salaries-de-la-chambre-gerard-cest-la-crise\/#breadcrumb","itemListElement":[{"@type":"ListItem","position":1,"name":"Accueil","item":"https:\/\/www.sillon38.com\/blog\/"},{"@type":"ListItem","position":2,"name":"Les salari\u00e9s de la Chambre: \u201cG\u00e9rard, c\u2019est la crise!\u201d"}]},{"@type":"WebSite","@id":"https:\/\/www.sillon38.com\/blog\/#website","url":"https:\/\/www.sillon38.com\/blog\/","name":"","description":"Le journal du monde rural","potentialAction":[{"@type":"SearchAction","target":{"@type":"EntryPoint","urlTemplate":"https:\/\/www.sillon38.com\/blog\/?s={search_term_string}"},"query-input":{"@type":"PropertyValueSpecification","valueRequired":true,"valueName":"search_term_string"}}],"inLanguage":"fr-FR"},{"@type":"Person","@id":"https:\/\/www.sillon38.com\/blog\/#\/schema\/person\/72f06b5f0494d1edc8f4e5bf63651ff1","name":"M Coeur"}]}},"_links":{"self":[{"href":"https:\/\/www.sillon38.com\/blog\/wp-json\/wp\/v2\/posts\/4565","targetHints":{"allow":["GET"]}}],"collection":[{"href":"https:\/\/www.sillon38.com\/blog\/wp-json\/wp\/v2\/posts"}],"about":[{"href":"https:\/\/www.sillon38.com\/blog\/wp-json\/wp\/v2\/types\/post"}],"author":[{"embeddable":true,"href":"https:\/\/www.sillon38.com\/blog\/wp-json\/wp\/v2\/users\/2"}],"replies":[{"embeddable":true,"href":"https:\/\/www.sillon38.com\/blog\/wp-json\/wp\/v2\/comments?post=4565"}],"version-history":[{"count":0,"href":"https:\/\/www.sillon38.com\/blog\/wp-json\/wp\/v2\/posts\/4565\/revisions"}],"wp:attachment":[{"href":"https:\/\/www.sillon38.com\/blog\/wp-json\/wp\/v2\/media?parent=4565"}],"wp:term":[{"taxonomy":"category","embeddable":true,"href":"https:\/\/www.sillon38.com\/blog\/wp-json\/wp\/v2\/categories?post=4565"},{"taxonomy":"post_tag","embeddable":true,"href":"https:\/\/www.sillon38.com\/blog\/wp-json\/wp\/v2\/tags?post=4565"}],"curies":[{"name":"wp","href":"https:\/\/api.w.org\/{rel}","templated":true}]}}