{"id":51438,"date":"2014-12-03T19:48:47","date_gmt":"2014-12-03T17:48:47","guid":{"rendered":"http:\/\/staging.sillon38.com\/?p=51438"},"modified":"2014-12-03T19:48:47","modified_gmt":"2014-12-03T17:48:47","slug":"les-trophees-du-bois-2014","status":"publish","type":"post","link":"https:\/\/www.sillon38.com\/blog\/2014\/12\/03\/les-trophees-du-bois-2014\/","title":{"rendered":"Les Troph\u00e9es du bois 2014"},"content":{"rendered":"<p><span style=\"color: #000080;\">Conscient que les enjeux \u00e9conomiques et \u00e9cologiques des ressources  foresti\u00e8res sont comme jamais d&rsquo;actualit\u00e9, le Conseil g\u00e9n\u00e9ral de l\u2019Is\u00e8re s\u2019est engag\u00e9\u00a0 depuis plusieurs ann\u00e9es \u00e0 promouvoir la  fili\u00e8re bois et \u00e0 favoriser les constructions avec ce mat\u00e9riau,  dont le  r\u00e9cent Salon europ\u00e9en du bois et de l\u2019habitat durable,  \u00e0 Alpexpo, a  mis en valeur toute la richesse et  les possibilit\u00e9s. Ceci \u00e0 travers, par exemple, le championnat europ\u00e9en des jeunes charpentiers..<\/span><\/p>\n<p><span style=\"color: #000080;\"> Cette  pr\u00e9occupation d\u00e9partementale se traduit notamment \u00e0 travers des  r\u00e9alisations relevant de son patrimoine b\u00e2ti et des ses comp\u00e9tences  (coll\u00e8ges, routes\u2026).<\/span><\/p>\n<p><span style=\"color: #000080;\"> <\/span><\/p>\n<p><span style=\"color: #000080;\">Dans le m\u00eame temps, le D\u00e9partement s\u2019attache \u00e0 sensibiliser les  ma\u00eetres d\u2019ouvrages publics et priv\u00e9s, les ma\u00eetres d\u2019oeuvre et les  entreprises de charpente, \u00e0 construire davantage et mieux en bois.<\/span><\/p>\n<p><span style=\"color: #000080;\">Le  concours annuel, baptis\u00e9 \u00ab\u00a0Troph\u00e9e du bois\u00a0\u00bb, organis\u00e9 en partenariat  avec Cr\u00e9abois Is\u00e8re, qui repr\u00e9sente l\u2019interprofession du bois, et le  CAUE (Conseil d\u2019architecture, d\u2019 urbanisme et de l\u2019environnement) a pour  but de r\u00e9compenser une construction bois remarquable.<\/span><\/p>\n<p><strong><span style=\"color: #000080;\">La remise des troph\u00e9es bois 2014, pr\u00e9c\u00e9d\u00e9e d&rsquo;un colloque et d&rsquo;une table ronde s&rsquo;est d\u00e9roul\u00e9e dans les locaux de la chambre de commerce et d&rsquo;industrie de Grenoble. <\/span><\/strong><\/p>\n<p><span style=\"color: #000080;\">Charles Galvin, vice pr\u00e9sident du Conseil G\u00e9n\u00e9ral, en charge de la for\u00eat, a rappel\u00e9 combien la for\u00eat, la fili\u00e8re bois ont un r\u00f4le important \u00e0 jouer dans notre d\u00e9partement. <\/span><\/p>\n<p><span style=\"color: #000080;\"><a href=\"http:\/\/staging.sillon38.com\/wp-content\/uploads\/2014\/12\/P12001751.jpg\"><img loading=\"lazy\" decoding=\"async\" class=\"aligncenter size-full wp-image-51441\" title=\"P1200175\" src=\"http:\/\/staging.sillon38.com\/wp-content\/uploads\/2014\/12\/P12001751.jpg\" alt=\"P1200175\" width=\"595\" height=\"503\" srcset=\"https:\/\/www.sillon38.com\/blog\/wp-content\/uploads\/2014\/12\/P12001751.jpg 595w, https:\/\/www.sillon38.com\/blog\/wp-content\/uploads\/2014\/12\/P12001751-300x254.jpg 300w\" sizes=\"auto, (max-width: 595px) 100vw, 595px\" \/><\/a><\/span><\/p>\n<p><span style=\"color: #000080;\">Le colloque avec pour th\u00e8me: l&rsquo;utilisation du bois local a permis \u00e0 Jean Luc Sandoz, directeur du groupe CBS-CBT, ancienne chaire de construction bois de l&rsquo;Ecole Polytechnique F\u00e9d\u00e9rale de Lausanne de faire un brillant expos\u00e9 sur l&rsquo;utilisation du bois local dans la construction. Il a rappel\u00e9 tous les avantages que constitue le bois dans la construction.. Reste \u00e0 bien s&rsquo;organiser, \u00e0 tous les niveaux de la fili\u00e8re.. <\/span><\/p>\n<p><span style=\"color: #000080;\">Expos\u00e9 prolong\u00e9 par une table ronde qui a permis \u00ab\u00a0d&rsquo;enfoncer le clou\u00a0\u00bb sur le fait que l&rsquo;utilisation du bois local rime avec emploi.\u00a0\u00bb Des emplois non d\u00e9localisables\u00a0\u00bb.<\/span><\/p>\n<p><span style=\"color: #000080;\">Il \u00e9tait temps de faire place aux tr\u00e8s attendus troph\u00e9es du bois. <\/span><\/p>\n<p><span style=\"color: #000080;\"> Pour rappel, le concours annuel du \u00ab\u00a0Troph\u00e9e bois\u00a0\u00bb  permet de r\u00e9compenser une construction en bois remarquable en Is\u00e8re dans quatre cat\u00e9gories bien distinctes. Selon les informations prises aupr\u00e8s des membres du jury, l&rsquo;ensemble des candidatures auraient m\u00e9rit\u00e9 un troph\u00e9e.. H\u00e9las il a fallu faire des choix..<\/span><\/p>\n<p><span style=\"color: #ff6600;\"><strong><a href=\"http:\/\/staging.sillon38.com\/wp-content\/uploads\/2014\/12\/P1200177.jpg\"><img loading=\"lazy\" decoding=\"async\" class=\"aligncenter size-full wp-image-51442\" title=\"P1200177\" src=\"http:\/\/staging.sillon38.com\/wp-content\/uploads\/2014\/12\/P1200177.jpg\" alt=\"P1200177\" width=\"595\" height=\"446\" srcset=\"https:\/\/www.sillon38.com\/blog\/wp-content\/uploads\/2014\/12\/P1200177.jpg 595w, https:\/\/www.sillon38.com\/blog\/wp-content\/uploads\/2014\/12\/P1200177-300x225.jpg 300w\" sizes=\"auto, (max-width: 595px) 100vw, 595px\" \/><\/a><\/strong><\/span><\/p>\n<p><span style=\"color: #ff6600;\"><strong><a href=\"http:\/\/staging.sillon38.com\/wp-content\/uploads\/2014\/12\/P1200177.jpg\"><\/a>En voici le palmar\u00e8s.<\/strong><\/span><\/p>\n<p><span style=\"color: #000080;\">Cat\u00e9gorie\u00a0<strong>Ma\u00eetrise d\u2019ouvrage priv\u00e9e<\/strong><\/span><\/p>\n<p><span style=\"color: #000080;\"> <span style=\"text-decoration: underline;\">Little Wood \u00e0 Grenoble (Beauvert)<\/span><\/span><\/p>\n<p><span style=\"color: #000080;\"> <\/span><\/p>\n<p><span style=\"color: #000080;\"> Ce sont des logements en accession d\u2019habitats group\u00e9s con\u00e7us avec la volont\u00e9 de retrouver, \u00e0 l\u2019int\u00e9rieur des logements, l\u2019\u00abhabitabilit\u00e9 d\u2019une maison\u00bb. <\/span><\/p>\n<p><span style=\"color: #000080;\">Le mat\u00e9riau bois retrouve ici toute sa l\u00e9gitimit\u00e9, en rep\u00e9n\u00e9trant la ville pour donner l\u2019id\u00e9e du parc habit\u00e9. L\u2019architecture innovante et compacte utilise tous les atouts de ce mat\u00e9riau pour une int\u00e9gration r\u00e9ussi des b\u00e2timents, au fil des saisons, dans son environnement. La performance thermique est au RDV avec un niveau BBC.<\/span><\/p>\n<p><span style=\"color: #000080;\">Cat\u00e9gorie\u00a0 <strong>Ma\u00eetrise d\u2019ouvrage publique<\/strong><\/span><\/p>\n<p><span style=\"color: #000080;\"> <span style=\"text-decoration: underline;\">R\u00e9novation\/extension de la Mairie de St Martin d\u2019Uriage<\/span>,<\/span><\/p>\n<p><span style=\"color: #000080;\"> <\/span><\/p>\n<p><span style=\"color: #000080;\">Ce projet se distingue par un portage fort de la commune qui a engag\u00e9 une v\u00e9ritable r\u00e9flexion sur son c\u0153ur de village, avec un r\u00e9am\u00e9nagement de la place, des fonctions de l\u2019espace public et du b\u00e2timent historique de la mairie. Celui-ci se transforme pour remplir d\u00e9sormais plusieurs fonctions (Poste, Police\u2026), tout en gardant sa structure historique, et s\u2019agrandit pour s\u2019\u00e9quiper d\u2019une salle de mariage et de Conseil adapt\u00e9. Un pr\u00e9au aux larges d\u00e9pass\u00e9s de toiture accueille les habitants, ombrage et prot\u00e8ge le bois non trait\u00e9 des intemp\u00e9ries pour donner de l&rsquo;ampleur au projet de l&rsquo;extension.<\/span><\/p>\n<p><span style=\"color: #000080;\">Cat\u00e9gorie <strong>Bois local<\/strong><\/span><\/p>\n<p><span style=\"color: #000080;\"> <span style=\"text-decoration: underline;\">Ferme communale de Montbonnot<\/span><\/span><\/p>\n<p><span style=\"color: #000080;\"> <\/span><\/p>\n<p><span style=\"color: #000080;\"> Le jury tient \u00e0 souligner dans ce projet\u00a0: <\/span><\/p>\n<p><span style=\"color: #000080;\">&#8211; La motivation de la commune d\u2019installer une exploitation, dans la continuit\u00e9 des jardins familiaux, avec des maraichers\u00a0issus d\u2019une requalification professionnelle. L\u2019outil de travail se voulait empreint d\u2019une r\u00e9flexion globale et d\u2019une maitrise de l\u2019impact \u00e9cologique de l\u2019\u00e9quipement construit.<\/span><\/p>\n<p><span style=\"color: #000080;\"> <\/span><\/p>\n<p><span style=\"color: #000080;\">&#8211; La qualit\u00e9 de la r\u00e9ponse architecturale apport\u00e9e par l\u2019architecte pour que le projet se fondre le plus naturellement possible dans le paysage en faisant la part belle au mat\u00e9riau bois, qui s\u2019affiche sans traitement en bardage, et en essayant d\u2019en optimiser le vieillissement naturel uniforme.<\/span><\/p>\n<p><span style=\"color: #000080;\"> <\/span><\/p>\n<p><span style=\"color: #000080;\">&#8211; La conviction profonde, l\u2019implication et l\u2019int\u00e9gration de l\u2019entreprise en mati\u00e8re de fili\u00e8re bois local<\/span><\/p>\n<p><span style=\"color: #000080;\">Cat\u00e9gorie <strong>B\u00e2timent scolaire et petite enfance<\/strong><\/span><\/p>\n<p><span style=\"color: #000080;\"> <span style=\"text-decoration: underline;\">Cr\u00e8che de Bernin<\/span><\/span><\/p>\n<p><span style=\"color: #000080;\"> <\/span><\/p>\n<p><span style=\"color: #000080;\"> Ce projet s\u2019est distingu\u00e9 par\u00a0: <\/span><\/p>\n<p><span style=\"color: #000080;\"> &#8211; La d\u00e9marche de la commune de revalorisation de l\u2019espace public pour r\u00e9pondre aux besoins de la population en terme d\u2019accueil des jeunes enfants, <\/span><\/p>\n<p><span style=\"color: #000080;\">&#8211; L\u2019\u00e9criture architecturale et la qualit\u00e9 des am\u00e9nagements int\u00e9rieurs du projet, sa structuration et l\u2019omnipr\u00e9sence du mat\u00e9riau bois<\/span><\/p>\n<p><span style=\"color: #000080;\"> <\/span><\/p>\n<p><span style=\"color: #000080;\">&#8211; Le lien continu et affirm\u00e9 avec la nature environnante<\/span><\/p>\n<p><span style=\"color: #000080;\"> <\/span><\/p>\n<p><span style=\"color: #000080;\">&#8211; Sa performance environnementale qui vise le BBC avec une d\u00e9marche HQE int\u00e9gr\u00e9e<\/span><\/p>\n<p><span style=\"color: #000080;\"> <\/span><\/p>\n<p><span style=\"color: #000080;\">&#8211; L\u2019utilisation de la ressource locale en structure et charpente.<\/span><\/p>\n<p><span style=\"color: #008080;\"><strong>Mentions<\/strong><\/span><\/p>\n<p><span style=\"color: #000080;\"> <\/span><\/p>\n<p><span style=\"color: #000080;\">Avec ces choix d\u2019attributions des prix pr\u00e9c\u00e9dents, les membres du jury ont convenu de d\u00e9cerner des mentions \u00e0 quelques projets, dont la qualit\u00e9 ne pouvait pas \u00eatre pass\u00e9e sous silence.<\/span><\/p>\n<p><span style=\"color: #000080;\"><strong>Mention sp\u00e9ciale<\/strong><\/span><\/p>\n<p><span style=\"color: #000080;\"><span style=\"text-decoration: underline;\">Maison du Conseil g\u00e9n\u00e9ral du Tri\u00e8ves \u00e0 Mens<\/span><\/span><\/p>\n<p><span style=\"color: #000080;\"> <\/span><\/p>\n<p><span style=\"color: #000080;\">Pour la politique volontariste men\u00e9e depuis 15 ans par le Conseil g\u00e9n\u00e9ral en mati\u00e8re d\u2019utilisation du bois dans ses \u00e9quipements. Cette politique a r\u00e9cemment franchi une marche suppl\u00e9mentaire par l\u2019utilisation volontaire et affich\u00e9e de la ressource locale pour la construction de ses b\u00e2timents, notamment de ses Maisons de Territoires qui deviennent des v\u00e9ritables vitrines en mati\u00e8re de construction en bois local.<\/span><\/p>\n<p><span style=\"color: #000080;\"> Malgr\u00e9 le souhait du Conseil g\u00e9n\u00e9ral de ne pas se primer, le jury ne pouvait manquer d\u2019applaudir l\u2019exemplarit\u00e9 de cette d\u00e9marche, et la qualit\u00e9 architecturale du projet de Mens. Il a d\u00e9cid\u00e9 d\u2019attribuer une mention sp\u00e9ciale \u00e0 ce projet.<\/span><\/p>\n<p><span style=\"color: #000080;\">Deux autres mentions ont \u00e9t\u00e9 attribu\u00e9es pour deux projets de r\u00e9novation\/r\u00e9habilitation, qui se distinguaient chacun \u00e0 leur mani\u00e8re<\/span><\/p>\n<p><span style=\"color: #000080;\"> <span style=\"text-decoration: underline;\">P\u00f4le de Service de Vinay<\/span><\/span><\/p>\n<p><span style=\"color: #000080;\"> <\/span><\/p>\n<p><span style=\"color: #000080;\">C\u2019est un projet de restructuration et r\u00e9habilitation d\u2019une maison de ma\u00eetre marquante de l&rsquo;histoire de Vinay, notamment pendant la 2<sup>nde<\/sup> guerre mondiale et dont la pr\u00e9sence aujourd\u2019hui \u00e9tait mal v\u00e9cue par la population. Il s\u2019accompagne de la construction d&rsquo;une extension pour accueillir un p\u00f4le de service pour la Communaut\u00e9 de Communes, avec notamment une cr\u00e8che multi-accueil, un centre de loisirs, un espace emploi et des bureaux pour diff\u00e9rents services de la Communaut\u00e9. <\/span><\/p>\n<p><span style=\"color: #000080;\">C\u2019est toute une r\u00e9flexion sur le renouvellement de l\u2019espace urbain qui a \u00e9t\u00e9 men\u00e9e par le Ma\u00eetre d\u2019ouvrage sur ce projet qui est une belle illustration de l\u2019int\u00e9gration r\u00e9ussie de la construction bois \u00e0 un patrimoine historique, avec une architecture r\u00e9fl\u00e9chie, int\u00e9grant les aspects de performances environnementales (BBC), et qui n\u2019a pas oubli\u00e9 de rappeler en finesse l\u2019identit\u00e9 du territoire avec un grand volume vertical habill\u00e9 de claustra bois rappelant les s\u00e9choirs \u00e0 noix.<\/span><\/p>\n<p><span style=\"color: #000080;\"> <span style=\"text-decoration: underline;\">Maison des Arts de Montbonnot<\/span><\/span><\/p>\n<p><span style=\"color: #000080;\"> <\/span><\/p>\n<p><span style=\"color: #000080;\"> Ce projet de r\u00e9habilitation-extension est d\u2019un autre style et s\u2019articule autour d\u2019un ancien couvent. Le projet r\u00e9ussit le pari de r\u00e9nover le patrimoine rural de la commune en lui adjoignant une extension bois contemporaine. L\u2019\u00e9criture du projet d\u00e9ploie une ligne continue qui assure son lien et son int\u00e9gration avec son environnement naturel. <\/span><\/p>\n<p><span style=\"color: #000080;\">Le mat\u00e9riau bois affirme ici toute sa force, depuis l\u2019appui aux murs de pierres existants jusqu\u2019\u00e0 l\u2019extr\u00e9mit\u00e9 de l\u2019extension qui surplombe la vall\u00e9e. Cette ligne conductrice se retrouve \u00e0 l\u2019int\u00e9rieur o\u00f9 le bois est exploit\u00e9 de mani\u00e8re \u00e0 assurer la coh\u00e9rence de l\u2019ensemble du projet. Sans oublier de souligner la part importante de bois locaux utilis\u00e9s en structure. <\/span><\/p>\n<p><span style=\"color: #000080;\"> <\/span><\/p>\n","protected":false},"excerpt":{"rendered":"<p>..r\u00e9compenser une construction en bois remarquable en Is\u00e8re..<\/p>\n","protected":false},"author":2,"featured_media":0,"comment_status":"open","ping_status":"open","sticky":false,"template":"","format":"standard","meta":{"footnotes":""},"categories":[81,2],"tags":[1003,1160,1643,5475],"class_list":["post-51438","post","type-post","status-publish","format-standard","hentry","category-filierebois","category-a-la-une","tag-caue","tag-charles-galvin","tag-creabois","tag-trophees-du-bois"],"yoast_head":"<!-- This site is optimized with the Yoast SEO plugin v27.5 - https:\/\/yoast.com\/product\/yoast-seo-wordpress\/ -->\n<title>Les Troph\u00e9es du bois 2014 -<\/title>\n<meta name=\"robots\" content=\"index, follow, max-snippet:-1, max-image-preview:large, max-video-preview:-1\" \/>\n<link rel=\"canonical\" href=\"https:\/\/www.sillon38.com\/blog\/2014\/12\/03\/les-trophees-du-bois-2014\/\" \/>\n<meta property=\"og:locale\" content=\"fr_FR\" \/>\n<meta property=\"og:type\" content=\"article\" \/>\n<meta property=\"og:title\" content=\"Les Troph\u00e9es du bois 2014 -\" \/>\n<meta property=\"og:description\" content=\"..r\u00e9compenser une construction en bois remarquable en Is\u00e8re..\" \/>\n<meta property=\"og:url\" content=\"https:\/\/www.sillon38.com\/blog\/2014\/12\/03\/les-trophees-du-bois-2014\/\" \/>\n<meta property=\"article:published_time\" content=\"2014-12-03T17:48:47+00:00\" \/>\n<meta property=\"og:image\" content=\"http:\/\/staging.sillon38.com\/wp-content\/uploads\/2014\/12\/P12001751.jpg\" \/>\n<meta name=\"author\" content=\"M Coeur\" \/>\n<meta name=\"twitter:card\" content=\"summary_large_image\" \/>\n<meta name=\"twitter:label1\" content=\"\u00c9crit par\" \/>\n\t<meta name=\"twitter:data1\" content=\"M Coeur\" \/>\n\t<meta name=\"twitter:label2\" content=\"Dur\u00e9e de lecture estim\u00e9e\" \/>\n\t<meta name=\"twitter:data2\" content=\"7 minutes\" \/>\n<script type=\"application\/ld+json\" class=\"yoast-schema-graph\">{\"@context\":\"https:\\\/\\\/schema.org\",\"@graph\":[{\"@type\":\"Article\",\"@id\":\"https:\\\/\\\/www.sillon38.com\\\/blog\\\/2014\\\/12\\\/03\\\/les-trophees-du-bois-2014\\\/#article\",\"isPartOf\":{\"@id\":\"https:\\\/\\\/www.sillon38.com\\\/blog\\\/2014\\\/12\\\/03\\\/les-trophees-du-bois-2014\\\/\"},\"author\":{\"name\":\"M Coeur\",\"@id\":\"https:\\\/\\\/www.sillon38.com\\\/blog\\\/#\\\/schema\\\/person\\\/72f06b5f0494d1edc8f4e5bf63651ff1\"},\"headline\":\"Les Troph\u00e9es du bois 2014\",\"datePublished\":\"2014-12-03T17:48:47+00:00\",\"mainEntityOfPage\":{\"@id\":\"https:\\\/\\\/www.sillon38.com\\\/blog\\\/2014\\\/12\\\/03\\\/les-trophees-du-bois-2014\\\/\"},\"wordCount\":1418,\"commentCount\":0,\"image\":{\"@id\":\"https:\\\/\\\/www.sillon38.com\\\/blog\\\/2014\\\/12\\\/03\\\/les-trophees-du-bois-2014\\\/#primaryimage\"},\"thumbnailUrl\":\"http:\\\/\\\/staging.sillon38.com\\\/wp-content\\\/uploads\\\/2014\\\/12\\\/P12001751.jpg\",\"keywords\":[\"CAUE\",\"Charles Galvin\",\"Cr\u00e9abois\",\"Troph\u00e9es du bois\"],\"articleSection\":[\"- fili\u00e8re bois\",\"\u00c0 la une\"],\"inLanguage\":\"fr-FR\",\"potentialAction\":[{\"@type\":\"CommentAction\",\"name\":\"Comment\",\"target\":[\"https:\\\/\\\/www.sillon38.com\\\/blog\\\/2014\\\/12\\\/03\\\/les-trophees-du-bois-2014\\\/#respond\"]}]},{\"@type\":\"WebPage\",\"@id\":\"https:\\\/\\\/www.sillon38.com\\\/blog\\\/2014\\\/12\\\/03\\\/les-trophees-du-bois-2014\\\/\",\"url\":\"https:\\\/\\\/www.sillon38.com\\\/blog\\\/2014\\\/12\\\/03\\\/les-trophees-du-bois-2014\\\/\",\"name\":\"Les Troph\u00e9es du bois 2014 -\",\"isPartOf\":{\"@id\":\"https:\\\/\\\/www.sillon38.com\\\/blog\\\/#website\"},\"primaryImageOfPage\":{\"@id\":\"https:\\\/\\\/www.sillon38.com\\\/blog\\\/2014\\\/12\\\/03\\\/les-trophees-du-bois-2014\\\/#primaryimage\"},\"image\":{\"@id\":\"https:\\\/\\\/www.sillon38.com\\\/blog\\\/2014\\\/12\\\/03\\\/les-trophees-du-bois-2014\\\/#primaryimage\"},\"thumbnailUrl\":\"http:\\\/\\\/staging.sillon38.com\\\/wp-content\\\/uploads\\\/2014\\\/12\\\/P12001751.jpg\",\"datePublished\":\"2014-12-03T17:48:47+00:00\",\"author\":{\"@id\":\"https:\\\/\\\/www.sillon38.com\\\/blog\\\/#\\\/schema\\\/person\\\/72f06b5f0494d1edc8f4e5bf63651ff1\"},\"breadcrumb\":{\"@id\":\"https:\\\/\\\/www.sillon38.com\\\/blog\\\/2014\\\/12\\\/03\\\/les-trophees-du-bois-2014\\\/#breadcrumb\"},\"inLanguage\":\"fr-FR\",\"potentialAction\":[{\"@type\":\"ReadAction\",\"target\":[\"https:\\\/\\\/www.sillon38.com\\\/blog\\\/2014\\\/12\\\/03\\\/les-trophees-du-bois-2014\\\/\"]}]},{\"@type\":\"ImageObject\",\"inLanguage\":\"fr-FR\",\"@id\":\"https:\\\/\\\/www.sillon38.com\\\/blog\\\/2014\\\/12\\\/03\\\/les-trophees-du-bois-2014\\\/#primaryimage\",\"url\":\"http:\\\/\\\/staging.sillon38.com\\\/wp-content\\\/uploads\\\/2014\\\/12\\\/P12001751.jpg\",\"contentUrl\":\"http:\\\/\\\/staging.sillon38.com\\\/wp-content\\\/uploads\\\/2014\\\/12\\\/P12001751.jpg\"},{\"@type\":\"BreadcrumbList\",\"@id\":\"https:\\\/\\\/www.sillon38.com\\\/blog\\\/2014\\\/12\\\/03\\\/les-trophees-du-bois-2014\\\/#breadcrumb\",\"itemListElement\":[{\"@type\":\"ListItem\",\"position\":1,\"name\":\"Accueil\",\"item\":\"https:\\\/\\\/www.sillon38.com\\\/blog\\\/\"},{\"@type\":\"ListItem\",\"position\":2,\"name\":\"Les Troph\u00e9es du bois 2014\"}]},{\"@type\":\"WebSite\",\"@id\":\"https:\\\/\\\/www.sillon38.com\\\/blog\\\/#website\",\"url\":\"https:\\\/\\\/www.sillon38.com\\\/blog\\\/\",\"name\":\"\",\"description\":\"Le journal du monde rural\",\"potentialAction\":[{\"@type\":\"SearchAction\",\"target\":{\"@type\":\"EntryPoint\",\"urlTemplate\":\"https:\\\/\\\/www.sillon38.com\\\/blog\\\/?s={search_term_string}\"},\"query-input\":{\"@type\":\"PropertyValueSpecification\",\"valueRequired\":true,\"valueName\":\"search_term_string\"}}],\"inLanguage\":\"fr-FR\"},{\"@type\":\"Person\",\"@id\":\"https:\\\/\\\/www.sillon38.com\\\/blog\\\/#\\\/schema\\\/person\\\/72f06b5f0494d1edc8f4e5bf63651ff1\",\"name\":\"M Coeur\"}]}<\/script>\n<!-- \/ Yoast SEO plugin. -->","yoast_head_json":{"title":"Les Troph\u00e9es du bois 2014 -","robots":{"index":"index","follow":"follow","max-snippet":"max-snippet:-1","max-image-preview":"max-image-preview:large","max-video-preview":"max-video-preview:-1"},"canonical":"https:\/\/www.sillon38.com\/blog\/2014\/12\/03\/les-trophees-du-bois-2014\/","og_locale":"fr_FR","og_type":"article","og_title":"Les Troph\u00e9es du bois 2014 -","og_description":"..r\u00e9compenser une construction en bois remarquable en Is\u00e8re..","og_url":"https:\/\/www.sillon38.com\/blog\/2014\/12\/03\/les-trophees-du-bois-2014\/","article_published_time":"2014-12-03T17:48:47+00:00","og_image":[{"url":"http:\/\/staging.sillon38.com\/wp-content\/uploads\/2014\/12\/P12001751.jpg","type":"","width":"","height":""}],"author":"M Coeur","twitter_card":"summary_large_image","twitter_misc":{"\u00c9crit par":"M Coeur","Dur\u00e9e de lecture estim\u00e9e":"7 minutes"},"schema":{"@context":"https:\/\/schema.org","@graph":[{"@type":"Article","@id":"https:\/\/www.sillon38.com\/blog\/2014\/12\/03\/les-trophees-du-bois-2014\/#article","isPartOf":{"@id":"https:\/\/www.sillon38.com\/blog\/2014\/12\/03\/les-trophees-du-bois-2014\/"},"author":{"name":"M Coeur","@id":"https:\/\/www.sillon38.com\/blog\/#\/schema\/person\/72f06b5f0494d1edc8f4e5bf63651ff1"},"headline":"Les Troph\u00e9es du bois 2014","datePublished":"2014-12-03T17:48:47+00:00","mainEntityOfPage":{"@id":"https:\/\/www.sillon38.com\/blog\/2014\/12\/03\/les-trophees-du-bois-2014\/"},"wordCount":1418,"commentCount":0,"image":{"@id":"https:\/\/www.sillon38.com\/blog\/2014\/12\/03\/les-trophees-du-bois-2014\/#primaryimage"},"thumbnailUrl":"http:\/\/staging.sillon38.com\/wp-content\/uploads\/2014\/12\/P12001751.jpg","keywords":["CAUE","Charles Galvin","Cr\u00e9abois","Troph\u00e9es du bois"],"articleSection":["- fili\u00e8re bois","\u00c0 la une"],"inLanguage":"fr-FR","potentialAction":[{"@type":"CommentAction","name":"Comment","target":["https:\/\/www.sillon38.com\/blog\/2014\/12\/03\/les-trophees-du-bois-2014\/#respond"]}]},{"@type":"WebPage","@id":"https:\/\/www.sillon38.com\/blog\/2014\/12\/03\/les-trophees-du-bois-2014\/","url":"https:\/\/www.sillon38.com\/blog\/2014\/12\/03\/les-trophees-du-bois-2014\/","name":"Les Troph\u00e9es du bois 2014 -","isPartOf":{"@id":"https:\/\/www.sillon38.com\/blog\/#website"},"primaryImageOfPage":{"@id":"https:\/\/www.sillon38.com\/blog\/2014\/12\/03\/les-trophees-du-bois-2014\/#primaryimage"},"image":{"@id":"https:\/\/www.sillon38.com\/blog\/2014\/12\/03\/les-trophees-du-bois-2014\/#primaryimage"},"thumbnailUrl":"http:\/\/staging.sillon38.com\/wp-content\/uploads\/2014\/12\/P12001751.jpg","datePublished":"2014-12-03T17:48:47+00:00","author":{"@id":"https:\/\/www.sillon38.com\/blog\/#\/schema\/person\/72f06b5f0494d1edc8f4e5bf63651ff1"},"breadcrumb":{"@id":"https:\/\/www.sillon38.com\/blog\/2014\/12\/03\/les-trophees-du-bois-2014\/#breadcrumb"},"inLanguage":"fr-FR","potentialAction":[{"@type":"ReadAction","target":["https:\/\/www.sillon38.com\/blog\/2014\/12\/03\/les-trophees-du-bois-2014\/"]}]},{"@type":"ImageObject","inLanguage":"fr-FR","@id":"https:\/\/www.sillon38.com\/blog\/2014\/12\/03\/les-trophees-du-bois-2014\/#primaryimage","url":"http:\/\/staging.sillon38.com\/wp-content\/uploads\/2014\/12\/P12001751.jpg","contentUrl":"http:\/\/staging.sillon38.com\/wp-content\/uploads\/2014\/12\/P12001751.jpg"},{"@type":"BreadcrumbList","@id":"https:\/\/www.sillon38.com\/blog\/2014\/12\/03\/les-trophees-du-bois-2014\/#breadcrumb","itemListElement":[{"@type":"ListItem","position":1,"name":"Accueil","item":"https:\/\/www.sillon38.com\/blog\/"},{"@type":"ListItem","position":2,"name":"Les Troph\u00e9es du bois 2014"}]},{"@type":"WebSite","@id":"https:\/\/www.sillon38.com\/blog\/#website","url":"https:\/\/www.sillon38.com\/blog\/","name":"","description":"Le journal du monde rural","potentialAction":[{"@type":"SearchAction","target":{"@type":"EntryPoint","urlTemplate":"https:\/\/www.sillon38.com\/blog\/?s={search_term_string}"},"query-input":{"@type":"PropertyValueSpecification","valueRequired":true,"valueName":"search_term_string"}}],"inLanguage":"fr-FR"},{"@type":"Person","@id":"https:\/\/www.sillon38.com\/blog\/#\/schema\/person\/72f06b5f0494d1edc8f4e5bf63651ff1","name":"M Coeur"}]}},"_links":{"self":[{"href":"https:\/\/www.sillon38.com\/blog\/wp-json\/wp\/v2\/posts\/51438","targetHints":{"allow":["GET"]}}],"collection":[{"href":"https:\/\/www.sillon38.com\/blog\/wp-json\/wp\/v2\/posts"}],"about":[{"href":"https:\/\/www.sillon38.com\/blog\/wp-json\/wp\/v2\/types\/post"}],"author":[{"embeddable":true,"href":"https:\/\/www.sillon38.com\/blog\/wp-json\/wp\/v2\/users\/2"}],"replies":[{"embeddable":true,"href":"https:\/\/www.sillon38.com\/blog\/wp-json\/wp\/v2\/comments?post=51438"}],"version-history":[{"count":0,"href":"https:\/\/www.sillon38.com\/blog\/wp-json\/wp\/v2\/posts\/51438\/revisions"}],"wp:attachment":[{"href":"https:\/\/www.sillon38.com\/blog\/wp-json\/wp\/v2\/media?parent=51438"}],"wp:term":[{"taxonomy":"category","embeddable":true,"href":"https:\/\/www.sillon38.com\/blog\/wp-json\/wp\/v2\/categories?post=51438"},{"taxonomy":"post_tag","embeddable":true,"href":"https:\/\/www.sillon38.com\/blog\/wp-json\/wp\/v2\/tags?post=51438"}],"curies":[{"name":"wp","href":"https:\/\/api.w.org\/{rel}","templated":true}]}}