{"id":52594,"date":"2015-02-15T17:33:45","date_gmt":"2015-02-15T15:33:45","guid":{"rendered":"http:\/\/staging.sillon38.com\/?p=52594"},"modified":"2015-02-15T17:33:45","modified_gmt":"2015-02-15T15:33:45","slug":"ja38-mobilisation-tous-azimuts","status":"publish","type":"post","link":"https:\/\/www.sillon38.com\/blog\/2015\/02\/15\/ja38-mobilisation-tous-azimuts\/","title":{"rendered":"JA38: mobilisation tous azimuts"},"content":{"rendered":"<p><strong><span style=\"color: #333399;\">L&rsquo;assembl\u00e9e g\u00e9n\u00e9rale des JA38 s&rsquo;est d\u00e9roul\u00e9e \u00e0 Brezins en pr\u00e9sence de nombreux jeunes agriculteurs mais aussi de responsables d&rsquo;organisations professionnelles agricoles, d&rsquo;\u00e9lus.. <\/span><\/strong><\/p>\n<p><span style=\"color: #333399;\"><a href=\"http:\/\/staging.sillon38.com\/wp-content\/uploads\/2015\/02\/P1200580.jpg\"><img loading=\"lazy\" decoding=\"async\" class=\"aligncenter size-full wp-image-52595\" title=\"P1200580\" src=\"http:\/\/staging.sillon38.com\/wp-content\/uploads\/2015\/02\/P1200580.jpg\" alt=\"P1200580\" width=\"595\" height=\"446\" srcset=\"https:\/\/www.sillon38.com\/blog\/wp-content\/uploads\/2015\/02\/P1200580.jpg 595w, https:\/\/www.sillon38.com\/blog\/wp-content\/uploads\/2015\/02\/P1200580-300x225.jpg 300w\" sizes=\"auto, (max-width: 595px) 100vw, 595px\" \/><\/a><\/span><\/p>\n<p><span style=\"color: #333399;\"><a href=\"http:\/\/staging.sillon38.com\/wp-content\/uploads\/2015\/02\/P1200584.jpg\"><img loading=\"lazy\" decoding=\"async\" class=\"aligncenter size-full wp-image-52598\" title=\"P1200584\" src=\"http:\/\/staging.sillon38.com\/wp-content\/uploads\/2015\/02\/P1200584.jpg\" alt=\"P1200584\" width=\"595\" height=\"289\" srcset=\"https:\/\/www.sillon38.com\/blog\/wp-content\/uploads\/2015\/02\/P1200584.jpg 595w, https:\/\/www.sillon38.com\/blog\/wp-content\/uploads\/2015\/02\/P1200584-300x146.jpg 300w\" sizes=\"auto, (max-width: 595px) 100vw, 595px\" \/><\/a><\/span><\/p>\n<p><span style=\"color: #333399;\">Jeunes Agriculteurs est un syndicat professionnel compos\u00e9 de responsables \u00e2g\u00e9s de moins de 35 ans, r\u00e9partis en structures de r\u00e9flexion et d&rsquo;actions d\u00e9centralis\u00e9es a rappel\u00e9 la pr\u00e9sidente Fran\u00e7oise Soulier. Elle a alert\u00e9 la salle sur le fait que \u00a0\u00bb le contexte socio-\u00e9conomique n&rsquo;est pas reluisant: r\u00e9coltes en baisse, chute des prix, probl\u00e8mes de pr\u00e9dation.. Doit-on baisser les bras? Non, nous devons nous mobiliser, mener des actions, au niveau d\u00e9partemental, r\u00e9gional, national, afin de faire pression sur les pouvoirs publics. On peut faire \u00e9voluer la situation en notre faveur.. Ne l\u00e2chons rien.. Ensemble nous irons encore plus loin&#8230;\u00a0\u00bb<\/span><\/p>\n<p><span style=\"color: #333399;\">Les JA de l&rsquo;Is\u00e8re ont men\u00e9, en 2014 une s\u00e9rie d&rsquo;actions ayant comme objectif le fait de communiquer sur le m\u00e9tier d&rsquo;agriculteur.. ceci en direction des consommateurs, du grand public.<\/span><\/p>\n<p><strong><span style=\"color: #333399;\">On retiendra<\/span><\/strong><\/p>\n<p><span style=\"color: #333399;\">&#8211; la 5\u00e8me \u00e9dition d&rsquo;un dimanche \u00e0 la campagne qui s&rsquo;est d\u00e9roul\u00e9e \u00e0 Lyon. Voir l&rsquo;article de sillon38.com:<a title=\"Permanent Link to Un dimanche \u00e0 la campagne\" rel=\"bookmark\" href=\"http:\/\/staging.sillon38.com\/2014\/05\/18\/un-dimanche-a-la-campagne-2\/\">Un dimanche \u00e0 la campagne<\/a><\/span><\/p>\n<p><span style=\"color: #333399;\">&#8211; Terre des sens, avec comme fil conducteur la finale d\u00e9partementale de labour, organis\u00e9e \u00e0 La B\u00e2tie-Divisin. Voir l&rsquo;article mis en ligne sur sillon38.com: <a title=\"Permanent Link to La B\u00e2tie-Divisin: Terre des sens\u2026\" rel=\"bookmark\" href=\"http:\/\/staging.sillon38.com\/2014\/08\/17\/terre-des-sens\/\">La B\u00e2tie-Divisin: Terre des sens\u2026<\/a><\/span><\/p>\n<p><span style=\"color: #333399;\">&#8211; la f\u00eate de la noix \u00e0 Vinay. Voir l&rsquo;article mis en ligne sur sillon38.com<a title=\"Permanent Link to Vinay: la noix en f\u00eate\" rel=\"bookmark\" href=\"http:\/\/staging.sillon38.com\/2014\/11\/22\/vinay-la-noix-en-fete\/\"> Vinay: la noix en f\u00eate<\/a><\/span><\/p>\n<p><span style=\"color: #333399;\">&#8211; Agri-Talent, \u00e9v\u00e8nement concours organis\u00e9 en partenariat avec la jeune chambre \u00e9conomique de Grenoble. Voir l&rsquo;article mis en ligne sur sillon38.com:<a title=\"Permanent Link to Agri-Talent\" rel=\"bookmark\" href=\"http:\/\/staging.sillon38.com\/2014\/11\/23\/agri-talent\/\"> Agri-Talent<\/a><\/span><\/p>\n<p><span style=\"color: #333399;\"><a href=\"http:\/\/staging.sillon38.com\/wp-content\/uploads\/2015\/02\/P1200587.jpg\"><img loading=\"lazy\" decoding=\"async\" class=\"aligncenter size-full wp-image-52597\" title=\"P1200587\" src=\"http:\/\/staging.sillon38.com\/wp-content\/uploads\/2015\/02\/P1200587.jpg\" alt=\"P1200587\" width=\"595\" height=\"446\" srcset=\"https:\/\/www.sillon38.com\/blog\/wp-content\/uploads\/2015\/02\/P1200587.jpg 595w, https:\/\/www.sillon38.com\/blog\/wp-content\/uploads\/2015\/02\/P1200587-300x225.jpg 300w\" sizes=\"auto, (max-width: 595px) 100vw, 595px\" \/><\/a><\/span><\/p>\n<p><span style=\"color: #333399;\"><a href=\"http:\/\/staging.sillon38.com\/wp-content\/uploads\/2015\/02\/P1200587.jpg\"><\/a><\/span><span style=\"color: #333399;\">A ces manifestations on n&rsquo;oubliera pas la mobilisation des jeunes agriculteurs de l&rsquo;Is\u00e8re pr\u00e9sents \u00e0 la foire de Beaucroissant, \u00e0 celle de la St Martin \u00e0 Voiron, mais aussi \u00e0 la finale mondiale de labour organis\u00e9e en Aquitaine.. On rajoutera des liens tiss\u00e9s entre les jeunes agriculteurs is\u00e9rois et leurs homologues du Burkina Fasso.<\/span><\/p>\n<p><span style=\"color: #333399;\">Les JA n&rsquo;ont pas oubli\u00e9 la formation, la mise en place de stages.. La formation des futurs exploitants \u00e9tant au coeur des missions du syndicat. Des formations compl\u00e9mentaires sont \u00e9galement propos\u00e9es afin de r\u00e9pondre aux attentes, besoins des jeunes agriculteurs du d\u00e9partement. <\/span><\/p>\n<p><strong><span style=\"color: #333399;\">Le syndicat jeunes agriculteurs de l&rsquo;Is\u00e8re a \u00e9galement eu une forte activit\u00e9 syndicale&#8230;<\/span><\/strong><\/p>\n<p><span style=\"color: #333399;\"> L&rsquo;ann\u00e9e 2014 a \u00e9t\u00e9 riche en rebondissements et en luttes syndicales..avec en particulier une mobilisation et des actions men\u00e9es afin de renforcer l&rsquo;accompagnement \u00e0 l&rsquo;installation mais aussi une mobilisation tous azimuts concernant le Phyto Projet qui a \u00e9t\u00e9 modifi\u00e9, sur la nouvelle PAC, la directive nitrates.. Une manifestation organis\u00e9e le 5 novembre \u00e0 Valence, conjointement par les JA et la FNSEA a d\u00e9montr\u00e9 la mobilisation des agriculteurs, jeunes et moins jeunes afin d&rsquo;obtenir des avanc\u00e9es. <\/span><\/p>\n<p><span style=\"color: #333399;\">On retiendra enfin que durant l&rsquo;automne, les pr\u00e9sidents de la FDSEA et des JA38 ont rencontr\u00e9 la quasi totalit\u00e9 des pr\u00e9sidents des communaut\u00e9s de communes de notre d\u00e9partement. Le but de ces rencontres: instaurer et\/ou conforter des liens entre la profession et les \u00e9lus locaux.<\/span><\/p>\n<p><span style=\"color: #000080;\"><a href=\"http:\/\/staging.sillon38.com\/wp-content\/uploads\/2015\/02\/P1200583.jpg\"><img loading=\"lazy\" decoding=\"async\" class=\"aligncenter size-full wp-image-52603\" title=\"P1200583\" src=\"http:\/\/staging.sillon38.com\/wp-content\/uploads\/2015\/02\/P1200583.jpg\" alt=\"P1200583\" width=\"595\" height=\"330\" srcset=\"https:\/\/www.sillon38.com\/blog\/wp-content\/uploads\/2015\/02\/P1200583.jpg 595w, https:\/\/www.sillon38.com\/blog\/wp-content\/uploads\/2015\/02\/P1200583-300x166.jpg 300w\" sizes=\"auto, (max-width: 595px) 100vw, 595px\" \/><\/a><\/span><\/p>\n<p><span style=\"color: #000080;\">Comme on le voit, les JA ne l\u00e2chent rien&#8230;et ont le soutien inconditionnel de Christian Nucci. Celui ci, vice pr\u00e9sident du Conseil G\u00e9n\u00e9ral en charge de l&rsquo;agriculture, a \u00a0\u00bb \u00e9prouv\u00e9 beaucoup de plaisir \u00e0 travailler pendant 14 ans aux c\u00f4t\u00e9s des agriculteurs.. Oh \u00e7a n&rsquo;a pas \u00e9t\u00e9 simple tous les jours.. mais nous avons toujours oeuvr\u00e9 pour le bien de notre agriculture..\u00a0\u00bb Et de lancer aux jeunes:\u00a0\u00bb continuez \u00e0 vous battre sur des dossiers qui vous, nous tiennent \u00e0 coeur comme l&rsquo;installation, le foncier..<\/span>\u00a0\u00bb<\/p>\n<p><span style=\"color: #000080;\"><strong>Gilbert PRECZ<\/strong><\/span><\/p>\n","protected":false},"excerpt":{"rendered":"<p>L&rsquo;assembl\u00e9e g\u00e9n\u00e9rale des JA38 a d\u00e9montr\u00e9 que les jeunes agriculteurs sont mobilis\u00e9s.. qu&rsquo;ils ne l\u00e2cheront rien&#8230;<\/p>\n","protected":false},"author":2,"featured_media":0,"comment_status":"open","ping_status":"open","sticky":false,"template":"","format":"standard","meta":{"footnotes":""},"categories":[3,77],"tags":[1240,3030],"class_list":["post-52594","post","type-post","status-publish","format-standard","hentry","category-agriculture","category-syndicalisme-agricole","tag-christian-nucci","tag-ja38"],"yoast_head":"<!-- This site is optimized with the Yoast SEO plugin v27.5 - https:\/\/yoast.com\/product\/yoast-seo-wordpress\/ -->\n<title>JA38: mobilisation tous azimuts -<\/title>\n<meta name=\"robots\" content=\"index, follow, max-snippet:-1, max-image-preview:large, max-video-preview:-1\" \/>\n<link rel=\"canonical\" href=\"https:\/\/www.sillon38.com\/blog\/2015\/02\/15\/ja38-mobilisation-tous-azimuts\/\" \/>\n<meta property=\"og:locale\" content=\"fr_FR\" \/>\n<meta property=\"og:type\" content=\"article\" \/>\n<meta property=\"og:title\" content=\"JA38: mobilisation tous azimuts -\" \/>\n<meta property=\"og:description\" content=\"L&#039;assembl\u00e9e g\u00e9n\u00e9rale des JA38 a d\u00e9montr\u00e9 que les jeunes agriculteurs sont mobilis\u00e9s.. qu&#039;ils ne l\u00e2cheront rien...\" \/>\n<meta property=\"og:url\" content=\"https:\/\/www.sillon38.com\/blog\/2015\/02\/15\/ja38-mobilisation-tous-azimuts\/\" \/>\n<meta property=\"article:published_time\" content=\"2015-02-15T15:33:45+00:00\" \/>\n<meta property=\"og:image\" content=\"http:\/\/staging.sillon38.com\/wp-content\/uploads\/2015\/02\/P1200580.jpg\" \/>\n<meta name=\"author\" content=\"M Coeur\" \/>\n<meta name=\"twitter:card\" content=\"summary_large_image\" \/>\n<meta name=\"twitter:label1\" content=\"\u00c9crit par\" \/>\n\t<meta name=\"twitter:data1\" content=\"M Coeur\" \/>\n\t<meta name=\"twitter:label2\" content=\"Dur\u00e9e de lecture estim\u00e9e\" \/>\n\t<meta name=\"twitter:data2\" content=\"3 minutes\" \/>\n<script type=\"application\/ld+json\" class=\"yoast-schema-graph\">{\"@context\":\"https:\\\/\\\/schema.org\",\"@graph\":[{\"@type\":\"Article\",\"@id\":\"https:\\\/\\\/www.sillon38.com\\\/blog\\\/2015\\\/02\\\/15\\\/ja38-mobilisation-tous-azimuts\\\/#article\",\"isPartOf\":{\"@id\":\"https:\\\/\\\/www.sillon38.com\\\/blog\\\/2015\\\/02\\\/15\\\/ja38-mobilisation-tous-azimuts\\\/\"},\"author\":{\"name\":\"M Coeur\",\"@id\":\"https:\\\/\\\/www.sillon38.com\\\/blog\\\/#\\\/schema\\\/person\\\/72f06b5f0494d1edc8f4e5bf63651ff1\"},\"headline\":\"JA38: mobilisation tous azimuts\",\"datePublished\":\"2015-02-15T15:33:45+00:00\",\"mainEntityOfPage\":{\"@id\":\"https:\\\/\\\/www.sillon38.com\\\/blog\\\/2015\\\/02\\\/15\\\/ja38-mobilisation-tous-azimuts\\\/\"},\"wordCount\":633,\"commentCount\":0,\"image\":{\"@id\":\"https:\\\/\\\/www.sillon38.com\\\/blog\\\/2015\\\/02\\\/15\\\/ja38-mobilisation-tous-azimuts\\\/#primaryimage\"},\"thumbnailUrl\":\"http:\\\/\\\/staging.sillon38.com\\\/wp-content\\\/uploads\\\/2015\\\/02\\\/P1200580.jpg\",\"keywords\":[\"Christian Nucci\",\"JA38\"],\"articleSection\":[\"agriculture\",\"vie syndicale\"],\"inLanguage\":\"fr-FR\",\"potentialAction\":[{\"@type\":\"CommentAction\",\"name\":\"Comment\",\"target\":[\"https:\\\/\\\/www.sillon38.com\\\/blog\\\/2015\\\/02\\\/15\\\/ja38-mobilisation-tous-azimuts\\\/#respond\"]}]},{\"@type\":\"WebPage\",\"@id\":\"https:\\\/\\\/www.sillon38.com\\\/blog\\\/2015\\\/02\\\/15\\\/ja38-mobilisation-tous-azimuts\\\/\",\"url\":\"https:\\\/\\\/www.sillon38.com\\\/blog\\\/2015\\\/02\\\/15\\\/ja38-mobilisation-tous-azimuts\\\/\",\"name\":\"JA38: mobilisation tous azimuts -\",\"isPartOf\":{\"@id\":\"https:\\\/\\\/www.sillon38.com\\\/blog\\\/#website\"},\"primaryImageOfPage\":{\"@id\":\"https:\\\/\\\/www.sillon38.com\\\/blog\\\/2015\\\/02\\\/15\\\/ja38-mobilisation-tous-azimuts\\\/#primaryimage\"},\"image\":{\"@id\":\"https:\\\/\\\/www.sillon38.com\\\/blog\\\/2015\\\/02\\\/15\\\/ja38-mobilisation-tous-azimuts\\\/#primaryimage\"},\"thumbnailUrl\":\"http:\\\/\\\/staging.sillon38.com\\\/wp-content\\\/uploads\\\/2015\\\/02\\\/P1200580.jpg\",\"datePublished\":\"2015-02-15T15:33:45+00:00\",\"author\":{\"@id\":\"https:\\\/\\\/www.sillon38.com\\\/blog\\\/#\\\/schema\\\/person\\\/72f06b5f0494d1edc8f4e5bf63651ff1\"},\"breadcrumb\":{\"@id\":\"https:\\\/\\\/www.sillon38.com\\\/blog\\\/2015\\\/02\\\/15\\\/ja38-mobilisation-tous-azimuts\\\/#breadcrumb\"},\"inLanguage\":\"fr-FR\",\"potentialAction\":[{\"@type\":\"ReadAction\",\"target\":[\"https:\\\/\\\/www.sillon38.com\\\/blog\\\/2015\\\/02\\\/15\\\/ja38-mobilisation-tous-azimuts\\\/\"]}]},{\"@type\":\"ImageObject\",\"inLanguage\":\"fr-FR\",\"@id\":\"https:\\\/\\\/www.sillon38.com\\\/blog\\\/2015\\\/02\\\/15\\\/ja38-mobilisation-tous-azimuts\\\/#primaryimage\",\"url\":\"http:\\\/\\\/staging.sillon38.com\\\/wp-content\\\/uploads\\\/2015\\\/02\\\/P1200580.jpg\",\"contentUrl\":\"http:\\\/\\\/staging.sillon38.com\\\/wp-content\\\/uploads\\\/2015\\\/02\\\/P1200580.jpg\"},{\"@type\":\"BreadcrumbList\",\"@id\":\"https:\\\/\\\/www.sillon38.com\\\/blog\\\/2015\\\/02\\\/15\\\/ja38-mobilisation-tous-azimuts\\\/#breadcrumb\",\"itemListElement\":[{\"@type\":\"ListItem\",\"position\":1,\"name\":\"Accueil\",\"item\":\"https:\\\/\\\/www.sillon38.com\\\/blog\\\/\"},{\"@type\":\"ListItem\",\"position\":2,\"name\":\"JA38: mobilisation tous azimuts\"}]},{\"@type\":\"WebSite\",\"@id\":\"https:\\\/\\\/www.sillon38.com\\\/blog\\\/#website\",\"url\":\"https:\\\/\\\/www.sillon38.com\\\/blog\\\/\",\"name\":\"\",\"description\":\"Le journal du monde rural\",\"potentialAction\":[{\"@type\":\"SearchAction\",\"target\":{\"@type\":\"EntryPoint\",\"urlTemplate\":\"https:\\\/\\\/www.sillon38.com\\\/blog\\\/?s={search_term_string}\"},\"query-input\":{\"@type\":\"PropertyValueSpecification\",\"valueRequired\":true,\"valueName\":\"search_term_string\"}}],\"inLanguage\":\"fr-FR\"},{\"@type\":\"Person\",\"@id\":\"https:\\\/\\\/www.sillon38.com\\\/blog\\\/#\\\/schema\\\/person\\\/72f06b5f0494d1edc8f4e5bf63651ff1\",\"name\":\"M Coeur\"}]}<\/script>\n<!-- \/ Yoast SEO plugin. -->","yoast_head_json":{"title":"JA38: mobilisation tous azimuts -","robots":{"index":"index","follow":"follow","max-snippet":"max-snippet:-1","max-image-preview":"max-image-preview:large","max-video-preview":"max-video-preview:-1"},"canonical":"https:\/\/www.sillon38.com\/blog\/2015\/02\/15\/ja38-mobilisation-tous-azimuts\/","og_locale":"fr_FR","og_type":"article","og_title":"JA38: mobilisation tous azimuts -","og_description":"L'assembl\u00e9e g\u00e9n\u00e9rale des JA38 a d\u00e9montr\u00e9 que les jeunes agriculteurs sont mobilis\u00e9s.. qu'ils ne l\u00e2cheront rien...","og_url":"https:\/\/www.sillon38.com\/blog\/2015\/02\/15\/ja38-mobilisation-tous-azimuts\/","article_published_time":"2015-02-15T15:33:45+00:00","og_image":[{"url":"http:\/\/staging.sillon38.com\/wp-content\/uploads\/2015\/02\/P1200580.jpg","type":"","width":"","height":""}],"author":"M Coeur","twitter_card":"summary_large_image","twitter_misc":{"\u00c9crit par":"M Coeur","Dur\u00e9e de lecture estim\u00e9e":"3 minutes"},"schema":{"@context":"https:\/\/schema.org","@graph":[{"@type":"Article","@id":"https:\/\/www.sillon38.com\/blog\/2015\/02\/15\/ja38-mobilisation-tous-azimuts\/#article","isPartOf":{"@id":"https:\/\/www.sillon38.com\/blog\/2015\/02\/15\/ja38-mobilisation-tous-azimuts\/"},"author":{"name":"M Coeur","@id":"https:\/\/www.sillon38.com\/blog\/#\/schema\/person\/72f06b5f0494d1edc8f4e5bf63651ff1"},"headline":"JA38: mobilisation tous azimuts","datePublished":"2015-02-15T15:33:45+00:00","mainEntityOfPage":{"@id":"https:\/\/www.sillon38.com\/blog\/2015\/02\/15\/ja38-mobilisation-tous-azimuts\/"},"wordCount":633,"commentCount":0,"image":{"@id":"https:\/\/www.sillon38.com\/blog\/2015\/02\/15\/ja38-mobilisation-tous-azimuts\/#primaryimage"},"thumbnailUrl":"http:\/\/staging.sillon38.com\/wp-content\/uploads\/2015\/02\/P1200580.jpg","keywords":["Christian Nucci","JA38"],"articleSection":["agriculture","vie syndicale"],"inLanguage":"fr-FR","potentialAction":[{"@type":"CommentAction","name":"Comment","target":["https:\/\/www.sillon38.com\/blog\/2015\/02\/15\/ja38-mobilisation-tous-azimuts\/#respond"]}]},{"@type":"WebPage","@id":"https:\/\/www.sillon38.com\/blog\/2015\/02\/15\/ja38-mobilisation-tous-azimuts\/","url":"https:\/\/www.sillon38.com\/blog\/2015\/02\/15\/ja38-mobilisation-tous-azimuts\/","name":"JA38: mobilisation tous azimuts -","isPartOf":{"@id":"https:\/\/www.sillon38.com\/blog\/#website"},"primaryImageOfPage":{"@id":"https:\/\/www.sillon38.com\/blog\/2015\/02\/15\/ja38-mobilisation-tous-azimuts\/#primaryimage"},"image":{"@id":"https:\/\/www.sillon38.com\/blog\/2015\/02\/15\/ja38-mobilisation-tous-azimuts\/#primaryimage"},"thumbnailUrl":"http:\/\/staging.sillon38.com\/wp-content\/uploads\/2015\/02\/P1200580.jpg","datePublished":"2015-02-15T15:33:45+00:00","author":{"@id":"https:\/\/www.sillon38.com\/blog\/#\/schema\/person\/72f06b5f0494d1edc8f4e5bf63651ff1"},"breadcrumb":{"@id":"https:\/\/www.sillon38.com\/blog\/2015\/02\/15\/ja38-mobilisation-tous-azimuts\/#breadcrumb"},"inLanguage":"fr-FR","potentialAction":[{"@type":"ReadAction","target":["https:\/\/www.sillon38.com\/blog\/2015\/02\/15\/ja38-mobilisation-tous-azimuts\/"]}]},{"@type":"ImageObject","inLanguage":"fr-FR","@id":"https:\/\/www.sillon38.com\/blog\/2015\/02\/15\/ja38-mobilisation-tous-azimuts\/#primaryimage","url":"http:\/\/staging.sillon38.com\/wp-content\/uploads\/2015\/02\/P1200580.jpg","contentUrl":"http:\/\/staging.sillon38.com\/wp-content\/uploads\/2015\/02\/P1200580.jpg"},{"@type":"BreadcrumbList","@id":"https:\/\/www.sillon38.com\/blog\/2015\/02\/15\/ja38-mobilisation-tous-azimuts\/#breadcrumb","itemListElement":[{"@type":"ListItem","position":1,"name":"Accueil","item":"https:\/\/www.sillon38.com\/blog\/"},{"@type":"ListItem","position":2,"name":"JA38: mobilisation tous azimuts"}]},{"@type":"WebSite","@id":"https:\/\/www.sillon38.com\/blog\/#website","url":"https:\/\/www.sillon38.com\/blog\/","name":"","description":"Le journal du monde rural","potentialAction":[{"@type":"SearchAction","target":{"@type":"EntryPoint","urlTemplate":"https:\/\/www.sillon38.com\/blog\/?s={search_term_string}"},"query-input":{"@type":"PropertyValueSpecification","valueRequired":true,"valueName":"search_term_string"}}],"inLanguage":"fr-FR"},{"@type":"Person","@id":"https:\/\/www.sillon38.com\/blog\/#\/schema\/person\/72f06b5f0494d1edc8f4e5bf63651ff1","name":"M Coeur"}]}},"_links":{"self":[{"href":"https:\/\/www.sillon38.com\/blog\/wp-json\/wp\/v2\/posts\/52594","targetHints":{"allow":["GET"]}}],"collection":[{"href":"https:\/\/www.sillon38.com\/blog\/wp-json\/wp\/v2\/posts"}],"about":[{"href":"https:\/\/www.sillon38.com\/blog\/wp-json\/wp\/v2\/types\/post"}],"author":[{"embeddable":true,"href":"https:\/\/www.sillon38.com\/blog\/wp-json\/wp\/v2\/users\/2"}],"replies":[{"embeddable":true,"href":"https:\/\/www.sillon38.com\/blog\/wp-json\/wp\/v2\/comments?post=52594"}],"version-history":[{"count":0,"href":"https:\/\/www.sillon38.com\/blog\/wp-json\/wp\/v2\/posts\/52594\/revisions"}],"wp:attachment":[{"href":"https:\/\/www.sillon38.com\/blog\/wp-json\/wp\/v2\/media?parent=52594"}],"wp:term":[{"taxonomy":"category","embeddable":true,"href":"https:\/\/www.sillon38.com\/blog\/wp-json\/wp\/v2\/categories?post=52594"},{"taxonomy":"post_tag","embeddable":true,"href":"https:\/\/www.sillon38.com\/blog\/wp-json\/wp\/v2\/tags?post=52594"}],"curies":[{"name":"wp","href":"https:\/\/api.w.org\/{rel}","templated":true}]}}