{"id":55682,"date":"2015-05-27T01:00:30","date_gmt":"2015-05-26T23:00:30","guid":{"rendered":"http:\/\/staging.sillon38.com\/?p=55682"},"modified":"2015-05-27T01:00:30","modified_gmt":"2015-05-26T23:00:30","slug":"lyon-roses","status":"publish","type":"post","link":"https:\/\/www.sillon38.com\/blog\/2015\/05\/27\/lyon-roses\/","title":{"rendered":"Lyon Roses&#8230;"},"content":{"rendered":"<p><span style=\"color: #000080;\"><strong>Une premi\u00e8re pour la France\u00a0: apr\u00e8s le Japon (2006), le  Canada (2009) et l\u2019Afrique du Sud (2012), la F\u00e9d\u00e9ration Mondiale des  Soci\u00e9t\u00e9s de Roses a choisi la France et Lyon pour accueillir son 17\u00e8me  congr\u00e8s. <\/strong><\/span><\/p>\n<p><span style=\"color: #000080;\"><strong>Du 27 mai au 1er juin, des centaines de congressistes viendront  de 40 pays pour participer \u00e0 des conf\u00e9rences, visites, manifestations,  ateliers et rencontres.<\/strong><\/span><\/p>\n<p><span style=\"color: #000080;\"> <\/span><span style=\"color: #000080;\"> <\/span><\/p>\n<p><span style=\"color: #000080;\"> <img loading=\"lazy\" decoding=\"async\" style=\"height: 500px; width: 333px;\" src=\"http:\/\/agriculture.gouv.fr\/local\/cache-vignettes\/L333xH500\/lyonroses_cle824c7d-1-a11b1.jpg\" alt=\"\" width=\"333\" height=\"500\" \/><\/span><\/p>\n<p><span style=\"color: #000080;\"> <\/span><\/p>\n<h2><span style=\"color: #000080;\"><a name=\"h2_un-extraordinaire-festival-des-roses\"><\/a>Un extraordinaire Festival des Roses<\/span><\/h2>\n<p><span style=\"color: #000080;\"> <\/span><\/p>\n<p><span style=\"color: #000080;\">La Ville de Lyon et le parc de la T\u00eate d\u2019Or organiseront une grande  f\u00eate citoyenne de la rose les 30 et 31 mai\u00a0: deux jours pour  s\u2019\u00e9merveiller et d\u00e9couvrir une facette peu connue du patrimoine de la  ville. Les congressistes seront \u00e9videmment invit\u00e9s. <\/span><\/p>\n<p><span style=\"color: #000080;\">300 000 visiteurs sont attendus pour cet \u00e9v\u00e9nement organis\u00e9 par les  services de la ville, les institutions culturelles, les sites  historiques et toutes les mairies d\u2019arrondissement. Ce festival sera la  grande premi\u00e8re d\u2019une manifestation qui pourrait \u00eatre p\u00e9rennis\u00e9e.<\/span><\/p>\n<p><span style=\"color: #000080;\"> <\/span><\/p>\n<h2><span style=\"color: #000080;\"><a name=\"h2_des-journees-techniques-et-scientifiques-sur-le-theme-de-la-rose\"><\/a>Des journ\u00e9es techniques et scientifiques sur le th\u00e8me de la Rose<\/span><\/h2>\n<p><span style=\"color: #000080;\"> <\/span><\/p>\n<p><span style=\"color: #000080;\">Autour du congr\u00e8s se d\u00e9rouleront le 29 mai\u00a0:<\/span><\/p>\n<p><span style=\"color: #000080;\"> <\/span><\/p>\n<ul>\n<li><span style=\"color: #000080;\">un colloque scientifique organis\u00e9 par la Soci\u00e9t\u00e9  Nationale d\u2019Horticulture de France sur le th\u00e8me \u00ab\u00a0G\u00e9nome de la Rose,  r\u00e9sultats et perspectives\u00a0\u00bb,<\/span><\/li>\n<li><span style=\"color: #000080;\">une journ\u00e9e professionnelle sur la  reconqu\u00eate de l\u2019espace urbain par le v\u00e9g\u00e9tal\u00a0: \u00ab\u00a0Le politique et le  fleurissement urbain\u00a0\u00bb et \u00ab\u00a0Architecture, paysage et rosiers dans la  ville\u00a0\u00bb.<\/span><\/li>\n<li><span style=\"color: #000080;\">Le programme en int\u00e9gralit\u00e9 \u00e0 d\u00e9couvrir en cliquant\u00a0 <a rel=\"external\" href=\"http:\/\/www.lyon-roses-2015.org\/fr\/congres-programme.htm\">ici<\/a><\/span><\/li>\n<\/ul>\n","protected":false},"excerpt":{"rendered":"<p>Une premi\u00e8re pour la France : apr\u00e8s le Japon (2006), le Canada (2009) et l\u2019Afrique du Sud (2012), la F\u00e9d\u00e9ration Mondiale des Soci\u00e9t\u00e9s de Roses a choisi la France et Lyon pour accueillir son 17\u00e8me congr\u00e8s.<\/p>\n","protected":false},"author":2,"featured_media":0,"comment_status":"open","ping_status":"open","sticky":false,"template":"","format":"standard","meta":{"footnotes":""},"categories":[99,47],"tags":[3542,3544,4122,5097],"class_list":["post-55682","post","type-post","status-publish","format-standard","hentry","category-evasion","category-nature","tag-lyon","tag-lyon-roses","tag-parc-de-la-tete-dor","tag-societes-de-roses"],"yoast_head":"<!-- This site is optimized with the Yoast SEO plugin v27.5 - https:\/\/yoast.com\/product\/yoast-seo-wordpress\/ -->\n<title>Lyon Roses... -<\/title>\n<meta name=\"robots\" content=\"index, follow, max-snippet:-1, max-image-preview:large, max-video-preview:-1\" \/>\n<link rel=\"canonical\" href=\"https:\/\/www.sillon38.com\/blog\/2015\/05\/27\/lyon-roses\/\" \/>\n<meta property=\"og:locale\" content=\"fr_FR\" \/>\n<meta property=\"og:type\" content=\"article\" \/>\n<meta property=\"og:title\" content=\"Lyon Roses... -\" \/>\n<meta property=\"og:description\" content=\"Une premi\u00e8re pour la France : apr\u00e8s le Japon (2006), le Canada (2009) et l\u2019Afrique du Sud (2012), la F\u00e9d\u00e9ration Mondiale des Soci\u00e9t\u00e9s de Roses a choisi la France et Lyon pour accueillir son 17\u00e8me congr\u00e8s.\" \/>\n<meta property=\"og:url\" content=\"https:\/\/www.sillon38.com\/blog\/2015\/05\/27\/lyon-roses\/\" \/>\n<meta property=\"article:published_time\" content=\"2015-05-26T23:00:30+00:00\" \/>\n<meta property=\"og:image\" content=\"http:\/\/agriculture.gouv.fr\/local\/cache-vignettes\/L333xH500\/lyonroses_cle824c7d-1-a11b1.jpg\" \/>\n<meta name=\"author\" content=\"M Coeur\" \/>\n<meta name=\"twitter:card\" content=\"summary_large_image\" \/>\n<meta name=\"twitter:label1\" content=\"\u00c9crit par\" \/>\n\t<meta name=\"twitter:data1\" content=\"M Coeur\" \/>\n\t<meta name=\"twitter:label2\" content=\"Dur\u00e9e de lecture estim\u00e9e\" \/>\n\t<meta name=\"twitter:data2\" content=\"1 minute\" \/>\n<script type=\"application\/ld+json\" class=\"yoast-schema-graph\">{\"@context\":\"https:\\\/\\\/schema.org\",\"@graph\":[{\"@type\":\"Article\",\"@id\":\"https:\\\/\\\/www.sillon38.com\\\/blog\\\/2015\\\/05\\\/27\\\/lyon-roses\\\/#article\",\"isPartOf\":{\"@id\":\"https:\\\/\\\/www.sillon38.com\\\/blog\\\/2015\\\/05\\\/27\\\/lyon-roses\\\/\"},\"author\":{\"name\":\"M Coeur\",\"@id\":\"https:\\\/\\\/www.sillon38.com\\\/blog\\\/#\\\/schema\\\/person\\\/72f06b5f0494d1edc8f4e5bf63651ff1\"},\"headline\":\"Lyon Roses&#8230;\",\"datePublished\":\"2015-05-26T23:00:30+00:00\",\"mainEntityOfPage\":{\"@id\":\"https:\\\/\\\/www.sillon38.com\\\/blog\\\/2015\\\/05\\\/27\\\/lyon-roses\\\/\"},\"wordCount\":248,\"commentCount\":0,\"image\":{\"@id\":\"https:\\\/\\\/www.sillon38.com\\\/blog\\\/2015\\\/05\\\/27\\\/lyon-roses\\\/#primaryimage\"},\"thumbnailUrl\":\"http:\\\/\\\/agriculture.gouv.fr\\\/local\\\/cache-vignettes\\\/L333xH500\\\/lyonroses_cle824c7d-1-a11b1.jpg\",\"keywords\":[\"lyon\",\"Lyon Roses\",\"parc de la T\u00eate d\u2019Or\",\"Soci\u00e9t\u00e9s de Roses\"],\"articleSection\":[\"\u00e9vasion\",\"nature\"],\"inLanguage\":\"fr-FR\",\"potentialAction\":[{\"@type\":\"CommentAction\",\"name\":\"Comment\",\"target\":[\"https:\\\/\\\/www.sillon38.com\\\/blog\\\/2015\\\/05\\\/27\\\/lyon-roses\\\/#respond\"]}]},{\"@type\":\"WebPage\",\"@id\":\"https:\\\/\\\/www.sillon38.com\\\/blog\\\/2015\\\/05\\\/27\\\/lyon-roses\\\/\",\"url\":\"https:\\\/\\\/www.sillon38.com\\\/blog\\\/2015\\\/05\\\/27\\\/lyon-roses\\\/\",\"name\":\"Lyon Roses... -\",\"isPartOf\":{\"@id\":\"https:\\\/\\\/www.sillon38.com\\\/blog\\\/#website\"},\"primaryImageOfPage\":{\"@id\":\"https:\\\/\\\/www.sillon38.com\\\/blog\\\/2015\\\/05\\\/27\\\/lyon-roses\\\/#primaryimage\"},\"image\":{\"@id\":\"https:\\\/\\\/www.sillon38.com\\\/blog\\\/2015\\\/05\\\/27\\\/lyon-roses\\\/#primaryimage\"},\"thumbnailUrl\":\"http:\\\/\\\/agriculture.gouv.fr\\\/local\\\/cache-vignettes\\\/L333xH500\\\/lyonroses_cle824c7d-1-a11b1.jpg\",\"datePublished\":\"2015-05-26T23:00:30+00:00\",\"author\":{\"@id\":\"https:\\\/\\\/www.sillon38.com\\\/blog\\\/#\\\/schema\\\/person\\\/72f06b5f0494d1edc8f4e5bf63651ff1\"},\"breadcrumb\":{\"@id\":\"https:\\\/\\\/www.sillon38.com\\\/blog\\\/2015\\\/05\\\/27\\\/lyon-roses\\\/#breadcrumb\"},\"inLanguage\":\"fr-FR\",\"potentialAction\":[{\"@type\":\"ReadAction\",\"target\":[\"https:\\\/\\\/www.sillon38.com\\\/blog\\\/2015\\\/05\\\/27\\\/lyon-roses\\\/\"]}]},{\"@type\":\"ImageObject\",\"inLanguage\":\"fr-FR\",\"@id\":\"https:\\\/\\\/www.sillon38.com\\\/blog\\\/2015\\\/05\\\/27\\\/lyon-roses\\\/#primaryimage\",\"url\":\"http:\\\/\\\/agriculture.gouv.fr\\\/local\\\/cache-vignettes\\\/L333xH500\\\/lyonroses_cle824c7d-1-a11b1.jpg\",\"contentUrl\":\"http:\\\/\\\/agriculture.gouv.fr\\\/local\\\/cache-vignettes\\\/L333xH500\\\/lyonroses_cle824c7d-1-a11b1.jpg\"},{\"@type\":\"BreadcrumbList\",\"@id\":\"https:\\\/\\\/www.sillon38.com\\\/blog\\\/2015\\\/05\\\/27\\\/lyon-roses\\\/#breadcrumb\",\"itemListElement\":[{\"@type\":\"ListItem\",\"position\":1,\"name\":\"Accueil\",\"item\":\"https:\\\/\\\/www.sillon38.com\\\/blog\\\/\"},{\"@type\":\"ListItem\",\"position\":2,\"name\":\"Lyon Roses&#8230;\"}]},{\"@type\":\"WebSite\",\"@id\":\"https:\\\/\\\/www.sillon38.com\\\/blog\\\/#website\",\"url\":\"https:\\\/\\\/www.sillon38.com\\\/blog\\\/\",\"name\":\"\",\"description\":\"Le journal du monde rural\",\"potentialAction\":[{\"@type\":\"SearchAction\",\"target\":{\"@type\":\"EntryPoint\",\"urlTemplate\":\"https:\\\/\\\/www.sillon38.com\\\/blog\\\/?s={search_term_string}\"},\"query-input\":{\"@type\":\"PropertyValueSpecification\",\"valueRequired\":true,\"valueName\":\"search_term_string\"}}],\"inLanguage\":\"fr-FR\"},{\"@type\":\"Person\",\"@id\":\"https:\\\/\\\/www.sillon38.com\\\/blog\\\/#\\\/schema\\\/person\\\/72f06b5f0494d1edc8f4e5bf63651ff1\",\"name\":\"M Coeur\"}]}<\/script>\n<!-- \/ Yoast SEO plugin. -->","yoast_head_json":{"title":"Lyon Roses... -","robots":{"index":"index","follow":"follow","max-snippet":"max-snippet:-1","max-image-preview":"max-image-preview:large","max-video-preview":"max-video-preview:-1"},"canonical":"https:\/\/www.sillon38.com\/blog\/2015\/05\/27\/lyon-roses\/","og_locale":"fr_FR","og_type":"article","og_title":"Lyon Roses... -","og_description":"Une premi\u00e8re pour la France : apr\u00e8s le Japon (2006), le Canada (2009) et l\u2019Afrique du Sud (2012), la F\u00e9d\u00e9ration Mondiale des Soci\u00e9t\u00e9s de Roses a choisi la France et Lyon pour accueillir son 17\u00e8me congr\u00e8s.","og_url":"https:\/\/www.sillon38.com\/blog\/2015\/05\/27\/lyon-roses\/","article_published_time":"2015-05-26T23:00:30+00:00","og_image":[{"url":"http:\/\/agriculture.gouv.fr\/local\/cache-vignettes\/L333xH500\/lyonroses_cle824c7d-1-a11b1.jpg","type":"","width":"","height":""}],"author":"M Coeur","twitter_card":"summary_large_image","twitter_misc":{"\u00c9crit par":"M Coeur","Dur\u00e9e de lecture estim\u00e9e":"1 minute"},"schema":{"@context":"https:\/\/schema.org","@graph":[{"@type":"Article","@id":"https:\/\/www.sillon38.com\/blog\/2015\/05\/27\/lyon-roses\/#article","isPartOf":{"@id":"https:\/\/www.sillon38.com\/blog\/2015\/05\/27\/lyon-roses\/"},"author":{"name":"M Coeur","@id":"https:\/\/www.sillon38.com\/blog\/#\/schema\/person\/72f06b5f0494d1edc8f4e5bf63651ff1"},"headline":"Lyon Roses&#8230;","datePublished":"2015-05-26T23:00:30+00:00","mainEntityOfPage":{"@id":"https:\/\/www.sillon38.com\/blog\/2015\/05\/27\/lyon-roses\/"},"wordCount":248,"commentCount":0,"image":{"@id":"https:\/\/www.sillon38.com\/blog\/2015\/05\/27\/lyon-roses\/#primaryimage"},"thumbnailUrl":"http:\/\/agriculture.gouv.fr\/local\/cache-vignettes\/L333xH500\/lyonroses_cle824c7d-1-a11b1.jpg","keywords":["lyon","Lyon Roses","parc de la T\u00eate d\u2019Or","Soci\u00e9t\u00e9s de Roses"],"articleSection":["\u00e9vasion","nature"],"inLanguage":"fr-FR","potentialAction":[{"@type":"CommentAction","name":"Comment","target":["https:\/\/www.sillon38.com\/blog\/2015\/05\/27\/lyon-roses\/#respond"]}]},{"@type":"WebPage","@id":"https:\/\/www.sillon38.com\/blog\/2015\/05\/27\/lyon-roses\/","url":"https:\/\/www.sillon38.com\/blog\/2015\/05\/27\/lyon-roses\/","name":"Lyon Roses... -","isPartOf":{"@id":"https:\/\/www.sillon38.com\/blog\/#website"},"primaryImageOfPage":{"@id":"https:\/\/www.sillon38.com\/blog\/2015\/05\/27\/lyon-roses\/#primaryimage"},"image":{"@id":"https:\/\/www.sillon38.com\/blog\/2015\/05\/27\/lyon-roses\/#primaryimage"},"thumbnailUrl":"http:\/\/agriculture.gouv.fr\/local\/cache-vignettes\/L333xH500\/lyonroses_cle824c7d-1-a11b1.jpg","datePublished":"2015-05-26T23:00:30+00:00","author":{"@id":"https:\/\/www.sillon38.com\/blog\/#\/schema\/person\/72f06b5f0494d1edc8f4e5bf63651ff1"},"breadcrumb":{"@id":"https:\/\/www.sillon38.com\/blog\/2015\/05\/27\/lyon-roses\/#breadcrumb"},"inLanguage":"fr-FR","potentialAction":[{"@type":"ReadAction","target":["https:\/\/www.sillon38.com\/blog\/2015\/05\/27\/lyon-roses\/"]}]},{"@type":"ImageObject","inLanguage":"fr-FR","@id":"https:\/\/www.sillon38.com\/blog\/2015\/05\/27\/lyon-roses\/#primaryimage","url":"http:\/\/agriculture.gouv.fr\/local\/cache-vignettes\/L333xH500\/lyonroses_cle824c7d-1-a11b1.jpg","contentUrl":"http:\/\/agriculture.gouv.fr\/local\/cache-vignettes\/L333xH500\/lyonroses_cle824c7d-1-a11b1.jpg"},{"@type":"BreadcrumbList","@id":"https:\/\/www.sillon38.com\/blog\/2015\/05\/27\/lyon-roses\/#breadcrumb","itemListElement":[{"@type":"ListItem","position":1,"name":"Accueil","item":"https:\/\/www.sillon38.com\/blog\/"},{"@type":"ListItem","position":2,"name":"Lyon Roses&#8230;"}]},{"@type":"WebSite","@id":"https:\/\/www.sillon38.com\/blog\/#website","url":"https:\/\/www.sillon38.com\/blog\/","name":"","description":"Le journal du monde rural","potentialAction":[{"@type":"SearchAction","target":{"@type":"EntryPoint","urlTemplate":"https:\/\/www.sillon38.com\/blog\/?s={search_term_string}"},"query-input":{"@type":"PropertyValueSpecification","valueRequired":true,"valueName":"search_term_string"}}],"inLanguage":"fr-FR"},{"@type":"Person","@id":"https:\/\/www.sillon38.com\/blog\/#\/schema\/person\/72f06b5f0494d1edc8f4e5bf63651ff1","name":"M Coeur"}]}},"_links":{"self":[{"href":"https:\/\/www.sillon38.com\/blog\/wp-json\/wp\/v2\/posts\/55682","targetHints":{"allow":["GET"]}}],"collection":[{"href":"https:\/\/www.sillon38.com\/blog\/wp-json\/wp\/v2\/posts"}],"about":[{"href":"https:\/\/www.sillon38.com\/blog\/wp-json\/wp\/v2\/types\/post"}],"author":[{"embeddable":true,"href":"https:\/\/www.sillon38.com\/blog\/wp-json\/wp\/v2\/users\/2"}],"replies":[{"embeddable":true,"href":"https:\/\/www.sillon38.com\/blog\/wp-json\/wp\/v2\/comments?post=55682"}],"version-history":[{"count":0,"href":"https:\/\/www.sillon38.com\/blog\/wp-json\/wp\/v2\/posts\/55682\/revisions"}],"wp:attachment":[{"href":"https:\/\/www.sillon38.com\/blog\/wp-json\/wp\/v2\/media?parent=55682"}],"wp:term":[{"taxonomy":"category","embeddable":true,"href":"https:\/\/www.sillon38.com\/blog\/wp-json\/wp\/v2\/categories?post=55682"},{"taxonomy":"post_tag","embeddable":true,"href":"https:\/\/www.sillon38.com\/blog\/wp-json\/wp\/v2\/tags?post=55682"}],"curies":[{"name":"wp","href":"https:\/\/api.w.org\/{rel}","templated":true}]}}