{"id":55740,"date":"2015-05-28T08:36:28","date_gmt":"2015-05-28T06:36:28","guid":{"rendered":"http:\/\/staging.sillon38.com\/?p=55740"},"modified":"2015-05-28T08:36:28","modified_gmt":"2015-05-28T06:36:28","slug":"union-europeenne-programme-unique-pour-la-distribution-de-lait-et-de-fruits-dans-les-ecoles","status":"publish","type":"post","link":"https:\/\/www.sillon38.com\/blog\/2015\/05\/28\/union-europeenne-programme-unique-pour-la-distribution-de-lait-et-de-fruits-dans-les-ecoles\/","title":{"rendered":"Union europ\u00e9enne: programme unique pour la distribution de lait et de fruits dans les \u00e9coles"},"content":{"rendered":"<div><span style=\"color: #000080;\"><strong>Le Parlement europ\u00e9en s\u2019est exprim\u00e9 en faveur d\u2019un  renforcement du programme de distribution de fruits et de lait dans les  \u00e9coles.<\/strong><\/span><\/div>\n<div><span style=\"color: #003300;\"><strong><br \/>\n<\/strong><\/span><\/div>\n<div><span style=\"color: #000080;\">C\u2019est en 1977 que le programme de distribution de lait dans les  \u00e9coles a \u00e9t\u00e9 mis en place ; depuis, il ne cesse d\u2019\u00eatre renforc\u00e9, et vise  d\u00e9sormais \u00e0 encourager la consommation de fruits, de l\u00e9gumes et de  produits laitiers chez les jeunes Europ\u00e9ens, pour lutter contre  l\u2019ob\u00e9sit\u00e9 et promouvoir un r\u00e9gime alimentaire sain et \u00e9quilibr\u00e9.<\/span><\/div>\n<p><span style=\"color: #000080;\"><strong> Ce projet vise \u00e0 encourager la consommation de  fruits, de l\u00e9gumes et de produits laitiers chez les enfants europ\u00e9ens.  Il devrait \u00e9galement r\u00e9duire les charges administratives.<br \/>\n<\/strong><\/span><\/p>\n<p><span style=\"color: #000080;\"> <\/span><\/p>\n<p><span style=\"color: #000080;\"><strong>Marc Tarabella<\/strong>, d\u00e9put\u00e9  d\u00e9mocrate-socialiste belge et responsable de la r\u00e9daction du projet,  estime qu&rsquo;il est essentiel de promouvoir un r\u00e9gime sain et \u00e9quilibr\u00e9 d\u00e8s  le plus jeune \u00e2ge, ainsi que de renouer les liens entre les enfants et  la nourriture, ses origines, ses saveurs et ses textures.<\/span><\/p>\n<p><span style=\"color: #000080;\">\u00ab Ce sont des produits que nous pouvons obtenir  localement, sans qu&rsquo;ils aient d\u00fb faire trois fois le tour de la plan\u00e8te  avant d&rsquo;arriver dans nos assiettes \u00bb, a-t-il expliqu\u00e9. \u00ab Je suis tr\u00e8s  satisfait que la Commission europ\u00e9enne, et gr\u00e2ce \u00e0 elle le Parlement  europ\u00e9en, soient en faveur de ce rapport important \u00bb.<\/span><\/p>\n<p><span style=\"color: #000080;\">La distribution de lait dans les \u00e9coles a \u00e9t\u00e9 \u00e9tablie d\u00e8s  1977 et tous les \u00c9tats membres y ont adh\u00e9r\u00e9. Plus de 20 millions  d&rsquo;enfants \u00e2g\u00e9s de 6 \u00e0 10 ans en b\u00e9n\u00e9ficient chaque ann\u00e9e. La  distribution de fruits a commenc\u00e9 en 2009 et a d\u00e9j\u00e0 convaincu 25 \u00c9tats  membres, b\u00e9n\u00e9ficiant \u00e0 pr\u00e8s de neuf millions d&rsquo;enfants.<\/span><\/p>\n<p><span style=\"color: #000080;\">Les \u00c9tats membres sont libres de participer ou non \u00e0 ces  programmes. Gr\u00e2ce \u00e0 ce projet commun, ils auront plus de flexibilit\u00e9  pour choisir les produits qu&rsquo;ils souhaitent distribuer, tout en ayant la  capacit\u00e9 de renforcer les aspects \u00e9ducatifs.<\/span><\/p>\n<div><span style=\"color: #000080;\">\u00ab <em>Les fonds disponibles vont passer de 197 \u00e0 250 millions  d&rsquo;euros : non seulement nous allons pouvoir assurer une distribution de  fruits et l\u00e9gumes et de lait dans les \u00e9tablissements scolaires, mais  aussi financer des mesures de p\u00e9dagogie afin de favoriser une bonne  hygi\u00e8ne de vie, par des actions de sensibilisation \u00e0 la nutrition  pouvant se traduire par des visites d&rsquo;exploitations agricoles <\/em>\u00bb expliquent <strong>Eric Andrieu <\/strong>et <strong>Jean-Paul Denanot<\/strong>.<\/span><\/div>\n<div><span style=\"color: #000080;\">\u00ab <em>Autre point tr\u00e8s positif du texte vot\u00e9 aujourd\u2019hui, le  Parlement europ\u00e9en donne clairement une priorit\u00e9 aux produits  originaires de l&rsquo;Union, et en particulier aux produits locaux et  saisonniers, aux produits biologiques, et aux produits issus de circuits  courts. Le sujet peut para\u00eetre anecdotique, mais nous faisons partie de  ceux qui sont convaincus que l\u2019Europe concr\u00e8te de ces programmes  constitue une r\u00e9ponse \u00e0 la crise <\/em>\u00bb concluent <strong>Eric Andrieu<\/strong> et <strong>Jean-Paul Denanot<\/strong>.<\/span><\/div>\n","protected":false},"excerpt":{"rendered":"<p>Le Parlement europ\u00e9en s\u2019est exprim\u00e9 en faveur d\u2019un renforcement du programme de distribution de fruits et de lait dans les \u00e9coles. C\u2019est en 1977 que le programme de distribution de lait dans les \u00e9coles a \u00e9t\u00e9 mis en place ;&#8230;<\/p>\n","protected":false},"author":2,"featured_media":0,"comment_status":"open","ping_status":"open","sticky":false,"template":"","format":"standard","meta":{"footnotes":""},"categories":[3,32,40,76],"tags":[4147,4532],"class_list":["post-55740","post","type-post","status-publish","format-standard","hentry","category-agriculture","category-fruits-legumes","category-laitproduits-laitiers","category-union-europeenne","tag-parlement-europeen","tag-produits-laitiers"],"yoast_head":"<!-- This site is optimized with the Yoast SEO plugin v27.5 - https:\/\/yoast.com\/product\/yoast-seo-wordpress\/ -->\n<title>Union europ\u00e9enne: programme unique pour la distribution de lait et de fruits dans les \u00e9coles -<\/title>\n<meta name=\"robots\" content=\"index, follow, max-snippet:-1, max-image-preview:large, max-video-preview:-1\" \/>\n<link rel=\"canonical\" href=\"https:\/\/www.sillon38.com\/blog\/2015\/05\/28\/union-europeenne-programme-unique-pour-la-distribution-de-lait-et-de-fruits-dans-les-ecoles\/\" \/>\n<meta property=\"og:locale\" content=\"fr_FR\" \/>\n<meta property=\"og:type\" content=\"article\" \/>\n<meta property=\"og:title\" content=\"Union europ\u00e9enne: programme unique pour la distribution de lait et de fruits dans les \u00e9coles -\" \/>\n<meta property=\"og:description\" content=\"Le Parlement europ\u00e9en s\u2019est exprim\u00e9 en faveur d\u2019un renforcement du programme de distribution de fruits et de lait dans les \u00e9coles. C\u2019est en 1977 que le programme de distribution de lait dans les \u00e9coles a \u00e9t\u00e9 mis en place ;...\" \/>\n<meta property=\"og:url\" content=\"https:\/\/www.sillon38.com\/blog\/2015\/05\/28\/union-europeenne-programme-unique-pour-la-distribution-de-lait-et-de-fruits-dans-les-ecoles\/\" \/>\n<meta property=\"article:published_time\" content=\"2015-05-28T06:36:28+00:00\" \/>\n<meta name=\"author\" content=\"M Coeur\" \/>\n<meta name=\"twitter:card\" content=\"summary_large_image\" \/>\n<meta name=\"twitter:label1\" content=\"\u00c9crit par\" \/>\n\t<meta name=\"twitter:data1\" content=\"M Coeur\" \/>\n\t<meta name=\"twitter:label2\" content=\"Dur\u00e9e de lecture estim\u00e9e\" \/>\n\t<meta name=\"twitter:data2\" content=\"2 minutes\" \/>\n<script type=\"application\/ld+json\" class=\"yoast-schema-graph\">{\"@context\":\"https:\\\/\\\/schema.org\",\"@graph\":[{\"@type\":\"Article\",\"@id\":\"https:\\\/\\\/www.sillon38.com\\\/blog\\\/2015\\\/05\\\/28\\\/union-europeenne-programme-unique-pour-la-distribution-de-lait-et-de-fruits-dans-les-ecoles\\\/#article\",\"isPartOf\":{\"@id\":\"https:\\\/\\\/www.sillon38.com\\\/blog\\\/2015\\\/05\\\/28\\\/union-europeenne-programme-unique-pour-la-distribution-de-lait-et-de-fruits-dans-les-ecoles\\\/\"},\"author\":{\"name\":\"M Coeur\",\"@id\":\"https:\\\/\\\/www.sillon38.com\\\/blog\\\/#\\\/schema\\\/person\\\/72f06b5f0494d1edc8f4e5bf63651ff1\"},\"headline\":\"Union europ\u00e9enne: programme unique pour la distribution de lait et de fruits dans les \u00e9coles\",\"datePublished\":\"2015-05-28T06:36:28+00:00\",\"mainEntityOfPage\":{\"@id\":\"https:\\\/\\\/www.sillon38.com\\\/blog\\\/2015\\\/05\\\/28\\\/union-europeenne-programme-unique-pour-la-distribution-de-lait-et-de-fruits-dans-les-ecoles\\\/\"},\"wordCount\":483,\"commentCount\":0,\"keywords\":[\"parlement europ\u00e9en\",\"produits laitiers\"],\"articleSection\":[\"agriculture\",\"fruits-l\u00e9gumes\",\"lait\\\/produits laitiers\",\"Union europ\u00e9enne\"],\"inLanguage\":\"fr-FR\",\"potentialAction\":[{\"@type\":\"CommentAction\",\"name\":\"Comment\",\"target\":[\"https:\\\/\\\/www.sillon38.com\\\/blog\\\/2015\\\/05\\\/28\\\/union-europeenne-programme-unique-pour-la-distribution-de-lait-et-de-fruits-dans-les-ecoles\\\/#respond\"]}]},{\"@type\":\"WebPage\",\"@id\":\"https:\\\/\\\/www.sillon38.com\\\/blog\\\/2015\\\/05\\\/28\\\/union-europeenne-programme-unique-pour-la-distribution-de-lait-et-de-fruits-dans-les-ecoles\\\/\",\"url\":\"https:\\\/\\\/www.sillon38.com\\\/blog\\\/2015\\\/05\\\/28\\\/union-europeenne-programme-unique-pour-la-distribution-de-lait-et-de-fruits-dans-les-ecoles\\\/\",\"name\":\"Union europ\u00e9enne: programme unique pour la distribution de lait et de fruits dans les \u00e9coles -\",\"isPartOf\":{\"@id\":\"https:\\\/\\\/www.sillon38.com\\\/blog\\\/#website\"},\"datePublished\":\"2015-05-28T06:36:28+00:00\",\"author\":{\"@id\":\"https:\\\/\\\/www.sillon38.com\\\/blog\\\/#\\\/schema\\\/person\\\/72f06b5f0494d1edc8f4e5bf63651ff1\"},\"breadcrumb\":{\"@id\":\"https:\\\/\\\/www.sillon38.com\\\/blog\\\/2015\\\/05\\\/28\\\/union-europeenne-programme-unique-pour-la-distribution-de-lait-et-de-fruits-dans-les-ecoles\\\/#breadcrumb\"},\"inLanguage\":\"fr-FR\",\"potentialAction\":[{\"@type\":\"ReadAction\",\"target\":[\"https:\\\/\\\/www.sillon38.com\\\/blog\\\/2015\\\/05\\\/28\\\/union-europeenne-programme-unique-pour-la-distribution-de-lait-et-de-fruits-dans-les-ecoles\\\/\"]}]},{\"@type\":\"BreadcrumbList\",\"@id\":\"https:\\\/\\\/www.sillon38.com\\\/blog\\\/2015\\\/05\\\/28\\\/union-europeenne-programme-unique-pour-la-distribution-de-lait-et-de-fruits-dans-les-ecoles\\\/#breadcrumb\",\"itemListElement\":[{\"@type\":\"ListItem\",\"position\":1,\"name\":\"Accueil\",\"item\":\"https:\\\/\\\/www.sillon38.com\\\/blog\\\/\"},{\"@type\":\"ListItem\",\"position\":2,\"name\":\"Union europ\u00e9enne: programme unique pour la distribution de lait et de fruits dans les \u00e9coles\"}]},{\"@type\":\"WebSite\",\"@id\":\"https:\\\/\\\/www.sillon38.com\\\/blog\\\/#website\",\"url\":\"https:\\\/\\\/www.sillon38.com\\\/blog\\\/\",\"name\":\"\",\"description\":\"Le journal du monde rural\",\"potentialAction\":[{\"@type\":\"SearchAction\",\"target\":{\"@type\":\"EntryPoint\",\"urlTemplate\":\"https:\\\/\\\/www.sillon38.com\\\/blog\\\/?s={search_term_string}\"},\"query-input\":{\"@type\":\"PropertyValueSpecification\",\"valueRequired\":true,\"valueName\":\"search_term_string\"}}],\"inLanguage\":\"fr-FR\"},{\"@type\":\"Person\",\"@id\":\"https:\\\/\\\/www.sillon38.com\\\/blog\\\/#\\\/schema\\\/person\\\/72f06b5f0494d1edc8f4e5bf63651ff1\",\"name\":\"M Coeur\"}]}<\/script>\n<!-- \/ Yoast SEO plugin. -->","yoast_head_json":{"title":"Union europ\u00e9enne: programme unique pour la distribution de lait et de fruits dans les \u00e9coles -","robots":{"index":"index","follow":"follow","max-snippet":"max-snippet:-1","max-image-preview":"max-image-preview:large","max-video-preview":"max-video-preview:-1"},"canonical":"https:\/\/www.sillon38.com\/blog\/2015\/05\/28\/union-europeenne-programme-unique-pour-la-distribution-de-lait-et-de-fruits-dans-les-ecoles\/","og_locale":"fr_FR","og_type":"article","og_title":"Union europ\u00e9enne: programme unique pour la distribution de lait et de fruits dans les \u00e9coles -","og_description":"Le Parlement europ\u00e9en s\u2019est exprim\u00e9 en faveur d\u2019un renforcement du programme de distribution de fruits et de lait dans les \u00e9coles. C\u2019est en 1977 que le programme de distribution de lait dans les \u00e9coles a \u00e9t\u00e9 mis en place ;...","og_url":"https:\/\/www.sillon38.com\/blog\/2015\/05\/28\/union-europeenne-programme-unique-pour-la-distribution-de-lait-et-de-fruits-dans-les-ecoles\/","article_published_time":"2015-05-28T06:36:28+00:00","author":"M Coeur","twitter_card":"summary_large_image","twitter_misc":{"\u00c9crit par":"M Coeur","Dur\u00e9e de lecture estim\u00e9e":"2 minutes"},"schema":{"@context":"https:\/\/schema.org","@graph":[{"@type":"Article","@id":"https:\/\/www.sillon38.com\/blog\/2015\/05\/28\/union-europeenne-programme-unique-pour-la-distribution-de-lait-et-de-fruits-dans-les-ecoles\/#article","isPartOf":{"@id":"https:\/\/www.sillon38.com\/blog\/2015\/05\/28\/union-europeenne-programme-unique-pour-la-distribution-de-lait-et-de-fruits-dans-les-ecoles\/"},"author":{"name":"M Coeur","@id":"https:\/\/www.sillon38.com\/blog\/#\/schema\/person\/72f06b5f0494d1edc8f4e5bf63651ff1"},"headline":"Union europ\u00e9enne: programme unique pour la distribution de lait et de fruits dans les \u00e9coles","datePublished":"2015-05-28T06:36:28+00:00","mainEntityOfPage":{"@id":"https:\/\/www.sillon38.com\/blog\/2015\/05\/28\/union-europeenne-programme-unique-pour-la-distribution-de-lait-et-de-fruits-dans-les-ecoles\/"},"wordCount":483,"commentCount":0,"keywords":["parlement europ\u00e9en","produits laitiers"],"articleSection":["agriculture","fruits-l\u00e9gumes","lait\/produits laitiers","Union europ\u00e9enne"],"inLanguage":"fr-FR","potentialAction":[{"@type":"CommentAction","name":"Comment","target":["https:\/\/www.sillon38.com\/blog\/2015\/05\/28\/union-europeenne-programme-unique-pour-la-distribution-de-lait-et-de-fruits-dans-les-ecoles\/#respond"]}]},{"@type":"WebPage","@id":"https:\/\/www.sillon38.com\/blog\/2015\/05\/28\/union-europeenne-programme-unique-pour-la-distribution-de-lait-et-de-fruits-dans-les-ecoles\/","url":"https:\/\/www.sillon38.com\/blog\/2015\/05\/28\/union-europeenne-programme-unique-pour-la-distribution-de-lait-et-de-fruits-dans-les-ecoles\/","name":"Union europ\u00e9enne: programme unique pour la distribution de lait et de fruits dans les \u00e9coles -","isPartOf":{"@id":"https:\/\/www.sillon38.com\/blog\/#website"},"datePublished":"2015-05-28T06:36:28+00:00","author":{"@id":"https:\/\/www.sillon38.com\/blog\/#\/schema\/person\/72f06b5f0494d1edc8f4e5bf63651ff1"},"breadcrumb":{"@id":"https:\/\/www.sillon38.com\/blog\/2015\/05\/28\/union-europeenne-programme-unique-pour-la-distribution-de-lait-et-de-fruits-dans-les-ecoles\/#breadcrumb"},"inLanguage":"fr-FR","potentialAction":[{"@type":"ReadAction","target":["https:\/\/www.sillon38.com\/blog\/2015\/05\/28\/union-europeenne-programme-unique-pour-la-distribution-de-lait-et-de-fruits-dans-les-ecoles\/"]}]},{"@type":"BreadcrumbList","@id":"https:\/\/www.sillon38.com\/blog\/2015\/05\/28\/union-europeenne-programme-unique-pour-la-distribution-de-lait-et-de-fruits-dans-les-ecoles\/#breadcrumb","itemListElement":[{"@type":"ListItem","position":1,"name":"Accueil","item":"https:\/\/www.sillon38.com\/blog\/"},{"@type":"ListItem","position":2,"name":"Union europ\u00e9enne: programme unique pour la distribution de lait et de fruits dans les \u00e9coles"}]},{"@type":"WebSite","@id":"https:\/\/www.sillon38.com\/blog\/#website","url":"https:\/\/www.sillon38.com\/blog\/","name":"","description":"Le journal du monde rural","potentialAction":[{"@type":"SearchAction","target":{"@type":"EntryPoint","urlTemplate":"https:\/\/www.sillon38.com\/blog\/?s={search_term_string}"},"query-input":{"@type":"PropertyValueSpecification","valueRequired":true,"valueName":"search_term_string"}}],"inLanguage":"fr-FR"},{"@type":"Person","@id":"https:\/\/www.sillon38.com\/blog\/#\/schema\/person\/72f06b5f0494d1edc8f4e5bf63651ff1","name":"M Coeur"}]}},"_links":{"self":[{"href":"https:\/\/www.sillon38.com\/blog\/wp-json\/wp\/v2\/posts\/55740","targetHints":{"allow":["GET"]}}],"collection":[{"href":"https:\/\/www.sillon38.com\/blog\/wp-json\/wp\/v2\/posts"}],"about":[{"href":"https:\/\/www.sillon38.com\/blog\/wp-json\/wp\/v2\/types\/post"}],"author":[{"embeddable":true,"href":"https:\/\/www.sillon38.com\/blog\/wp-json\/wp\/v2\/users\/2"}],"replies":[{"embeddable":true,"href":"https:\/\/www.sillon38.com\/blog\/wp-json\/wp\/v2\/comments?post=55740"}],"version-history":[{"count":0,"href":"https:\/\/www.sillon38.com\/blog\/wp-json\/wp\/v2\/posts\/55740\/revisions"}],"wp:attachment":[{"href":"https:\/\/www.sillon38.com\/blog\/wp-json\/wp\/v2\/media?parent=55740"}],"wp:term":[{"taxonomy":"category","embeddable":true,"href":"https:\/\/www.sillon38.com\/blog\/wp-json\/wp\/v2\/categories?post=55740"},{"taxonomy":"post_tag","embeddable":true,"href":"https:\/\/www.sillon38.com\/blog\/wp-json\/wp\/v2\/tags?post=55740"}],"curies":[{"name":"wp","href":"https:\/\/api.w.org\/{rel}","templated":true}]}}