{"id":56607,"date":"2015-08-08T22:44:18","date_gmt":"2015-08-08T20:44:18","guid":{"rendered":"http:\/\/staging.sillon38.com\/?p=56607"},"modified":"2015-08-08T22:44:18","modified_gmt":"2015-08-08T20:44:18","slug":"la-prochaine-fete-du-bleu-quand-comment","status":"publish","type":"post","link":"https:\/\/www.sillon38.com\/blog\/2015\/08\/08\/la-prochaine-fete-du-bleu-quand-comment\/","title":{"rendered":"La prochaine f\u00eate du bleu: quand, ou ?"},"content":{"rendered":"<p><span style=\"color: #000080;\">Catherine Brette, pr\u00e9sidente du Parc Naturel r\u00e9gional du Vercors a jet\u00e9 un froid sous le chaud soleil de villard de Lans!<\/span><\/p>\n<p><span style=\"color: #000080;\">Lors des discours qui ont suivi la visite inaugurale elle a indiqu\u00e9 que la f\u00eate du Bleu, \u00a0\u00bb nous f\u00eatons le 15i\u00e8me anniversaire ici \u00e0 Villard de Lans. Il faut se rappeler que la premi\u00e8re \u00e9dition s&rsquo;est d\u00e9roul\u00e9e \u00e9galement \u00e0 Villard de Lans. On peut donc affirmer que la boucle est boucl\u00e9e. \u00a0\u00bb <\/span><\/p>\n<p><span style=\"color: #000080;\">Pour info, c&rsquo;est une tradition, la f\u00eate du bleu se d\u00e9roule les ann\u00e9es pair sur la zone AOP Bleu du Vercors sassenage dr\u00f4moise et les ann\u00e9es impair sur la zone identique mais en Is\u00e8re.<\/span><\/p>\n<p><span style=\"color: #000080;\">Catherine Brette a indiqu\u00e9 que \u00a0\u00bb la boucle \u00e9tant boucl\u00e9e, nous r\u00e9fl\u00e9chissons aux prochaines \u00e9ditions \u00e0 plusieurs niveaux. Toutes les pistes seront \u00e9tudi\u00e9es. Et d&rsquo;en citer deux: \u00a0\u00bb l&rsquo;organiser une ann\u00e9e sur la zone AOP et une ann\u00e9e hors zone, l&rsquo;organiser une ann\u00e9e sur deux..\u00a0\u00bb<\/span><\/p>\n<p><span style=\"color: #000080;\">A ce jour donc, nul ne sait ou et surtout SI la f\u00eate du bleu aura lieu l&rsquo;ann\u00e9e prochaine ou pas!<\/span><\/p>\n<p><span style=\"color: #000080;\">Gilbert PRECZ<\/span><\/p>\n","protected":false},"excerpt":{"rendered":"<p>Catherine Brette, pr\u00e9sidente du Parc Naturel r\u00e9gional du Vercors a annonc\u00e9 qu&rsquo;une r\u00e9flexion en profondeur est lanc\u00e9e sur le d\u00e9roulement des prochaines f\u00eates du bleu.<\/p>\n","protected":false},"author":2,"featured_media":0,"comment_status":"open","ping_status":"open","sticky":false,"template":"","format":"standard","meta":{"footnotes":""},"categories":[90,26],"tags":[999,4133,5689],"class_list":["post-56607","post","type-post","status-publish","format-standard","hentry","category-bleu-du-vercors-sassenage","category-foires-et-fetes","tag-catherine-brette","tag-parc-naturel-regional-du-vercors","tag-villard-de-lans"],"yoast_head":"<!-- This site is optimized with the Yoast SEO plugin v27.5 - https:\/\/yoast.com\/product\/yoast-seo-wordpress\/ -->\n<title>La prochaine f\u00eate du bleu: quand, ou ? -<\/title>\n<meta name=\"robots\" content=\"index, follow, max-snippet:-1, max-image-preview:large, max-video-preview:-1\" \/>\n<link rel=\"canonical\" href=\"https:\/\/www.sillon38.com\/blog\/2015\/08\/08\/la-prochaine-fete-du-bleu-quand-comment\/\" \/>\n<meta property=\"og:locale\" content=\"fr_FR\" \/>\n<meta property=\"og:type\" content=\"article\" \/>\n<meta property=\"og:title\" content=\"La prochaine f\u00eate du bleu: quand, ou ? -\" \/>\n<meta property=\"og:description\" content=\"Catherine Brette, pr\u00e9sidente du Parc Naturel r\u00e9gional du Vercors a annonc\u00e9 qu&#039;une r\u00e9flexion en profondeur est lanc\u00e9e sur le d\u00e9roulement des prochaines f\u00eates du bleu.\" \/>\n<meta property=\"og:url\" content=\"https:\/\/www.sillon38.com\/blog\/2015\/08\/08\/la-prochaine-fete-du-bleu-quand-comment\/\" \/>\n<meta property=\"article:published_time\" content=\"2015-08-08T20:44:18+00:00\" \/>\n<meta name=\"author\" content=\"M Coeur\" \/>\n<meta name=\"twitter:card\" content=\"summary_large_image\" \/>\n<meta name=\"twitter:label1\" content=\"\u00c9crit par\" \/>\n\t<meta name=\"twitter:data1\" content=\"M Coeur\" \/>\n\t<meta name=\"twitter:label2\" content=\"Dur\u00e9e de lecture estim\u00e9e\" \/>\n\t<meta name=\"twitter:data2\" content=\"1 minute\" \/>\n<script type=\"application\/ld+json\" class=\"yoast-schema-graph\">{\"@context\":\"https:\\\/\\\/schema.org\",\"@graph\":[{\"@type\":\"Article\",\"@id\":\"https:\\\/\\\/www.sillon38.com\\\/blog\\\/2015\\\/08\\\/08\\\/la-prochaine-fete-du-bleu-quand-comment\\\/#article\",\"isPartOf\":{\"@id\":\"https:\\\/\\\/www.sillon38.com\\\/blog\\\/2015\\\/08\\\/08\\\/la-prochaine-fete-du-bleu-quand-comment\\\/\"},\"author\":{\"name\":\"M Coeur\",\"@id\":\"https:\\\/\\\/www.sillon38.com\\\/blog\\\/#\\\/schema\\\/person\\\/72f06b5f0494d1edc8f4e5bf63651ff1\"},\"headline\":\"La prochaine f\u00eate du bleu: quand, ou ?\",\"datePublished\":\"2015-08-08T20:44:18+00:00\",\"mainEntityOfPage\":{\"@id\":\"https:\\\/\\\/www.sillon38.com\\\/blog\\\/2015\\\/08\\\/08\\\/la-prochaine-fete-du-bleu-quand-comment\\\/\"},\"wordCount\":207,\"commentCount\":0,\"keywords\":[\"Catherine Brette\",\"Parc naturel r\u00e9gional du Vercors\",\"Villard de Lans\"],\"articleSection\":[\"bleu du Vercors Sassenage\",\"foires et f\u00eates\"],\"inLanguage\":\"fr-FR\",\"potentialAction\":[{\"@type\":\"CommentAction\",\"name\":\"Comment\",\"target\":[\"https:\\\/\\\/www.sillon38.com\\\/blog\\\/2015\\\/08\\\/08\\\/la-prochaine-fete-du-bleu-quand-comment\\\/#respond\"]}]},{\"@type\":\"WebPage\",\"@id\":\"https:\\\/\\\/www.sillon38.com\\\/blog\\\/2015\\\/08\\\/08\\\/la-prochaine-fete-du-bleu-quand-comment\\\/\",\"url\":\"https:\\\/\\\/www.sillon38.com\\\/blog\\\/2015\\\/08\\\/08\\\/la-prochaine-fete-du-bleu-quand-comment\\\/\",\"name\":\"La prochaine f\u00eate du bleu: quand, ou ? -\",\"isPartOf\":{\"@id\":\"https:\\\/\\\/www.sillon38.com\\\/blog\\\/#website\"},\"datePublished\":\"2015-08-08T20:44:18+00:00\",\"author\":{\"@id\":\"https:\\\/\\\/www.sillon38.com\\\/blog\\\/#\\\/schema\\\/person\\\/72f06b5f0494d1edc8f4e5bf63651ff1\"},\"breadcrumb\":{\"@id\":\"https:\\\/\\\/www.sillon38.com\\\/blog\\\/2015\\\/08\\\/08\\\/la-prochaine-fete-du-bleu-quand-comment\\\/#breadcrumb\"},\"inLanguage\":\"fr-FR\",\"potentialAction\":[{\"@type\":\"ReadAction\",\"target\":[\"https:\\\/\\\/www.sillon38.com\\\/blog\\\/2015\\\/08\\\/08\\\/la-prochaine-fete-du-bleu-quand-comment\\\/\"]}]},{\"@type\":\"BreadcrumbList\",\"@id\":\"https:\\\/\\\/www.sillon38.com\\\/blog\\\/2015\\\/08\\\/08\\\/la-prochaine-fete-du-bleu-quand-comment\\\/#breadcrumb\",\"itemListElement\":[{\"@type\":\"ListItem\",\"position\":1,\"name\":\"Accueil\",\"item\":\"https:\\\/\\\/www.sillon38.com\\\/blog\\\/\"},{\"@type\":\"ListItem\",\"position\":2,\"name\":\"La prochaine f\u00eate du bleu: quand, ou ?\"}]},{\"@type\":\"WebSite\",\"@id\":\"https:\\\/\\\/www.sillon38.com\\\/blog\\\/#website\",\"url\":\"https:\\\/\\\/www.sillon38.com\\\/blog\\\/\",\"name\":\"\",\"description\":\"Le journal du monde rural\",\"potentialAction\":[{\"@type\":\"SearchAction\",\"target\":{\"@type\":\"EntryPoint\",\"urlTemplate\":\"https:\\\/\\\/www.sillon38.com\\\/blog\\\/?s={search_term_string}\"},\"query-input\":{\"@type\":\"PropertyValueSpecification\",\"valueRequired\":true,\"valueName\":\"search_term_string\"}}],\"inLanguage\":\"fr-FR\"},{\"@type\":\"Person\",\"@id\":\"https:\\\/\\\/www.sillon38.com\\\/blog\\\/#\\\/schema\\\/person\\\/72f06b5f0494d1edc8f4e5bf63651ff1\",\"name\":\"M Coeur\"}]}<\/script>\n<!-- \/ Yoast SEO plugin. -->","yoast_head_json":{"title":"La prochaine f\u00eate du bleu: quand, ou ? -","robots":{"index":"index","follow":"follow","max-snippet":"max-snippet:-1","max-image-preview":"max-image-preview:large","max-video-preview":"max-video-preview:-1"},"canonical":"https:\/\/www.sillon38.com\/blog\/2015\/08\/08\/la-prochaine-fete-du-bleu-quand-comment\/","og_locale":"fr_FR","og_type":"article","og_title":"La prochaine f\u00eate du bleu: quand, ou ? -","og_description":"Catherine Brette, pr\u00e9sidente du Parc Naturel r\u00e9gional du Vercors a annonc\u00e9 qu'une r\u00e9flexion en profondeur est lanc\u00e9e sur le d\u00e9roulement des prochaines f\u00eates du bleu.","og_url":"https:\/\/www.sillon38.com\/blog\/2015\/08\/08\/la-prochaine-fete-du-bleu-quand-comment\/","article_published_time":"2015-08-08T20:44:18+00:00","author":"M Coeur","twitter_card":"summary_large_image","twitter_misc":{"\u00c9crit par":"M Coeur","Dur\u00e9e de lecture estim\u00e9e":"1 minute"},"schema":{"@context":"https:\/\/schema.org","@graph":[{"@type":"Article","@id":"https:\/\/www.sillon38.com\/blog\/2015\/08\/08\/la-prochaine-fete-du-bleu-quand-comment\/#article","isPartOf":{"@id":"https:\/\/www.sillon38.com\/blog\/2015\/08\/08\/la-prochaine-fete-du-bleu-quand-comment\/"},"author":{"name":"M Coeur","@id":"https:\/\/www.sillon38.com\/blog\/#\/schema\/person\/72f06b5f0494d1edc8f4e5bf63651ff1"},"headline":"La prochaine f\u00eate du bleu: quand, ou ?","datePublished":"2015-08-08T20:44:18+00:00","mainEntityOfPage":{"@id":"https:\/\/www.sillon38.com\/blog\/2015\/08\/08\/la-prochaine-fete-du-bleu-quand-comment\/"},"wordCount":207,"commentCount":0,"keywords":["Catherine Brette","Parc naturel r\u00e9gional du Vercors","Villard de Lans"],"articleSection":["bleu du Vercors Sassenage","foires et f\u00eates"],"inLanguage":"fr-FR","potentialAction":[{"@type":"CommentAction","name":"Comment","target":["https:\/\/www.sillon38.com\/blog\/2015\/08\/08\/la-prochaine-fete-du-bleu-quand-comment\/#respond"]}]},{"@type":"WebPage","@id":"https:\/\/www.sillon38.com\/blog\/2015\/08\/08\/la-prochaine-fete-du-bleu-quand-comment\/","url":"https:\/\/www.sillon38.com\/blog\/2015\/08\/08\/la-prochaine-fete-du-bleu-quand-comment\/","name":"La prochaine f\u00eate du bleu: quand, ou ? -","isPartOf":{"@id":"https:\/\/www.sillon38.com\/blog\/#website"},"datePublished":"2015-08-08T20:44:18+00:00","author":{"@id":"https:\/\/www.sillon38.com\/blog\/#\/schema\/person\/72f06b5f0494d1edc8f4e5bf63651ff1"},"breadcrumb":{"@id":"https:\/\/www.sillon38.com\/blog\/2015\/08\/08\/la-prochaine-fete-du-bleu-quand-comment\/#breadcrumb"},"inLanguage":"fr-FR","potentialAction":[{"@type":"ReadAction","target":["https:\/\/www.sillon38.com\/blog\/2015\/08\/08\/la-prochaine-fete-du-bleu-quand-comment\/"]}]},{"@type":"BreadcrumbList","@id":"https:\/\/www.sillon38.com\/blog\/2015\/08\/08\/la-prochaine-fete-du-bleu-quand-comment\/#breadcrumb","itemListElement":[{"@type":"ListItem","position":1,"name":"Accueil","item":"https:\/\/www.sillon38.com\/blog\/"},{"@type":"ListItem","position":2,"name":"La prochaine f\u00eate du bleu: quand, ou ?"}]},{"@type":"WebSite","@id":"https:\/\/www.sillon38.com\/blog\/#website","url":"https:\/\/www.sillon38.com\/blog\/","name":"","description":"Le journal du monde rural","potentialAction":[{"@type":"SearchAction","target":{"@type":"EntryPoint","urlTemplate":"https:\/\/www.sillon38.com\/blog\/?s={search_term_string}"},"query-input":{"@type":"PropertyValueSpecification","valueRequired":true,"valueName":"search_term_string"}}],"inLanguage":"fr-FR"},{"@type":"Person","@id":"https:\/\/www.sillon38.com\/blog\/#\/schema\/person\/72f06b5f0494d1edc8f4e5bf63651ff1","name":"M Coeur"}]}},"_links":{"self":[{"href":"https:\/\/www.sillon38.com\/blog\/wp-json\/wp\/v2\/posts\/56607","targetHints":{"allow":["GET"]}}],"collection":[{"href":"https:\/\/www.sillon38.com\/blog\/wp-json\/wp\/v2\/posts"}],"about":[{"href":"https:\/\/www.sillon38.com\/blog\/wp-json\/wp\/v2\/types\/post"}],"author":[{"embeddable":true,"href":"https:\/\/www.sillon38.com\/blog\/wp-json\/wp\/v2\/users\/2"}],"replies":[{"embeddable":true,"href":"https:\/\/www.sillon38.com\/blog\/wp-json\/wp\/v2\/comments?post=56607"}],"version-history":[{"count":0,"href":"https:\/\/www.sillon38.com\/blog\/wp-json\/wp\/v2\/posts\/56607\/revisions"}],"wp:attachment":[{"href":"https:\/\/www.sillon38.com\/blog\/wp-json\/wp\/v2\/media?parent=56607"}],"wp:term":[{"taxonomy":"category","embeddable":true,"href":"https:\/\/www.sillon38.com\/blog\/wp-json\/wp\/v2\/categories?post=56607"},{"taxonomy":"post_tag","embeddable":true,"href":"https:\/\/www.sillon38.com\/blog\/wp-json\/wp\/v2\/tags?post=56607"}],"curies":[{"name":"wp","href":"https:\/\/api.w.org\/{rel}","templated":true}]}}