{"id":58485,"date":"2015-09-03T21:41:08","date_gmt":"2015-09-03T19:41:08","guid":{"rendered":"http:\/\/staging.sillon38.com\/?p=58485"},"modified":"2015-09-03T21:41:08","modified_gmt":"2015-09-03T19:41:08","slug":"vercors-un-observatoire-agricole-pour-suivre-les-evolutions-de-lagriculture-du-plateau","status":"publish","type":"post","link":"https:\/\/www.sillon38.com\/blog\/2015\/09\/03\/vercors-un-observatoire-agricole-pour-suivre-les-evolutions-de-lagriculture-du-plateau\/","title":{"rendered":"Vercors: Un observatoire agricole pour suivre les \u00e9volutions de l&rsquo;agriculture du plateau"},"content":{"rendered":"<p><span style=\"color: #003366;\">Un premier diagnostic agricole a \u00e9t\u00e9 r\u00e9alis\u00e9 en 2003-2004 par la Communaut\u00e9 de Communes du Massif du Vercors.<\/span><\/p>\n<p><span style=\"color: #003366;\"> <\/span><\/p>\n<p><span style=\"color: #003366;\">Il a \u00e9t\u00e9 largement utilis\u00e9 dans la mise en place des PLU et  a permis une protection des terres agricoles face \u00e0 l&rsquo;urbanisation.<br \/>\nD\u00e8s cette \u00e9poque, la CCMV entendait valoriser cet \u00e9tat des lieux  initial avec la mise en place et la gestion d&rsquo;un observatoire agricole  qui permet de suivre dans le temps l&rsquo;\u00e9volution de l&rsquo;agriculture sur le  plateau \u00e0 la diff\u00e9rence du diagnostic agricole qui reste fig\u00e9 \u00e0 un  instant T.<br \/>\nCela permet de conna\u00eetre la dynamique de l&rsquo;agriculture annuellement en  vue d&rsquo;une politique agricole au plus pr\u00e8s des besoins et de fournir aux  acteurs du territoire des donn\u00e9es proches de la r\u00e9alit\u00e9 .<\/span><\/p>\n<p><span style=\"color: #003366;\"><br \/>\n<\/span><a href=\"http:\/\/staging.sillon38.com\/wp-content\/uploads\/2015\/09\/Sans-titre3.png\"><img loading=\"lazy\" decoding=\"async\" class=\"aligncenter size-full wp-image-58486\" title=\"Sans titre\" src=\"http:\/\/staging.sillon38.com\/wp-content\/uploads\/2015\/09\/Sans-titre3.png\" alt=\"Sans titre\" width=\"598\" height=\"350\" srcset=\"https:\/\/www.sillon38.com\/blog\/wp-content\/uploads\/2015\/09\/Sans-titre3.png 598w, https:\/\/www.sillon38.com\/blog\/wp-content\/uploads\/2015\/09\/Sans-titre3-300x176.png 300w\" sizes=\"auto, (max-width: 598px) 100vw, 598px\" \/><\/a> <strong><span style=\"color: #003366;\"><br \/>\nL&rsquo;observatoire permet notamment de\u00a0:<\/span><\/strong><\/p>\n<p><span style=\"color: #003366;\"> <\/span><\/p>\n<ul>\n<li><span style=\"color: #003366;\">Donner des outils de suivi et d&rsquo;anticipation au Comit\u00e9 Local d&rsquo;Installation, <\/span><\/li>\n<li><span style=\"color: #003366;\">Faire le lien entre agriculture et urbanisme, <\/span><\/li>\n<li><span style=\"color: #003366;\">Disposer d&rsquo;un outil de suivi de la situation des si\u00e8ges  d&rsquo;exploitation (enclavement, contraintes&#8230;) et des parcelles  strat\u00e9giques, <\/span><\/li>\n<li><span style=\"color: #003366;\">D\u00e9velopper les synergies entre \u00e9conomie touristique et \u00e9conomie agricole, <\/span><\/li>\n<li><span style=\"color: #003366;\">Aborder des strat\u00e9gies d&rsquo;activit\u00e9, <\/span><\/li>\n<li><span style=\"color: #003366;\">Int\u00e9grer la dimension pastorale. <\/span><\/li>\n<\/ul>\n<p><span style=\"color: #003366;\"> <\/span><\/p>\n<p><span style=\"color: #003366;\">L&rsquo;observatoire a d\u00e9but\u00e9 par une \u00e9tude initiale r\u00e9alis\u00e9e en 2014-2015  qui permet d&rsquo;avoir une premi\u00e8re ann\u00e9e de r\u00e9f\u00e9rence pour tous les  indicateurs.<br \/>\nDes comparaisons ont \u00e9t\u00e9 effectu\u00e9es quand cela \u00e9tait possible avec le diagnostic agricole r\u00e9alis\u00e9 en 2004.<br \/>\nCette \u00e9tude initiale comprend une \u00e9tude pr\u00e9alable au PLUI qui sert  directement cette ann\u00e9e \u00e0 l&rsquo;\u00e9laboration de ce document d&rsquo;urbanisme. Des  r\u00e9unions de restitution aupr\u00e8s des agriculteurs ont \u00e9t\u00e9 organis\u00e9es \u00e0 la  fin de l&rsquo;\u00e9tude pour faire conna\u00eetre les r\u00e9sultats de l&rsquo;observatoire et  \u00e9changer ensemble sur les enjeux de l&rsquo;agriculture sur le plateau.<\/span><\/p>\n<p><span style=\"color: #003366;\"> <\/span><\/p>\n<p><span style=\"color: #003366;\"><strong><em>A t\u00e9l\u00e9charger <\/em><\/strong><br \/>\n<\/span><\/p>\n<p><a href=\"http:\/\/www.vercors.org\/tzr\/scripts\/downloader2.php?filename=T004\/fichier\/64\/c9\/53vzei49f9yc&amp;mime=application\/pdf&amp;originalname=Diagnostic_agricole_Autrans_Meaudre.compressed.pdf\" target=\"_self\" rel=\"noopener\">Diagnostic+agricole+Autrans+Meaudre.<\/a><\/p>\n<p><a href=\"http:\/\/www.vercors.org\/tzr\/scripts\/downloader2.php?filename=T004\/fich2\/64\/c9\/53vzei49f9yc&amp;mime=application\/pdf&amp;originalname=Diagnostic_agricole_Villard_Lans.compressed.pdf\" target=\"_self\" rel=\"noopener\">Diagnostic+agricole+Villard+Lans.<\/a><\/p>\n","protected":false},"excerpt":{"rendered":"<p>Il permet de conna\u00eetre la dynamique de l&rsquo;agriculture annuellement en vue d&rsquo;une politique agricole au plus pr\u00e8s des besoins et de fournir aux acteurs du territoire des donn\u00e9es proches de la r\u00e9alit\u00e9 .<\/p>\n","protected":false},"author":2,"featured_media":0,"comment_status":"open","ping_status":"open","sticky":false,"template":"","format":"standard","meta":{"footnotes":""},"categories":[12],"tags":[5626],"class_list":["post-58485","post","type-post","status-publish","format-standard","hentry","category-communaute-de-communes-du-massif-du-vercors","tag-vercors"],"yoast_head":"<!-- This site is optimized with the Yoast SEO plugin v27.5 - https:\/\/yoast.com\/product\/yoast-seo-wordpress\/ -->\n<title>Vercors: Un observatoire agricole pour suivre les \u00e9volutions de l&#039;agriculture du plateau -<\/title>\n<meta name=\"robots\" content=\"index, follow, max-snippet:-1, max-image-preview:large, max-video-preview:-1\" \/>\n<link rel=\"canonical\" href=\"https:\/\/www.sillon38.com\/blog\/2015\/09\/03\/vercors-un-observatoire-agricole-pour-suivre-les-evolutions-de-lagriculture-du-plateau\/\" \/>\n<meta property=\"og:locale\" content=\"fr_FR\" \/>\n<meta property=\"og:type\" content=\"article\" \/>\n<meta property=\"og:title\" content=\"Vercors: Un observatoire agricole pour suivre les \u00e9volutions de l&#039;agriculture du plateau -\" \/>\n<meta property=\"og:description\" content=\"Il permet de conna\u00eetre la dynamique de l&#039;agriculture annuellement en vue d&#039;une politique agricole au plus pr\u00e8s des besoins et de fournir aux acteurs du territoire des donn\u00e9es proches de la r\u00e9alit\u00e9 .\" \/>\n<meta property=\"og:url\" content=\"https:\/\/www.sillon38.com\/blog\/2015\/09\/03\/vercors-un-observatoire-agricole-pour-suivre-les-evolutions-de-lagriculture-du-plateau\/\" \/>\n<meta property=\"article:published_time\" content=\"2015-09-03T19:41:08+00:00\" \/>\n<meta property=\"og:image\" content=\"http:\/\/staging.sillon38.com\/wp-content\/uploads\/2015\/09\/Sans-titre3.png\" \/>\n<meta name=\"author\" content=\"M Coeur\" \/>\n<meta name=\"twitter:card\" content=\"summary_large_image\" \/>\n<meta name=\"twitter:label1\" content=\"\u00c9crit par\" \/>\n\t<meta name=\"twitter:data1\" content=\"M Coeur\" \/>\n\t<meta name=\"twitter:label2\" content=\"Dur\u00e9e de lecture estim\u00e9e\" \/>\n\t<meta name=\"twitter:data2\" content=\"2 minutes\" \/>\n<script type=\"application\/ld+json\" class=\"yoast-schema-graph\">{\"@context\":\"https:\\\/\\\/schema.org\",\"@graph\":[{\"@type\":\"Article\",\"@id\":\"https:\\\/\\\/www.sillon38.com\\\/blog\\\/2015\\\/09\\\/03\\\/vercors-un-observatoire-agricole-pour-suivre-les-evolutions-de-lagriculture-du-plateau\\\/#article\",\"isPartOf\":{\"@id\":\"https:\\\/\\\/www.sillon38.com\\\/blog\\\/2015\\\/09\\\/03\\\/vercors-un-observatoire-agricole-pour-suivre-les-evolutions-de-lagriculture-du-plateau\\\/\"},\"author\":{\"name\":\"M Coeur\",\"@id\":\"https:\\\/\\\/www.sillon38.com\\\/blog\\\/#\\\/schema\\\/person\\\/72f06b5f0494d1edc8f4e5bf63651ff1\"},\"headline\":\"Vercors: Un observatoire agricole pour suivre les \u00e9volutions de l&rsquo;agriculture du plateau\",\"datePublished\":\"2015-09-03T19:41:08+00:00\",\"mainEntityOfPage\":{\"@id\":\"https:\\\/\\\/www.sillon38.com\\\/blog\\\/2015\\\/09\\\/03\\\/vercors-un-observatoire-agricole-pour-suivre-les-evolutions-de-lagriculture-du-plateau\\\/\"},\"wordCount\":335,\"commentCount\":0,\"image\":{\"@id\":\"https:\\\/\\\/www.sillon38.com\\\/blog\\\/2015\\\/09\\\/03\\\/vercors-un-observatoire-agricole-pour-suivre-les-evolutions-de-lagriculture-du-plateau\\\/#primaryimage\"},\"thumbnailUrl\":\"http:\\\/\\\/staging.sillon38.com\\\/wp-content\\\/uploads\\\/2015\\\/09\\\/Sans-titre3.png\",\"keywords\":[\"Vercors\"],\"articleSection\":[\"Communaut\u00e9 de Communes du Massif du Vercors\"],\"inLanguage\":\"fr-FR\",\"potentialAction\":[{\"@type\":\"CommentAction\",\"name\":\"Comment\",\"target\":[\"https:\\\/\\\/www.sillon38.com\\\/blog\\\/2015\\\/09\\\/03\\\/vercors-un-observatoire-agricole-pour-suivre-les-evolutions-de-lagriculture-du-plateau\\\/#respond\"]}]},{\"@type\":\"WebPage\",\"@id\":\"https:\\\/\\\/www.sillon38.com\\\/blog\\\/2015\\\/09\\\/03\\\/vercors-un-observatoire-agricole-pour-suivre-les-evolutions-de-lagriculture-du-plateau\\\/\",\"url\":\"https:\\\/\\\/www.sillon38.com\\\/blog\\\/2015\\\/09\\\/03\\\/vercors-un-observatoire-agricole-pour-suivre-les-evolutions-de-lagriculture-du-plateau\\\/\",\"name\":\"Vercors: Un observatoire agricole pour suivre les \u00e9volutions de l'agriculture du plateau -\",\"isPartOf\":{\"@id\":\"https:\\\/\\\/www.sillon38.com\\\/blog\\\/#website\"},\"primaryImageOfPage\":{\"@id\":\"https:\\\/\\\/www.sillon38.com\\\/blog\\\/2015\\\/09\\\/03\\\/vercors-un-observatoire-agricole-pour-suivre-les-evolutions-de-lagriculture-du-plateau\\\/#primaryimage\"},\"image\":{\"@id\":\"https:\\\/\\\/www.sillon38.com\\\/blog\\\/2015\\\/09\\\/03\\\/vercors-un-observatoire-agricole-pour-suivre-les-evolutions-de-lagriculture-du-plateau\\\/#primaryimage\"},\"thumbnailUrl\":\"http:\\\/\\\/staging.sillon38.com\\\/wp-content\\\/uploads\\\/2015\\\/09\\\/Sans-titre3.png\",\"datePublished\":\"2015-09-03T19:41:08+00:00\",\"author\":{\"@id\":\"https:\\\/\\\/www.sillon38.com\\\/blog\\\/#\\\/schema\\\/person\\\/72f06b5f0494d1edc8f4e5bf63651ff1\"},\"breadcrumb\":{\"@id\":\"https:\\\/\\\/www.sillon38.com\\\/blog\\\/2015\\\/09\\\/03\\\/vercors-un-observatoire-agricole-pour-suivre-les-evolutions-de-lagriculture-du-plateau\\\/#breadcrumb\"},\"inLanguage\":\"fr-FR\",\"potentialAction\":[{\"@type\":\"ReadAction\",\"target\":[\"https:\\\/\\\/www.sillon38.com\\\/blog\\\/2015\\\/09\\\/03\\\/vercors-un-observatoire-agricole-pour-suivre-les-evolutions-de-lagriculture-du-plateau\\\/\"]}]},{\"@type\":\"ImageObject\",\"inLanguage\":\"fr-FR\",\"@id\":\"https:\\\/\\\/www.sillon38.com\\\/blog\\\/2015\\\/09\\\/03\\\/vercors-un-observatoire-agricole-pour-suivre-les-evolutions-de-lagriculture-du-plateau\\\/#primaryimage\",\"url\":\"http:\\\/\\\/staging.sillon38.com\\\/wp-content\\\/uploads\\\/2015\\\/09\\\/Sans-titre3.png\",\"contentUrl\":\"http:\\\/\\\/staging.sillon38.com\\\/wp-content\\\/uploads\\\/2015\\\/09\\\/Sans-titre3.png\"},{\"@type\":\"BreadcrumbList\",\"@id\":\"https:\\\/\\\/www.sillon38.com\\\/blog\\\/2015\\\/09\\\/03\\\/vercors-un-observatoire-agricole-pour-suivre-les-evolutions-de-lagriculture-du-plateau\\\/#breadcrumb\",\"itemListElement\":[{\"@type\":\"ListItem\",\"position\":1,\"name\":\"Accueil\",\"item\":\"https:\\\/\\\/www.sillon38.com\\\/blog\\\/\"},{\"@type\":\"ListItem\",\"position\":2,\"name\":\"Vercors: Un observatoire agricole pour suivre les \u00e9volutions de l&rsquo;agriculture du plateau\"}]},{\"@type\":\"WebSite\",\"@id\":\"https:\\\/\\\/www.sillon38.com\\\/blog\\\/#website\",\"url\":\"https:\\\/\\\/www.sillon38.com\\\/blog\\\/\",\"name\":\"\",\"description\":\"Le journal du monde rural\",\"potentialAction\":[{\"@type\":\"SearchAction\",\"target\":{\"@type\":\"EntryPoint\",\"urlTemplate\":\"https:\\\/\\\/www.sillon38.com\\\/blog\\\/?s={search_term_string}\"},\"query-input\":{\"@type\":\"PropertyValueSpecification\",\"valueRequired\":true,\"valueName\":\"search_term_string\"}}],\"inLanguage\":\"fr-FR\"},{\"@type\":\"Person\",\"@id\":\"https:\\\/\\\/www.sillon38.com\\\/blog\\\/#\\\/schema\\\/person\\\/72f06b5f0494d1edc8f4e5bf63651ff1\",\"name\":\"M Coeur\"}]}<\/script>\n<!-- \/ Yoast SEO plugin. -->","yoast_head_json":{"title":"Vercors: Un observatoire agricole pour suivre les \u00e9volutions de l'agriculture du plateau -","robots":{"index":"index","follow":"follow","max-snippet":"max-snippet:-1","max-image-preview":"max-image-preview:large","max-video-preview":"max-video-preview:-1"},"canonical":"https:\/\/www.sillon38.com\/blog\/2015\/09\/03\/vercors-un-observatoire-agricole-pour-suivre-les-evolutions-de-lagriculture-du-plateau\/","og_locale":"fr_FR","og_type":"article","og_title":"Vercors: Un observatoire agricole pour suivre les \u00e9volutions de l'agriculture du plateau -","og_description":"Il permet de conna\u00eetre la dynamique de l'agriculture annuellement en vue d'une politique agricole au plus pr\u00e8s des besoins et de fournir aux acteurs du territoire des donn\u00e9es proches de la r\u00e9alit\u00e9 .","og_url":"https:\/\/www.sillon38.com\/blog\/2015\/09\/03\/vercors-un-observatoire-agricole-pour-suivre-les-evolutions-de-lagriculture-du-plateau\/","article_published_time":"2015-09-03T19:41:08+00:00","og_image":[{"url":"http:\/\/staging.sillon38.com\/wp-content\/uploads\/2015\/09\/Sans-titre3.png","type":"","width":"","height":""}],"author":"M Coeur","twitter_card":"summary_large_image","twitter_misc":{"\u00c9crit par":"M Coeur","Dur\u00e9e de lecture estim\u00e9e":"2 minutes"},"schema":{"@context":"https:\/\/schema.org","@graph":[{"@type":"Article","@id":"https:\/\/www.sillon38.com\/blog\/2015\/09\/03\/vercors-un-observatoire-agricole-pour-suivre-les-evolutions-de-lagriculture-du-plateau\/#article","isPartOf":{"@id":"https:\/\/www.sillon38.com\/blog\/2015\/09\/03\/vercors-un-observatoire-agricole-pour-suivre-les-evolutions-de-lagriculture-du-plateau\/"},"author":{"name":"M Coeur","@id":"https:\/\/www.sillon38.com\/blog\/#\/schema\/person\/72f06b5f0494d1edc8f4e5bf63651ff1"},"headline":"Vercors: Un observatoire agricole pour suivre les \u00e9volutions de l&rsquo;agriculture du plateau","datePublished":"2015-09-03T19:41:08+00:00","mainEntityOfPage":{"@id":"https:\/\/www.sillon38.com\/blog\/2015\/09\/03\/vercors-un-observatoire-agricole-pour-suivre-les-evolutions-de-lagriculture-du-plateau\/"},"wordCount":335,"commentCount":0,"image":{"@id":"https:\/\/www.sillon38.com\/blog\/2015\/09\/03\/vercors-un-observatoire-agricole-pour-suivre-les-evolutions-de-lagriculture-du-plateau\/#primaryimage"},"thumbnailUrl":"http:\/\/staging.sillon38.com\/wp-content\/uploads\/2015\/09\/Sans-titre3.png","keywords":["Vercors"],"articleSection":["Communaut\u00e9 de Communes du Massif du Vercors"],"inLanguage":"fr-FR","potentialAction":[{"@type":"CommentAction","name":"Comment","target":["https:\/\/www.sillon38.com\/blog\/2015\/09\/03\/vercors-un-observatoire-agricole-pour-suivre-les-evolutions-de-lagriculture-du-plateau\/#respond"]}]},{"@type":"WebPage","@id":"https:\/\/www.sillon38.com\/blog\/2015\/09\/03\/vercors-un-observatoire-agricole-pour-suivre-les-evolutions-de-lagriculture-du-plateau\/","url":"https:\/\/www.sillon38.com\/blog\/2015\/09\/03\/vercors-un-observatoire-agricole-pour-suivre-les-evolutions-de-lagriculture-du-plateau\/","name":"Vercors: Un observatoire agricole pour suivre les \u00e9volutions de l'agriculture du plateau -","isPartOf":{"@id":"https:\/\/www.sillon38.com\/blog\/#website"},"primaryImageOfPage":{"@id":"https:\/\/www.sillon38.com\/blog\/2015\/09\/03\/vercors-un-observatoire-agricole-pour-suivre-les-evolutions-de-lagriculture-du-plateau\/#primaryimage"},"image":{"@id":"https:\/\/www.sillon38.com\/blog\/2015\/09\/03\/vercors-un-observatoire-agricole-pour-suivre-les-evolutions-de-lagriculture-du-plateau\/#primaryimage"},"thumbnailUrl":"http:\/\/staging.sillon38.com\/wp-content\/uploads\/2015\/09\/Sans-titre3.png","datePublished":"2015-09-03T19:41:08+00:00","author":{"@id":"https:\/\/www.sillon38.com\/blog\/#\/schema\/person\/72f06b5f0494d1edc8f4e5bf63651ff1"},"breadcrumb":{"@id":"https:\/\/www.sillon38.com\/blog\/2015\/09\/03\/vercors-un-observatoire-agricole-pour-suivre-les-evolutions-de-lagriculture-du-plateau\/#breadcrumb"},"inLanguage":"fr-FR","potentialAction":[{"@type":"ReadAction","target":["https:\/\/www.sillon38.com\/blog\/2015\/09\/03\/vercors-un-observatoire-agricole-pour-suivre-les-evolutions-de-lagriculture-du-plateau\/"]}]},{"@type":"ImageObject","inLanguage":"fr-FR","@id":"https:\/\/www.sillon38.com\/blog\/2015\/09\/03\/vercors-un-observatoire-agricole-pour-suivre-les-evolutions-de-lagriculture-du-plateau\/#primaryimage","url":"http:\/\/staging.sillon38.com\/wp-content\/uploads\/2015\/09\/Sans-titre3.png","contentUrl":"http:\/\/staging.sillon38.com\/wp-content\/uploads\/2015\/09\/Sans-titre3.png"},{"@type":"BreadcrumbList","@id":"https:\/\/www.sillon38.com\/blog\/2015\/09\/03\/vercors-un-observatoire-agricole-pour-suivre-les-evolutions-de-lagriculture-du-plateau\/#breadcrumb","itemListElement":[{"@type":"ListItem","position":1,"name":"Accueil","item":"https:\/\/www.sillon38.com\/blog\/"},{"@type":"ListItem","position":2,"name":"Vercors: Un observatoire agricole pour suivre les \u00e9volutions de l&rsquo;agriculture du plateau"}]},{"@type":"WebSite","@id":"https:\/\/www.sillon38.com\/blog\/#website","url":"https:\/\/www.sillon38.com\/blog\/","name":"","description":"Le journal du monde rural","potentialAction":[{"@type":"SearchAction","target":{"@type":"EntryPoint","urlTemplate":"https:\/\/www.sillon38.com\/blog\/?s={search_term_string}"},"query-input":{"@type":"PropertyValueSpecification","valueRequired":true,"valueName":"search_term_string"}}],"inLanguage":"fr-FR"},{"@type":"Person","@id":"https:\/\/www.sillon38.com\/blog\/#\/schema\/person\/72f06b5f0494d1edc8f4e5bf63651ff1","name":"M Coeur"}]}},"_links":{"self":[{"href":"https:\/\/www.sillon38.com\/blog\/wp-json\/wp\/v2\/posts\/58485","targetHints":{"allow":["GET"]}}],"collection":[{"href":"https:\/\/www.sillon38.com\/blog\/wp-json\/wp\/v2\/posts"}],"about":[{"href":"https:\/\/www.sillon38.com\/blog\/wp-json\/wp\/v2\/types\/post"}],"author":[{"embeddable":true,"href":"https:\/\/www.sillon38.com\/blog\/wp-json\/wp\/v2\/users\/2"}],"replies":[{"embeddable":true,"href":"https:\/\/www.sillon38.com\/blog\/wp-json\/wp\/v2\/comments?post=58485"}],"version-history":[{"count":0,"href":"https:\/\/www.sillon38.com\/blog\/wp-json\/wp\/v2\/posts\/58485\/revisions"}],"wp:attachment":[{"href":"https:\/\/www.sillon38.com\/blog\/wp-json\/wp\/v2\/media?parent=58485"}],"wp:term":[{"taxonomy":"category","embeddable":true,"href":"https:\/\/www.sillon38.com\/blog\/wp-json\/wp\/v2\/categories?post=58485"},{"taxonomy":"post_tag","embeddable":true,"href":"https:\/\/www.sillon38.com\/blog\/wp-json\/wp\/v2\/tags?post=58485"}],"curies":[{"name":"wp","href":"https:\/\/api.w.org\/{rel}","templated":true}]}}