{"id":60266,"date":"2015-12-10T19:20:32","date_gmt":"2015-12-10T17:20:32","guid":{"rendered":"http:\/\/staging.sillon38.com\/?p=60266"},"modified":"2015-12-10T19:20:32","modified_gmt":"2015-12-10T17:20:32","slug":"un-nouveau-lieu-daccueil-pour-les-agriculteurs-a-vienne","status":"publish","type":"post","link":"https:\/\/www.sillon38.com\/blog\/2015\/12\/10\/un-nouveau-lieu-daccueil-pour-les-agriculteurs-a-vienne\/","title":{"rendered":"Un nouveau lieu d\u2019accueil pour les agriculteurs \u00e0 Vienne"},"content":{"rendered":"<p><span style=\"color: #003366;\">La Chambre d\u2019agriculture de l\u2019Is\u00e8re et la MSA Alpes du Nord ont choisi de<br \/>\nmarquer leur ancrage viennois \u00e0 l\u2019espace St Germain.<\/span><\/p>\n<p><span style=\"color: #003366;\"><strong>Proximit\u00e9 et qualit\u00e9 de service<\/strong><br \/>\nParce qu\u2019\u00eatre proche des agriculteurs est une priorit\u00e9 ch\u00e8re \u00e0 chacune des<br \/>\ndeux structures, avec ce point d\u2019accueil \u00e0 Vienne, elles maintiennent une<br \/>\nproximit\u00e9 forte sur le territoire. En se rendant au 27 rue Denfert Rochereau, les<br \/>\nprofessionnels de l\u2019agriculture ont acc\u00e8s \u00e0 une offre de services compl\u00e8te : la<br \/>\nMSA pour toute leur protection sociale (des cotisations aux prestations, en<br \/>\npassant par la m\u00e9decine du travail, le contr\u00f4le m\u00e9dical et l\u2019accompagnement<br \/>\nsocial) et la Chambre d\u2019agriculture pour l&rsquo;accompagnement qu&rsquo;elle propose aux<br \/>\nagriculteurs (depuis le projet d&rsquo;installation jusqu&rsquo;\u00e0 la transmission de<br \/>\nl&rsquo;exploitation).<\/span><\/p>\n<p><span style=\"color: #003366;\"><strong>Des locaux agr\u00e9ables et accessibles<\/strong><br \/>\nEn s\u2019installant dans ces bureaux enti\u00e8rement r\u00e9nov\u00e9s par Vienn\u2019agglo,<br \/>\npropri\u00e9taire des lieux, chaque structure entend offrir \u00e0 ses visiteurs des locaux<br \/>\nagr\u00e9ables et modernes, pour les accueillir dans de bonnes conditions. A la fois<br \/>\naccessible par les transports en commun et \u00e0 proximit\u00e9 d\u2019un parking public,<br \/>\nl\u2019espace St Germain est un lieu qui pr\u00e9sente de multiples atouts.<\/p>\n<p><strong>Une agence MSA \u00e0 Vienne pour une relation de services multi canal<br \/>\nsur les territoires<\/strong><br \/>\nC\u2019est un vrai travail de fond qu\u2019a entrepris la MSA pour s\u2019adapter aux profondes<br \/>\nmutations d\u00e9mographiques et \u00e9conomiques qu\u2019elle conna\u00eet aujourd\u2019hui et qu\u2019elle<br \/>\ntraduit dans la modernisation de sa relation de service. De m\u00eame que dans toutes<br \/>\nles agences MSA, celle de Vienne offre aux agriculteurs et \u00e0 leurs familles, ainsi<br \/>\nqu\u2019aux entreprises du secteur, plusieurs modes de contact, adapt\u00e9s aux besoins de<br \/>\nchacun : accueil libre le matin, sur rendez-vous uniquement l\u2019apr\u00e8s-midi. Pour rappel,<br \/>\nun rendez-vous, c&rsquo;est la garantie d&rsquo;avoir un temps d&rsquo;\u00e9changes d\u00e9di\u00e9, pr\u00e9par\u00e9 en<br \/>\namont et sur une plage horaire choisie. R\u00e9sultat : \u00e0 l&rsquo;issue de la rencontre, le dossier<br \/>\nde l&rsquo;adh\u00e9rent est complet et le traitement par les services est acc\u00e9l\u00e9r\u00e9. Par ailleurs,<br \/>\nles adh\u00e9rents peuvent contacter la MSA par t\u00e9l\u00e9phone ou via leur espace priv\u00e9, sur<br \/>\ninternet.<\/span><\/p>\n<p><span style=\"color: #003366;\"><strong>En accord avec la politique de d\u00e9veloppement territorial de la<br \/>\nChambre d&rsquo;agriculture<\/strong><br \/>\nLe bureau de Vienne fait partie des six implantations en Is\u00e8re qui sont au service de<br \/>\nla politique de d\u00e9veloppement territorial de la Chambre d\u2019agriculture. En effet, elle est<br \/>\naux c\u00f4t\u00e9s des agriculteurs et des collectivit\u00e9s pour r\u00e9pondre \u00e0 leurs attentes, faciliter<br \/>\nl&rsquo;\u00e9mergence de projets et les accompagner, renforcer les dynamiques et mobiliser<br \/>\nl&rsquo;expertise en faveur de l&rsquo;agriculture is\u00e9roise. Dans le secteur de Vienne, ce travail de<br \/>\nproximit\u00e9 avec les acteurs territoriaux, est r\u00e9alis\u00e9 gr\u00e2ce \u00e0 la collaboration avec le<br \/>\nComit\u00e9 de Territoire Is\u00e8re Rhodanienne, v\u00e9ritable lieu de concertation locale<br \/>\n(rassemblant les agriculteurs et les fili\u00e8res, les \u00e9lus et la soci\u00e9t\u00e9 civile).<\/span><\/p>\n","protected":false},"excerpt":{"rendered":"<p>La Chambre d\u2019agriculture de l\u2019Is\u00e8re et la MSA Alpes du Nord ont choisi de<br \/>\nmarquer leur ancrage viennois \u00e0 l\u2019espace St Germain.<\/p>\n","protected":false},"author":2,"featured_media":0,"comment_status":"open","ping_status":"open","sticky":false,"template":"","format":"standard","meta":{"footnotes":""},"categories":[3,105],"tags":[1104,3906,5666],"class_list":["post-60266","post","type-post","status-publish","format-standard","hentry","category-agriculture","category-msa","tag-chambre-dagriculture-de-lisere","tag-msa-alpes-du-nord","tag-vienne"],"yoast_head":"<!-- This site is optimized with the Yoast SEO plugin v27.5 - https:\/\/yoast.com\/product\/yoast-seo-wordpress\/ -->\n<title>Un nouveau lieu d\u2019accueil pour les agriculteurs \u00e0 Vienne -<\/title>\n<meta name=\"robots\" content=\"index, follow, max-snippet:-1, max-image-preview:large, max-video-preview:-1\" \/>\n<link rel=\"canonical\" href=\"https:\/\/www.sillon38.com\/blog\/2015\/12\/10\/un-nouveau-lieu-daccueil-pour-les-agriculteurs-a-vienne\/\" \/>\n<meta property=\"og:locale\" content=\"fr_FR\" \/>\n<meta property=\"og:type\" content=\"article\" \/>\n<meta property=\"og:title\" content=\"Un nouveau lieu d\u2019accueil pour les agriculteurs \u00e0 Vienne -\" \/>\n<meta property=\"og:description\" content=\"La Chambre d\u2019agriculture de l\u2019Is\u00e8re et la MSA Alpes du Nord ont choisi de marquer leur ancrage viennois \u00e0 l\u2019espace St Germain.\" \/>\n<meta property=\"og:url\" content=\"https:\/\/www.sillon38.com\/blog\/2015\/12\/10\/un-nouveau-lieu-daccueil-pour-les-agriculteurs-a-vienne\/\" \/>\n<meta property=\"article:published_time\" content=\"2015-12-10T17:20:32+00:00\" \/>\n<meta name=\"author\" content=\"M Coeur\" \/>\n<meta name=\"twitter:card\" content=\"summary_large_image\" \/>\n<meta name=\"twitter:label1\" content=\"\u00c9crit par\" \/>\n\t<meta name=\"twitter:data1\" content=\"M Coeur\" \/>\n\t<meta name=\"twitter:label2\" content=\"Dur\u00e9e de lecture estim\u00e9e\" \/>\n\t<meta name=\"twitter:data2\" content=\"2 minutes\" \/>\n<script type=\"application\/ld+json\" class=\"yoast-schema-graph\">{\"@context\":\"https:\\\/\\\/schema.org\",\"@graph\":[{\"@type\":\"Article\",\"@id\":\"https:\\\/\\\/www.sillon38.com\\\/blog\\\/2015\\\/12\\\/10\\\/un-nouveau-lieu-daccueil-pour-les-agriculteurs-a-vienne\\\/#article\",\"isPartOf\":{\"@id\":\"https:\\\/\\\/www.sillon38.com\\\/blog\\\/2015\\\/12\\\/10\\\/un-nouveau-lieu-daccueil-pour-les-agriculteurs-a-vienne\\\/\"},\"author\":{\"name\":\"M Coeur\",\"@id\":\"https:\\\/\\\/www.sillon38.com\\\/blog\\\/#\\\/schema\\\/person\\\/72f06b5f0494d1edc8f4e5bf63651ff1\"},\"headline\":\"Un nouveau lieu d\u2019accueil pour les agriculteurs \u00e0 Vienne\",\"datePublished\":\"2015-12-10T17:20:32+00:00\",\"mainEntityOfPage\":{\"@id\":\"https:\\\/\\\/www.sillon38.com\\\/blog\\\/2015\\\/12\\\/10\\\/un-nouveau-lieu-daccueil-pour-les-agriculteurs-a-vienne\\\/\"},\"wordCount\":512,\"commentCount\":0,\"keywords\":[\"Chambre d'agriculture de l'Is\u00e8re\",\"msa Alpes du Nord\",\"Vienne\"],\"articleSection\":[\"agriculture\",\"msa\"],\"inLanguage\":\"fr-FR\",\"potentialAction\":[{\"@type\":\"CommentAction\",\"name\":\"Comment\",\"target\":[\"https:\\\/\\\/www.sillon38.com\\\/blog\\\/2015\\\/12\\\/10\\\/un-nouveau-lieu-daccueil-pour-les-agriculteurs-a-vienne\\\/#respond\"]}]},{\"@type\":\"WebPage\",\"@id\":\"https:\\\/\\\/www.sillon38.com\\\/blog\\\/2015\\\/12\\\/10\\\/un-nouveau-lieu-daccueil-pour-les-agriculteurs-a-vienne\\\/\",\"url\":\"https:\\\/\\\/www.sillon38.com\\\/blog\\\/2015\\\/12\\\/10\\\/un-nouveau-lieu-daccueil-pour-les-agriculteurs-a-vienne\\\/\",\"name\":\"Un nouveau lieu d\u2019accueil pour les agriculteurs \u00e0 Vienne -\",\"isPartOf\":{\"@id\":\"https:\\\/\\\/www.sillon38.com\\\/blog\\\/#website\"},\"datePublished\":\"2015-12-10T17:20:32+00:00\",\"author\":{\"@id\":\"https:\\\/\\\/www.sillon38.com\\\/blog\\\/#\\\/schema\\\/person\\\/72f06b5f0494d1edc8f4e5bf63651ff1\"},\"breadcrumb\":{\"@id\":\"https:\\\/\\\/www.sillon38.com\\\/blog\\\/2015\\\/12\\\/10\\\/un-nouveau-lieu-daccueil-pour-les-agriculteurs-a-vienne\\\/#breadcrumb\"},\"inLanguage\":\"fr-FR\",\"potentialAction\":[{\"@type\":\"ReadAction\",\"target\":[\"https:\\\/\\\/www.sillon38.com\\\/blog\\\/2015\\\/12\\\/10\\\/un-nouveau-lieu-daccueil-pour-les-agriculteurs-a-vienne\\\/\"]}]},{\"@type\":\"BreadcrumbList\",\"@id\":\"https:\\\/\\\/www.sillon38.com\\\/blog\\\/2015\\\/12\\\/10\\\/un-nouveau-lieu-daccueil-pour-les-agriculteurs-a-vienne\\\/#breadcrumb\",\"itemListElement\":[{\"@type\":\"ListItem\",\"position\":1,\"name\":\"Accueil\",\"item\":\"https:\\\/\\\/www.sillon38.com\\\/blog\\\/\"},{\"@type\":\"ListItem\",\"position\":2,\"name\":\"Un nouveau lieu d\u2019accueil pour les agriculteurs \u00e0 Vienne\"}]},{\"@type\":\"WebSite\",\"@id\":\"https:\\\/\\\/www.sillon38.com\\\/blog\\\/#website\",\"url\":\"https:\\\/\\\/www.sillon38.com\\\/blog\\\/\",\"name\":\"\",\"description\":\"Le journal du monde rural\",\"potentialAction\":[{\"@type\":\"SearchAction\",\"target\":{\"@type\":\"EntryPoint\",\"urlTemplate\":\"https:\\\/\\\/www.sillon38.com\\\/blog\\\/?s={search_term_string}\"},\"query-input\":{\"@type\":\"PropertyValueSpecification\",\"valueRequired\":true,\"valueName\":\"search_term_string\"}}],\"inLanguage\":\"fr-FR\"},{\"@type\":\"Person\",\"@id\":\"https:\\\/\\\/www.sillon38.com\\\/blog\\\/#\\\/schema\\\/person\\\/72f06b5f0494d1edc8f4e5bf63651ff1\",\"name\":\"M Coeur\"}]}<\/script>\n<!-- \/ Yoast SEO plugin. -->","yoast_head_json":{"title":"Un nouveau lieu d\u2019accueil pour les agriculteurs \u00e0 Vienne -","robots":{"index":"index","follow":"follow","max-snippet":"max-snippet:-1","max-image-preview":"max-image-preview:large","max-video-preview":"max-video-preview:-1"},"canonical":"https:\/\/www.sillon38.com\/blog\/2015\/12\/10\/un-nouveau-lieu-daccueil-pour-les-agriculteurs-a-vienne\/","og_locale":"fr_FR","og_type":"article","og_title":"Un nouveau lieu d\u2019accueil pour les agriculteurs \u00e0 Vienne -","og_description":"La Chambre d\u2019agriculture de l\u2019Is\u00e8re et la MSA Alpes du Nord ont choisi de marquer leur ancrage viennois \u00e0 l\u2019espace St Germain.","og_url":"https:\/\/www.sillon38.com\/blog\/2015\/12\/10\/un-nouveau-lieu-daccueil-pour-les-agriculteurs-a-vienne\/","article_published_time":"2015-12-10T17:20:32+00:00","author":"M Coeur","twitter_card":"summary_large_image","twitter_misc":{"\u00c9crit par":"M Coeur","Dur\u00e9e de lecture estim\u00e9e":"2 minutes"},"schema":{"@context":"https:\/\/schema.org","@graph":[{"@type":"Article","@id":"https:\/\/www.sillon38.com\/blog\/2015\/12\/10\/un-nouveau-lieu-daccueil-pour-les-agriculteurs-a-vienne\/#article","isPartOf":{"@id":"https:\/\/www.sillon38.com\/blog\/2015\/12\/10\/un-nouveau-lieu-daccueil-pour-les-agriculteurs-a-vienne\/"},"author":{"name":"M Coeur","@id":"https:\/\/www.sillon38.com\/blog\/#\/schema\/person\/72f06b5f0494d1edc8f4e5bf63651ff1"},"headline":"Un nouveau lieu d\u2019accueil pour les agriculteurs \u00e0 Vienne","datePublished":"2015-12-10T17:20:32+00:00","mainEntityOfPage":{"@id":"https:\/\/www.sillon38.com\/blog\/2015\/12\/10\/un-nouveau-lieu-daccueil-pour-les-agriculteurs-a-vienne\/"},"wordCount":512,"commentCount":0,"keywords":["Chambre d'agriculture de l'Is\u00e8re","msa Alpes du Nord","Vienne"],"articleSection":["agriculture","msa"],"inLanguage":"fr-FR","potentialAction":[{"@type":"CommentAction","name":"Comment","target":["https:\/\/www.sillon38.com\/blog\/2015\/12\/10\/un-nouveau-lieu-daccueil-pour-les-agriculteurs-a-vienne\/#respond"]}]},{"@type":"WebPage","@id":"https:\/\/www.sillon38.com\/blog\/2015\/12\/10\/un-nouveau-lieu-daccueil-pour-les-agriculteurs-a-vienne\/","url":"https:\/\/www.sillon38.com\/blog\/2015\/12\/10\/un-nouveau-lieu-daccueil-pour-les-agriculteurs-a-vienne\/","name":"Un nouveau lieu d\u2019accueil pour les agriculteurs \u00e0 Vienne -","isPartOf":{"@id":"https:\/\/www.sillon38.com\/blog\/#website"},"datePublished":"2015-12-10T17:20:32+00:00","author":{"@id":"https:\/\/www.sillon38.com\/blog\/#\/schema\/person\/72f06b5f0494d1edc8f4e5bf63651ff1"},"breadcrumb":{"@id":"https:\/\/www.sillon38.com\/blog\/2015\/12\/10\/un-nouveau-lieu-daccueil-pour-les-agriculteurs-a-vienne\/#breadcrumb"},"inLanguage":"fr-FR","potentialAction":[{"@type":"ReadAction","target":["https:\/\/www.sillon38.com\/blog\/2015\/12\/10\/un-nouveau-lieu-daccueil-pour-les-agriculteurs-a-vienne\/"]}]},{"@type":"BreadcrumbList","@id":"https:\/\/www.sillon38.com\/blog\/2015\/12\/10\/un-nouveau-lieu-daccueil-pour-les-agriculteurs-a-vienne\/#breadcrumb","itemListElement":[{"@type":"ListItem","position":1,"name":"Accueil","item":"https:\/\/www.sillon38.com\/blog\/"},{"@type":"ListItem","position":2,"name":"Un nouveau lieu d\u2019accueil pour les agriculteurs \u00e0 Vienne"}]},{"@type":"WebSite","@id":"https:\/\/www.sillon38.com\/blog\/#website","url":"https:\/\/www.sillon38.com\/blog\/","name":"","description":"Le journal du monde rural","potentialAction":[{"@type":"SearchAction","target":{"@type":"EntryPoint","urlTemplate":"https:\/\/www.sillon38.com\/blog\/?s={search_term_string}"},"query-input":{"@type":"PropertyValueSpecification","valueRequired":true,"valueName":"search_term_string"}}],"inLanguage":"fr-FR"},{"@type":"Person","@id":"https:\/\/www.sillon38.com\/blog\/#\/schema\/person\/72f06b5f0494d1edc8f4e5bf63651ff1","name":"M Coeur"}]}},"_links":{"self":[{"href":"https:\/\/www.sillon38.com\/blog\/wp-json\/wp\/v2\/posts\/60266","targetHints":{"allow":["GET"]}}],"collection":[{"href":"https:\/\/www.sillon38.com\/blog\/wp-json\/wp\/v2\/posts"}],"about":[{"href":"https:\/\/www.sillon38.com\/blog\/wp-json\/wp\/v2\/types\/post"}],"author":[{"embeddable":true,"href":"https:\/\/www.sillon38.com\/blog\/wp-json\/wp\/v2\/users\/2"}],"replies":[{"embeddable":true,"href":"https:\/\/www.sillon38.com\/blog\/wp-json\/wp\/v2\/comments?post=60266"}],"version-history":[{"count":0,"href":"https:\/\/www.sillon38.com\/blog\/wp-json\/wp\/v2\/posts\/60266\/revisions"}],"wp:attachment":[{"href":"https:\/\/www.sillon38.com\/blog\/wp-json\/wp\/v2\/media?parent=60266"}],"wp:term":[{"taxonomy":"category","embeddable":true,"href":"https:\/\/www.sillon38.com\/blog\/wp-json\/wp\/v2\/categories?post=60266"},{"taxonomy":"post_tag","embeddable":true,"href":"https:\/\/www.sillon38.com\/blog\/wp-json\/wp\/v2\/tags?post=60266"}],"curies":[{"name":"wp","href":"https:\/\/api.w.org\/{rel}","templated":true}]}}