{"id":61067,"date":"2016-02-02T10:22:25","date_gmt":"2016-02-02T08:22:25","guid":{"rendered":"http:\/\/staging.sillon38.com\/?p=61067"},"modified":"2016-02-02T10:22:25","modified_gmt":"2016-02-02T08:22:25","slug":"xavier-beulin-recu-mardi-a-lelysee","status":"publish","type":"post","link":"https:\/\/www.sillon38.com\/blog\/2016\/02\/02\/xavier-beulin-recu-mardi-a-lelysee\/","title":{"rendered":"Xavier Beulin re\u00e7u mardi \u00e0 l&rsquo;Elys\u00e9e"},"content":{"rendered":"<p><span style=\"color: #000080;\">Il  ne compte pas r\u00e9clamer d&rsquo;enveloppe, mais \u00ab\u00a0des mesures structurelles\u00a0\u00bb.  Xavier Beulin, pr\u00e9sident de la FNSEA, a rendez-vous mardi matin \u00e0  l&rsquo;Elys\u00e9e pour rencontrer Fran\u00e7ois Hollande et St\u00e9phane Le Foll, en pleine crise agricole. \u00ab\u00a0On ne peut pas se contenter de mettre des rustines sur des probl\u00e8mes structurels\u00a0\u00bb, a-t-il pr\u00e9venu sur Europe 1.<\/span><\/p>\n<p><span style=\"color: #000080;\"> <\/span><\/p>\n<p><span style=\"color: #000080;\"><strong>Baisse de cotisations.<\/strong> Le pr\u00e9sident de la FNSEA exige donc \u00ab\u00a0une diminution de 10 points du  taux de\u00a0cotisations sociales que verse un agriculteur.\u00a0Un  agriculteur qui gagne 100 euros verse 45 euros \u00e0 son organisme de  s\u00e9curit\u00e9 sociale. Je vais demander qu&rsquo;on redescende \u00e0 35 euros\u00a0\u00bb. Et  Xavier Beulin ne compte pas s&rsquo;arr\u00eater l\u00e0. \u00ab\u00a0La France doit assumer une  vraie politique agricole et alimentaire\u00a0\u00bb, a-t-il ass\u00e9n\u00e9.  \u00ab\u00a0Comment se fait-il qu&rsquo;on se soit fait d\u00e9passer par nos voisins ? Que  nous ayons des charges suppl\u00e9mentaires ? Qu&rsquo;on ne r\u00e8gle pas les  probl\u00e8mes de dumping social en Europe ?\u00a0\u00bb<\/span><\/p>\n<p><span style=\"color: #000080;\"> <\/span><\/p>\n<p><span style=\"color: #000080;\"><strong>Embargo russe.<\/strong> Pour lui, les agriculteurs souffrent de l&#8217;embargo russe. Depuis 2014 en effet, Moscou n&rsquo;accepte plus les produits alimentaires  venus, entre autres, de l&rsquo;Union europ\u00e9enne, afin de protester contre  les sanctions \u00e9conomiques de ses Etats  membres. \u00ab\u00a0Cela nous\u00a0emp\u00eache de commercer normalement sur les viandes,  les fruits et l\u00e9gumes et les produits laitiers\u00a0\u00bb, a estim\u00e9 Xavier  Beulin.\u00a0Le syndicaliste compte donc \u00ab\u00a0demander que Fran\u00e7ois Hollande,  avec Angela Merkel, discute du probl\u00e8me de l&#8217;embargo.  S&rsquo;il n&rsquo;y a pas de solution avec les Russes, alors c&rsquo;est \u00e0 l&rsquo;Europe  d&rsquo;assumer les cons\u00e9quences\u00a0\u00bb.<\/span><\/p>\n<p><span style=\"color: #000080;\"> <\/span><\/p>\n<p><span style=\"color: #000080;\"><a href=\"http:\/\/www.europe1.fr\/economie\/la-fnsea-reclame-une-diminution-des-cotisations-sociales-des-agriculteurs-2660967\">http:\/\/www.europe1.fr\/economie\/la-fnsea-reclame-une-diminution-des-cotisations-sociales-des-agriculteurs-2660967<\/a><\/span><\/p>\n<p><span style=\"color: #000080;\"> <\/span><\/p>\n<p><span style=\"color: #000080;\"> <\/span><\/p>\n","protected":false},"excerpt":{"rendered":"<p>Xavier Beulin, pr\u00e9sident du principal syndicat agricole, est re\u00e7u mardi \u00e0 l&rsquo;Elys\u00e9e par Fran\u00e7ois Hollande et St\u00e9phane Le Foll.<\/p>\n","protected":false},"author":2,"featured_media":0,"comment_status":"open","ping_status":"open","sticky":false,"template":"","format":"standard","meta":{"footnotes":""},"categories":[3],"tags":[2448,2579,5197,5770],"class_list":["post-61067","post","type-post","status-publish","format-standard","hentry","category-agriculture","tag-fnsea","tag-francois-hollande","tag-stephane-le-foll","tag-xavier-beulin"],"yoast_head":"<!-- This site is optimized with the Yoast SEO plugin v27.5 - https:\/\/yoast.com\/product\/yoast-seo-wordpress\/ -->\n<title>Xavier Beulin re\u00e7u mardi \u00e0 l&#039;Elys\u00e9e -<\/title>\n<meta name=\"robots\" content=\"index, follow, max-snippet:-1, max-image-preview:large, max-video-preview:-1\" \/>\n<link rel=\"canonical\" href=\"https:\/\/www.sillon38.com\/blog\/2016\/02\/02\/xavier-beulin-recu-mardi-a-lelysee\/\" \/>\n<meta property=\"og:locale\" content=\"fr_FR\" \/>\n<meta property=\"og:type\" content=\"article\" \/>\n<meta property=\"og:title\" content=\"Xavier Beulin re\u00e7u mardi \u00e0 l&#039;Elys\u00e9e -\" \/>\n<meta property=\"og:description\" content=\"Xavier Beulin, pr\u00e9sident du principal syndicat agricole, est re\u00e7u mardi \u00e0 l&#039;Elys\u00e9e par Fran\u00e7ois Hollande et St\u00e9phane Le Foll.\" \/>\n<meta property=\"og:url\" content=\"https:\/\/www.sillon38.com\/blog\/2016\/02\/02\/xavier-beulin-recu-mardi-a-lelysee\/\" \/>\n<meta property=\"article:published_time\" content=\"2016-02-02T08:22:25+00:00\" \/>\n<meta name=\"author\" content=\"M Coeur\" \/>\n<meta name=\"twitter:card\" content=\"summary_large_image\" \/>\n<meta name=\"twitter:label1\" content=\"\u00c9crit par\" \/>\n\t<meta name=\"twitter:data1\" content=\"M Coeur\" \/>\n\t<meta name=\"twitter:label2\" content=\"Dur\u00e9e de lecture estim\u00e9e\" \/>\n\t<meta name=\"twitter:data2\" content=\"1 minute\" \/>\n<script type=\"application\/ld+json\" class=\"yoast-schema-graph\">{\"@context\":\"https:\\\/\\\/schema.org\",\"@graph\":[{\"@type\":\"Article\",\"@id\":\"https:\\\/\\\/www.sillon38.com\\\/blog\\\/2016\\\/02\\\/02\\\/xavier-beulin-recu-mardi-a-lelysee\\\/#article\",\"isPartOf\":{\"@id\":\"https:\\\/\\\/www.sillon38.com\\\/blog\\\/2016\\\/02\\\/02\\\/xavier-beulin-recu-mardi-a-lelysee\\\/\"},\"author\":{\"name\":\"M Coeur\",\"@id\":\"https:\\\/\\\/www.sillon38.com\\\/blog\\\/#\\\/schema\\\/person\\\/72f06b5f0494d1edc8f4e5bf63651ff1\"},\"headline\":\"Xavier Beulin re\u00e7u mardi \u00e0 l&rsquo;Elys\u00e9e\",\"datePublished\":\"2016-02-02T08:22:25+00:00\",\"mainEntityOfPage\":{\"@id\":\"https:\\\/\\\/www.sillon38.com\\\/blog\\\/2016\\\/02\\\/02\\\/xavier-beulin-recu-mardi-a-lelysee\\\/\"},\"wordCount\":278,\"commentCount\":0,\"keywords\":[\"FNSEA\",\"Fran\u00e7ois Hollande\",\"St\u00e9phane Le Foll\",\"Xavier Beulin\"],\"articleSection\":[\"agriculture\"],\"inLanguage\":\"fr-FR\",\"potentialAction\":[{\"@type\":\"CommentAction\",\"name\":\"Comment\",\"target\":[\"https:\\\/\\\/www.sillon38.com\\\/blog\\\/2016\\\/02\\\/02\\\/xavier-beulin-recu-mardi-a-lelysee\\\/#respond\"]}]},{\"@type\":\"WebPage\",\"@id\":\"https:\\\/\\\/www.sillon38.com\\\/blog\\\/2016\\\/02\\\/02\\\/xavier-beulin-recu-mardi-a-lelysee\\\/\",\"url\":\"https:\\\/\\\/www.sillon38.com\\\/blog\\\/2016\\\/02\\\/02\\\/xavier-beulin-recu-mardi-a-lelysee\\\/\",\"name\":\"Xavier Beulin re\u00e7u mardi \u00e0 l'Elys\u00e9e -\",\"isPartOf\":{\"@id\":\"https:\\\/\\\/www.sillon38.com\\\/blog\\\/#website\"},\"datePublished\":\"2016-02-02T08:22:25+00:00\",\"author\":{\"@id\":\"https:\\\/\\\/www.sillon38.com\\\/blog\\\/#\\\/schema\\\/person\\\/72f06b5f0494d1edc8f4e5bf63651ff1\"},\"breadcrumb\":{\"@id\":\"https:\\\/\\\/www.sillon38.com\\\/blog\\\/2016\\\/02\\\/02\\\/xavier-beulin-recu-mardi-a-lelysee\\\/#breadcrumb\"},\"inLanguage\":\"fr-FR\",\"potentialAction\":[{\"@type\":\"ReadAction\",\"target\":[\"https:\\\/\\\/www.sillon38.com\\\/blog\\\/2016\\\/02\\\/02\\\/xavier-beulin-recu-mardi-a-lelysee\\\/\"]}]},{\"@type\":\"BreadcrumbList\",\"@id\":\"https:\\\/\\\/www.sillon38.com\\\/blog\\\/2016\\\/02\\\/02\\\/xavier-beulin-recu-mardi-a-lelysee\\\/#breadcrumb\",\"itemListElement\":[{\"@type\":\"ListItem\",\"position\":1,\"name\":\"Accueil\",\"item\":\"https:\\\/\\\/www.sillon38.com\\\/blog\\\/\"},{\"@type\":\"ListItem\",\"position\":2,\"name\":\"Xavier Beulin re\u00e7u mardi \u00e0 l&rsquo;Elys\u00e9e\"}]},{\"@type\":\"WebSite\",\"@id\":\"https:\\\/\\\/www.sillon38.com\\\/blog\\\/#website\",\"url\":\"https:\\\/\\\/www.sillon38.com\\\/blog\\\/\",\"name\":\"\",\"description\":\"Le journal du monde rural\",\"potentialAction\":[{\"@type\":\"SearchAction\",\"target\":{\"@type\":\"EntryPoint\",\"urlTemplate\":\"https:\\\/\\\/www.sillon38.com\\\/blog\\\/?s={search_term_string}\"},\"query-input\":{\"@type\":\"PropertyValueSpecification\",\"valueRequired\":true,\"valueName\":\"search_term_string\"}}],\"inLanguage\":\"fr-FR\"},{\"@type\":\"Person\",\"@id\":\"https:\\\/\\\/www.sillon38.com\\\/blog\\\/#\\\/schema\\\/person\\\/72f06b5f0494d1edc8f4e5bf63651ff1\",\"name\":\"M Coeur\"}]}<\/script>\n<!-- \/ Yoast SEO plugin. -->","yoast_head_json":{"title":"Xavier Beulin re\u00e7u mardi \u00e0 l'Elys\u00e9e -","robots":{"index":"index","follow":"follow","max-snippet":"max-snippet:-1","max-image-preview":"max-image-preview:large","max-video-preview":"max-video-preview:-1"},"canonical":"https:\/\/www.sillon38.com\/blog\/2016\/02\/02\/xavier-beulin-recu-mardi-a-lelysee\/","og_locale":"fr_FR","og_type":"article","og_title":"Xavier Beulin re\u00e7u mardi \u00e0 l'Elys\u00e9e -","og_description":"Xavier Beulin, pr\u00e9sident du principal syndicat agricole, est re\u00e7u mardi \u00e0 l'Elys\u00e9e par Fran\u00e7ois Hollande et St\u00e9phane Le Foll.","og_url":"https:\/\/www.sillon38.com\/blog\/2016\/02\/02\/xavier-beulin-recu-mardi-a-lelysee\/","article_published_time":"2016-02-02T08:22:25+00:00","author":"M Coeur","twitter_card":"summary_large_image","twitter_misc":{"\u00c9crit par":"M Coeur","Dur\u00e9e de lecture estim\u00e9e":"1 minute"},"schema":{"@context":"https:\/\/schema.org","@graph":[{"@type":"Article","@id":"https:\/\/www.sillon38.com\/blog\/2016\/02\/02\/xavier-beulin-recu-mardi-a-lelysee\/#article","isPartOf":{"@id":"https:\/\/www.sillon38.com\/blog\/2016\/02\/02\/xavier-beulin-recu-mardi-a-lelysee\/"},"author":{"name":"M Coeur","@id":"https:\/\/www.sillon38.com\/blog\/#\/schema\/person\/72f06b5f0494d1edc8f4e5bf63651ff1"},"headline":"Xavier Beulin re\u00e7u mardi \u00e0 l&rsquo;Elys\u00e9e","datePublished":"2016-02-02T08:22:25+00:00","mainEntityOfPage":{"@id":"https:\/\/www.sillon38.com\/blog\/2016\/02\/02\/xavier-beulin-recu-mardi-a-lelysee\/"},"wordCount":278,"commentCount":0,"keywords":["FNSEA","Fran\u00e7ois Hollande","St\u00e9phane Le Foll","Xavier Beulin"],"articleSection":["agriculture"],"inLanguage":"fr-FR","potentialAction":[{"@type":"CommentAction","name":"Comment","target":["https:\/\/www.sillon38.com\/blog\/2016\/02\/02\/xavier-beulin-recu-mardi-a-lelysee\/#respond"]}]},{"@type":"WebPage","@id":"https:\/\/www.sillon38.com\/blog\/2016\/02\/02\/xavier-beulin-recu-mardi-a-lelysee\/","url":"https:\/\/www.sillon38.com\/blog\/2016\/02\/02\/xavier-beulin-recu-mardi-a-lelysee\/","name":"Xavier Beulin re\u00e7u mardi \u00e0 l'Elys\u00e9e -","isPartOf":{"@id":"https:\/\/www.sillon38.com\/blog\/#website"},"datePublished":"2016-02-02T08:22:25+00:00","author":{"@id":"https:\/\/www.sillon38.com\/blog\/#\/schema\/person\/72f06b5f0494d1edc8f4e5bf63651ff1"},"breadcrumb":{"@id":"https:\/\/www.sillon38.com\/blog\/2016\/02\/02\/xavier-beulin-recu-mardi-a-lelysee\/#breadcrumb"},"inLanguage":"fr-FR","potentialAction":[{"@type":"ReadAction","target":["https:\/\/www.sillon38.com\/blog\/2016\/02\/02\/xavier-beulin-recu-mardi-a-lelysee\/"]}]},{"@type":"BreadcrumbList","@id":"https:\/\/www.sillon38.com\/blog\/2016\/02\/02\/xavier-beulin-recu-mardi-a-lelysee\/#breadcrumb","itemListElement":[{"@type":"ListItem","position":1,"name":"Accueil","item":"https:\/\/www.sillon38.com\/blog\/"},{"@type":"ListItem","position":2,"name":"Xavier Beulin re\u00e7u mardi \u00e0 l&rsquo;Elys\u00e9e"}]},{"@type":"WebSite","@id":"https:\/\/www.sillon38.com\/blog\/#website","url":"https:\/\/www.sillon38.com\/blog\/","name":"","description":"Le journal du monde rural","potentialAction":[{"@type":"SearchAction","target":{"@type":"EntryPoint","urlTemplate":"https:\/\/www.sillon38.com\/blog\/?s={search_term_string}"},"query-input":{"@type":"PropertyValueSpecification","valueRequired":true,"valueName":"search_term_string"}}],"inLanguage":"fr-FR"},{"@type":"Person","@id":"https:\/\/www.sillon38.com\/blog\/#\/schema\/person\/72f06b5f0494d1edc8f4e5bf63651ff1","name":"M Coeur"}]}},"_links":{"self":[{"href":"https:\/\/www.sillon38.com\/blog\/wp-json\/wp\/v2\/posts\/61067","targetHints":{"allow":["GET"]}}],"collection":[{"href":"https:\/\/www.sillon38.com\/blog\/wp-json\/wp\/v2\/posts"}],"about":[{"href":"https:\/\/www.sillon38.com\/blog\/wp-json\/wp\/v2\/types\/post"}],"author":[{"embeddable":true,"href":"https:\/\/www.sillon38.com\/blog\/wp-json\/wp\/v2\/users\/2"}],"replies":[{"embeddable":true,"href":"https:\/\/www.sillon38.com\/blog\/wp-json\/wp\/v2\/comments?post=61067"}],"version-history":[{"count":0,"href":"https:\/\/www.sillon38.com\/blog\/wp-json\/wp\/v2\/posts\/61067\/revisions"}],"wp:attachment":[{"href":"https:\/\/www.sillon38.com\/blog\/wp-json\/wp\/v2\/media?parent=61067"}],"wp:term":[{"taxonomy":"category","embeddable":true,"href":"https:\/\/www.sillon38.com\/blog\/wp-json\/wp\/v2\/categories?post=61067"},{"taxonomy":"post_tag","embeddable":true,"href":"https:\/\/www.sillon38.com\/blog\/wp-json\/wp\/v2\/tags?post=61067"}],"curies":[{"name":"wp","href":"https:\/\/api.w.org\/{rel}","templated":true}]}}