{"id":6477,"date":"2009-05-05T12:23:48","date_gmt":"2009-05-05T10:23:48","guid":{"rendered":"http:\/\/staging.sillon38.com\/?p=6477"},"modified":"2009-05-05T12:23:48","modified_gmt":"2009-05-05T10:23:48","slug":"la-region-soutient-les-mfr","status":"publish","type":"post","link":"https:\/\/www.sillon38.com\/blog\/2009\/05\/05\/la-region-soutient-les-mfr\/","title":{"rendered":"La R\u00e9gion soutient les MFR"},"content":{"rendered":"<p>Jean-Jack Queyranne, Pr\u00e9sident de la R\u00e9gion Rh\u00f4ne-Alpes, Farida Boudaoud, Conseill\u00e8re r\u00e9gionale d\u00e9l\u00e9gu\u00e9e \u00e0 l\u2019Apprentissage, et Eliane Giraud, Conseill\u00e8re r\u00e9gionale d\u00e9l\u00e9gu\u00e9e \u00e0 l\u2019Agriculture, au D\u00e9veloppement rural et aux Parcs Naturels R\u00e9gionaux, ont invit\u00e9 et rencontr\u00e9 derni\u00e8rement le r\u00e9seau des Maisons Familiales Rurales (MFR) au si\u00e8ge de la R\u00e9gion Rh\u00f4ne-Alpes.<br \/>\nL\u2019initiative r\u00e9gionale a \u00e9t\u00e9 fort bien accueillie, puisque de nombreux repr\u00e9sentants des MFR de Rh\u00f4ne-Alpes et de leurs f\u00e9d\u00e9rations ont r\u00e9pondu pr\u00e9sent \u00e0 l\u2019appel, dont Pierre Pitovsky,<br \/>\nPr\u00e9sident de la F\u00e9d\u00e9ration R\u00e9gionale des MFR. Cette assembl\u00e9e a permis de r\u00e9affirmer les ambitions communes \u00e0 la R\u00e9gion Rh\u00f4ne-Alpes et au Centre de Formation des Apprentis (CFA) qui d\u00e9veloppe son activit\u00e9 sur le terrain au sein de 48 Maisons Familiales Rurales.<br \/>\nA cette occasion, le Pr\u00e9sident\u00a0 Queyranne a soulign\u00e9 la qualit\u00e9 du maillage territorial assur\u00e9 par le r\u00e9seau des MFR, en particulier en milieu rural.<br \/>\nEn conclusion de cette rencontre, qui a permis d\u2019\u00e9changer sur les pr\u00e9occupations actuelles et les perspectives d\u2019\u00e9volution, Jean-Jack Queyranne a rappel\u00e9 que la subvention vers\u00e9e par la R\u00e9gion \u00e0 la F\u00e9d\u00e9ration R\u00e9gionale des MFR avait augment\u00e9 de 71% depuis 2004, avec une progression de 12% entre 2008 et 2009. 8 M\u20ac ont notamment \u00e9t\u00e9 investis dans l\u2019immobilier et l\u2019\u00e9quipement. Avec 35 nouvelles sections ouvertes en Rh\u00f4ne-Alpes depuis 2004, le nombre d\u2019apprentis a augment\u00e9 de 18%.<br \/>\nPour Jean-Jack Queyranne, il s\u2019agit d\u2019\u00ab unir nos forces \u00bb, dans ce contexte de crise \u00e9conomique et sociale, pour l\u2019avenir des jeunes Rh\u00f4nalpins. C\u2019est dans cet esprit que la R\u00e9gion a<br \/>\nengag\u00e9 un certain nombre de mesures visant \u00e0 soutenir l\u2019emploi, en s\u2019appuyant sur ses comp\u00e9tences majeures : la formation des jeunes et le d\u00e9veloppement \u00e9conomique.<\/p>\n<p><strong>Quelques rep\u00e8res sur les MFR:<\/strong><br \/>\n\u00b7 439 associations \u00ab Maisons Familiales Rurales \u00bb r\u00e9parties en France, ayant une mission de formation, \u00e9ducation, insertion sociale et professionnelle des jeunes et des adultes<br \/>\n\u00b7 70 000 jeunes et adultes form\u00e9s chaque ann\u00e9e, de la 4\u00e8me au BTS<br \/>\n\u00b7 200 qualifications propos\u00e9es, dans l\u2019enseignement technologique et professionnel<\/p>\n","protected":false},"excerpt":{"rendered":"<p>Jean-Jack Queyranne, Pr\u00e9sident de la R\u00e9gion Rh\u00f4ne-Alpes, Farida Boudaoud, Conseill\u00e8re r\u00e9gionale d\u00e9l\u00e9gu\u00e9e \u00e0 l\u2019Apprentissage, et Eliane Giraud, Conseill\u00e8re r\u00e9gionale d\u00e9l\u00e9gu\u00e9e \u00e0 l\u2019Agriculture, au D\u00e9veloppement rural et aux Parcs Naturels R\u00e9gionaux, ont invit\u00e9 et rencontr\u00e9 derni\u00e8rement le r\u00e9seau des Maisons Familiales&#8230;<\/p>\n","protected":false},"author":2,"featured_media":0,"comment_status":"open","ping_status":"open","sticky":false,"template":"","format":"standard","meta":{"footnotes":""},"categories":[21],"tags":[3771,4664],"class_list":["post-6477","post","type-post","status-publish","format-standard","hentry","category-enseignementformation","tag-mfr","tag-region"],"yoast_head":"<!-- This site is optimized with the Yoast SEO plugin v27.5 - https:\/\/yoast.com\/product\/yoast-seo-wordpress\/ -->\n<title>La R\u00e9gion soutient les MFR -<\/title>\n<meta name=\"robots\" content=\"index, follow, max-snippet:-1, max-image-preview:large, max-video-preview:-1\" \/>\n<link rel=\"canonical\" href=\"https:\/\/www.sillon38.com\/blog\/2009\/05\/05\/la-region-soutient-les-mfr\/\" \/>\n<meta property=\"og:locale\" content=\"fr_FR\" \/>\n<meta property=\"og:type\" content=\"article\" \/>\n<meta property=\"og:title\" content=\"La R\u00e9gion soutient les MFR -\" \/>\n<meta property=\"og:description\" content=\"Jean-Jack Queyranne, Pr\u00e9sident de la R\u00e9gion Rh\u00f4ne-Alpes, Farida Boudaoud, Conseill\u00e8re r\u00e9gionale d\u00e9l\u00e9gu\u00e9e \u00e0 l\u2019Apprentissage, et Eliane Giraud, Conseill\u00e8re r\u00e9gionale d\u00e9l\u00e9gu\u00e9e \u00e0 l\u2019Agriculture, au D\u00e9veloppement rural et aux Parcs Naturels R\u00e9gionaux, ont invit\u00e9 et rencontr\u00e9 derni\u00e8rement le r\u00e9seau des Maisons Familiales...\" \/>\n<meta property=\"og:url\" content=\"https:\/\/www.sillon38.com\/blog\/2009\/05\/05\/la-region-soutient-les-mfr\/\" \/>\n<meta property=\"article:published_time\" content=\"2009-05-05T10:23:48+00:00\" \/>\n<meta name=\"author\" content=\"M Coeur\" \/>\n<meta name=\"twitter:card\" content=\"summary_large_image\" \/>\n<meta name=\"twitter:label1\" content=\"\u00c9crit par\" \/>\n\t<meta name=\"twitter:data1\" content=\"M Coeur\" \/>\n\t<meta name=\"twitter:label2\" content=\"Dur\u00e9e de lecture estim\u00e9e\" \/>\n\t<meta name=\"twitter:data2\" content=\"2 minutes\" \/>\n<script type=\"application\/ld+json\" class=\"yoast-schema-graph\">{\"@context\":\"https:\\\/\\\/schema.org\",\"@graph\":[{\"@type\":\"Article\",\"@id\":\"https:\\\/\\\/www.sillon38.com\\\/blog\\\/2009\\\/05\\\/05\\\/la-region-soutient-les-mfr\\\/#article\",\"isPartOf\":{\"@id\":\"https:\\\/\\\/www.sillon38.com\\\/blog\\\/2009\\\/05\\\/05\\\/la-region-soutient-les-mfr\\\/\"},\"author\":{\"name\":\"M Coeur\",\"@id\":\"https:\\\/\\\/www.sillon38.com\\\/blog\\\/#\\\/schema\\\/person\\\/72f06b5f0494d1edc8f4e5bf63651ff1\"},\"headline\":\"La R\u00e9gion soutient les MFR\",\"datePublished\":\"2009-05-05T10:23:48+00:00\",\"mainEntityOfPage\":{\"@id\":\"https:\\\/\\\/www.sillon38.com\\\/blog\\\/2009\\\/05\\\/05\\\/la-region-soutient-les-mfr\\\/\"},\"wordCount\":374,\"commentCount\":0,\"keywords\":[\"MFR\",\"R\u00e9gion\"],\"articleSection\":[\"enseignement-formation\"],\"inLanguage\":\"fr-FR\",\"potentialAction\":[{\"@type\":\"CommentAction\",\"name\":\"Comment\",\"target\":[\"https:\\\/\\\/www.sillon38.com\\\/blog\\\/2009\\\/05\\\/05\\\/la-region-soutient-les-mfr\\\/#respond\"]}]},{\"@type\":\"WebPage\",\"@id\":\"https:\\\/\\\/www.sillon38.com\\\/blog\\\/2009\\\/05\\\/05\\\/la-region-soutient-les-mfr\\\/\",\"url\":\"https:\\\/\\\/www.sillon38.com\\\/blog\\\/2009\\\/05\\\/05\\\/la-region-soutient-les-mfr\\\/\",\"name\":\"La R\u00e9gion soutient les MFR -\",\"isPartOf\":{\"@id\":\"https:\\\/\\\/www.sillon38.com\\\/blog\\\/#website\"},\"datePublished\":\"2009-05-05T10:23:48+00:00\",\"author\":{\"@id\":\"https:\\\/\\\/www.sillon38.com\\\/blog\\\/#\\\/schema\\\/person\\\/72f06b5f0494d1edc8f4e5bf63651ff1\"},\"breadcrumb\":{\"@id\":\"https:\\\/\\\/www.sillon38.com\\\/blog\\\/2009\\\/05\\\/05\\\/la-region-soutient-les-mfr\\\/#breadcrumb\"},\"inLanguage\":\"fr-FR\",\"potentialAction\":[{\"@type\":\"ReadAction\",\"target\":[\"https:\\\/\\\/www.sillon38.com\\\/blog\\\/2009\\\/05\\\/05\\\/la-region-soutient-les-mfr\\\/\"]}]},{\"@type\":\"BreadcrumbList\",\"@id\":\"https:\\\/\\\/www.sillon38.com\\\/blog\\\/2009\\\/05\\\/05\\\/la-region-soutient-les-mfr\\\/#breadcrumb\",\"itemListElement\":[{\"@type\":\"ListItem\",\"position\":1,\"name\":\"Accueil\",\"item\":\"https:\\\/\\\/www.sillon38.com\\\/blog\\\/\"},{\"@type\":\"ListItem\",\"position\":2,\"name\":\"La R\u00e9gion soutient les MFR\"}]},{\"@type\":\"WebSite\",\"@id\":\"https:\\\/\\\/www.sillon38.com\\\/blog\\\/#website\",\"url\":\"https:\\\/\\\/www.sillon38.com\\\/blog\\\/\",\"name\":\"\",\"description\":\"Le journal du monde rural\",\"potentialAction\":[{\"@type\":\"SearchAction\",\"target\":{\"@type\":\"EntryPoint\",\"urlTemplate\":\"https:\\\/\\\/www.sillon38.com\\\/blog\\\/?s={search_term_string}\"},\"query-input\":{\"@type\":\"PropertyValueSpecification\",\"valueRequired\":true,\"valueName\":\"search_term_string\"}}],\"inLanguage\":\"fr-FR\"},{\"@type\":\"Person\",\"@id\":\"https:\\\/\\\/www.sillon38.com\\\/blog\\\/#\\\/schema\\\/person\\\/72f06b5f0494d1edc8f4e5bf63651ff1\",\"name\":\"M Coeur\"}]}<\/script>\n<!-- \/ Yoast SEO plugin. -->","yoast_head_json":{"title":"La R\u00e9gion soutient les MFR -","robots":{"index":"index","follow":"follow","max-snippet":"max-snippet:-1","max-image-preview":"max-image-preview:large","max-video-preview":"max-video-preview:-1"},"canonical":"https:\/\/www.sillon38.com\/blog\/2009\/05\/05\/la-region-soutient-les-mfr\/","og_locale":"fr_FR","og_type":"article","og_title":"La R\u00e9gion soutient les MFR -","og_description":"Jean-Jack Queyranne, Pr\u00e9sident de la R\u00e9gion Rh\u00f4ne-Alpes, Farida Boudaoud, Conseill\u00e8re r\u00e9gionale d\u00e9l\u00e9gu\u00e9e \u00e0 l\u2019Apprentissage, et Eliane Giraud, Conseill\u00e8re r\u00e9gionale d\u00e9l\u00e9gu\u00e9e \u00e0 l\u2019Agriculture, au D\u00e9veloppement rural et aux Parcs Naturels R\u00e9gionaux, ont invit\u00e9 et rencontr\u00e9 derni\u00e8rement le r\u00e9seau des Maisons Familiales...","og_url":"https:\/\/www.sillon38.com\/blog\/2009\/05\/05\/la-region-soutient-les-mfr\/","article_published_time":"2009-05-05T10:23:48+00:00","author":"M Coeur","twitter_card":"summary_large_image","twitter_misc":{"\u00c9crit par":"M Coeur","Dur\u00e9e de lecture estim\u00e9e":"2 minutes"},"schema":{"@context":"https:\/\/schema.org","@graph":[{"@type":"Article","@id":"https:\/\/www.sillon38.com\/blog\/2009\/05\/05\/la-region-soutient-les-mfr\/#article","isPartOf":{"@id":"https:\/\/www.sillon38.com\/blog\/2009\/05\/05\/la-region-soutient-les-mfr\/"},"author":{"name":"M Coeur","@id":"https:\/\/www.sillon38.com\/blog\/#\/schema\/person\/72f06b5f0494d1edc8f4e5bf63651ff1"},"headline":"La R\u00e9gion soutient les MFR","datePublished":"2009-05-05T10:23:48+00:00","mainEntityOfPage":{"@id":"https:\/\/www.sillon38.com\/blog\/2009\/05\/05\/la-region-soutient-les-mfr\/"},"wordCount":374,"commentCount":0,"keywords":["MFR","R\u00e9gion"],"articleSection":["enseignement-formation"],"inLanguage":"fr-FR","potentialAction":[{"@type":"CommentAction","name":"Comment","target":["https:\/\/www.sillon38.com\/blog\/2009\/05\/05\/la-region-soutient-les-mfr\/#respond"]}]},{"@type":"WebPage","@id":"https:\/\/www.sillon38.com\/blog\/2009\/05\/05\/la-region-soutient-les-mfr\/","url":"https:\/\/www.sillon38.com\/blog\/2009\/05\/05\/la-region-soutient-les-mfr\/","name":"La R\u00e9gion soutient les MFR -","isPartOf":{"@id":"https:\/\/www.sillon38.com\/blog\/#website"},"datePublished":"2009-05-05T10:23:48+00:00","author":{"@id":"https:\/\/www.sillon38.com\/blog\/#\/schema\/person\/72f06b5f0494d1edc8f4e5bf63651ff1"},"breadcrumb":{"@id":"https:\/\/www.sillon38.com\/blog\/2009\/05\/05\/la-region-soutient-les-mfr\/#breadcrumb"},"inLanguage":"fr-FR","potentialAction":[{"@type":"ReadAction","target":["https:\/\/www.sillon38.com\/blog\/2009\/05\/05\/la-region-soutient-les-mfr\/"]}]},{"@type":"BreadcrumbList","@id":"https:\/\/www.sillon38.com\/blog\/2009\/05\/05\/la-region-soutient-les-mfr\/#breadcrumb","itemListElement":[{"@type":"ListItem","position":1,"name":"Accueil","item":"https:\/\/www.sillon38.com\/blog\/"},{"@type":"ListItem","position":2,"name":"La R\u00e9gion soutient les MFR"}]},{"@type":"WebSite","@id":"https:\/\/www.sillon38.com\/blog\/#website","url":"https:\/\/www.sillon38.com\/blog\/","name":"","description":"Le journal du monde rural","potentialAction":[{"@type":"SearchAction","target":{"@type":"EntryPoint","urlTemplate":"https:\/\/www.sillon38.com\/blog\/?s={search_term_string}"},"query-input":{"@type":"PropertyValueSpecification","valueRequired":true,"valueName":"search_term_string"}}],"inLanguage":"fr-FR"},{"@type":"Person","@id":"https:\/\/www.sillon38.com\/blog\/#\/schema\/person\/72f06b5f0494d1edc8f4e5bf63651ff1","name":"M Coeur"}]}},"_links":{"self":[{"href":"https:\/\/www.sillon38.com\/blog\/wp-json\/wp\/v2\/posts\/6477","targetHints":{"allow":["GET"]}}],"collection":[{"href":"https:\/\/www.sillon38.com\/blog\/wp-json\/wp\/v2\/posts"}],"about":[{"href":"https:\/\/www.sillon38.com\/blog\/wp-json\/wp\/v2\/types\/post"}],"author":[{"embeddable":true,"href":"https:\/\/www.sillon38.com\/blog\/wp-json\/wp\/v2\/users\/2"}],"replies":[{"embeddable":true,"href":"https:\/\/www.sillon38.com\/blog\/wp-json\/wp\/v2\/comments?post=6477"}],"version-history":[{"count":0,"href":"https:\/\/www.sillon38.com\/blog\/wp-json\/wp\/v2\/posts\/6477\/revisions"}],"wp:attachment":[{"href":"https:\/\/www.sillon38.com\/blog\/wp-json\/wp\/v2\/media?parent=6477"}],"wp:term":[{"taxonomy":"category","embeddable":true,"href":"https:\/\/www.sillon38.com\/blog\/wp-json\/wp\/v2\/categories?post=6477"},{"taxonomy":"post_tag","embeddable":true,"href":"https:\/\/www.sillon38.com\/blog\/wp-json\/wp\/v2\/tags?post=6477"}],"curies":[{"name":"wp","href":"https:\/\/api.w.org\/{rel}","templated":true}]}}