{"id":64940,"date":"2016-09-09T20:55:23","date_gmt":"2016-09-09T18:55:23","guid":{"rendered":"http:\/\/staging.sillon38.com\/?p=64940"},"modified":"2016-09-09T20:55:23","modified_gmt":"2016-09-09T18:55:23","slug":"jean-pierre-barbier-present-et-engage-aux-cotes-du-monde-agricole","status":"publish","type":"post","link":"https:\/\/www.sillon38.com\/blog\/2016\/09\/09\/jean-pierre-barbier-present-et-engage-aux-cotes-du-monde-agricole\/","title":{"rendered":"Jean-Pierre BARBIER pr\u00e9sent et engag\u00e9 aux c\u00f4t\u00e9s du monde agricole"},"content":{"rendered":"<p><strong>A<span style=\"color: #333399;\"> l\u2019occasion de la foire agricole de Beaucroissant, le grand rendez-vous  agricole de la R\u00e9gion Auvergne Rh\u00f4ne-Alpes, le Pr\u00e9sident du D\u00e9partement  de l\u2019Is\u00e8re et d\u00e9put\u00e9, Jean-Pierre  Barbier\u00a0 a expos\u00e9 sa vision de l\u2019agriculture et fait des propositions\u00a0 pour  refaire de l\u2019agriculture un fleuron de l\u2019\u00e9conomie fran\u00e7aise, qui puisse  profiter \u00e0 ses agriculteurs. P\u00f4le agroalimentaire, homog\u00e9n\u00e9isation des  normes, et fili\u00e8res \u00e9quitables sont les pistes  esquiss\u00e9es. <\/span><\/strong><\/p>\n<p><strong><span style=\"color: #333399;\"><a href=\"http:\/\/staging.sillon38.com\/wp-content\/uploads\/2016\/09\/P1100774.jpg\"><img loading=\"lazy\" decoding=\"async\" class=\"aligncenter size-full wp-image-64941\" title=\"P1100774\" src=\"http:\/\/staging.sillon38.com\/wp-content\/uploads\/2016\/09\/P1100774.jpg\" alt=\"P1100774\" width=\"595\" height=\"335\" srcset=\"https:\/\/www.sillon38.com\/blog\/wp-content\/uploads\/2016\/09\/P1100774.jpg 595w, https:\/\/www.sillon38.com\/blog\/wp-content\/uploads\/2016\/09\/P1100774-300x169.jpg 300w\" sizes=\"auto, (max-width: 595px) 100vw, 595px\" \/><\/a><br \/>\n<\/span><\/strong><\/p>\n<p><span style=\"color: #333399;\"> <\/span><\/p>\n<p><span style=\"color: #333399;\"><strong> <\/strong><\/span><\/p>\n<p><span style=\"color: #333399;\"> <\/span><\/p>\n<p><span style=\"color: #333399;\"><strong>Cr\u00e9er  de la valeur ajout\u00e9e\u00a0: un p\u00f4le agroalimentaire en Is\u00e8re <\/strong><\/span><\/p>\n<p><span style=\"color: #333399;\"> <\/span><\/p>\n<p><span style=\"color: #333399;\">Le  grand d\u00e9fi qui se pose concerne la s\u00e9curisation et la diversification  des revenus agricoles. Face \u00e0 des cours volatiles et une comp\u00e9tition  accrue, il s\u2019agit de cr\u00e9er de la valeur ajout\u00e9e pour permettre aux  agriculteurs  de gagner leur vie.<\/span><\/p>\n<p><span style=\"color: #333399;\"> <\/span><\/p>\n<p><span style=\"color: #333399;\">C\u2019est  pour cela que le D\u00e9partement est moteur dans la cr\u00e9ation d\u2019un p\u00f4le  agroalimentaire is\u00e9rois en s\u2019appuyant notamment sur les outils existants  : abattoirs du Fontanil, March\u00e9 d\u2019int\u00e9r\u00eat national (MIN), l\u00e9gumerie,  etc. Ce p\u00f4le aura pour vocation d\u2019intervenir pour l\u2019ensemble des  acteurs des diff\u00e9rentes fili\u00e8res agricoles en Is\u00e8re et des multiples  segments de la cha\u00eene alimentaire (production, transformation,  commercialisation) pour permettre \u00e0 la profession de se structurer,  de fabriquer des produits finis avec de la valeur ajout\u00e9e et de saisir  de nouvelles opportunit\u00e9s commerciales.<\/span><\/p>\n<p><span style=\"color: #333399;\"><a href=\"http:\/\/staging.sillon38.com\/wp-content\/uploads\/2016\/09\/P1100822.jpg\"><img loading=\"lazy\" decoding=\"async\" class=\"aligncenter size-full wp-image-64942\" title=\"P1100822\" src=\"http:\/\/staging.sillon38.com\/wp-content\/uploads\/2016\/09\/P1100822.jpg\" alt=\"P1100822\" width=\"595\" height=\"335\" srcset=\"https:\/\/www.sillon38.com\/blog\/wp-content\/uploads\/2016\/09\/P1100822.jpg 595w, https:\/\/www.sillon38.com\/blog\/wp-content\/uploads\/2016\/09\/P1100822-300x169.jpg 300w\" sizes=\"auto, (max-width: 595px) 100vw, 595px\" \/><\/a><br \/>\n<\/span><\/p>\n<p><span style=\"color: #333399;\"> <\/span><\/p>\n<p><span style=\"color: #333399;\"> <strong>Homog\u00e9n\u00e9iser les r\u00e8glementations\u00a0: la France align\u00e9e sur l\u2019Europe <\/strong><\/span><\/p>\n<p><span style=\"color: #333399;\"> <\/span><\/p>\n<p><span style=\"color: #333399;\">La  France p\u00eache par un exc\u00e8s de r\u00e8glementations agricoles trop strictes qui  p\u00e9nalisent notre agriculture face \u00e0 nos voisins europ\u00e9ens. Il est  crucial d\u2019aligner nos lois et r\u00e8glementations sur le standard europ\u00e9en.  Il est impossible de lutter contre des march\u00e9s agricoles qui ne  respectent pas les m\u00eames normes, d\u2019autant plus dans un march\u00e9 europ\u00e9en  lib\u00e9ralis\u00e9 avec une libre circulation des marchandises.<\/span><\/p>\n<p><span style=\"color: #333399;\"> <\/span><\/p>\n<p><span style=\"color: #333399;\">C\u2019est  un travail qui est \u00e0 mener \u00e0 la fois par les parlementaires nationaux  et europ\u00e9ens comme par le Gouvernement. Un vaste chantier de remise \u00e0  niveau des normes doit avoir lieu lorsqu\u2019elles posent probl\u00e8me.<\/span><\/p>\n<p><span style=\"color: #333399;\"><a href=\"http:\/\/staging.sillon38.com\/wp-content\/uploads\/2016\/09\/P1100780.jpg\"><img loading=\"lazy\" decoding=\"async\" class=\"aligncenter size-full wp-image-64943\" title=\"P1100780\" src=\"http:\/\/staging.sillon38.com\/wp-content\/uploads\/2016\/09\/P1100780.jpg\" alt=\"P1100780\" width=\"595\" height=\"335\" srcset=\"https:\/\/www.sillon38.com\/blog\/wp-content\/uploads\/2016\/09\/P1100780.jpg 595w, https:\/\/www.sillon38.com\/blog\/wp-content\/uploads\/2016\/09\/P1100780-300x169.jpg 300w\" sizes=\"auto, (max-width: 595px) 100vw, 595px\" \/><\/a><br \/>\n<\/span><\/p>\n<p><span style=\"color: #333399;\"> <\/span><\/p>\n<p><span style=\"color: #333399;\"> <strong>Garantir des prix planchers dans des fili\u00e8res aujourd\u2019hui injustes<\/strong><\/span><\/p>\n<p><span style=\"color: #333399;\"> <\/span><\/p>\n<p><span style=\"color: #333399;\">Le  syst\u00e8me agroalimentaire fran\u00e7ais est encore trop d\u00e9s\u00e9quilibr\u00e9 dans sa  relation entre agriculteurs, industriels et distributeurs. Nous devons  r\u00e9\u00e9quilibrer le rapport de force au profit des agriculteurs qui sont  aujourd\u2019hui impuissants dans les n\u00e9gociations.<\/span><\/p>\n<p><span style=\"color: #333399;\"> <\/span><\/p>\n<p><span style=\"color: #333399;\">Pour  cette raison, il est capital d\u2019imposer aux industriels des prix d\u2019achats  qui tiennent compte des co\u00fbts de production. Branche par branche,  produit par produit, nous devons d\u00e9finir des prix en dessous desquels  il ne sera pas possible de passer chaque ann\u00e9e.<\/span><\/p>\n<p><span style=\"color: #333399;\"> <\/span><\/p>\n<p><span style=\"color: #333399;\"> <em>\u00ab\u00a0La  crise est maintenant devenue trop longue et durable pour se contenter  de poser des rustines ci et l\u00e0. Les aides d\u2019urgence ne sont pas une  solution de long terme. Mais mieux vaut pr\u00e9venir que gu\u00e9rir. ll  faut cr\u00e9er une nouvelle agriculture. \u00bb, <\/em>explique Jean-Pierre Barbier, Pr\u00e9sident du D\u00e9partement de l\u2019Is\u00e8re et d\u00e9put\u00e9.<em> <\/em><\/span><\/p>\n<p><span style=\"color: #333399;\"> <\/span><\/p>\n<p><span style=\"color: #333399;\"><em> <\/em><\/span><\/p>\n<p><span style=\"color: #333399;\"> <\/span><\/p>\n<p><span style=\"color: #333399;\"> <\/span><\/p>\n<p><span style=\"color: #333399;\"> <\/span><\/p>\n<p><span style=\"color: #333399;\"> <\/span><\/p>\n","protected":false},"excerpt":{"rendered":"<p>A l\u2019occasion de la foire agricole de Beaucroissant, le grand rendez-vous agricole de la R\u00e9gion Auvergne Rh\u00f4ne-Alpes, le Pr\u00e9sident du D\u00e9partement de l\u2019Is\u00e8re et d\u00e9put\u00e9, Jean-Pierre Barbier  a expos\u00e9 sa vision de l\u2019agriculture et a propos\u00e9 ses solutions pour refaire de l\u2019agriculture un fleuron de l\u2019\u00e9conomie fran\u00e7aise.<\/p>\n","protected":false},"author":2,"featured_media":0,"comment_status":"open","ping_status":"open","sticky":false,"template":"","format":"standard","meta":{"footnotes":""},"categories":[3,15,102],"tags":[3090],"class_list":["post-64940","post","type-post","status-publish","format-standard","hentry","category-agriculture","category-departement-de-lisere","category-foire-de-beaucroissant","tag-jean-pierre-barbier"],"yoast_head":"<!-- This site is optimized with the Yoast SEO plugin v27.5 - https:\/\/yoast.com\/product\/yoast-seo-wordpress\/ -->\n<title>Jean-Pierre BARBIER pr\u00e9sent et engag\u00e9 aux c\u00f4t\u00e9s du monde agricole -<\/title>\n<meta name=\"robots\" content=\"index, follow, max-snippet:-1, max-image-preview:large, max-video-preview:-1\" \/>\n<link rel=\"canonical\" href=\"https:\/\/www.sillon38.com\/blog\/2016\/09\/09\/jean-pierre-barbier-present-et-engage-aux-cotes-du-monde-agricole\/\" \/>\n<meta property=\"og:locale\" content=\"fr_FR\" \/>\n<meta property=\"og:type\" content=\"article\" \/>\n<meta property=\"og:title\" content=\"Jean-Pierre BARBIER pr\u00e9sent et engag\u00e9 aux c\u00f4t\u00e9s du monde agricole -\" \/>\n<meta property=\"og:description\" content=\"A l\u2019occasion de la foire agricole de Beaucroissant, le grand rendez-vous agricole de la R\u00e9gion Auvergne Rh\u00f4ne-Alpes, le Pr\u00e9sident du D\u00e9partement de l\u2019Is\u00e8re et d\u00e9put\u00e9, Jean-Pierre Barbier a expos\u00e9 sa vision de l\u2019agriculture et a propos\u00e9 ses solutions pour refaire de l\u2019agriculture un fleuron de l\u2019\u00e9conomie fran\u00e7aise.\" \/>\n<meta property=\"og:url\" content=\"https:\/\/www.sillon38.com\/blog\/2016\/09\/09\/jean-pierre-barbier-present-et-engage-aux-cotes-du-monde-agricole\/\" \/>\n<meta property=\"article:published_time\" content=\"2016-09-09T18:55:23+00:00\" \/>\n<meta property=\"og:image\" content=\"http:\/\/staging.sillon38.com\/wp-content\/uploads\/2016\/09\/P1100774.jpg\" \/>\n<meta name=\"author\" content=\"M Coeur\" \/>\n<meta name=\"twitter:card\" content=\"summary_large_image\" \/>\n<meta name=\"twitter:label1\" content=\"\u00c9crit par\" \/>\n\t<meta name=\"twitter:data1\" content=\"M Coeur\" \/>\n\t<meta name=\"twitter:label2\" content=\"Dur\u00e9e de lecture estim\u00e9e\" \/>\n\t<meta name=\"twitter:data2\" content=\"3 minutes\" \/>\n<script type=\"application\/ld+json\" class=\"yoast-schema-graph\">{\"@context\":\"https:\\\/\\\/schema.org\",\"@graph\":[{\"@type\":\"Article\",\"@id\":\"https:\\\/\\\/www.sillon38.com\\\/blog\\\/2016\\\/09\\\/09\\\/jean-pierre-barbier-present-et-engage-aux-cotes-du-monde-agricole\\\/#article\",\"isPartOf\":{\"@id\":\"https:\\\/\\\/www.sillon38.com\\\/blog\\\/2016\\\/09\\\/09\\\/jean-pierre-barbier-present-et-engage-aux-cotes-du-monde-agricole\\\/\"},\"author\":{\"name\":\"M Coeur\",\"@id\":\"https:\\\/\\\/www.sillon38.com\\\/blog\\\/#\\\/schema\\\/person\\\/72f06b5f0494d1edc8f4e5bf63651ff1\"},\"headline\":\"Jean-Pierre BARBIER pr\u00e9sent et engag\u00e9 aux c\u00f4t\u00e9s du monde agricole\",\"datePublished\":\"2016-09-09T18:55:23+00:00\",\"mainEntityOfPage\":{\"@id\":\"https:\\\/\\\/www.sillon38.com\\\/blog\\\/2016\\\/09\\\/09\\\/jean-pierre-barbier-present-et-engage-aux-cotes-du-monde-agricole\\\/\"},\"wordCount\":536,\"commentCount\":0,\"image\":{\"@id\":\"https:\\\/\\\/www.sillon38.com\\\/blog\\\/2016\\\/09\\\/09\\\/jean-pierre-barbier-present-et-engage-aux-cotes-du-monde-agricole\\\/#primaryimage\"},\"thumbnailUrl\":\"http:\\\/\\\/staging.sillon38.com\\\/wp-content\\\/uploads\\\/2016\\\/09\\\/P1100774.jpg\",\"keywords\":[\"Jean Pierre Barbier\"],\"articleSection\":[\"agriculture\",\"D\u00e9partement de l'Is\u00e8re\",\"foire de Beaucroissant\"],\"inLanguage\":\"fr-FR\",\"potentialAction\":[{\"@type\":\"CommentAction\",\"name\":\"Comment\",\"target\":[\"https:\\\/\\\/www.sillon38.com\\\/blog\\\/2016\\\/09\\\/09\\\/jean-pierre-barbier-present-et-engage-aux-cotes-du-monde-agricole\\\/#respond\"]}]},{\"@type\":\"WebPage\",\"@id\":\"https:\\\/\\\/www.sillon38.com\\\/blog\\\/2016\\\/09\\\/09\\\/jean-pierre-barbier-present-et-engage-aux-cotes-du-monde-agricole\\\/\",\"url\":\"https:\\\/\\\/www.sillon38.com\\\/blog\\\/2016\\\/09\\\/09\\\/jean-pierre-barbier-present-et-engage-aux-cotes-du-monde-agricole\\\/\",\"name\":\"Jean-Pierre BARBIER pr\u00e9sent et engag\u00e9 aux c\u00f4t\u00e9s du monde agricole -\",\"isPartOf\":{\"@id\":\"https:\\\/\\\/www.sillon38.com\\\/blog\\\/#website\"},\"primaryImageOfPage\":{\"@id\":\"https:\\\/\\\/www.sillon38.com\\\/blog\\\/2016\\\/09\\\/09\\\/jean-pierre-barbier-present-et-engage-aux-cotes-du-monde-agricole\\\/#primaryimage\"},\"image\":{\"@id\":\"https:\\\/\\\/www.sillon38.com\\\/blog\\\/2016\\\/09\\\/09\\\/jean-pierre-barbier-present-et-engage-aux-cotes-du-monde-agricole\\\/#primaryimage\"},\"thumbnailUrl\":\"http:\\\/\\\/staging.sillon38.com\\\/wp-content\\\/uploads\\\/2016\\\/09\\\/P1100774.jpg\",\"datePublished\":\"2016-09-09T18:55:23+00:00\",\"author\":{\"@id\":\"https:\\\/\\\/www.sillon38.com\\\/blog\\\/#\\\/schema\\\/person\\\/72f06b5f0494d1edc8f4e5bf63651ff1\"},\"breadcrumb\":{\"@id\":\"https:\\\/\\\/www.sillon38.com\\\/blog\\\/2016\\\/09\\\/09\\\/jean-pierre-barbier-present-et-engage-aux-cotes-du-monde-agricole\\\/#breadcrumb\"},\"inLanguage\":\"fr-FR\",\"potentialAction\":[{\"@type\":\"ReadAction\",\"target\":[\"https:\\\/\\\/www.sillon38.com\\\/blog\\\/2016\\\/09\\\/09\\\/jean-pierre-barbier-present-et-engage-aux-cotes-du-monde-agricole\\\/\"]}]},{\"@type\":\"ImageObject\",\"inLanguage\":\"fr-FR\",\"@id\":\"https:\\\/\\\/www.sillon38.com\\\/blog\\\/2016\\\/09\\\/09\\\/jean-pierre-barbier-present-et-engage-aux-cotes-du-monde-agricole\\\/#primaryimage\",\"url\":\"http:\\\/\\\/staging.sillon38.com\\\/wp-content\\\/uploads\\\/2016\\\/09\\\/P1100774.jpg\",\"contentUrl\":\"http:\\\/\\\/staging.sillon38.com\\\/wp-content\\\/uploads\\\/2016\\\/09\\\/P1100774.jpg\"},{\"@type\":\"BreadcrumbList\",\"@id\":\"https:\\\/\\\/www.sillon38.com\\\/blog\\\/2016\\\/09\\\/09\\\/jean-pierre-barbier-present-et-engage-aux-cotes-du-monde-agricole\\\/#breadcrumb\",\"itemListElement\":[{\"@type\":\"ListItem\",\"position\":1,\"name\":\"Accueil\",\"item\":\"https:\\\/\\\/www.sillon38.com\\\/blog\\\/\"},{\"@type\":\"ListItem\",\"position\":2,\"name\":\"Jean-Pierre BARBIER pr\u00e9sent et engag\u00e9 aux c\u00f4t\u00e9s du monde agricole\"}]},{\"@type\":\"WebSite\",\"@id\":\"https:\\\/\\\/www.sillon38.com\\\/blog\\\/#website\",\"url\":\"https:\\\/\\\/www.sillon38.com\\\/blog\\\/\",\"name\":\"\",\"description\":\"Le journal du monde rural\",\"potentialAction\":[{\"@type\":\"SearchAction\",\"target\":{\"@type\":\"EntryPoint\",\"urlTemplate\":\"https:\\\/\\\/www.sillon38.com\\\/blog\\\/?s={search_term_string}\"},\"query-input\":{\"@type\":\"PropertyValueSpecification\",\"valueRequired\":true,\"valueName\":\"search_term_string\"}}],\"inLanguage\":\"fr-FR\"},{\"@type\":\"Person\",\"@id\":\"https:\\\/\\\/www.sillon38.com\\\/blog\\\/#\\\/schema\\\/person\\\/72f06b5f0494d1edc8f4e5bf63651ff1\",\"name\":\"M Coeur\"}]}<\/script>\n<!-- \/ Yoast SEO plugin. -->","yoast_head_json":{"title":"Jean-Pierre BARBIER pr\u00e9sent et engag\u00e9 aux c\u00f4t\u00e9s du monde agricole -","robots":{"index":"index","follow":"follow","max-snippet":"max-snippet:-1","max-image-preview":"max-image-preview:large","max-video-preview":"max-video-preview:-1"},"canonical":"https:\/\/www.sillon38.com\/blog\/2016\/09\/09\/jean-pierre-barbier-present-et-engage-aux-cotes-du-monde-agricole\/","og_locale":"fr_FR","og_type":"article","og_title":"Jean-Pierre BARBIER pr\u00e9sent et engag\u00e9 aux c\u00f4t\u00e9s du monde agricole -","og_description":"A l\u2019occasion de la foire agricole de Beaucroissant, le grand rendez-vous agricole de la R\u00e9gion Auvergne Rh\u00f4ne-Alpes, le Pr\u00e9sident du D\u00e9partement de l\u2019Is\u00e8re et d\u00e9put\u00e9, Jean-Pierre Barbier a expos\u00e9 sa vision de l\u2019agriculture et a propos\u00e9 ses solutions pour refaire de l\u2019agriculture un fleuron de l\u2019\u00e9conomie fran\u00e7aise.","og_url":"https:\/\/www.sillon38.com\/blog\/2016\/09\/09\/jean-pierre-barbier-present-et-engage-aux-cotes-du-monde-agricole\/","article_published_time":"2016-09-09T18:55:23+00:00","og_image":[{"url":"http:\/\/staging.sillon38.com\/wp-content\/uploads\/2016\/09\/P1100774.jpg","type":"","width":"","height":""}],"author":"M Coeur","twitter_card":"summary_large_image","twitter_misc":{"\u00c9crit par":"M Coeur","Dur\u00e9e de lecture estim\u00e9e":"3 minutes"},"schema":{"@context":"https:\/\/schema.org","@graph":[{"@type":"Article","@id":"https:\/\/www.sillon38.com\/blog\/2016\/09\/09\/jean-pierre-barbier-present-et-engage-aux-cotes-du-monde-agricole\/#article","isPartOf":{"@id":"https:\/\/www.sillon38.com\/blog\/2016\/09\/09\/jean-pierre-barbier-present-et-engage-aux-cotes-du-monde-agricole\/"},"author":{"name":"M Coeur","@id":"https:\/\/www.sillon38.com\/blog\/#\/schema\/person\/72f06b5f0494d1edc8f4e5bf63651ff1"},"headline":"Jean-Pierre BARBIER pr\u00e9sent et engag\u00e9 aux c\u00f4t\u00e9s du monde agricole","datePublished":"2016-09-09T18:55:23+00:00","mainEntityOfPage":{"@id":"https:\/\/www.sillon38.com\/blog\/2016\/09\/09\/jean-pierre-barbier-present-et-engage-aux-cotes-du-monde-agricole\/"},"wordCount":536,"commentCount":0,"image":{"@id":"https:\/\/www.sillon38.com\/blog\/2016\/09\/09\/jean-pierre-barbier-present-et-engage-aux-cotes-du-monde-agricole\/#primaryimage"},"thumbnailUrl":"http:\/\/staging.sillon38.com\/wp-content\/uploads\/2016\/09\/P1100774.jpg","keywords":["Jean Pierre Barbier"],"articleSection":["agriculture","D\u00e9partement de l'Is\u00e8re","foire de Beaucroissant"],"inLanguage":"fr-FR","potentialAction":[{"@type":"CommentAction","name":"Comment","target":["https:\/\/www.sillon38.com\/blog\/2016\/09\/09\/jean-pierre-barbier-present-et-engage-aux-cotes-du-monde-agricole\/#respond"]}]},{"@type":"WebPage","@id":"https:\/\/www.sillon38.com\/blog\/2016\/09\/09\/jean-pierre-barbier-present-et-engage-aux-cotes-du-monde-agricole\/","url":"https:\/\/www.sillon38.com\/blog\/2016\/09\/09\/jean-pierre-barbier-present-et-engage-aux-cotes-du-monde-agricole\/","name":"Jean-Pierre BARBIER pr\u00e9sent et engag\u00e9 aux c\u00f4t\u00e9s du monde agricole -","isPartOf":{"@id":"https:\/\/www.sillon38.com\/blog\/#website"},"primaryImageOfPage":{"@id":"https:\/\/www.sillon38.com\/blog\/2016\/09\/09\/jean-pierre-barbier-present-et-engage-aux-cotes-du-monde-agricole\/#primaryimage"},"image":{"@id":"https:\/\/www.sillon38.com\/blog\/2016\/09\/09\/jean-pierre-barbier-present-et-engage-aux-cotes-du-monde-agricole\/#primaryimage"},"thumbnailUrl":"http:\/\/staging.sillon38.com\/wp-content\/uploads\/2016\/09\/P1100774.jpg","datePublished":"2016-09-09T18:55:23+00:00","author":{"@id":"https:\/\/www.sillon38.com\/blog\/#\/schema\/person\/72f06b5f0494d1edc8f4e5bf63651ff1"},"breadcrumb":{"@id":"https:\/\/www.sillon38.com\/blog\/2016\/09\/09\/jean-pierre-barbier-present-et-engage-aux-cotes-du-monde-agricole\/#breadcrumb"},"inLanguage":"fr-FR","potentialAction":[{"@type":"ReadAction","target":["https:\/\/www.sillon38.com\/blog\/2016\/09\/09\/jean-pierre-barbier-present-et-engage-aux-cotes-du-monde-agricole\/"]}]},{"@type":"ImageObject","inLanguage":"fr-FR","@id":"https:\/\/www.sillon38.com\/blog\/2016\/09\/09\/jean-pierre-barbier-present-et-engage-aux-cotes-du-monde-agricole\/#primaryimage","url":"http:\/\/staging.sillon38.com\/wp-content\/uploads\/2016\/09\/P1100774.jpg","contentUrl":"http:\/\/staging.sillon38.com\/wp-content\/uploads\/2016\/09\/P1100774.jpg"},{"@type":"BreadcrumbList","@id":"https:\/\/www.sillon38.com\/blog\/2016\/09\/09\/jean-pierre-barbier-present-et-engage-aux-cotes-du-monde-agricole\/#breadcrumb","itemListElement":[{"@type":"ListItem","position":1,"name":"Accueil","item":"https:\/\/www.sillon38.com\/blog\/"},{"@type":"ListItem","position":2,"name":"Jean-Pierre BARBIER pr\u00e9sent et engag\u00e9 aux c\u00f4t\u00e9s du monde agricole"}]},{"@type":"WebSite","@id":"https:\/\/www.sillon38.com\/blog\/#website","url":"https:\/\/www.sillon38.com\/blog\/","name":"","description":"Le journal du monde rural","potentialAction":[{"@type":"SearchAction","target":{"@type":"EntryPoint","urlTemplate":"https:\/\/www.sillon38.com\/blog\/?s={search_term_string}"},"query-input":{"@type":"PropertyValueSpecification","valueRequired":true,"valueName":"search_term_string"}}],"inLanguage":"fr-FR"},{"@type":"Person","@id":"https:\/\/www.sillon38.com\/blog\/#\/schema\/person\/72f06b5f0494d1edc8f4e5bf63651ff1","name":"M Coeur"}]}},"_links":{"self":[{"href":"https:\/\/www.sillon38.com\/blog\/wp-json\/wp\/v2\/posts\/64940","targetHints":{"allow":["GET"]}}],"collection":[{"href":"https:\/\/www.sillon38.com\/blog\/wp-json\/wp\/v2\/posts"}],"about":[{"href":"https:\/\/www.sillon38.com\/blog\/wp-json\/wp\/v2\/types\/post"}],"author":[{"embeddable":true,"href":"https:\/\/www.sillon38.com\/blog\/wp-json\/wp\/v2\/users\/2"}],"replies":[{"embeddable":true,"href":"https:\/\/www.sillon38.com\/blog\/wp-json\/wp\/v2\/comments?post=64940"}],"version-history":[{"count":0,"href":"https:\/\/www.sillon38.com\/blog\/wp-json\/wp\/v2\/posts\/64940\/revisions"}],"wp:attachment":[{"href":"https:\/\/www.sillon38.com\/blog\/wp-json\/wp\/v2\/media?parent=64940"}],"wp:term":[{"taxonomy":"category","embeddable":true,"href":"https:\/\/www.sillon38.com\/blog\/wp-json\/wp\/v2\/categories?post=64940"},{"taxonomy":"post_tag","embeddable":true,"href":"https:\/\/www.sillon38.com\/blog\/wp-json\/wp\/v2\/tags?post=64940"}],"curies":[{"name":"wp","href":"https:\/\/api.w.org\/{rel}","templated":true}]}}