{"id":66017,"date":"2016-10-19T22:34:18","date_gmt":"2016-10-19T20:34:18","guid":{"rendered":"http:\/\/staging.sillon38.com\/?p=66017"},"modified":"2016-10-19T22:34:18","modified_gmt":"2016-10-19T20:34:18","slug":"redynamiser-le-monde-rural-par-lentrepreneuriat","status":"publish","type":"post","link":"https:\/\/www.sillon38.com\/blog\/2016\/10\/19\/redynamiser-le-monde-rural-par-lentrepreneuriat\/","title":{"rendered":"Redynamiser le monde rural par l&rsquo;entrepreneuriat"},"content":{"rendered":"<p><span style=\"color: #333399;\">Initiative France, 1er r\u00e9seau associatif fran\u00e7ais de financement et d\u2019accompagnement des cr\u00e9ateurs, repreneurs et d\u00e9veloppeurs d\u2019entreprise, et la Fondation Avril, signent une convention de partenariat.<\/span><\/p>\n<p><span style=\"color: #333399;\"> Cet accord, s\u2019articule autour d\u2019un objectif prioritaire : redynamiser le monde rural par l&rsquo;entrepreneuriat dans les fili\u00e8res alimentaires gr\u00e2ce au pr\u00eat d\u2019honneur \u00ab Initiative Remarquable \u00bb. Unique en France, ce programme d\u2019accompagnement et de financement est d\u00e9di\u00e9 aux entrepreneurs qui placent la responsabilit\u00e9 soci\u00e9tale, la cr\u00e9ation d\u2019emplois et la solidarit\u00e9 au centre du mod\u00e8le \u00e9conomique de leur entreprise.<\/span><\/p>\n<p><span style=\"color: #333399;\">\u00ab La redynamisation des zones rurales, depuis trop longtemps assimil\u00e9s \u00e0 des espaces en d\u00e9clin, passe par la cr\u00e9ation et le d\u00e9veloppement d\u2019entreprises responsables qui g\u00e9n\u00e8rent emplois, attractivit\u00e9 \u00e9conomique et coh\u00e9sion sociale. Initiative France entend y renforcer son activit\u00e9 et le partenariat avec la Fondation Avril y contribue \u00bb d\u00e9clare Bernadette Sozet, D\u00e9l\u00e9gu\u00e9e G\u00e9n\u00e9rale d\u2019Initiative France.<\/span><\/p>\n<p><span style=\"color: #333399;\">\u00ab Contribuer \u00e0 la pr\u00e9servation d\u2019un environnement de qualit\u00e9 dans les territoires ainsi qu\u2019\u00e0 la revitalisation des campagnes et des petites villes par le d\u00e9veloppement des fili\u00e8res agricoles, agroalimentaires et de distribution alimentaire est un enjeu que nous partageons avec Initiative France. Les valeurs port\u00e9es par le r\u00e9seau en g\u00e9n\u00e9ral et son programme \u00ab Entreprise Remarquable \u00bb en particulier correspondent pleinement \u00e0 celles de notre fondation. C\u2019est pourquoi nous sommes ravis de nous associer \u00e0 Initiative France pour stimuler la cr\u00e9ation d\u2019entreprises agricoles et agroalimentaires remarquables par leur impact sur les territoires \u00bb ajoute Philippe Tillous-Borde, Pr\u00e9sident de la Fondation Avril. <\/span><\/p>\n<p><span style=\"color: #333399;\"><strong>Soutenir la cr\u00e9ation d\u2019entreprises durables dans les fili\u00e8res alimentaires<\/strong><\/span><\/p>\n<p><span style=\"color: #333399;\">Pour appuyer la cr\u00e9ation d\u2019entreprises durables des fili\u00e8res agricoles, agroalimentaires et la distribution alimentaire, la Fondation Avril a souhait\u00e9 devenir membre d\u2019Initiative France et accompagner le r\u00e9seau pour soutenir et renforcer son action sur les projets li\u00e9s \u00e0 ces fili\u00e8res dans les territoires ruraux via le programme \u00ab Initiative Remarquable \u00bb.<br \/>\nUnique en France, \u00ab Initiative Remarquable \u00bb vise \u00e0 soutenir, par des pr\u00eats d\u2019honneur et un accompagnement sp\u00e9cifique, les entrepreneurs cr\u00e9ant, reprenant ou d\u00e9veloppant une entreprise alliant r\u00e9ussite \u00e9conomique et engagement responsable fort (dynamique territoriale, engagement environnemental, volontarisme social et soci\u00e9tal, innovation).<br \/>\nDans le cadre de ce partenariat, la fondation Avril apportera son expertise technique dans les projets au moment de l\u2019instruction des dossiers remarquables, en si\u00e9geant et contribuant au comit\u00e9 de s\u00e9lection Initiative Remarquable au niveau national.<br \/>\nCe partenariat pr\u00e9voit enfin que la fondation Avril mette \u00e0 disposition d\u2019Initiative France son r\u00e9seau de b\u00e9n\u00e9voles pour accompagner les nouveaux entrepreneurs des domaines agricole, agroalimentaire, ou de la distribution alimentaire b\u00e9n\u00e9ficiant d\u2019un pr\u00eat Initiative Remarquable et ayant besoin d\u2019appui ou d\u2019accompagnement sp\u00e9cialis\u00e9 au niveau local.<br \/>\n<\/span> <span style=\"color: #333399;\"><br \/>\nA court terme, l\u2019objectif est d\u2019accompagner pr\u00e8s de 45 projets de cr\u00e9ation d\u2019entreprises remarquables dans ces domaines.<\/span><\/p>\n","protected":false},"excerpt":{"rendered":"<p>Initiative France et la Fondation Avril s\u2019engagent pour soutenir un nouvel entrepreneuriat dans les fili\u00e8res agricole, agro-alimentaire et de la distribution alimentaire.<\/p>\n","protected":false},"author":2,"featured_media":0,"comment_status":"open","ping_status":"open","sticky":false,"template":"","format":"standard","meta":{"footnotes":""},"categories":[45],"tags":[2491,2942],"class_list":["post-66017","post","type-post","status-publish","format-standard","hentry","category-monde-rural","tag-fondation-avril","tag-initiative-france"],"yoast_head":"<!-- This site is optimized with the Yoast SEO plugin v27.5 - https:\/\/yoast.com\/product\/yoast-seo-wordpress\/ -->\n<title>Redynamiser le monde rural par l&#039;entrepreneuriat -<\/title>\n<meta name=\"robots\" content=\"index, follow, max-snippet:-1, max-image-preview:large, max-video-preview:-1\" \/>\n<link rel=\"canonical\" href=\"https:\/\/www.sillon38.com\/blog\/2016\/10\/19\/redynamiser-le-monde-rural-par-lentrepreneuriat\/\" \/>\n<meta property=\"og:locale\" content=\"fr_FR\" \/>\n<meta property=\"og:type\" content=\"article\" \/>\n<meta property=\"og:title\" content=\"Redynamiser le monde rural par l&#039;entrepreneuriat -\" \/>\n<meta property=\"og:description\" content=\"Initiative France et la Fondation Avril s\u2019engagent pour soutenir un nouvel entrepreneuriat dans les fili\u00e8res agricole, agro-alimentaire et de la distribution alimentaire.\" \/>\n<meta property=\"og:url\" content=\"https:\/\/www.sillon38.com\/blog\/2016\/10\/19\/redynamiser-le-monde-rural-par-lentrepreneuriat\/\" \/>\n<meta property=\"article:published_time\" content=\"2016-10-19T20:34:18+00:00\" \/>\n<meta name=\"author\" content=\"M Coeur\" \/>\n<meta name=\"twitter:card\" content=\"summary_large_image\" \/>\n<meta name=\"twitter:label1\" content=\"\u00c9crit par\" \/>\n\t<meta name=\"twitter:data1\" content=\"M Coeur\" \/>\n\t<meta name=\"twitter:label2\" content=\"Dur\u00e9e de lecture estim\u00e9e\" \/>\n\t<meta name=\"twitter:data2\" content=\"3 minutes\" \/>\n<script type=\"application\/ld+json\" class=\"yoast-schema-graph\">{\"@context\":\"https:\\\/\\\/schema.org\",\"@graph\":[{\"@type\":\"Article\",\"@id\":\"https:\\\/\\\/www.sillon38.com\\\/blog\\\/2016\\\/10\\\/19\\\/redynamiser-le-monde-rural-par-lentrepreneuriat\\\/#article\",\"isPartOf\":{\"@id\":\"https:\\\/\\\/www.sillon38.com\\\/blog\\\/2016\\\/10\\\/19\\\/redynamiser-le-monde-rural-par-lentrepreneuriat\\\/\"},\"author\":{\"name\":\"M Coeur\",\"@id\":\"https:\\\/\\\/www.sillon38.com\\\/blog\\\/#\\\/schema\\\/person\\\/72f06b5f0494d1edc8f4e5bf63651ff1\"},\"headline\":\"Redynamiser le monde rural par l&rsquo;entrepreneuriat\",\"datePublished\":\"2016-10-19T20:34:18+00:00\",\"mainEntityOfPage\":{\"@id\":\"https:\\\/\\\/www.sillon38.com\\\/blog\\\/2016\\\/10\\\/19\\\/redynamiser-le-monde-rural-par-lentrepreneuriat\\\/\"},\"wordCount\":510,\"commentCount\":0,\"keywords\":[\"Fondation Avril\",\"Initiative France\"],\"articleSection\":[\"monde rural\"],\"inLanguage\":\"fr-FR\",\"potentialAction\":[{\"@type\":\"CommentAction\",\"name\":\"Comment\",\"target\":[\"https:\\\/\\\/www.sillon38.com\\\/blog\\\/2016\\\/10\\\/19\\\/redynamiser-le-monde-rural-par-lentrepreneuriat\\\/#respond\"]}]},{\"@type\":\"WebPage\",\"@id\":\"https:\\\/\\\/www.sillon38.com\\\/blog\\\/2016\\\/10\\\/19\\\/redynamiser-le-monde-rural-par-lentrepreneuriat\\\/\",\"url\":\"https:\\\/\\\/www.sillon38.com\\\/blog\\\/2016\\\/10\\\/19\\\/redynamiser-le-monde-rural-par-lentrepreneuriat\\\/\",\"name\":\"Redynamiser le monde rural par l'entrepreneuriat -\",\"isPartOf\":{\"@id\":\"https:\\\/\\\/www.sillon38.com\\\/blog\\\/#website\"},\"datePublished\":\"2016-10-19T20:34:18+00:00\",\"author\":{\"@id\":\"https:\\\/\\\/www.sillon38.com\\\/blog\\\/#\\\/schema\\\/person\\\/72f06b5f0494d1edc8f4e5bf63651ff1\"},\"breadcrumb\":{\"@id\":\"https:\\\/\\\/www.sillon38.com\\\/blog\\\/2016\\\/10\\\/19\\\/redynamiser-le-monde-rural-par-lentrepreneuriat\\\/#breadcrumb\"},\"inLanguage\":\"fr-FR\",\"potentialAction\":[{\"@type\":\"ReadAction\",\"target\":[\"https:\\\/\\\/www.sillon38.com\\\/blog\\\/2016\\\/10\\\/19\\\/redynamiser-le-monde-rural-par-lentrepreneuriat\\\/\"]}]},{\"@type\":\"BreadcrumbList\",\"@id\":\"https:\\\/\\\/www.sillon38.com\\\/blog\\\/2016\\\/10\\\/19\\\/redynamiser-le-monde-rural-par-lentrepreneuriat\\\/#breadcrumb\",\"itemListElement\":[{\"@type\":\"ListItem\",\"position\":1,\"name\":\"Accueil\",\"item\":\"https:\\\/\\\/www.sillon38.com\\\/blog\\\/\"},{\"@type\":\"ListItem\",\"position\":2,\"name\":\"Redynamiser le monde rural par l&rsquo;entrepreneuriat\"}]},{\"@type\":\"WebSite\",\"@id\":\"https:\\\/\\\/www.sillon38.com\\\/blog\\\/#website\",\"url\":\"https:\\\/\\\/www.sillon38.com\\\/blog\\\/\",\"name\":\"\",\"description\":\"Le journal du monde rural\",\"potentialAction\":[{\"@type\":\"SearchAction\",\"target\":{\"@type\":\"EntryPoint\",\"urlTemplate\":\"https:\\\/\\\/www.sillon38.com\\\/blog\\\/?s={search_term_string}\"},\"query-input\":{\"@type\":\"PropertyValueSpecification\",\"valueRequired\":true,\"valueName\":\"search_term_string\"}}],\"inLanguage\":\"fr-FR\"},{\"@type\":\"Person\",\"@id\":\"https:\\\/\\\/www.sillon38.com\\\/blog\\\/#\\\/schema\\\/person\\\/72f06b5f0494d1edc8f4e5bf63651ff1\",\"name\":\"M Coeur\"}]}<\/script>\n<!-- \/ Yoast SEO plugin. -->","yoast_head_json":{"title":"Redynamiser le monde rural par l'entrepreneuriat -","robots":{"index":"index","follow":"follow","max-snippet":"max-snippet:-1","max-image-preview":"max-image-preview:large","max-video-preview":"max-video-preview:-1"},"canonical":"https:\/\/www.sillon38.com\/blog\/2016\/10\/19\/redynamiser-le-monde-rural-par-lentrepreneuriat\/","og_locale":"fr_FR","og_type":"article","og_title":"Redynamiser le monde rural par l'entrepreneuriat -","og_description":"Initiative France et la Fondation Avril s\u2019engagent pour soutenir un nouvel entrepreneuriat dans les fili\u00e8res agricole, agro-alimentaire et de la distribution alimentaire.","og_url":"https:\/\/www.sillon38.com\/blog\/2016\/10\/19\/redynamiser-le-monde-rural-par-lentrepreneuriat\/","article_published_time":"2016-10-19T20:34:18+00:00","author":"M Coeur","twitter_card":"summary_large_image","twitter_misc":{"\u00c9crit par":"M Coeur","Dur\u00e9e de lecture estim\u00e9e":"3 minutes"},"schema":{"@context":"https:\/\/schema.org","@graph":[{"@type":"Article","@id":"https:\/\/www.sillon38.com\/blog\/2016\/10\/19\/redynamiser-le-monde-rural-par-lentrepreneuriat\/#article","isPartOf":{"@id":"https:\/\/www.sillon38.com\/blog\/2016\/10\/19\/redynamiser-le-monde-rural-par-lentrepreneuriat\/"},"author":{"name":"M Coeur","@id":"https:\/\/www.sillon38.com\/blog\/#\/schema\/person\/72f06b5f0494d1edc8f4e5bf63651ff1"},"headline":"Redynamiser le monde rural par l&rsquo;entrepreneuriat","datePublished":"2016-10-19T20:34:18+00:00","mainEntityOfPage":{"@id":"https:\/\/www.sillon38.com\/blog\/2016\/10\/19\/redynamiser-le-monde-rural-par-lentrepreneuriat\/"},"wordCount":510,"commentCount":0,"keywords":["Fondation Avril","Initiative France"],"articleSection":["monde rural"],"inLanguage":"fr-FR","potentialAction":[{"@type":"CommentAction","name":"Comment","target":["https:\/\/www.sillon38.com\/blog\/2016\/10\/19\/redynamiser-le-monde-rural-par-lentrepreneuriat\/#respond"]}]},{"@type":"WebPage","@id":"https:\/\/www.sillon38.com\/blog\/2016\/10\/19\/redynamiser-le-monde-rural-par-lentrepreneuriat\/","url":"https:\/\/www.sillon38.com\/blog\/2016\/10\/19\/redynamiser-le-monde-rural-par-lentrepreneuriat\/","name":"Redynamiser le monde rural par l'entrepreneuriat -","isPartOf":{"@id":"https:\/\/www.sillon38.com\/blog\/#website"},"datePublished":"2016-10-19T20:34:18+00:00","author":{"@id":"https:\/\/www.sillon38.com\/blog\/#\/schema\/person\/72f06b5f0494d1edc8f4e5bf63651ff1"},"breadcrumb":{"@id":"https:\/\/www.sillon38.com\/blog\/2016\/10\/19\/redynamiser-le-monde-rural-par-lentrepreneuriat\/#breadcrumb"},"inLanguage":"fr-FR","potentialAction":[{"@type":"ReadAction","target":["https:\/\/www.sillon38.com\/blog\/2016\/10\/19\/redynamiser-le-monde-rural-par-lentrepreneuriat\/"]}]},{"@type":"BreadcrumbList","@id":"https:\/\/www.sillon38.com\/blog\/2016\/10\/19\/redynamiser-le-monde-rural-par-lentrepreneuriat\/#breadcrumb","itemListElement":[{"@type":"ListItem","position":1,"name":"Accueil","item":"https:\/\/www.sillon38.com\/blog\/"},{"@type":"ListItem","position":2,"name":"Redynamiser le monde rural par l&rsquo;entrepreneuriat"}]},{"@type":"WebSite","@id":"https:\/\/www.sillon38.com\/blog\/#website","url":"https:\/\/www.sillon38.com\/blog\/","name":"","description":"Le journal du monde rural","potentialAction":[{"@type":"SearchAction","target":{"@type":"EntryPoint","urlTemplate":"https:\/\/www.sillon38.com\/blog\/?s={search_term_string}"},"query-input":{"@type":"PropertyValueSpecification","valueRequired":true,"valueName":"search_term_string"}}],"inLanguage":"fr-FR"},{"@type":"Person","@id":"https:\/\/www.sillon38.com\/blog\/#\/schema\/person\/72f06b5f0494d1edc8f4e5bf63651ff1","name":"M Coeur"}]}},"_links":{"self":[{"href":"https:\/\/www.sillon38.com\/blog\/wp-json\/wp\/v2\/posts\/66017","targetHints":{"allow":["GET"]}}],"collection":[{"href":"https:\/\/www.sillon38.com\/blog\/wp-json\/wp\/v2\/posts"}],"about":[{"href":"https:\/\/www.sillon38.com\/blog\/wp-json\/wp\/v2\/types\/post"}],"author":[{"embeddable":true,"href":"https:\/\/www.sillon38.com\/blog\/wp-json\/wp\/v2\/users\/2"}],"replies":[{"embeddable":true,"href":"https:\/\/www.sillon38.com\/blog\/wp-json\/wp\/v2\/comments?post=66017"}],"version-history":[{"count":0,"href":"https:\/\/www.sillon38.com\/blog\/wp-json\/wp\/v2\/posts\/66017\/revisions"}],"wp:attachment":[{"href":"https:\/\/www.sillon38.com\/blog\/wp-json\/wp\/v2\/media?parent=66017"}],"wp:term":[{"taxonomy":"category","embeddable":true,"href":"https:\/\/www.sillon38.com\/blog\/wp-json\/wp\/v2\/categories?post=66017"},{"taxonomy":"post_tag","embeddable":true,"href":"https:\/\/www.sillon38.com\/blog\/wp-json\/wp\/v2\/tags?post=66017"}],"curies":[{"name":"wp","href":"https:\/\/api.w.org\/{rel}","templated":true}]}}