{"id":66904,"date":"2016-11-17T15:45:07","date_gmt":"2016-11-17T13:45:07","guid":{"rendered":"http:\/\/staging.sillon38.com\/?p=66904"},"modified":"2016-11-17T15:45:07","modified_gmt":"2016-11-17T13:45:07","slug":"le-contrat-de-generation-transmission-hors-cadre-familial","status":"publish","type":"post","link":"https:\/\/www.sillon38.com\/blog\/2016\/11\/17\/le-contrat-de-generation-transmission-hors-cadre-familial\/","title":{"rendered":"Le contrat de g\u00e9n\u00e9ration-transmission hors cadre familial"},"content":{"rendered":"<p><span style=\"color: #333399;\">Le contrat de g\u00e9n\u00e9ration-transmission permet aux exploitants  agricoles d\u2019au moins 57 ans, de b\u00e9n\u00e9ficier d\u2019une aide financi\u00e8re,  lorsqu\u2019ils emploient ou accueillent en stage une personne autre qu&rsquo;un  parent ou alli\u00e9 jusqu&rsquo;au troisi\u00e8me degr\u00e9, dans l\u2019objectif de lui  transmettre l\u2019exploitation agricole.<\/p>\n<p><\/span><\/p>\n<p><span style=\"color: #333399;\"> <\/span><\/p>\n<h2><span style=\"color: #333399;\">Conditions d\u2019attribution de l\u2019aide<\/span><\/h2>\n<p><span style=\"color: #333399;\"> <\/span><\/p>\n<p><span style=\"color: #333399;\">Pour b\u00e9n\u00e9ficier de l\u2019aide, l\u2019exploitant agricole doit \u00eatre  \u00e2g\u00e9 d\u2019au moins 57 ans (au 1er jour d\u2019ex\u00e9cution du contrat ou du stage).<\/span><\/p>\n<p><span style=\"color: #333399;\"> <\/span><\/p>\n<p><span style=\"color: #333399;\">Il doit employer ou accueillir en stage, pendant la dur\u00e9e  de l\u2019aide, une personne autre qu\u2019un parent ou alli\u00e9 jusqu\u2019au 3\u00e8me degr\u00e9,  dans l\u2019objectif de lui transmettre l\u2019exploitation agricole.<\/span><\/p>\n<blockquote style=\"margin-bottom:0;margin-top:0;\"><p><span style=\"color: #333399;\">Entre  p\u00e8re et fille : 1 degr\u00e9 \/ Entre grand-m\u00e8re et petit-fils : 2 degr\u00e9s\u00a0 \/  Entre fr\u00e8re et s\u0153ur : 2 degr\u00e9s \/ Entre oncle et ni\u00e8ce : 3 degr\u00e9s \/  Entre cousins germains : 4 degr\u00e9s<\/span><\/p><\/blockquote>\n<p><span style=\"color: #333399;\">Si la personne est  salari\u00e9e, elle doit \u00eatre \u00e2g\u00e9e de 26 ans au moins et 30 ans au plus \u00e0  son arriv\u00e9e sur l\u2019exploitation (au 1er jour d\u2019ex\u00e9cution du contrat).  Elle doit \u00eatre embauch\u00e9e en Contrat \u00e0 Dur\u00e9e Ind\u00e9termin\u00e9e (CDI) \u00e0 temps  plein.\u00a0 Lorsque son parcours ou sa situation le justifie, cette personne  peut \u00eatre employ\u00e9e \u00e0 temps partiel, avec son accord. Sa dur\u00e9e  hebdomadaire du travail ne peut alors \u00eatre inf\u00e9rieure \u00e0 4\/5\u00e8me de la  dur\u00e9e hebdomadaire du travail \u00e0 temps plein.<\/span><\/p>\n<p><span style=\"color: #333399;\"> <\/span><\/p>\n<p><span style=\"color: #333399;\">Si la personne est stagiaire, elle doit \u00e2g\u00e9e de 30 ans au  plus \u00e0 son arriv\u00e9e sur l&rsquo;exploitation (au 1er jour d\u2019ex\u00e9cution du  stage).<\/span><\/p>\n<p><span style=\"color: #333399;\"> <\/span><\/p>\n<p><span style=\"color: #333399;\">Le versement de l&rsquo;aide est conditionn\u00e9 au respect du  contr\u00f4le des structures et, lorsque l&rsquo;exploitant n&rsquo;est pas propri\u00e9taire  de tout ou partie de l&rsquo;exploitation \u00e0 transmettre, \u00e0 l&rsquo;accord du  propri\u00e9taire sur la transmission du bail.<\/span><\/p>\n<p><span style=\"color: #333399;\"> <\/span><\/p>\n<p><span style=\"color: #333399;\">L\u2019exploitation agricole doit \u00eatre \u00e0 jour de ses d\u00e9clarations et versement de cotisations sociales et d\u2019assurance ch\u00f4mage.<\/span><\/p>\n<p><span style=\"color: #333399;\"> <\/span><\/p>\n<p><span style=\"color: #333399;\">L&rsquo;aide est attribu\u00e9e aux exploitations qui ne peuvent pas  b\u00e9n\u00e9ficier du contrat de g\u00e9n\u00e9ration pr\u00e9vu par le code du travail \u00e0  l&rsquo;article L. 5121-18\u00a0 (embauche par un chef d\u2019entreprise d\u2019au moins 57  ans en CDI \u00e0 temps plein &#8211; ou \u00e0 temps partiel d\u2019au moins 4\/5\u00e8me\u00a0 &#8211; d\u2019un  jeune \u00e2g\u00e9 de moins de 30 ans dans l\u2019objectif de lui transmettre son  entreprise) (art. D 343-37 code rural).<\/span><\/p>\n<p><span style=\"color: #333399;\"> <\/span><\/p>\n<p><span style=\"color: #333399;\">L&rsquo;aide ne peut pas se cumuler avec :<\/span><\/p>\n<ul>\n<li><span style=\"color: #333399;\">une autre  aide \u00e0 l&rsquo;insertion, \u00e0 l&rsquo;acc\u00e8s ou au retour \u00e0 l&#8217;emploi financ\u00e9e par  l&rsquo;Etat, \u00e0 l&rsquo;exception du contrat de professionnalisation ; <\/span><\/li>\n<li><span style=\"color: #333399;\">avec les aides au stage de parrainage financ\u00e9es par l&rsquo;Etat ou les collectivit\u00e9s territoriales.\n<p><\/span><\/li>\n<\/ul>\n<h2><span style=\"color: #333399;\">Montant et versement de l\u2019aide<\/span><\/h2>\n<p><span style=\"color: #333399;\"> <\/span><\/p>\n<p><span style=\"color: #333399;\">Cette aide constitue une aide de minimis, accord\u00e9e dans le respect du r\u00e8glement europ\u00e9en (UE) n\u00b0 1408\/2013 du 18 d\u00e9cembre 2013.<\/span><\/p>\n<p><span style=\"color: #333399;\"> <\/span><\/p>\n<p><span style=\"color: #333399;\">Le montant de l&rsquo;aide est de 4000 euros par an pour un salari\u00e9 et de 2000 euros par an pour un stagiaire.<\/span><\/p>\n<p><span style=\"color: #333399;\"> <\/span><\/p>\n<p><span style=\"color: #333399;\">Ce montant est proratis\u00e9 :<\/span><\/p>\n<ul>\n<li><span style=\"color: #333399;\">en fonction de la dur\u00e9e du travail du salari\u00e9 ou du stagiaire, lorsque cette dur\u00e9e est inf\u00e9rieure au temps plein ; <\/span><\/li>\n<li><span style=\"color: #333399;\">en  cas d&#8217;embauche ou de d\u00e9part du salari\u00e9 ou du stagiaire ou du chef  d&rsquo;exploitation, en fonction de la dur\u00e9e d&rsquo;ex\u00e9cution du contrat ou de la  pr\u00e9sence dans l&rsquo;exploitation agricole. <\/span><\/li>\n<\/ul>\n<p><span style=\"color: #333399;\">L&rsquo;exploitation  agricole b\u00e9n\u00e9ficie de l&rsquo;aide pendant 3 ans \u00e0 compter du 1er jour  d\u2019ex\u00e9cution du contrat ou de la convention de stage. Lorsque le  stagiaire devient salari\u00e9, l&rsquo;exploitation agricole peut percevoir l&rsquo;aide  pr\u00e9vue pour les salari\u00e9s. La dur\u00e9e totale de l&rsquo;aide ne peut exc\u00e9der  trois ans.<\/span><\/p>\n<p><span style=\"color: #333399;\"> <\/span><\/p>\n<p><span style=\"color: #333399;\">L&rsquo;aide est interrompue, dans sa totalit\u00e9, en cas de :<\/span><\/p>\n<ul>\n<li><span style=\"color: #333399;\">rupture du CDI ou de la convention de stage ou<\/span><\/li>\n<li><span style=\"color: #333399;\">en  cas de diminution de la dur\u00e9e hebdomadaire de travail en de\u00e7\u00e0 des  4\/5\u00e8me de la dur\u00e9e collective de travail hebdomadaire de l&rsquo;exploitation,  \u00e0 compter de la date \u00e0 laquelle survient cette diminution.<\/span><\/li>\n<li><span style=\"color: #333399;\">en cas de d\u00e9part du chef d&rsquo;exploitation.\n<p><\/span><\/li>\n<\/ul>\n<h2><span style=\"color: #333399;\">Demande<\/span><\/h2>\n<p><span style=\"color: #333399;\"> <\/span><\/p>\n<p><span style=\"color: #333399;\">La demande d&rsquo;aide est adress\u00e9e \u00e0 la Direction  D\u00e9partementale des Territoires (DDT), ou \u00e0 la direction de  l&rsquo;alimentation, de l&rsquo;agriculture et de la for\u00eat (DDAF) dans les  d\u00e9partements d&rsquo;outre-mer, o\u00f9 se situe le si\u00e8ge de l&rsquo;exploitation du  demandeur. Elle est adress\u00e9e avant la signature du contrat \u00e0 dur\u00e9e  ind\u00e9termin\u00e9e ou de la convention de stage, et est accompagn\u00e9e du projet  de contrat ou de convention de stage.<\/span><\/p>\n<p><span style=\"color: #333399;\"> <\/span><\/p>\n<p><span style=\"color: #333399;\">La DDT, ou la DDAF, accuse r\u00e9ception de la demande, puis,  si n\u00e9cessaire, adresse une demande de pi\u00e8ces compl\u00e9mentaires, et enfin  instruit la demande.<\/span><\/p>\n<p><span style=\"color: #333399;\"> <\/span><\/p>\n<p><span style=\"color: #333399;\">Le pr\u00e9fet de d\u00e9partement accorde l&rsquo;aide \u00e0 l&rsquo;exploitation  agricole b\u00e9n\u00e9ficiaire, dans la limite de l&rsquo;enveloppe financi\u00e8re qui lui  est attribu\u00e9e annuellement.<\/p>\n<p><\/span><\/p>\n<p><span style=\"color: #333399;\"> <\/span><\/p>\n<h2><span style=\"color: #333399;\">Contr\u00f4le<\/span><\/h2>\n<p><span style=\"color: #333399;\"> <\/span><\/p>\n<p><span style=\"color: #333399;\">Le b\u00e9n\u00e9ficiaire de l&rsquo;aide doit tenir \u00e0 disposition de  l&rsquo;Agence de Service et de Paiement tout document permettant d&rsquo;effectuer  le contr\u00f4le de l&rsquo;exactitude de ses d\u00e9clarations. Il lui transmet les  documents demand\u00e9s dans un d\u00e9lai maximum d&rsquo;un mois suivant la r\u00e9ception  de cette demande, qui est adress\u00e9e par tout moyen permettant d&rsquo;\u00e9tablir  une date certaine.<\/span><\/p>\n<p><span style=\"color: #333399;\"> <\/span><\/p>\n<p><span style=\"color: #333399;\">L&rsquo;absence de r\u00e9ponse dans ce d\u00e9lai interrompt le versement  de l&rsquo;aide sur laquelle porte le contr\u00f4le, sans pr\u00e9judice du recouvrement  des sommes ind\u00fbment vers\u00e9es.<\/span><\/p>\n<p><span style=\"color: #333399;\"> <\/span><\/p>\n<p><span style=\"color: #333399;\">En cas de non-respect par le b\u00e9n\u00e9ficiaire des conditions  pr\u00e9vues par le code rural ou des aides de minimis, l&rsquo;aide doit \u00eatre  rembours\u00e9e en totalit\u00e9.<\/span><\/p>\n<p><span style=\"color: #333399;\"> <\/span><\/p>\n<p><span style=\"color: #333399;\"><br \/>\n<a href=\"http:\/\/staging.sillon38.com\/wp-content\/uploads\/2016\/11\/11.png\"><img loading=\"lazy\" decoding=\"async\" class=\"alignleft size-full wp-image-66905\" title=\"1\" src=\"http:\/\/staging.sillon38.com\/wp-content\/uploads\/2016\/11\/11.png\" alt=\"1\" width=\"179\" height=\"162\" \/><\/a>Delphine GAVEND,<br \/>\nJuriste et formatrice<\/span><\/p>\n<p><span style=\"color: #333399;\"> <\/span><\/p>\n<p><span style=\"color: #333399;\"><span style=\"font-weight: bold;\"><br \/>\nSources : <\/span><\/span><\/p>\n<ul>\n<li><span style=\"color: #333399;\">Articles L 330-4 du code rural ; <\/span><\/li>\n<li><span style=\"color: #333399;\">Articles D 343-37 et suivants du code rural ; <\/span><\/li>\n<li><span style=\"color: #333399;\"><img decoding=\"async\" src=\"http:\/\/www.comite-action-juridique.fr\/typo3conf\/ext\/ml_links\/Resources\/Public\/Icons\/globe.gif\" alt=\"\" \/> <a href=\"https:\/\/www.legifrance.gouv.fr\/affichTexte.do?cidTexte=JORFTEXT000033026385&amp;fastPos=1&amp;fastReqId=1738353989&amp;categorieLien=id&amp;oldAction=rechTexte\" target=\"_blank\" rel=\"noopener\">Arr\u00eat\u00e9 du 2 ao\u00fbt 2016 <\/a>relatif  \u00e0 la mise en \u0153uvre de l&rsquo;aide aux exploitations agricoles employant un  salari\u00e9 ou un stagiaire dans la perspective de lui transmettre  l&rsquo;entreprise<\/span><\/li>\n<\/ul>\n","protected":false},"excerpt":{"rendered":"<p>Le contrat de g\u00e9n\u00e9ration-transmission permet aux exploitants agricoles d\u2019au moins 57 ans, de b\u00e9n\u00e9ficier d\u2019une aide financi\u00e8re, lorsqu\u2019ils emploient ou accueillent en stage une personne autre qu&rsquo;un parent ou alli\u00e9 jusqu&rsquo;au troisi\u00e8me degr\u00e9, dans l\u2019objectif de lui transmettre l\u2019exploitation agricole&#8230;.<\/p>\n","protected":false},"author":2,"featured_media":0,"comment_status":"open","ping_status":"open","sticky":false,"template":"","format":"standard","meta":{"footnotes":""},"categories":[3,35],"tags":[1570],"class_list":["post-66904","post","type-post","status-publish","format-standard","hentry","category-agriculture","category-installation","tag-contrat-de-generation-transmission"],"yoast_head":"<!-- This site is optimized with the Yoast SEO plugin v27.5 - https:\/\/yoast.com\/product\/yoast-seo-wordpress\/ -->\n<title>Le contrat de g\u00e9n\u00e9ration-transmission hors cadre familial -<\/title>\n<meta name=\"robots\" content=\"index, follow, max-snippet:-1, max-image-preview:large, max-video-preview:-1\" \/>\n<link rel=\"canonical\" href=\"https:\/\/www.sillon38.com\/blog\/2016\/11\/17\/le-contrat-de-generation-transmission-hors-cadre-familial\/\" \/>\n<meta property=\"og:locale\" content=\"fr_FR\" \/>\n<meta property=\"og:type\" content=\"article\" \/>\n<meta property=\"og:title\" content=\"Le contrat de g\u00e9n\u00e9ration-transmission hors cadre familial -\" \/>\n<meta property=\"og:description\" content=\"Le contrat de g\u00e9n\u00e9ration-transmission permet aux exploitants agricoles d\u2019au moins 57 ans, de b\u00e9n\u00e9ficier d\u2019une aide financi\u00e8re, lorsqu\u2019ils emploient ou accueillent en stage une personne autre qu&rsquo;un parent ou alli\u00e9 jusqu&rsquo;au troisi\u00e8me degr\u00e9, dans l\u2019objectif de lui transmettre l\u2019exploitation agricole....\" \/>\n<meta property=\"og:url\" content=\"https:\/\/www.sillon38.com\/blog\/2016\/11\/17\/le-contrat-de-generation-transmission-hors-cadre-familial\/\" \/>\n<meta property=\"article:published_time\" content=\"2016-11-17T13:45:07+00:00\" \/>\n<meta property=\"og:image\" content=\"http:\/\/staging.sillon38.com\/wp-content\/uploads\/2016\/11\/11.png\" \/>\n<meta name=\"author\" content=\"M Coeur\" \/>\n<meta name=\"twitter:card\" content=\"summary_large_image\" \/>\n<meta name=\"twitter:label1\" content=\"\u00c9crit par\" \/>\n\t<meta name=\"twitter:data1\" content=\"M Coeur\" \/>\n\t<meta name=\"twitter:label2\" content=\"Dur\u00e9e de lecture estim\u00e9e\" \/>\n\t<meta name=\"twitter:data2\" content=\"5 minutes\" \/>\n<script type=\"application\/ld+json\" class=\"yoast-schema-graph\">{\"@context\":\"https:\\\/\\\/schema.org\",\"@graph\":[{\"@type\":\"Article\",\"@id\":\"https:\\\/\\\/www.sillon38.com\\\/blog\\\/2016\\\/11\\\/17\\\/le-contrat-de-generation-transmission-hors-cadre-familial\\\/#article\",\"isPartOf\":{\"@id\":\"https:\\\/\\\/www.sillon38.com\\\/blog\\\/2016\\\/11\\\/17\\\/le-contrat-de-generation-transmission-hors-cadre-familial\\\/\"},\"author\":{\"name\":\"M Coeur\",\"@id\":\"https:\\\/\\\/www.sillon38.com\\\/blog\\\/#\\\/schema\\\/person\\\/72f06b5f0494d1edc8f4e5bf63651ff1\"},\"headline\":\"Le contrat de g\u00e9n\u00e9ration-transmission hors cadre familial\",\"datePublished\":\"2016-11-17T13:45:07+00:00\",\"mainEntityOfPage\":{\"@id\":\"https:\\\/\\\/www.sillon38.com\\\/blog\\\/2016\\\/11\\\/17\\\/le-contrat-de-generation-transmission-hors-cadre-familial\\\/\"},\"wordCount\":1017,\"commentCount\":0,\"image\":{\"@id\":\"https:\\\/\\\/www.sillon38.com\\\/blog\\\/2016\\\/11\\\/17\\\/le-contrat-de-generation-transmission-hors-cadre-familial\\\/#primaryimage\"},\"thumbnailUrl\":\"http:\\\/\\\/staging.sillon38.com\\\/wp-content\\\/uploads\\\/2016\\\/11\\\/11.png\",\"keywords\":[\"contrat de g\u00e9n\u00e9ration-transmission\"],\"articleSection\":[\"agriculture\",\"installation\"],\"inLanguage\":\"fr-FR\",\"potentialAction\":[{\"@type\":\"CommentAction\",\"name\":\"Comment\",\"target\":[\"https:\\\/\\\/www.sillon38.com\\\/blog\\\/2016\\\/11\\\/17\\\/le-contrat-de-generation-transmission-hors-cadre-familial\\\/#respond\"]}]},{\"@type\":\"WebPage\",\"@id\":\"https:\\\/\\\/www.sillon38.com\\\/blog\\\/2016\\\/11\\\/17\\\/le-contrat-de-generation-transmission-hors-cadre-familial\\\/\",\"url\":\"https:\\\/\\\/www.sillon38.com\\\/blog\\\/2016\\\/11\\\/17\\\/le-contrat-de-generation-transmission-hors-cadre-familial\\\/\",\"name\":\"Le contrat de g\u00e9n\u00e9ration-transmission hors cadre familial -\",\"isPartOf\":{\"@id\":\"https:\\\/\\\/www.sillon38.com\\\/blog\\\/#website\"},\"primaryImageOfPage\":{\"@id\":\"https:\\\/\\\/www.sillon38.com\\\/blog\\\/2016\\\/11\\\/17\\\/le-contrat-de-generation-transmission-hors-cadre-familial\\\/#primaryimage\"},\"image\":{\"@id\":\"https:\\\/\\\/www.sillon38.com\\\/blog\\\/2016\\\/11\\\/17\\\/le-contrat-de-generation-transmission-hors-cadre-familial\\\/#primaryimage\"},\"thumbnailUrl\":\"http:\\\/\\\/staging.sillon38.com\\\/wp-content\\\/uploads\\\/2016\\\/11\\\/11.png\",\"datePublished\":\"2016-11-17T13:45:07+00:00\",\"author\":{\"@id\":\"https:\\\/\\\/www.sillon38.com\\\/blog\\\/#\\\/schema\\\/person\\\/72f06b5f0494d1edc8f4e5bf63651ff1\"},\"breadcrumb\":{\"@id\":\"https:\\\/\\\/www.sillon38.com\\\/blog\\\/2016\\\/11\\\/17\\\/le-contrat-de-generation-transmission-hors-cadre-familial\\\/#breadcrumb\"},\"inLanguage\":\"fr-FR\",\"potentialAction\":[{\"@type\":\"ReadAction\",\"target\":[\"https:\\\/\\\/www.sillon38.com\\\/blog\\\/2016\\\/11\\\/17\\\/le-contrat-de-generation-transmission-hors-cadre-familial\\\/\"]}]},{\"@type\":\"ImageObject\",\"inLanguage\":\"fr-FR\",\"@id\":\"https:\\\/\\\/www.sillon38.com\\\/blog\\\/2016\\\/11\\\/17\\\/le-contrat-de-generation-transmission-hors-cadre-familial\\\/#primaryimage\",\"url\":\"http:\\\/\\\/staging.sillon38.com\\\/wp-content\\\/uploads\\\/2016\\\/11\\\/11.png\",\"contentUrl\":\"http:\\\/\\\/staging.sillon38.com\\\/wp-content\\\/uploads\\\/2016\\\/11\\\/11.png\"},{\"@type\":\"BreadcrumbList\",\"@id\":\"https:\\\/\\\/www.sillon38.com\\\/blog\\\/2016\\\/11\\\/17\\\/le-contrat-de-generation-transmission-hors-cadre-familial\\\/#breadcrumb\",\"itemListElement\":[{\"@type\":\"ListItem\",\"position\":1,\"name\":\"Accueil\",\"item\":\"https:\\\/\\\/www.sillon38.com\\\/blog\\\/\"},{\"@type\":\"ListItem\",\"position\":2,\"name\":\"Le contrat de g\u00e9n\u00e9ration-transmission hors cadre familial\"}]},{\"@type\":\"WebSite\",\"@id\":\"https:\\\/\\\/www.sillon38.com\\\/blog\\\/#website\",\"url\":\"https:\\\/\\\/www.sillon38.com\\\/blog\\\/\",\"name\":\"\",\"description\":\"Le journal du monde rural\",\"potentialAction\":[{\"@type\":\"SearchAction\",\"target\":{\"@type\":\"EntryPoint\",\"urlTemplate\":\"https:\\\/\\\/www.sillon38.com\\\/blog\\\/?s={search_term_string}\"},\"query-input\":{\"@type\":\"PropertyValueSpecification\",\"valueRequired\":true,\"valueName\":\"search_term_string\"}}],\"inLanguage\":\"fr-FR\"},{\"@type\":\"Person\",\"@id\":\"https:\\\/\\\/www.sillon38.com\\\/blog\\\/#\\\/schema\\\/person\\\/72f06b5f0494d1edc8f4e5bf63651ff1\",\"name\":\"M Coeur\"}]}<\/script>\n<!-- \/ Yoast SEO plugin. -->","yoast_head_json":{"title":"Le contrat de g\u00e9n\u00e9ration-transmission hors cadre familial -","robots":{"index":"index","follow":"follow","max-snippet":"max-snippet:-1","max-image-preview":"max-image-preview:large","max-video-preview":"max-video-preview:-1"},"canonical":"https:\/\/www.sillon38.com\/blog\/2016\/11\/17\/le-contrat-de-generation-transmission-hors-cadre-familial\/","og_locale":"fr_FR","og_type":"article","og_title":"Le contrat de g\u00e9n\u00e9ration-transmission hors cadre familial -","og_description":"Le contrat de g\u00e9n\u00e9ration-transmission permet aux exploitants agricoles d\u2019au moins 57 ans, de b\u00e9n\u00e9ficier d\u2019une aide financi\u00e8re, lorsqu\u2019ils emploient ou accueillent en stage une personne autre qu&rsquo;un parent ou alli\u00e9 jusqu&rsquo;au troisi\u00e8me degr\u00e9, dans l\u2019objectif de lui transmettre l\u2019exploitation agricole....","og_url":"https:\/\/www.sillon38.com\/blog\/2016\/11\/17\/le-contrat-de-generation-transmission-hors-cadre-familial\/","article_published_time":"2016-11-17T13:45:07+00:00","og_image":[{"url":"http:\/\/staging.sillon38.com\/wp-content\/uploads\/2016\/11\/11.png","type":"","width":"","height":""}],"author":"M Coeur","twitter_card":"summary_large_image","twitter_misc":{"\u00c9crit par":"M Coeur","Dur\u00e9e de lecture estim\u00e9e":"5 minutes"},"schema":{"@context":"https:\/\/schema.org","@graph":[{"@type":"Article","@id":"https:\/\/www.sillon38.com\/blog\/2016\/11\/17\/le-contrat-de-generation-transmission-hors-cadre-familial\/#article","isPartOf":{"@id":"https:\/\/www.sillon38.com\/blog\/2016\/11\/17\/le-contrat-de-generation-transmission-hors-cadre-familial\/"},"author":{"name":"M Coeur","@id":"https:\/\/www.sillon38.com\/blog\/#\/schema\/person\/72f06b5f0494d1edc8f4e5bf63651ff1"},"headline":"Le contrat de g\u00e9n\u00e9ration-transmission hors cadre familial","datePublished":"2016-11-17T13:45:07+00:00","mainEntityOfPage":{"@id":"https:\/\/www.sillon38.com\/blog\/2016\/11\/17\/le-contrat-de-generation-transmission-hors-cadre-familial\/"},"wordCount":1017,"commentCount":0,"image":{"@id":"https:\/\/www.sillon38.com\/blog\/2016\/11\/17\/le-contrat-de-generation-transmission-hors-cadre-familial\/#primaryimage"},"thumbnailUrl":"http:\/\/staging.sillon38.com\/wp-content\/uploads\/2016\/11\/11.png","keywords":["contrat de g\u00e9n\u00e9ration-transmission"],"articleSection":["agriculture","installation"],"inLanguage":"fr-FR","potentialAction":[{"@type":"CommentAction","name":"Comment","target":["https:\/\/www.sillon38.com\/blog\/2016\/11\/17\/le-contrat-de-generation-transmission-hors-cadre-familial\/#respond"]}]},{"@type":"WebPage","@id":"https:\/\/www.sillon38.com\/blog\/2016\/11\/17\/le-contrat-de-generation-transmission-hors-cadre-familial\/","url":"https:\/\/www.sillon38.com\/blog\/2016\/11\/17\/le-contrat-de-generation-transmission-hors-cadre-familial\/","name":"Le contrat de g\u00e9n\u00e9ration-transmission hors cadre familial -","isPartOf":{"@id":"https:\/\/www.sillon38.com\/blog\/#website"},"primaryImageOfPage":{"@id":"https:\/\/www.sillon38.com\/blog\/2016\/11\/17\/le-contrat-de-generation-transmission-hors-cadre-familial\/#primaryimage"},"image":{"@id":"https:\/\/www.sillon38.com\/blog\/2016\/11\/17\/le-contrat-de-generation-transmission-hors-cadre-familial\/#primaryimage"},"thumbnailUrl":"http:\/\/staging.sillon38.com\/wp-content\/uploads\/2016\/11\/11.png","datePublished":"2016-11-17T13:45:07+00:00","author":{"@id":"https:\/\/www.sillon38.com\/blog\/#\/schema\/person\/72f06b5f0494d1edc8f4e5bf63651ff1"},"breadcrumb":{"@id":"https:\/\/www.sillon38.com\/blog\/2016\/11\/17\/le-contrat-de-generation-transmission-hors-cadre-familial\/#breadcrumb"},"inLanguage":"fr-FR","potentialAction":[{"@type":"ReadAction","target":["https:\/\/www.sillon38.com\/blog\/2016\/11\/17\/le-contrat-de-generation-transmission-hors-cadre-familial\/"]}]},{"@type":"ImageObject","inLanguage":"fr-FR","@id":"https:\/\/www.sillon38.com\/blog\/2016\/11\/17\/le-contrat-de-generation-transmission-hors-cadre-familial\/#primaryimage","url":"http:\/\/staging.sillon38.com\/wp-content\/uploads\/2016\/11\/11.png","contentUrl":"http:\/\/staging.sillon38.com\/wp-content\/uploads\/2016\/11\/11.png"},{"@type":"BreadcrumbList","@id":"https:\/\/www.sillon38.com\/blog\/2016\/11\/17\/le-contrat-de-generation-transmission-hors-cadre-familial\/#breadcrumb","itemListElement":[{"@type":"ListItem","position":1,"name":"Accueil","item":"https:\/\/www.sillon38.com\/blog\/"},{"@type":"ListItem","position":2,"name":"Le contrat de g\u00e9n\u00e9ration-transmission hors cadre familial"}]},{"@type":"WebSite","@id":"https:\/\/www.sillon38.com\/blog\/#website","url":"https:\/\/www.sillon38.com\/blog\/","name":"","description":"Le journal du monde rural","potentialAction":[{"@type":"SearchAction","target":{"@type":"EntryPoint","urlTemplate":"https:\/\/www.sillon38.com\/blog\/?s={search_term_string}"},"query-input":{"@type":"PropertyValueSpecification","valueRequired":true,"valueName":"search_term_string"}}],"inLanguage":"fr-FR"},{"@type":"Person","@id":"https:\/\/www.sillon38.com\/blog\/#\/schema\/person\/72f06b5f0494d1edc8f4e5bf63651ff1","name":"M Coeur"}]}},"_links":{"self":[{"href":"https:\/\/www.sillon38.com\/blog\/wp-json\/wp\/v2\/posts\/66904","targetHints":{"allow":["GET"]}}],"collection":[{"href":"https:\/\/www.sillon38.com\/blog\/wp-json\/wp\/v2\/posts"}],"about":[{"href":"https:\/\/www.sillon38.com\/blog\/wp-json\/wp\/v2\/types\/post"}],"author":[{"embeddable":true,"href":"https:\/\/www.sillon38.com\/blog\/wp-json\/wp\/v2\/users\/2"}],"replies":[{"embeddable":true,"href":"https:\/\/www.sillon38.com\/blog\/wp-json\/wp\/v2\/comments?post=66904"}],"version-history":[{"count":0,"href":"https:\/\/www.sillon38.com\/blog\/wp-json\/wp\/v2\/posts\/66904\/revisions"}],"wp:attachment":[{"href":"https:\/\/www.sillon38.com\/blog\/wp-json\/wp\/v2\/media?parent=66904"}],"wp:term":[{"taxonomy":"category","embeddable":true,"href":"https:\/\/www.sillon38.com\/blog\/wp-json\/wp\/v2\/categories?post=66904"},{"taxonomy":"post_tag","embeddable":true,"href":"https:\/\/www.sillon38.com\/blog\/wp-json\/wp\/v2\/tags?post=66904"}],"curies":[{"name":"wp","href":"https:\/\/api.w.org\/{rel}","templated":true}]}}