{"id":67728,"date":"2017-01-22T16:06:56","date_gmt":"2017-01-22T14:06:56","guid":{"rendered":"http:\/\/staging.sillon38.com\/?p=67728"},"modified":"2017-01-22T16:06:56","modified_gmt":"2017-01-22T14:06:56","slug":"la-msa-alpes-du-nord-sengage","status":"publish","type":"post","link":"https:\/\/www.sillon38.com\/blog\/2017\/01\/22\/la-msa-alpes-du-nord-sengage\/","title":{"rendered":"la MSA Alpes du Nord s\u2019engage"},"content":{"rendered":"<p><a href=\"http:\/\/staging.sillon38.com\/wp-content\/uploads\/2017\/01\/17.png\"><img loading=\"lazy\" decoding=\"async\" class=\"aligncenter size-full wp-image-67730\" title=\"1\" src=\"http:\/\/staging.sillon38.com\/wp-content\/uploads\/2017\/01\/17.png\" alt=\"1\" width=\"597\" height=\"324\" srcset=\"https:\/\/www.sillon38.com\/blog\/wp-content\/uploads\/2017\/01\/17.png 597w, https:\/\/www.sillon38.com\/blog\/wp-content\/uploads\/2017\/01\/17-300x163.png 300w\" sizes=\"auto, (max-width: 597px) 100vw, 597px\" \/><\/a><a href=\"http:\/\/staging.sillon38.com\/wp-content\/uploads\/2017\/01\/3.png\"><img loading=\"lazy\" decoding=\"async\" class=\"aligncenter size-full wp-image-67731\" title=\"3\" src=\"http:\/\/staging.sillon38.com\/wp-content\/uploads\/2017\/01\/3.png\" alt=\"3\" width=\"598\" height=\"426\" srcset=\"https:\/\/www.sillon38.com\/blog\/wp-content\/uploads\/2017\/01\/3.png 598w, https:\/\/www.sillon38.com\/blog\/wp-content\/uploads\/2017\/01\/3-300x214.png 300w\" sizes=\"auto, (max-width: 598px) 100vw, 598px\" \/><\/a><span style=\"color: #003366;\"><em>De gauche \u00e0 droite : S\u00e9bastien Bismuth-Kimpe, directeur g\u00e9n\u00e9ral, Jean-Jacques Exertier, pr\u00e9sident et Thierry Girard, 1er vice pr\u00e9sident de la MSA Alpes du Nord<\/em><\/span><\/p>\n<p><span style=\"color: #003366;\"><em><a href=\"http:\/\/staging.sillon38.com\/wp-content\/uploads\/2017\/01\/2.png\"><img loading=\"lazy\" decoding=\"async\" class=\"aligncenter size-full wp-image-67732\" title=\"2\" src=\"http:\/\/staging.sillon38.com\/wp-content\/uploads\/2017\/01\/2.png\" alt=\"2\" width=\"598\" height=\"662\" srcset=\"https:\/\/www.sillon38.com\/blog\/wp-content\/uploads\/2017\/01\/2.png 598w, https:\/\/www.sillon38.com\/blog\/wp-content\/uploads\/2017\/01\/2-271x300.png 271w\" sizes=\"auto, (max-width: 598px) 100vw, 598px\" \/><\/a><br \/>\n<\/em><\/span><\/p>\n","protected":false},"excerpt":{"rendered":"<p>La convention d\u2019objectifs et de gestion (COG) de la MSA, sign\u00e9e entre l\u2019Etat et la Caisse centrale des<br \/>\nMSA, a \u00e9t\u00e9 d\u00e9clin\u00e9e pour chacune des 35 caisses du r\u00e9seau en contrat pluri-annuel de gestion (CPG).<br \/>\nCelui de la MSA Alpes du Nord a \u00e9t\u00e9 sign\u00e9 lors du dernier conseil d\u2019administration, \u00e0 Chamb\u00e9ry.<\/p>\n","protected":false},"author":2,"featured_media":0,"comment_status":"open","ping_status":"open","sticky":false,"template":"","format":"standard","meta":{"footnotes":""},"categories":[105],"tags":[3906],"class_list":["post-67728","post","type-post","status-publish","format-standard","hentry","category-msa","tag-msa-alpes-du-nord"],"yoast_head":"<!-- This site is optimized with the Yoast SEO plugin v27.5 - https:\/\/yoast.com\/product\/yoast-seo-wordpress\/ -->\n<title>la MSA Alpes du Nord s\u2019engage -<\/title>\n<meta name=\"robots\" content=\"index, follow, max-snippet:-1, max-image-preview:large, max-video-preview:-1\" \/>\n<link rel=\"canonical\" href=\"https:\/\/www.sillon38.com\/blog\/2017\/01\/22\/la-msa-alpes-du-nord-sengage\/\" \/>\n<meta property=\"og:locale\" content=\"fr_FR\" \/>\n<meta property=\"og:type\" content=\"article\" \/>\n<meta property=\"og:title\" content=\"la MSA Alpes du Nord s\u2019engage -\" \/>\n<meta property=\"og:description\" content=\"La convention d\u2019objectifs et de gestion (COG) de la MSA, sign\u00e9e entre l\u2019Etat et la Caisse centrale des MSA, a \u00e9t\u00e9 d\u00e9clin\u00e9e pour chacune des 35 caisses du r\u00e9seau en contrat pluri-annuel de gestion (CPG). Celui de la MSA Alpes du Nord a \u00e9t\u00e9 sign\u00e9 lors du dernier conseil d\u2019administration, \u00e0 Chamb\u00e9ry.\" \/>\n<meta property=\"og:url\" content=\"https:\/\/www.sillon38.com\/blog\/2017\/01\/22\/la-msa-alpes-du-nord-sengage\/\" \/>\n<meta property=\"article:published_time\" content=\"2017-01-22T14:06:56+00:00\" \/>\n<meta property=\"og:image\" content=\"http:\/\/staging.sillon38.com\/wp-content\/uploads\/2017\/01\/17.png\" \/>\n<meta name=\"author\" content=\"M Coeur\" \/>\n<meta name=\"twitter:card\" content=\"summary_large_image\" \/>\n<meta name=\"twitter:label1\" content=\"\u00c9crit par\" \/>\n\t<meta name=\"twitter:data1\" content=\"M Coeur\" \/>\n<script type=\"application\/ld+json\" class=\"yoast-schema-graph\">{\"@context\":\"https:\\\/\\\/schema.org\",\"@graph\":[{\"@type\":\"Article\",\"@id\":\"https:\\\/\\\/www.sillon38.com\\\/blog\\\/2017\\\/01\\\/22\\\/la-msa-alpes-du-nord-sengage\\\/#article\",\"isPartOf\":{\"@id\":\"https:\\\/\\\/www.sillon38.com\\\/blog\\\/2017\\\/01\\\/22\\\/la-msa-alpes-du-nord-sengage\\\/\"},\"author\":{\"name\":\"M Coeur\",\"@id\":\"https:\\\/\\\/www.sillon38.com\\\/blog\\\/#\\\/schema\\\/person\\\/72f06b5f0494d1edc8f4e5bf63651ff1\"},\"headline\":\"la MSA Alpes du Nord s\u2019engage\",\"datePublished\":\"2017-01-22T14:06:56+00:00\",\"mainEntityOfPage\":{\"@id\":\"https:\\\/\\\/www.sillon38.com\\\/blog\\\/2017\\\/01\\\/22\\\/la-msa-alpes-du-nord-sengage\\\/\"},\"wordCount\":34,\"commentCount\":0,\"image\":{\"@id\":\"https:\\\/\\\/www.sillon38.com\\\/blog\\\/2017\\\/01\\\/22\\\/la-msa-alpes-du-nord-sengage\\\/#primaryimage\"},\"thumbnailUrl\":\"http:\\\/\\\/staging.sillon38.com\\\/wp-content\\\/uploads\\\/2017\\\/01\\\/17.png\",\"keywords\":[\"msa Alpes du Nord\"],\"articleSection\":[\"msa\"],\"inLanguage\":\"fr-FR\",\"potentialAction\":[{\"@type\":\"CommentAction\",\"name\":\"Comment\",\"target\":[\"https:\\\/\\\/www.sillon38.com\\\/blog\\\/2017\\\/01\\\/22\\\/la-msa-alpes-du-nord-sengage\\\/#respond\"]}]},{\"@type\":\"WebPage\",\"@id\":\"https:\\\/\\\/www.sillon38.com\\\/blog\\\/2017\\\/01\\\/22\\\/la-msa-alpes-du-nord-sengage\\\/\",\"url\":\"https:\\\/\\\/www.sillon38.com\\\/blog\\\/2017\\\/01\\\/22\\\/la-msa-alpes-du-nord-sengage\\\/\",\"name\":\"la MSA Alpes du Nord s\u2019engage -\",\"isPartOf\":{\"@id\":\"https:\\\/\\\/www.sillon38.com\\\/blog\\\/#website\"},\"primaryImageOfPage\":{\"@id\":\"https:\\\/\\\/www.sillon38.com\\\/blog\\\/2017\\\/01\\\/22\\\/la-msa-alpes-du-nord-sengage\\\/#primaryimage\"},\"image\":{\"@id\":\"https:\\\/\\\/www.sillon38.com\\\/blog\\\/2017\\\/01\\\/22\\\/la-msa-alpes-du-nord-sengage\\\/#primaryimage\"},\"thumbnailUrl\":\"http:\\\/\\\/staging.sillon38.com\\\/wp-content\\\/uploads\\\/2017\\\/01\\\/17.png\",\"datePublished\":\"2017-01-22T14:06:56+00:00\",\"author\":{\"@id\":\"https:\\\/\\\/www.sillon38.com\\\/blog\\\/#\\\/schema\\\/person\\\/72f06b5f0494d1edc8f4e5bf63651ff1\"},\"breadcrumb\":{\"@id\":\"https:\\\/\\\/www.sillon38.com\\\/blog\\\/2017\\\/01\\\/22\\\/la-msa-alpes-du-nord-sengage\\\/#breadcrumb\"},\"inLanguage\":\"fr-FR\",\"potentialAction\":[{\"@type\":\"ReadAction\",\"target\":[\"https:\\\/\\\/www.sillon38.com\\\/blog\\\/2017\\\/01\\\/22\\\/la-msa-alpes-du-nord-sengage\\\/\"]}]},{\"@type\":\"ImageObject\",\"inLanguage\":\"fr-FR\",\"@id\":\"https:\\\/\\\/www.sillon38.com\\\/blog\\\/2017\\\/01\\\/22\\\/la-msa-alpes-du-nord-sengage\\\/#primaryimage\",\"url\":\"http:\\\/\\\/staging.sillon38.com\\\/wp-content\\\/uploads\\\/2017\\\/01\\\/17.png\",\"contentUrl\":\"http:\\\/\\\/staging.sillon38.com\\\/wp-content\\\/uploads\\\/2017\\\/01\\\/17.png\"},{\"@type\":\"BreadcrumbList\",\"@id\":\"https:\\\/\\\/www.sillon38.com\\\/blog\\\/2017\\\/01\\\/22\\\/la-msa-alpes-du-nord-sengage\\\/#breadcrumb\",\"itemListElement\":[{\"@type\":\"ListItem\",\"position\":1,\"name\":\"Accueil\",\"item\":\"https:\\\/\\\/www.sillon38.com\\\/blog\\\/\"},{\"@type\":\"ListItem\",\"position\":2,\"name\":\"la MSA Alpes du Nord s\u2019engage\"}]},{\"@type\":\"WebSite\",\"@id\":\"https:\\\/\\\/www.sillon38.com\\\/blog\\\/#website\",\"url\":\"https:\\\/\\\/www.sillon38.com\\\/blog\\\/\",\"name\":\"\",\"description\":\"Le journal du monde rural\",\"potentialAction\":[{\"@type\":\"SearchAction\",\"target\":{\"@type\":\"EntryPoint\",\"urlTemplate\":\"https:\\\/\\\/www.sillon38.com\\\/blog\\\/?s={search_term_string}\"},\"query-input\":{\"@type\":\"PropertyValueSpecification\",\"valueRequired\":true,\"valueName\":\"search_term_string\"}}],\"inLanguage\":\"fr-FR\"},{\"@type\":\"Person\",\"@id\":\"https:\\\/\\\/www.sillon38.com\\\/blog\\\/#\\\/schema\\\/person\\\/72f06b5f0494d1edc8f4e5bf63651ff1\",\"name\":\"M Coeur\"}]}<\/script>\n<!-- \/ Yoast SEO plugin. -->","yoast_head_json":{"title":"la MSA Alpes du Nord s\u2019engage -","robots":{"index":"index","follow":"follow","max-snippet":"max-snippet:-1","max-image-preview":"max-image-preview:large","max-video-preview":"max-video-preview:-1"},"canonical":"https:\/\/www.sillon38.com\/blog\/2017\/01\/22\/la-msa-alpes-du-nord-sengage\/","og_locale":"fr_FR","og_type":"article","og_title":"la MSA Alpes du Nord s\u2019engage -","og_description":"La convention d\u2019objectifs et de gestion (COG) de la MSA, sign\u00e9e entre l\u2019Etat et la Caisse centrale des MSA, a \u00e9t\u00e9 d\u00e9clin\u00e9e pour chacune des 35 caisses du r\u00e9seau en contrat pluri-annuel de gestion (CPG). Celui de la MSA Alpes du Nord a \u00e9t\u00e9 sign\u00e9 lors du dernier conseil d\u2019administration, \u00e0 Chamb\u00e9ry.","og_url":"https:\/\/www.sillon38.com\/blog\/2017\/01\/22\/la-msa-alpes-du-nord-sengage\/","article_published_time":"2017-01-22T14:06:56+00:00","og_image":[{"url":"http:\/\/staging.sillon38.com\/wp-content\/uploads\/2017\/01\/17.png","type":"","width":"","height":""}],"author":"M Coeur","twitter_card":"summary_large_image","twitter_misc":{"\u00c9crit par":"M Coeur"},"schema":{"@context":"https:\/\/schema.org","@graph":[{"@type":"Article","@id":"https:\/\/www.sillon38.com\/blog\/2017\/01\/22\/la-msa-alpes-du-nord-sengage\/#article","isPartOf":{"@id":"https:\/\/www.sillon38.com\/blog\/2017\/01\/22\/la-msa-alpes-du-nord-sengage\/"},"author":{"name":"M Coeur","@id":"https:\/\/www.sillon38.com\/blog\/#\/schema\/person\/72f06b5f0494d1edc8f4e5bf63651ff1"},"headline":"la MSA Alpes du Nord s\u2019engage","datePublished":"2017-01-22T14:06:56+00:00","mainEntityOfPage":{"@id":"https:\/\/www.sillon38.com\/blog\/2017\/01\/22\/la-msa-alpes-du-nord-sengage\/"},"wordCount":34,"commentCount":0,"image":{"@id":"https:\/\/www.sillon38.com\/blog\/2017\/01\/22\/la-msa-alpes-du-nord-sengage\/#primaryimage"},"thumbnailUrl":"http:\/\/staging.sillon38.com\/wp-content\/uploads\/2017\/01\/17.png","keywords":["msa Alpes du Nord"],"articleSection":["msa"],"inLanguage":"fr-FR","potentialAction":[{"@type":"CommentAction","name":"Comment","target":["https:\/\/www.sillon38.com\/blog\/2017\/01\/22\/la-msa-alpes-du-nord-sengage\/#respond"]}]},{"@type":"WebPage","@id":"https:\/\/www.sillon38.com\/blog\/2017\/01\/22\/la-msa-alpes-du-nord-sengage\/","url":"https:\/\/www.sillon38.com\/blog\/2017\/01\/22\/la-msa-alpes-du-nord-sengage\/","name":"la MSA Alpes du Nord s\u2019engage -","isPartOf":{"@id":"https:\/\/www.sillon38.com\/blog\/#website"},"primaryImageOfPage":{"@id":"https:\/\/www.sillon38.com\/blog\/2017\/01\/22\/la-msa-alpes-du-nord-sengage\/#primaryimage"},"image":{"@id":"https:\/\/www.sillon38.com\/blog\/2017\/01\/22\/la-msa-alpes-du-nord-sengage\/#primaryimage"},"thumbnailUrl":"http:\/\/staging.sillon38.com\/wp-content\/uploads\/2017\/01\/17.png","datePublished":"2017-01-22T14:06:56+00:00","author":{"@id":"https:\/\/www.sillon38.com\/blog\/#\/schema\/person\/72f06b5f0494d1edc8f4e5bf63651ff1"},"breadcrumb":{"@id":"https:\/\/www.sillon38.com\/blog\/2017\/01\/22\/la-msa-alpes-du-nord-sengage\/#breadcrumb"},"inLanguage":"fr-FR","potentialAction":[{"@type":"ReadAction","target":["https:\/\/www.sillon38.com\/blog\/2017\/01\/22\/la-msa-alpes-du-nord-sengage\/"]}]},{"@type":"ImageObject","inLanguage":"fr-FR","@id":"https:\/\/www.sillon38.com\/blog\/2017\/01\/22\/la-msa-alpes-du-nord-sengage\/#primaryimage","url":"http:\/\/staging.sillon38.com\/wp-content\/uploads\/2017\/01\/17.png","contentUrl":"http:\/\/staging.sillon38.com\/wp-content\/uploads\/2017\/01\/17.png"},{"@type":"BreadcrumbList","@id":"https:\/\/www.sillon38.com\/blog\/2017\/01\/22\/la-msa-alpes-du-nord-sengage\/#breadcrumb","itemListElement":[{"@type":"ListItem","position":1,"name":"Accueil","item":"https:\/\/www.sillon38.com\/blog\/"},{"@type":"ListItem","position":2,"name":"la MSA Alpes du Nord s\u2019engage"}]},{"@type":"WebSite","@id":"https:\/\/www.sillon38.com\/blog\/#website","url":"https:\/\/www.sillon38.com\/blog\/","name":"","description":"Le journal du monde rural","potentialAction":[{"@type":"SearchAction","target":{"@type":"EntryPoint","urlTemplate":"https:\/\/www.sillon38.com\/blog\/?s={search_term_string}"},"query-input":{"@type":"PropertyValueSpecification","valueRequired":true,"valueName":"search_term_string"}}],"inLanguage":"fr-FR"},{"@type":"Person","@id":"https:\/\/www.sillon38.com\/blog\/#\/schema\/person\/72f06b5f0494d1edc8f4e5bf63651ff1","name":"M Coeur"}]}},"_links":{"self":[{"href":"https:\/\/www.sillon38.com\/blog\/wp-json\/wp\/v2\/posts\/67728","targetHints":{"allow":["GET"]}}],"collection":[{"href":"https:\/\/www.sillon38.com\/blog\/wp-json\/wp\/v2\/posts"}],"about":[{"href":"https:\/\/www.sillon38.com\/blog\/wp-json\/wp\/v2\/types\/post"}],"author":[{"embeddable":true,"href":"https:\/\/www.sillon38.com\/blog\/wp-json\/wp\/v2\/users\/2"}],"replies":[{"embeddable":true,"href":"https:\/\/www.sillon38.com\/blog\/wp-json\/wp\/v2\/comments?post=67728"}],"version-history":[{"count":0,"href":"https:\/\/www.sillon38.com\/blog\/wp-json\/wp\/v2\/posts\/67728\/revisions"}],"wp:attachment":[{"href":"https:\/\/www.sillon38.com\/blog\/wp-json\/wp\/v2\/media?parent=67728"}],"wp:term":[{"taxonomy":"category","embeddable":true,"href":"https:\/\/www.sillon38.com\/blog\/wp-json\/wp\/v2\/categories?post=67728"},{"taxonomy":"post_tag","embeddable":true,"href":"https:\/\/www.sillon38.com\/blog\/wp-json\/wp\/v2\/tags?post=67728"}],"curies":[{"name":"wp","href":"https:\/\/api.w.org\/{rel}","templated":true}]}}