{"id":69023,"date":"2017-05-17T15:17:10","date_gmt":"2017-05-17T13:17:10","guid":{"rendered":"http:\/\/staging.sillon38.com\/?p=69023"},"modified":"2017-05-17T15:17:10","modified_gmt":"2017-05-17T13:17:10","slug":"jacques-mezard-ministre-de-lagriculture","status":"publish","type":"post","link":"https:\/\/www.sillon38.com\/blog\/2017\/05\/17\/jacques-mezard-ministre-de-lagriculture\/","title":{"rendered":"Jacques M\u00e9zard ministre de l&rsquo;agriculture"},"content":{"rendered":"<p><span style=\"color: #000080;\">Le premier ministre Edouard Philippe a nomm\u00e9 Jacques M\u00e9zard, ministre de l&rsquo;agriculture. Membre du Parti radical de gauche, il est s\u00e9nateur du Cantal depuis septembre 2008.<\/span><\/p>\n<p><span style=\"color: #000080;\">Ce radical de gauche, fid\u00e8le aux principes du radicalisme est un grand d\u00e9fenseur de la ruralit\u00e9.<\/span><\/p>\n<p><span style=\"color: #000080;\"><strong>Ici avec Emmanuel Macron \u00e0 Aurillac.<\/strong><\/span><img loading=\"lazy\" decoding=\"async\" class=\"aligncenter size-full wp-image-69026\" title=\"&amp;\" src=\"http:\/\/staging.sillon38.com\/wp-content\/uploads\/2017\/05\/png\" alt=\"&amp;\" width=\"398\" height=\"288\" \/><\/p>\n<p><span style=\"color: #000080;\"><strong>Voici la composition\u00a0 compl\u00e8te du gouvernement d&rsquo;Edouard Philippe :<\/strong><\/p>\n<p>Ministre de l&rsquo;Int\u00e9rieur :\u00a0 G\u00e9rard Collomb<\/p>\n<p>Ministre de la Transition \u00e9cologique : Nicolas Hulot<\/p>\n<p>Ministre de l&rsquo;Europe et des Affaires Etang\u00e8res : Jean Yves Le Drian<\/p>\n<p>Ministre de la Justice : Fran\u00e7ois Bayrou<\/p>\n<p>Ministre des Affaires europ\u00e9ennes : Marielle de Sarnez<\/p>\n<p>Ministre de la Coh\u00e9sion des territoires : Richard Ferrand<\/p>\n<p>Ministre de l&rsquo;Economie : Bruno Le Maire<\/p>\n<p>Ministre des Sports : Laura Flessel<\/p>\n<p>Ministre de l&rsquo;Education : Jean-Michel Blanquer<\/p>\n<p>Ministre de l&rsquo;Enseignement sup\u00e9rieur et de la Recherche : Fr\u00e9d\u00e9rique Vidal<\/p>\n<p>Ministre des Arm\u00e9es : Sylvie Goulard<\/p>\n<p>Ministre du Travail : Muriel Penicaud<\/p>\n<p>Ministre l&rsquo;Action et des Comptes Publics : G\u00e9rard Darmanin<\/p>\n<p>Ministre de la Sant\u00e9 : Agn\u00e8s Buzyn<\/p>\n<p>Ministre de la Culture : Fran\u00e7oise Nyssen<\/p>\n<p>Ministre de l&rsquo;Agriculture et de l&rsquo;Alimentation : Jacques M\u00e9zard<\/p>\n<p>Ministre charg\u00e9e des Transports : Elisabeth Borne<\/p>\n<p>Ministre des Outre-mer : Annick Girardin<\/p>\n<p>Secr\u00e9taire d&rsquo;Etat charg\u00e9 des Relations avec le Parlement, porte-parole du gouvernement : Christophe Castaner<\/p>\n<p>Secr\u00e9taire d&rsquo;Etat charg\u00e9e de l&rsquo;Egalit\u00e9 des femmes et des hommes : Marl\u00e8ne Schiappa<\/p>\n<p>Secr\u00e9taire d&rsquo;Etat charg\u00e9e des Personnes handicap\u00e9es : Sophie Cluzel<\/p>\n<p>Secr\u00e9taire d&rsquo;Etat charg\u00e9 du Num\u00e9rique : Mounir Mahjoubi<\/span><\/p>\n","protected":false},"excerpt":{"rendered":"<p>Le premier ministre a 2douard Philippe a nomm\u00e9 Jacques M\u00e9zard, ministre de l&rsquo;agriculture. Membre du Parti radical de gauche, il est s\u00e9nateur du Cantal depuis septembre 2008.<\/p>\n","protected":false},"author":2,"featured_media":0,"comment_status":"open","ping_status":"open","sticky":false,"template":"","format":"standard","meta":{"footnotes":""},"categories":[3],"tags":[1972,3042],"class_list":["post-69023","post","type-post","status-publish","format-standard","hentry","category-agriculture","tag-edouard-philippe","tag-jacques-mezard"],"yoast_head":"<!-- This site is optimized with the Yoast SEO plugin v27.5 - https:\/\/yoast.com\/product\/yoast-seo-wordpress\/ -->\n<title>Jacques M\u00e9zard ministre de l&#039;agriculture -<\/title>\n<meta name=\"robots\" content=\"index, follow, max-snippet:-1, max-image-preview:large, max-video-preview:-1\" \/>\n<link rel=\"canonical\" href=\"https:\/\/www.sillon38.com\/blog\/2017\/05\/17\/jacques-mezard-ministre-de-lagriculture\/\" \/>\n<meta property=\"og:locale\" content=\"fr_FR\" \/>\n<meta property=\"og:type\" content=\"article\" \/>\n<meta property=\"og:title\" content=\"Jacques M\u00e9zard ministre de l&#039;agriculture -\" \/>\n<meta property=\"og:description\" content=\"Le premier ministre a 2douard Philippe a nomm\u00e9 Jacques M\u00e9zard, ministre de l&#039;agriculture. Membre du Parti radical de gauche, il est s\u00e9nateur du Cantal depuis septembre 2008.\" \/>\n<meta property=\"og:url\" content=\"https:\/\/www.sillon38.com\/blog\/2017\/05\/17\/jacques-mezard-ministre-de-lagriculture\/\" \/>\n<meta property=\"article:published_time\" content=\"2017-05-17T13:17:10+00:00\" \/>\n<meta property=\"og:image\" content=\"http:\/\/staging.sillon38.com\/wp-content\/uploads\/2017\/05\/png\" \/>\n<meta name=\"author\" content=\"M Coeur\" \/>\n<meta name=\"twitter:card\" content=\"summary_large_image\" \/>\n<meta name=\"twitter:label1\" content=\"\u00c9crit par\" \/>\n\t<meta name=\"twitter:data1\" content=\"M Coeur\" \/>\n\t<meta name=\"twitter:label2\" content=\"Dur\u00e9e de lecture estim\u00e9e\" \/>\n\t<meta name=\"twitter:data2\" content=\"1 minute\" \/>\n<script type=\"application\/ld+json\" class=\"yoast-schema-graph\">{\"@context\":\"https:\\\/\\\/schema.org\",\"@graph\":[{\"@type\":\"Article\",\"@id\":\"https:\\\/\\\/www.sillon38.com\\\/blog\\\/2017\\\/05\\\/17\\\/jacques-mezard-ministre-de-lagriculture\\\/#article\",\"isPartOf\":{\"@id\":\"https:\\\/\\\/www.sillon38.com\\\/blog\\\/2017\\\/05\\\/17\\\/jacques-mezard-ministre-de-lagriculture\\\/\"},\"author\":{\"name\":\"M Coeur\",\"@id\":\"https:\\\/\\\/www.sillon38.com\\\/blog\\\/#\\\/schema\\\/person\\\/72f06b5f0494d1edc8f4e5bf63651ff1\"},\"headline\":\"Jacques M\u00e9zard ministre de l&rsquo;agriculture\",\"datePublished\":\"2017-05-17T13:17:10+00:00\",\"mainEntityOfPage\":{\"@id\":\"https:\\\/\\\/www.sillon38.com\\\/blog\\\/2017\\\/05\\\/17\\\/jacques-mezard-ministre-de-lagriculture\\\/\"},\"wordCount\":264,\"commentCount\":0,\"image\":{\"@id\":\"https:\\\/\\\/www.sillon38.com\\\/blog\\\/2017\\\/05\\\/17\\\/jacques-mezard-ministre-de-lagriculture\\\/#primaryimage\"},\"thumbnailUrl\":\"http:\\\/\\\/staging.sillon38.com\\\/wp-content\\\/uploads\\\/2017\\\/05\\\/png\",\"keywords\":[\"Edouard Philippe\",\"Jacques M\u00e9zard\"],\"articleSection\":[\"agriculture\"],\"inLanguage\":\"fr-FR\",\"potentialAction\":[{\"@type\":\"CommentAction\",\"name\":\"Comment\",\"target\":[\"https:\\\/\\\/www.sillon38.com\\\/blog\\\/2017\\\/05\\\/17\\\/jacques-mezard-ministre-de-lagriculture\\\/#respond\"]}]},{\"@type\":\"WebPage\",\"@id\":\"https:\\\/\\\/www.sillon38.com\\\/blog\\\/2017\\\/05\\\/17\\\/jacques-mezard-ministre-de-lagriculture\\\/\",\"url\":\"https:\\\/\\\/www.sillon38.com\\\/blog\\\/2017\\\/05\\\/17\\\/jacques-mezard-ministre-de-lagriculture\\\/\",\"name\":\"Jacques M\u00e9zard ministre de l'agriculture -\",\"isPartOf\":{\"@id\":\"https:\\\/\\\/www.sillon38.com\\\/blog\\\/#website\"},\"primaryImageOfPage\":{\"@id\":\"https:\\\/\\\/www.sillon38.com\\\/blog\\\/2017\\\/05\\\/17\\\/jacques-mezard-ministre-de-lagriculture\\\/#primaryimage\"},\"image\":{\"@id\":\"https:\\\/\\\/www.sillon38.com\\\/blog\\\/2017\\\/05\\\/17\\\/jacques-mezard-ministre-de-lagriculture\\\/#primaryimage\"},\"thumbnailUrl\":\"http:\\\/\\\/staging.sillon38.com\\\/wp-content\\\/uploads\\\/2017\\\/05\\\/png\",\"datePublished\":\"2017-05-17T13:17:10+00:00\",\"author\":{\"@id\":\"https:\\\/\\\/www.sillon38.com\\\/blog\\\/#\\\/schema\\\/person\\\/72f06b5f0494d1edc8f4e5bf63651ff1\"},\"breadcrumb\":{\"@id\":\"https:\\\/\\\/www.sillon38.com\\\/blog\\\/2017\\\/05\\\/17\\\/jacques-mezard-ministre-de-lagriculture\\\/#breadcrumb\"},\"inLanguage\":\"fr-FR\",\"potentialAction\":[{\"@type\":\"ReadAction\",\"target\":[\"https:\\\/\\\/www.sillon38.com\\\/blog\\\/2017\\\/05\\\/17\\\/jacques-mezard-ministre-de-lagriculture\\\/\"]}]},{\"@type\":\"ImageObject\",\"inLanguage\":\"fr-FR\",\"@id\":\"https:\\\/\\\/www.sillon38.com\\\/blog\\\/2017\\\/05\\\/17\\\/jacques-mezard-ministre-de-lagriculture\\\/#primaryimage\",\"url\":\"http:\\\/\\\/staging.sillon38.com\\\/wp-content\\\/uploads\\\/2017\\\/05\\\/png\",\"contentUrl\":\"http:\\\/\\\/staging.sillon38.com\\\/wp-content\\\/uploads\\\/2017\\\/05\\\/png\"},{\"@type\":\"BreadcrumbList\",\"@id\":\"https:\\\/\\\/www.sillon38.com\\\/blog\\\/2017\\\/05\\\/17\\\/jacques-mezard-ministre-de-lagriculture\\\/#breadcrumb\",\"itemListElement\":[{\"@type\":\"ListItem\",\"position\":1,\"name\":\"Accueil\",\"item\":\"https:\\\/\\\/www.sillon38.com\\\/blog\\\/\"},{\"@type\":\"ListItem\",\"position\":2,\"name\":\"Jacques M\u00e9zard ministre de l&rsquo;agriculture\"}]},{\"@type\":\"WebSite\",\"@id\":\"https:\\\/\\\/www.sillon38.com\\\/blog\\\/#website\",\"url\":\"https:\\\/\\\/www.sillon38.com\\\/blog\\\/\",\"name\":\"\",\"description\":\"Le journal du monde rural\",\"potentialAction\":[{\"@type\":\"SearchAction\",\"target\":{\"@type\":\"EntryPoint\",\"urlTemplate\":\"https:\\\/\\\/www.sillon38.com\\\/blog\\\/?s={search_term_string}\"},\"query-input\":{\"@type\":\"PropertyValueSpecification\",\"valueRequired\":true,\"valueName\":\"search_term_string\"}}],\"inLanguage\":\"fr-FR\"},{\"@type\":\"Person\",\"@id\":\"https:\\\/\\\/www.sillon38.com\\\/blog\\\/#\\\/schema\\\/person\\\/72f06b5f0494d1edc8f4e5bf63651ff1\",\"name\":\"M Coeur\"}]}<\/script>\n<!-- \/ Yoast SEO plugin. -->","yoast_head_json":{"title":"Jacques M\u00e9zard ministre de l'agriculture -","robots":{"index":"index","follow":"follow","max-snippet":"max-snippet:-1","max-image-preview":"max-image-preview:large","max-video-preview":"max-video-preview:-1"},"canonical":"https:\/\/www.sillon38.com\/blog\/2017\/05\/17\/jacques-mezard-ministre-de-lagriculture\/","og_locale":"fr_FR","og_type":"article","og_title":"Jacques M\u00e9zard ministre de l'agriculture -","og_description":"Le premier ministre a 2douard Philippe a nomm\u00e9 Jacques M\u00e9zard, ministre de l'agriculture. Membre du Parti radical de gauche, il est s\u00e9nateur du Cantal depuis septembre 2008.","og_url":"https:\/\/www.sillon38.com\/blog\/2017\/05\/17\/jacques-mezard-ministre-de-lagriculture\/","article_published_time":"2017-05-17T13:17:10+00:00","og_image":[{"url":"http:\/\/staging.sillon38.com\/wp-content\/uploads\/2017\/05\/png","type":"","width":"","height":""}],"author":"M Coeur","twitter_card":"summary_large_image","twitter_misc":{"\u00c9crit par":"M Coeur","Dur\u00e9e de lecture estim\u00e9e":"1 minute"},"schema":{"@context":"https:\/\/schema.org","@graph":[{"@type":"Article","@id":"https:\/\/www.sillon38.com\/blog\/2017\/05\/17\/jacques-mezard-ministre-de-lagriculture\/#article","isPartOf":{"@id":"https:\/\/www.sillon38.com\/blog\/2017\/05\/17\/jacques-mezard-ministre-de-lagriculture\/"},"author":{"name":"M Coeur","@id":"https:\/\/www.sillon38.com\/blog\/#\/schema\/person\/72f06b5f0494d1edc8f4e5bf63651ff1"},"headline":"Jacques M\u00e9zard ministre de l&rsquo;agriculture","datePublished":"2017-05-17T13:17:10+00:00","mainEntityOfPage":{"@id":"https:\/\/www.sillon38.com\/blog\/2017\/05\/17\/jacques-mezard-ministre-de-lagriculture\/"},"wordCount":264,"commentCount":0,"image":{"@id":"https:\/\/www.sillon38.com\/blog\/2017\/05\/17\/jacques-mezard-ministre-de-lagriculture\/#primaryimage"},"thumbnailUrl":"http:\/\/staging.sillon38.com\/wp-content\/uploads\/2017\/05\/png","keywords":["Edouard Philippe","Jacques M\u00e9zard"],"articleSection":["agriculture"],"inLanguage":"fr-FR","potentialAction":[{"@type":"CommentAction","name":"Comment","target":["https:\/\/www.sillon38.com\/blog\/2017\/05\/17\/jacques-mezard-ministre-de-lagriculture\/#respond"]}]},{"@type":"WebPage","@id":"https:\/\/www.sillon38.com\/blog\/2017\/05\/17\/jacques-mezard-ministre-de-lagriculture\/","url":"https:\/\/www.sillon38.com\/blog\/2017\/05\/17\/jacques-mezard-ministre-de-lagriculture\/","name":"Jacques M\u00e9zard ministre de l'agriculture -","isPartOf":{"@id":"https:\/\/www.sillon38.com\/blog\/#website"},"primaryImageOfPage":{"@id":"https:\/\/www.sillon38.com\/blog\/2017\/05\/17\/jacques-mezard-ministre-de-lagriculture\/#primaryimage"},"image":{"@id":"https:\/\/www.sillon38.com\/blog\/2017\/05\/17\/jacques-mezard-ministre-de-lagriculture\/#primaryimage"},"thumbnailUrl":"http:\/\/staging.sillon38.com\/wp-content\/uploads\/2017\/05\/png","datePublished":"2017-05-17T13:17:10+00:00","author":{"@id":"https:\/\/www.sillon38.com\/blog\/#\/schema\/person\/72f06b5f0494d1edc8f4e5bf63651ff1"},"breadcrumb":{"@id":"https:\/\/www.sillon38.com\/blog\/2017\/05\/17\/jacques-mezard-ministre-de-lagriculture\/#breadcrumb"},"inLanguage":"fr-FR","potentialAction":[{"@type":"ReadAction","target":["https:\/\/www.sillon38.com\/blog\/2017\/05\/17\/jacques-mezard-ministre-de-lagriculture\/"]}]},{"@type":"ImageObject","inLanguage":"fr-FR","@id":"https:\/\/www.sillon38.com\/blog\/2017\/05\/17\/jacques-mezard-ministre-de-lagriculture\/#primaryimage","url":"http:\/\/staging.sillon38.com\/wp-content\/uploads\/2017\/05\/png","contentUrl":"http:\/\/staging.sillon38.com\/wp-content\/uploads\/2017\/05\/png"},{"@type":"BreadcrumbList","@id":"https:\/\/www.sillon38.com\/blog\/2017\/05\/17\/jacques-mezard-ministre-de-lagriculture\/#breadcrumb","itemListElement":[{"@type":"ListItem","position":1,"name":"Accueil","item":"https:\/\/www.sillon38.com\/blog\/"},{"@type":"ListItem","position":2,"name":"Jacques M\u00e9zard ministre de l&rsquo;agriculture"}]},{"@type":"WebSite","@id":"https:\/\/www.sillon38.com\/blog\/#website","url":"https:\/\/www.sillon38.com\/blog\/","name":"","description":"Le journal du monde rural","potentialAction":[{"@type":"SearchAction","target":{"@type":"EntryPoint","urlTemplate":"https:\/\/www.sillon38.com\/blog\/?s={search_term_string}"},"query-input":{"@type":"PropertyValueSpecification","valueRequired":true,"valueName":"search_term_string"}}],"inLanguage":"fr-FR"},{"@type":"Person","@id":"https:\/\/www.sillon38.com\/blog\/#\/schema\/person\/72f06b5f0494d1edc8f4e5bf63651ff1","name":"M Coeur"}]}},"_links":{"self":[{"href":"https:\/\/www.sillon38.com\/blog\/wp-json\/wp\/v2\/posts\/69023","targetHints":{"allow":["GET"]}}],"collection":[{"href":"https:\/\/www.sillon38.com\/blog\/wp-json\/wp\/v2\/posts"}],"about":[{"href":"https:\/\/www.sillon38.com\/blog\/wp-json\/wp\/v2\/types\/post"}],"author":[{"embeddable":true,"href":"https:\/\/www.sillon38.com\/blog\/wp-json\/wp\/v2\/users\/2"}],"replies":[{"embeddable":true,"href":"https:\/\/www.sillon38.com\/blog\/wp-json\/wp\/v2\/comments?post=69023"}],"version-history":[{"count":0,"href":"https:\/\/www.sillon38.com\/blog\/wp-json\/wp\/v2\/posts\/69023\/revisions"}],"wp:attachment":[{"href":"https:\/\/www.sillon38.com\/blog\/wp-json\/wp\/v2\/media?parent=69023"}],"wp:term":[{"taxonomy":"category","embeddable":true,"href":"https:\/\/www.sillon38.com\/blog\/wp-json\/wp\/v2\/categories?post=69023"},{"taxonomy":"post_tag","embeddable":true,"href":"https:\/\/www.sillon38.com\/blog\/wp-json\/wp\/v2\/tags?post=69023"}],"curies":[{"name":"wp","href":"https:\/\/api.w.org\/{rel}","templated":true}]}}