{"id":74393,"date":"2018-06-06T22:02:31","date_gmt":"2018-06-06T20:02:31","guid":{"rendered":"http:\/\/staging.sillon38.com\/?p=74393"},"modified":"2018-06-06T22:02:31","modified_gmt":"2018-06-06T20:02:31","slug":"assemblee-generale-du-groupement-des-sylviculteurs-du-vercors-4-montagnes-2","status":"publish","type":"post","link":"https:\/\/www.sillon38.com\/blog\/2018\/06\/06\/assemblee-generale-du-groupement-des-sylviculteurs-du-vercors-4-montagnes-2\/","title":{"rendered":"Assembl\u00e9e g\u00e9n\u00e9rale du Groupement des sylviculteurs du Vercors 4 montagnes"},"content":{"rendered":"<p align=\"center\"><span style=\"color: #000080;\"><em><span style=\"text-decoration: underline;\">ASSEMBLEE GENERALE ORDINAIRE du GS4M<\/span><\/em><\/span><\/p>\n<p><span style=\"color: #000080;\"> <\/span><\/p>\n<p align=\"center\"><span style=\"color: #000080;\"><em><span style=\"text-decoration: underline;\"> <\/span><\/em><\/span><\/p>\n<p><span style=\"color: #000080;\"> <\/span><\/p>\n<p align=\"center\"><span style=\"color: #000080;\">Samedi 09 juin 2018<\/span><\/p>\n<p><span style=\"color: #000080;\"> <\/span><\/p>\n<p align=\"center\"><span style=\"color: #000080;\">A partir de 09 h 00<\/span><\/p>\n<p><span style=\"color: #000080;\"> <\/span><\/p>\n<p align=\"center\"><span style=\"color: #000080;\"> <\/span><\/p>\n<p><span style=\"color: #000080;\"> <\/span><\/p>\n<p align=\"center\"><span style=\"color: #000080;\">Mairie de Lans en Vercors \u2013 salle de projection<\/span><\/p>\n<p><span style=\"color: #000080;\"> <\/span><\/p>\n<p align=\"center\"><span style=\"color: #000080;\"> <\/span><\/p>\n<p><span style=\"color: #000080;\"> <\/span><\/p>\n<p align=\"center\"><span style=\"color: #000080;\"><strong><em><span style=\"text-decoration: underline;\">ORDRE DU JOUR<\/span><\/em><\/strong><\/span><\/p>\n<p><span style=\"color: #000080;\"> <\/span><\/p>\n<p align=\"center\"><span style=\"color: #000080;\"><strong><em><span style=\"text-decoration: underline;\"> <\/span><\/em><\/strong><\/span><\/p>\n<p><span style=\"color: #000080;\"> <\/span><\/p>\n<p><span style=\"color: #000080;\"><strong><span style=\"text-decoration: underline;\">09 H ACCUEIL DES PARTICIPANTS\u00a0:<\/span><\/strong><\/span><\/p>\n<p><span style=\"color: #000080;\"> <\/span><\/p>\n<p><span style=\"color: #000080;\"><strong><span style=\"text-decoration: underline;\"> <\/span><\/strong><\/span><\/p>\n<p><span style=\"color: #000080;\"> <\/span><\/p>\n<p><span style=\"color: #000080;\">&#8211;\u00a0\u00a0\u00a0\u00a0\u00a0\u00a0 Rapport moral et d\u2019activit\u00e9.<\/span><\/p>\n<p><span style=\"color: #000080;\"> <\/span><\/p>\n<p><span style=\"color: #000080;\">&#8211;\u00a0\u00a0\u00a0\u00a0\u00a0\u00a0 Pr\u00e9sentation des comptes 2017 \u2013 budget pr\u00e9visionnel 2018 &#8211;<\/span><\/p>\n<p><span style=\"color: #000080;\"> <\/span><\/p>\n<p><span style=\"color: #000080;\">&#8211;\u00a0\u00a0\u00a0\u00a0\u00a0\u00a0 Activit\u00e9 foresti\u00e8re 2017 pr\u00e9sent\u00e9e par Mathieu Delaygue technicien COFORET tendance des derniers cours du bois.<\/span><\/p>\n<p><span style=\"color: #000080;\"> <\/span><\/p>\n<p><span style=\"color: #000080;\">&#8211;\u00a0\u00a0\u00a0\u00a0\u00a0\u00a0 Renouvellement des administrateurs.<\/span><\/p>\n<p><span style=\"color: #000080;\"> <\/span><\/p>\n<p><span style=\"color: #000080;\">&#8211;\u00a0\u00a0\u00a0\u00a0\u00a0\u00a0 Intervention de G\u00e9rard Claudet \u2013 o\u00f9 en est la mise en place du Contr\u00f4le S\u00e9lectif.<\/span><\/p>\n<p><span style=\"color: #000080;\"> <\/span><\/p>\n<p><span style=\"color: #000080;\">&#8211;\u00a0\u00a0\u00a0\u00a0\u00a0\u00a0 Intervention de Denis Pellissier Technicien du CRPF.<\/span><\/p>\n<p><span style=\"color: #000080;\"> <\/span><\/p>\n<p><span style=\"color: #000080;\">&#8211;\u00a0\u00a0\u00a0\u00a0\u00a0\u00a0 Intervention du directeur de COFORET, M. PIET \u2013 le nouveau DEFI Foret \u2013<\/span><\/p>\n<p><span style=\"color: #000080;\"> <\/span><\/p>\n<p><span style=\"color: #000080;\">&#8211;\u00a0\u00a0\u00a0\u00a0\u00a0\u00a0 Projet tuteur\u00e9 avec les recherches effectu\u00e9es aupr\u00e8s des propri\u00e9taires par 4 stagiaires universitaires.<\/span><\/p>\n<p><span style=\"color: #000080;\"> <\/span><\/p>\n<p><span style=\"color: #000080;\">&#8211;\u00a0\u00a0\u00a0\u00a0\u00a0\u00a0 Questions diverses.<\/span><\/p>\n","protected":false},"excerpt":{"rendered":"<p>Elle se tiendra le samedi 9 juin \u00e0 Lans en Vercors<\/p>\n","protected":false},"author":2,"featured_media":0,"comment_status":"open","ping_status":"open","sticky":false,"template":"","format":"standard","meta":{"footnotes":""},"categories":[31],"tags":[2804],"class_list":["post-74393","post","type-post","status-publish","format-standard","hentry","category-foret-du-vercors","tag-groupement-des-sylviculteurs-du-vercors-4-montagnes"],"yoast_head":"<!-- This site is optimized with the Yoast SEO plugin v27.5 - https:\/\/yoast.com\/product\/yoast-seo-wordpress\/ -->\n<title>Assembl\u00e9e g\u00e9n\u00e9rale du Groupement des sylviculteurs du Vercors 4 montagnes -<\/title>\n<meta name=\"robots\" content=\"index, follow, max-snippet:-1, max-image-preview:large, max-video-preview:-1\" \/>\n<link rel=\"canonical\" href=\"https:\/\/www.sillon38.com\/blog\/2018\/06\/06\/assemblee-generale-du-groupement-des-sylviculteurs-du-vercors-4-montagnes-2\/\" \/>\n<meta property=\"og:locale\" content=\"fr_FR\" \/>\n<meta property=\"og:type\" content=\"article\" \/>\n<meta property=\"og:title\" content=\"Assembl\u00e9e g\u00e9n\u00e9rale du Groupement des sylviculteurs du Vercors 4 montagnes -\" \/>\n<meta property=\"og:description\" content=\"Elle se tiendra le samedi 9 juin \u00e0 Lans en Vercors\" \/>\n<meta property=\"og:url\" content=\"https:\/\/www.sillon38.com\/blog\/2018\/06\/06\/assemblee-generale-du-groupement-des-sylviculteurs-du-vercors-4-montagnes-2\/\" \/>\n<meta property=\"article:published_time\" content=\"2018-06-06T20:02:31+00:00\" \/>\n<meta name=\"author\" content=\"M Coeur\" \/>\n<meta name=\"twitter:card\" content=\"summary_large_image\" \/>\n<meta name=\"twitter:label1\" content=\"\u00c9crit par\" \/>\n\t<meta name=\"twitter:data1\" content=\"M Coeur\" \/>\n\t<meta name=\"twitter:label2\" content=\"Dur\u00e9e de lecture estim\u00e9e\" \/>\n\t<meta name=\"twitter:data2\" content=\"1 minute\" \/>\n<script type=\"application\/ld+json\" class=\"yoast-schema-graph\">{\"@context\":\"https:\\\/\\\/schema.org\",\"@graph\":[{\"@type\":\"Article\",\"@id\":\"https:\\\/\\\/www.sillon38.com\\\/blog\\\/2018\\\/06\\\/06\\\/assemblee-generale-du-groupement-des-sylviculteurs-du-vercors-4-montagnes-2\\\/#article\",\"isPartOf\":{\"@id\":\"https:\\\/\\\/www.sillon38.com\\\/blog\\\/2018\\\/06\\\/06\\\/assemblee-generale-du-groupement-des-sylviculteurs-du-vercors-4-montagnes-2\\\/\"},\"author\":{\"name\":\"M Coeur\",\"@id\":\"https:\\\/\\\/www.sillon38.com\\\/blog\\\/#\\\/schema\\\/person\\\/72f06b5f0494d1edc8f4e5bf63651ff1\"},\"headline\":\"Assembl\u00e9e g\u00e9n\u00e9rale du Groupement des sylviculteurs du Vercors 4 montagnes\",\"datePublished\":\"2018-06-06T20:02:31+00:00\",\"mainEntityOfPage\":{\"@id\":\"https:\\\/\\\/www.sillon38.com\\\/blog\\\/2018\\\/06\\\/06\\\/assemblee-generale-du-groupement-des-sylviculteurs-du-vercors-4-montagnes-2\\\/\"},\"wordCount\":133,\"commentCount\":0,\"keywords\":[\"Groupement des Sylviculteurs du Vercors 4 Montagnes\"],\"articleSection\":[\"for\u00eat du Vercors\"],\"inLanguage\":\"fr-FR\",\"potentialAction\":[{\"@type\":\"CommentAction\",\"name\":\"Comment\",\"target\":[\"https:\\\/\\\/www.sillon38.com\\\/blog\\\/2018\\\/06\\\/06\\\/assemblee-generale-du-groupement-des-sylviculteurs-du-vercors-4-montagnes-2\\\/#respond\"]}]},{\"@type\":\"WebPage\",\"@id\":\"https:\\\/\\\/www.sillon38.com\\\/blog\\\/2018\\\/06\\\/06\\\/assemblee-generale-du-groupement-des-sylviculteurs-du-vercors-4-montagnes-2\\\/\",\"url\":\"https:\\\/\\\/www.sillon38.com\\\/blog\\\/2018\\\/06\\\/06\\\/assemblee-generale-du-groupement-des-sylviculteurs-du-vercors-4-montagnes-2\\\/\",\"name\":\"Assembl\u00e9e g\u00e9n\u00e9rale du Groupement des sylviculteurs du Vercors 4 montagnes -\",\"isPartOf\":{\"@id\":\"https:\\\/\\\/www.sillon38.com\\\/blog\\\/#website\"},\"datePublished\":\"2018-06-06T20:02:31+00:00\",\"author\":{\"@id\":\"https:\\\/\\\/www.sillon38.com\\\/blog\\\/#\\\/schema\\\/person\\\/72f06b5f0494d1edc8f4e5bf63651ff1\"},\"breadcrumb\":{\"@id\":\"https:\\\/\\\/www.sillon38.com\\\/blog\\\/2018\\\/06\\\/06\\\/assemblee-generale-du-groupement-des-sylviculteurs-du-vercors-4-montagnes-2\\\/#breadcrumb\"},\"inLanguage\":\"fr-FR\",\"potentialAction\":[{\"@type\":\"ReadAction\",\"target\":[\"https:\\\/\\\/www.sillon38.com\\\/blog\\\/2018\\\/06\\\/06\\\/assemblee-generale-du-groupement-des-sylviculteurs-du-vercors-4-montagnes-2\\\/\"]}]},{\"@type\":\"BreadcrumbList\",\"@id\":\"https:\\\/\\\/www.sillon38.com\\\/blog\\\/2018\\\/06\\\/06\\\/assemblee-generale-du-groupement-des-sylviculteurs-du-vercors-4-montagnes-2\\\/#breadcrumb\",\"itemListElement\":[{\"@type\":\"ListItem\",\"position\":1,\"name\":\"Accueil\",\"item\":\"https:\\\/\\\/www.sillon38.com\\\/blog\\\/\"},{\"@type\":\"ListItem\",\"position\":2,\"name\":\"Assembl\u00e9e g\u00e9n\u00e9rale du Groupement des sylviculteurs du Vercors 4 montagnes\"}]},{\"@type\":\"WebSite\",\"@id\":\"https:\\\/\\\/www.sillon38.com\\\/blog\\\/#website\",\"url\":\"https:\\\/\\\/www.sillon38.com\\\/blog\\\/\",\"name\":\"\",\"description\":\"Le journal du monde rural\",\"potentialAction\":[{\"@type\":\"SearchAction\",\"target\":{\"@type\":\"EntryPoint\",\"urlTemplate\":\"https:\\\/\\\/www.sillon38.com\\\/blog\\\/?s={search_term_string}\"},\"query-input\":{\"@type\":\"PropertyValueSpecification\",\"valueRequired\":true,\"valueName\":\"search_term_string\"}}],\"inLanguage\":\"fr-FR\"},{\"@type\":\"Person\",\"@id\":\"https:\\\/\\\/www.sillon38.com\\\/blog\\\/#\\\/schema\\\/person\\\/72f06b5f0494d1edc8f4e5bf63651ff1\",\"name\":\"M Coeur\"}]}<\/script>\n<!-- \/ Yoast SEO plugin. -->","yoast_head_json":{"title":"Assembl\u00e9e g\u00e9n\u00e9rale du Groupement des sylviculteurs du Vercors 4 montagnes -","robots":{"index":"index","follow":"follow","max-snippet":"max-snippet:-1","max-image-preview":"max-image-preview:large","max-video-preview":"max-video-preview:-1"},"canonical":"https:\/\/www.sillon38.com\/blog\/2018\/06\/06\/assemblee-generale-du-groupement-des-sylviculteurs-du-vercors-4-montagnes-2\/","og_locale":"fr_FR","og_type":"article","og_title":"Assembl\u00e9e g\u00e9n\u00e9rale du Groupement des sylviculteurs du Vercors 4 montagnes -","og_description":"Elle se tiendra le samedi 9 juin \u00e0 Lans en Vercors","og_url":"https:\/\/www.sillon38.com\/blog\/2018\/06\/06\/assemblee-generale-du-groupement-des-sylviculteurs-du-vercors-4-montagnes-2\/","article_published_time":"2018-06-06T20:02:31+00:00","author":"M Coeur","twitter_card":"summary_large_image","twitter_misc":{"\u00c9crit par":"M Coeur","Dur\u00e9e de lecture estim\u00e9e":"1 minute"},"schema":{"@context":"https:\/\/schema.org","@graph":[{"@type":"Article","@id":"https:\/\/www.sillon38.com\/blog\/2018\/06\/06\/assemblee-generale-du-groupement-des-sylviculteurs-du-vercors-4-montagnes-2\/#article","isPartOf":{"@id":"https:\/\/www.sillon38.com\/blog\/2018\/06\/06\/assemblee-generale-du-groupement-des-sylviculteurs-du-vercors-4-montagnes-2\/"},"author":{"name":"M Coeur","@id":"https:\/\/www.sillon38.com\/blog\/#\/schema\/person\/72f06b5f0494d1edc8f4e5bf63651ff1"},"headline":"Assembl\u00e9e g\u00e9n\u00e9rale du Groupement des sylviculteurs du Vercors 4 montagnes","datePublished":"2018-06-06T20:02:31+00:00","mainEntityOfPage":{"@id":"https:\/\/www.sillon38.com\/blog\/2018\/06\/06\/assemblee-generale-du-groupement-des-sylviculteurs-du-vercors-4-montagnes-2\/"},"wordCount":133,"commentCount":0,"keywords":["Groupement des Sylviculteurs du Vercors 4 Montagnes"],"articleSection":["for\u00eat du Vercors"],"inLanguage":"fr-FR","potentialAction":[{"@type":"CommentAction","name":"Comment","target":["https:\/\/www.sillon38.com\/blog\/2018\/06\/06\/assemblee-generale-du-groupement-des-sylviculteurs-du-vercors-4-montagnes-2\/#respond"]}]},{"@type":"WebPage","@id":"https:\/\/www.sillon38.com\/blog\/2018\/06\/06\/assemblee-generale-du-groupement-des-sylviculteurs-du-vercors-4-montagnes-2\/","url":"https:\/\/www.sillon38.com\/blog\/2018\/06\/06\/assemblee-generale-du-groupement-des-sylviculteurs-du-vercors-4-montagnes-2\/","name":"Assembl\u00e9e g\u00e9n\u00e9rale du Groupement des sylviculteurs du Vercors 4 montagnes -","isPartOf":{"@id":"https:\/\/www.sillon38.com\/blog\/#website"},"datePublished":"2018-06-06T20:02:31+00:00","author":{"@id":"https:\/\/www.sillon38.com\/blog\/#\/schema\/person\/72f06b5f0494d1edc8f4e5bf63651ff1"},"breadcrumb":{"@id":"https:\/\/www.sillon38.com\/blog\/2018\/06\/06\/assemblee-generale-du-groupement-des-sylviculteurs-du-vercors-4-montagnes-2\/#breadcrumb"},"inLanguage":"fr-FR","potentialAction":[{"@type":"ReadAction","target":["https:\/\/www.sillon38.com\/blog\/2018\/06\/06\/assemblee-generale-du-groupement-des-sylviculteurs-du-vercors-4-montagnes-2\/"]}]},{"@type":"BreadcrumbList","@id":"https:\/\/www.sillon38.com\/blog\/2018\/06\/06\/assemblee-generale-du-groupement-des-sylviculteurs-du-vercors-4-montagnes-2\/#breadcrumb","itemListElement":[{"@type":"ListItem","position":1,"name":"Accueil","item":"https:\/\/www.sillon38.com\/blog\/"},{"@type":"ListItem","position":2,"name":"Assembl\u00e9e g\u00e9n\u00e9rale du Groupement des sylviculteurs du Vercors 4 montagnes"}]},{"@type":"WebSite","@id":"https:\/\/www.sillon38.com\/blog\/#website","url":"https:\/\/www.sillon38.com\/blog\/","name":"","description":"Le journal du monde rural","potentialAction":[{"@type":"SearchAction","target":{"@type":"EntryPoint","urlTemplate":"https:\/\/www.sillon38.com\/blog\/?s={search_term_string}"},"query-input":{"@type":"PropertyValueSpecification","valueRequired":true,"valueName":"search_term_string"}}],"inLanguage":"fr-FR"},{"@type":"Person","@id":"https:\/\/www.sillon38.com\/blog\/#\/schema\/person\/72f06b5f0494d1edc8f4e5bf63651ff1","name":"M Coeur"}]}},"_links":{"self":[{"href":"https:\/\/www.sillon38.com\/blog\/wp-json\/wp\/v2\/posts\/74393","targetHints":{"allow":["GET"]}}],"collection":[{"href":"https:\/\/www.sillon38.com\/blog\/wp-json\/wp\/v2\/posts"}],"about":[{"href":"https:\/\/www.sillon38.com\/blog\/wp-json\/wp\/v2\/types\/post"}],"author":[{"embeddable":true,"href":"https:\/\/www.sillon38.com\/blog\/wp-json\/wp\/v2\/users\/2"}],"replies":[{"embeddable":true,"href":"https:\/\/www.sillon38.com\/blog\/wp-json\/wp\/v2\/comments?post=74393"}],"version-history":[{"count":0,"href":"https:\/\/www.sillon38.com\/blog\/wp-json\/wp\/v2\/posts\/74393\/revisions"}],"wp:attachment":[{"href":"https:\/\/www.sillon38.com\/blog\/wp-json\/wp\/v2\/media?parent=74393"}],"wp:term":[{"taxonomy":"category","embeddable":true,"href":"https:\/\/www.sillon38.com\/blog\/wp-json\/wp\/v2\/categories?post=74393"},{"taxonomy":"post_tag","embeddable":true,"href":"https:\/\/www.sillon38.com\/blog\/wp-json\/wp\/v2\/tags?post=74393"}],"curies":[{"name":"wp","href":"https:\/\/api.w.org\/{rel}","templated":true}]}}