{"id":77663,"date":"2020-03-18T12:34:57","date_gmt":"2020-03-18T10:34:57","guid":{"rendered":"http:\/\/staging.sillon38.com\/?p=77663"},"modified":"2020-03-18T12:34:57","modified_gmt":"2020-03-18T10:34:57","slug":"coronavirus-le-monde-agricole-en-action-pas-de-penurie","status":"publish","type":"post","link":"https:\/\/www.sillon38.com\/blog\/2020\/03\/18\/coronavirus-le-monde-agricole-en-action-pas-de-penurie\/","title":{"rendered":"Coronavirus, le monde agricole en action : Pas de p\u00e9nurie!!!"},"content":{"rendered":"<p style=\"text-align: justify;\"><span style=\"color: #000080;\">A l\u2019heure o\u00f9 la France est \u00e0 l\u2019arr\u00eat,  certaines professions sont au front tels que les agriculteurs qui  travaillent pour remplir nos assiettes.<\/span><\/p>\n<p><span style=\"color: #000080;\"> <\/span><\/p>\n<p><span style=\"color: #000080;\"> Fran\u00e7ois WALRAET, c\u00e9r\u00e9alier \u00e0 St  Christophe, vice-pr\u00e9sident du syndicat\u00a0 Coordination Rurale Auvergne  Rh\u00f4ne Alpes (CR AuRA) t\u00e9moigne : <\/span><\/p>\n<p style=\"text-align: justify;\"><span style=\"color: #000080;\">\u00ab Notre profession exige que nous soyons  pr\u00e9sents en permanence sur nos exploitations. Malades ou non, nous  devrons \u00eatre pr\u00e9sents pour assurer les diverses productions que ce soit  les c\u00e9r\u00e9ales, les fruits et l\u00e9gumes, le lait, le fromage&#8230;. Quand on  voit les rayons d\u00e9valis\u00e9s, nous tenons \u00e0 transmettre un message aux  fran\u00e7ais: les agriculteurs sont garants de la s\u00e9curit\u00e9 alimentaire, il n\u2019y aura pas de p\u00e9nurie !<\/span><\/p>\n<p><span style=\"color: #000080;\"> <\/span><\/p>\n<p style=\"text-align: justify;\"><span style=\"color: #000080;\">Malgr\u00e9 nos faibles revenus et nos  moments de d\u00e9couragement, nous sommes passionn\u00e9s par notre m\u00e9tier et la  France peut compter sur nous. \u00bb<\/span><\/p>\n<p><span style=\"color: #000080;\"> <\/span><\/p>\n<p><span style=\"color: #000080;\"> Jean-Louis OGIER , pr\u00e9sident de la CR AuRA approuve ces propos en rappelant que : <\/span><\/p>\n<p style=\"text-align: justify;\"><span style=\"color: #000080;\">\u00ab Nous avons la chance d\u2019avoir en France  une agriculture de proximit\u00e9 capable de fournir une alimentation de  qualit\u00e9. Nous la d\u00e9fendons chaque jour depuis nombre d\u2019ann\u00e9es et de tels  \u00e9v\u00e9nements d\u00e9montrent avec force la puissance et l\u2019utilit\u00e9 de  l\u2019autonomie alimentaire comme l\u2019a soulign\u00e9 Emmanuel Macron la semaine  derni\u00e8re.<\/span><\/p>\n<p style=\"text-align: justify;\"><span style=\"color: #000080;\"> Nous d\u00e9fendons d\u2019ailleurs depuis le d\u00e9but de notre existence le principe d\u2019exception agriculturelle  (reconnue en France depuis 1994 sous le vocable d\u2019exception culturelle  pour le domaine de la culture) qui permettrait \u00e0 chaque pays de  d\u00e9connecter ses prix agricoles des cours mondiaux. Nous \u00e9viterions ainsi  que nos agriculteurs disparaissent en vendant \u00e0 perte et nous pourrions  s\u00e9curiser les prix \u00e0 la consommation. \u00bb<\/span><\/p>\n<p style=\"text-align: justify;\"><span style=\"color: #000080;\">Et de rajouter: \u00a0\u00bb il faut porter \u00e0 la connaissance des consommateurs que les magasins de producteurs, vente \u00e0 la ferme fonctionnent comme d&rsquo;habitude..sont aliment\u00e9s.. Il suffit juste aux clients de respecter les pr\u00e9cautions mises en place..se tenir \u00e0 un m\u00e8tre l&rsquo;un de l&rsquo;autre etc..\u00a0\u00bb<br \/>\n<\/span><\/p>\n<p><span style=\"color: #000080;\"> <\/span><\/p>\n<p><span style=\"color: #000080;\"> Enfin, Joris MIACHON, repr\u00e9sentant de  la section jeune de la Coordination rurale et arboriculteur en Dr\u00f4me,  conclu en affirmant que les agriculteurs regrettent vivement qu\u2019il  faille \u00eatre confront\u00e9 \u00e0 une telle \u00e9pid\u00e9mie pour retrouver enfin le bon  sens et remettre des valeurs essentielles au centre des enjeux comme la  pr\u00e9servation de notre agriculture fran\u00e7aise et notre s\u00e9curit\u00e9 et ind\u00e9pendance alimentaire pour lesquelles tous les agriculteurs des  diff\u00e9rentes fili\u00e8res restent mobiliser.<\/span><\/p>\n","protected":false},"excerpt":{"rendered":"<p>A l\u2019heure o\u00f9 la France est \u00e0 l\u2019arr\u00eat, certaines professions sont au front tels que les agriculteurs qui travaillent pour remplir nos assiettes. <\/p>\n","protected":false},"author":2,"featured_media":0,"comment_status":"open","ping_status":"open","sticky":false,"template":"","format":"standard","meta":{"footnotes":""},"categories":[63],"tags":[1590,1609,3105],"class_list":["post-77663","post","type-post","status-publish","format-standard","hentry","category-questionsdactualite","tag-coordination-rurale","tag-coronavirus","tag-jean-louis-ogier"],"yoast_head":"<!-- This site is optimized with the Yoast SEO plugin v27.5 - https:\/\/yoast.com\/product\/yoast-seo-wordpress\/ -->\n<title>Coronavirus, le monde agricole en action : Pas de p\u00e9nurie!!! -<\/title>\n<meta name=\"robots\" content=\"index, follow, max-snippet:-1, max-image-preview:large, max-video-preview:-1\" \/>\n<link rel=\"canonical\" href=\"https:\/\/www.sillon38.com\/blog\/2020\/03\/18\/coronavirus-le-monde-agricole-en-action-pas-de-penurie\/\" \/>\n<meta property=\"og:locale\" content=\"fr_FR\" \/>\n<meta property=\"og:type\" content=\"article\" \/>\n<meta property=\"og:title\" content=\"Coronavirus, le monde agricole en action : Pas de p\u00e9nurie!!! -\" \/>\n<meta property=\"og:description\" content=\"A l\u2019heure o\u00f9 la France est \u00e0 l\u2019arr\u00eat, certaines professions sont au front tels que les agriculteurs qui travaillent pour remplir nos assiettes.\" \/>\n<meta property=\"og:url\" content=\"https:\/\/www.sillon38.com\/blog\/2020\/03\/18\/coronavirus-le-monde-agricole-en-action-pas-de-penurie\/\" \/>\n<meta property=\"article:published_time\" content=\"2020-03-18T10:34:57+00:00\" \/>\n<meta name=\"author\" content=\"M Coeur\" \/>\n<meta name=\"twitter:card\" content=\"summary_large_image\" \/>\n<meta name=\"twitter:label1\" content=\"\u00c9crit par\" \/>\n\t<meta name=\"twitter:data1\" content=\"M Coeur\" \/>\n\t<meta name=\"twitter:label2\" content=\"Dur\u00e9e de lecture estim\u00e9e\" \/>\n\t<meta name=\"twitter:data2\" content=\"2 minutes\" \/>\n<script type=\"application\/ld+json\" class=\"yoast-schema-graph\">{\"@context\":\"https:\\\/\\\/schema.org\",\"@graph\":[{\"@type\":\"Article\",\"@id\":\"https:\\\/\\\/www.sillon38.com\\\/blog\\\/2020\\\/03\\\/18\\\/coronavirus-le-monde-agricole-en-action-pas-de-penurie\\\/#article\",\"isPartOf\":{\"@id\":\"https:\\\/\\\/www.sillon38.com\\\/blog\\\/2020\\\/03\\\/18\\\/coronavirus-le-monde-agricole-en-action-pas-de-penurie\\\/\"},\"author\":{\"name\":\"M Coeur\",\"@id\":\"https:\\\/\\\/www.sillon38.com\\\/blog\\\/#\\\/schema\\\/person\\\/72f06b5f0494d1edc8f4e5bf63651ff1\"},\"headline\":\"Coronavirus, le monde agricole en action : Pas de p\u00e9nurie!!!\",\"datePublished\":\"2020-03-18T10:34:57+00:00\",\"mainEntityOfPage\":{\"@id\":\"https:\\\/\\\/www.sillon38.com\\\/blog\\\/2020\\\/03\\\/18\\\/coronavirus-le-monde-agricole-en-action-pas-de-penurie\\\/\"},\"wordCount\":422,\"commentCount\":0,\"keywords\":[\"coordination rurale\",\"CORONAVIRUS\",\"Jean-Louis OGIER\"],\"articleSection\":[\"questions d'actualit\u00e9\"],\"inLanguage\":\"fr-FR\",\"potentialAction\":[{\"@type\":\"CommentAction\",\"name\":\"Comment\",\"target\":[\"https:\\\/\\\/www.sillon38.com\\\/blog\\\/2020\\\/03\\\/18\\\/coronavirus-le-monde-agricole-en-action-pas-de-penurie\\\/#respond\"]}]},{\"@type\":\"WebPage\",\"@id\":\"https:\\\/\\\/www.sillon38.com\\\/blog\\\/2020\\\/03\\\/18\\\/coronavirus-le-monde-agricole-en-action-pas-de-penurie\\\/\",\"url\":\"https:\\\/\\\/www.sillon38.com\\\/blog\\\/2020\\\/03\\\/18\\\/coronavirus-le-monde-agricole-en-action-pas-de-penurie\\\/\",\"name\":\"Coronavirus, le monde agricole en action : Pas de p\u00e9nurie!!! -\",\"isPartOf\":{\"@id\":\"https:\\\/\\\/www.sillon38.com\\\/blog\\\/#website\"},\"datePublished\":\"2020-03-18T10:34:57+00:00\",\"author\":{\"@id\":\"https:\\\/\\\/www.sillon38.com\\\/blog\\\/#\\\/schema\\\/person\\\/72f06b5f0494d1edc8f4e5bf63651ff1\"},\"breadcrumb\":{\"@id\":\"https:\\\/\\\/www.sillon38.com\\\/blog\\\/2020\\\/03\\\/18\\\/coronavirus-le-monde-agricole-en-action-pas-de-penurie\\\/#breadcrumb\"},\"inLanguage\":\"fr-FR\",\"potentialAction\":[{\"@type\":\"ReadAction\",\"target\":[\"https:\\\/\\\/www.sillon38.com\\\/blog\\\/2020\\\/03\\\/18\\\/coronavirus-le-monde-agricole-en-action-pas-de-penurie\\\/\"]}]},{\"@type\":\"BreadcrumbList\",\"@id\":\"https:\\\/\\\/www.sillon38.com\\\/blog\\\/2020\\\/03\\\/18\\\/coronavirus-le-monde-agricole-en-action-pas-de-penurie\\\/#breadcrumb\",\"itemListElement\":[{\"@type\":\"ListItem\",\"position\":1,\"name\":\"Accueil\",\"item\":\"https:\\\/\\\/www.sillon38.com\\\/blog\\\/\"},{\"@type\":\"ListItem\",\"position\":2,\"name\":\"Coronavirus, le monde agricole en action : Pas de p\u00e9nurie!!!\"}]},{\"@type\":\"WebSite\",\"@id\":\"https:\\\/\\\/www.sillon38.com\\\/blog\\\/#website\",\"url\":\"https:\\\/\\\/www.sillon38.com\\\/blog\\\/\",\"name\":\"\",\"description\":\"Le journal du monde rural\",\"potentialAction\":[{\"@type\":\"SearchAction\",\"target\":{\"@type\":\"EntryPoint\",\"urlTemplate\":\"https:\\\/\\\/www.sillon38.com\\\/blog\\\/?s={search_term_string}\"},\"query-input\":{\"@type\":\"PropertyValueSpecification\",\"valueRequired\":true,\"valueName\":\"search_term_string\"}}],\"inLanguage\":\"fr-FR\"},{\"@type\":\"Person\",\"@id\":\"https:\\\/\\\/www.sillon38.com\\\/blog\\\/#\\\/schema\\\/person\\\/72f06b5f0494d1edc8f4e5bf63651ff1\",\"name\":\"M Coeur\"}]}<\/script>\n<!-- \/ Yoast SEO plugin. -->","yoast_head_json":{"title":"Coronavirus, le monde agricole en action : Pas de p\u00e9nurie!!! -","robots":{"index":"index","follow":"follow","max-snippet":"max-snippet:-1","max-image-preview":"max-image-preview:large","max-video-preview":"max-video-preview:-1"},"canonical":"https:\/\/www.sillon38.com\/blog\/2020\/03\/18\/coronavirus-le-monde-agricole-en-action-pas-de-penurie\/","og_locale":"fr_FR","og_type":"article","og_title":"Coronavirus, le monde agricole en action : Pas de p\u00e9nurie!!! -","og_description":"A l\u2019heure o\u00f9 la France est \u00e0 l\u2019arr\u00eat, certaines professions sont au front tels que les agriculteurs qui travaillent pour remplir nos assiettes.","og_url":"https:\/\/www.sillon38.com\/blog\/2020\/03\/18\/coronavirus-le-monde-agricole-en-action-pas-de-penurie\/","article_published_time":"2020-03-18T10:34:57+00:00","author":"M Coeur","twitter_card":"summary_large_image","twitter_misc":{"\u00c9crit par":"M Coeur","Dur\u00e9e de lecture estim\u00e9e":"2 minutes"},"schema":{"@context":"https:\/\/schema.org","@graph":[{"@type":"Article","@id":"https:\/\/www.sillon38.com\/blog\/2020\/03\/18\/coronavirus-le-monde-agricole-en-action-pas-de-penurie\/#article","isPartOf":{"@id":"https:\/\/www.sillon38.com\/blog\/2020\/03\/18\/coronavirus-le-monde-agricole-en-action-pas-de-penurie\/"},"author":{"name":"M Coeur","@id":"https:\/\/www.sillon38.com\/blog\/#\/schema\/person\/72f06b5f0494d1edc8f4e5bf63651ff1"},"headline":"Coronavirus, le monde agricole en action : Pas de p\u00e9nurie!!!","datePublished":"2020-03-18T10:34:57+00:00","mainEntityOfPage":{"@id":"https:\/\/www.sillon38.com\/blog\/2020\/03\/18\/coronavirus-le-monde-agricole-en-action-pas-de-penurie\/"},"wordCount":422,"commentCount":0,"keywords":["coordination rurale","CORONAVIRUS","Jean-Louis OGIER"],"articleSection":["questions d'actualit\u00e9"],"inLanguage":"fr-FR","potentialAction":[{"@type":"CommentAction","name":"Comment","target":["https:\/\/www.sillon38.com\/blog\/2020\/03\/18\/coronavirus-le-monde-agricole-en-action-pas-de-penurie\/#respond"]}]},{"@type":"WebPage","@id":"https:\/\/www.sillon38.com\/blog\/2020\/03\/18\/coronavirus-le-monde-agricole-en-action-pas-de-penurie\/","url":"https:\/\/www.sillon38.com\/blog\/2020\/03\/18\/coronavirus-le-monde-agricole-en-action-pas-de-penurie\/","name":"Coronavirus, le monde agricole en action : Pas de p\u00e9nurie!!! -","isPartOf":{"@id":"https:\/\/www.sillon38.com\/blog\/#website"},"datePublished":"2020-03-18T10:34:57+00:00","author":{"@id":"https:\/\/www.sillon38.com\/blog\/#\/schema\/person\/72f06b5f0494d1edc8f4e5bf63651ff1"},"breadcrumb":{"@id":"https:\/\/www.sillon38.com\/blog\/2020\/03\/18\/coronavirus-le-monde-agricole-en-action-pas-de-penurie\/#breadcrumb"},"inLanguage":"fr-FR","potentialAction":[{"@type":"ReadAction","target":["https:\/\/www.sillon38.com\/blog\/2020\/03\/18\/coronavirus-le-monde-agricole-en-action-pas-de-penurie\/"]}]},{"@type":"BreadcrumbList","@id":"https:\/\/www.sillon38.com\/blog\/2020\/03\/18\/coronavirus-le-monde-agricole-en-action-pas-de-penurie\/#breadcrumb","itemListElement":[{"@type":"ListItem","position":1,"name":"Accueil","item":"https:\/\/www.sillon38.com\/blog\/"},{"@type":"ListItem","position":2,"name":"Coronavirus, le monde agricole en action : Pas de p\u00e9nurie!!!"}]},{"@type":"WebSite","@id":"https:\/\/www.sillon38.com\/blog\/#website","url":"https:\/\/www.sillon38.com\/blog\/","name":"","description":"Le journal du monde rural","potentialAction":[{"@type":"SearchAction","target":{"@type":"EntryPoint","urlTemplate":"https:\/\/www.sillon38.com\/blog\/?s={search_term_string}"},"query-input":{"@type":"PropertyValueSpecification","valueRequired":true,"valueName":"search_term_string"}}],"inLanguage":"fr-FR"},{"@type":"Person","@id":"https:\/\/www.sillon38.com\/blog\/#\/schema\/person\/72f06b5f0494d1edc8f4e5bf63651ff1","name":"M Coeur"}]}},"_links":{"self":[{"href":"https:\/\/www.sillon38.com\/blog\/wp-json\/wp\/v2\/posts\/77663","targetHints":{"allow":["GET"]}}],"collection":[{"href":"https:\/\/www.sillon38.com\/blog\/wp-json\/wp\/v2\/posts"}],"about":[{"href":"https:\/\/www.sillon38.com\/blog\/wp-json\/wp\/v2\/types\/post"}],"author":[{"embeddable":true,"href":"https:\/\/www.sillon38.com\/blog\/wp-json\/wp\/v2\/users\/2"}],"replies":[{"embeddable":true,"href":"https:\/\/www.sillon38.com\/blog\/wp-json\/wp\/v2\/comments?post=77663"}],"version-history":[{"count":0,"href":"https:\/\/www.sillon38.com\/blog\/wp-json\/wp\/v2\/posts\/77663\/revisions"}],"wp:attachment":[{"href":"https:\/\/www.sillon38.com\/blog\/wp-json\/wp\/v2\/media?parent=77663"}],"wp:term":[{"taxonomy":"category","embeddable":true,"href":"https:\/\/www.sillon38.com\/blog\/wp-json\/wp\/v2\/categories?post=77663"},{"taxonomy":"post_tag","embeddable":true,"href":"https:\/\/www.sillon38.com\/blog\/wp-json\/wp\/v2\/tags?post=77663"}],"curies":[{"name":"wp","href":"https:\/\/api.w.org\/{rel}","templated":true}]}}