{"id":77927,"date":"2020-10-06T09:45:37","date_gmt":"2020-10-06T07:45:37","guid":{"rendered":"http:\/\/staging.sillon38.com\/?p=77927"},"modified":"2020-10-06T09:45:37","modified_gmt":"2020-10-06T07:45:37","slug":"pnr-chartreuse-dominique-escaron-reelu-president","status":"publish","type":"post","link":"https:\/\/www.sillon38.com\/blog\/2020\/10\/06\/pnr-chartreuse-dominique-escaron-reelu-president\/","title":{"rendered":"PNR Chartreuse: Dominique Escaron r\u00e9\u00e9lu pr\u00e9sident"},"content":{"rendered":"<p><span style=\"color: #000080;\"><a href=\"http:\/\/staging.sillon38.com\/wp-content\/uploads\/2020\/10\/escaron.png\"><img loading=\"lazy\" decoding=\"async\" class=\"alignright size-full wp-image-77930\" title=\"escaron\" src=\"http:\/\/staging.sillon38.com\/wp-content\/uploads\/2020\/10\/escaron.png\" alt=\"escaron\" width=\"368\" height=\"438\" srcset=\"https:\/\/www.sillon38.com\/blog\/wp-content\/uploads\/2020\/10\/escaron.png 368w, https:\/\/www.sillon38.com\/blog\/wp-content\/uploads\/2020\/10\/escaron-252x300.png 252w\" sizes=\"auto, (max-width: 368px) 100vw, 368px\" \/><\/a>Suite aux \u00e9lections municipales de mars et juin derniers, le Comit\u00e9 Syndical du Parc naturel r\u00e9gional de Chartreuse a \u00e9t\u00e9 convoqu\u00e9 afin de proc\u00e9der aux \u00e9lections \u00e0 la Pr\u00e9sidence du Parc ainsi qu\u2019au renouvellement partiel des membres du Bureau Syndical. Le pr\u00e9sident sortant Dominique Escaron, pr\u00e9sident du Parc depuis 2016, et maire du Sappey-en-Chartreuse, \u00e9tait candidat a sa r\u00e9\u00e9lection. <\/span><\/p>\n<p><span style=\"color: #000080;\"> Rappelons que le Syndicat Mixte du Parc de Chartreuse est compos\u00e9 de repr\u00e9sentants des 60 communes qui constituent le territoire du Parc, des 3 Villes Porte de Chamb\u00e9ry Grenoble et Voiron, ainsi que de repr\u00e9sentants de la R\u00e9gion Auvergne Rh\u00f4ne-Alpes, des deux Conseils d\u00e9partementaux d\u2019Is\u00e8re et de la Savoie. <\/span><\/p>\n<p><span style=\"color: #000080;\"><strong> <\/strong><\/span><\/p>\n<p><span style=\"color: #000080;\"> <\/span><\/p>\n<p><span style=\"color: #000080;\"><strong>Elections \u00e0 la Pr\u00e9sidence <\/strong><\/span><\/p>\n<p><span style=\"color: #000080;\"> <\/span><\/p>\n<p><span style=\"color: #000080;\">Ce sont pr\u00e9sent\u00e9s\u00a0:<\/span><\/p>\n<p><span style=\"color: #000080;\"> <\/span><\/p>\n<ul>\n<li><span style=\"color: #000080;\">Dominique Escaron (5\u00e8me coll\u00e8ge \u2013 Maire du Sappey-en Chartreuse)<\/span><\/li>\n<\/ul>\n<p><span style=\"color: #000080;\"> <\/span><\/p>\n<p><span style=\"color: #000080;\"> Dominique Escaron a \u00e9t\u00e9 \u00e9lu avec 1 abstention <\/span><\/p>\n<p><span style=\"color: #000080;\"> <strong>\u00c9lections au 1\u00b0, 2<sup>\u00e8me<\/sup>, 3<sup>\u00e8me<\/sup>, 5<sup>\u00e8me<\/sup> et 6\u00e8me coll\u00e8ge <\/strong><\/span><\/p>\n<p><span style=\"color: #000080;\"> <\/span><\/p>\n<p><span style=\"color: #000080;\">Outre l\u2019\u00e9lection \u00e0 la Pr\u00e9sidence, l\u2019ordre du jour de ce Comit\u00e9 a \u00e9t\u00e9 principalement consacr\u00e9 \u00e0 la d\u00e9signation des membres du Bureau Syndical.<\/span><\/p>\n<p><span style=\"color: #000080;\"> <\/span><\/p>\n<p><span style=\"color: #000080;\"> Le Bureau est compos\u00e9 de 34 membres \u00e9lus par les coll\u00e8ges suivants : <\/span><\/p>\n<p><span style=\"color: #000080;\">.\u00a01<sup>er<\/sup> coll\u00e8ge : les d\u00e9l\u00e9gu\u00e9s d\u00e9sign\u00e9s par la <strong>R\u00e9gion<\/strong> \u00e9lisent 3 repr\u00e9sentants ayant chacun 6 voix d\u00e9lib\u00e9ratives,<\/span><\/p>\n<p><span style=\"color: #000080;\"> <\/span><\/p>\n<p><span style=\"color: #000080;\">.\u00a02<sup>\u00e8me<\/sup> coll\u00e8ge : les d\u00e9l\u00e9gu\u00e9s d\u00e9sign\u00e9s par le <strong>Conseil D\u00e9partemental de l&rsquo;Is\u00e8re<\/strong> \u00e9lisent 3 repr\u00e9sentants ayant chacun une voix d\u00e9lib\u00e9rative,<\/span><\/p>\n<p><span style=\"color: #000080;\"> <\/span><\/p>\n<p><span style=\"color: #000080;\">.\u00a03<sup>\u00e8me<\/sup> coll\u00e8ge: les d\u00e9l\u00e9gu\u00e9s d\u00e9sign\u00e9s par le <strong>Conseil D\u00e9partemental de la Savoie<\/strong> \u00e9lisent 2 \u00a0Repr\u00e9sentants ayant chacun une voix d\u00e9lib\u00e9rative,<\/span><\/p>\n<p><span style=\"color: #000080;\"> <\/span><\/p>\n<p><span style=\"color: #000080;\">.\u00a04<sup>\u00e8me<\/sup> coll\u00e8ge : les d\u00e9l\u00e9gu\u00e9s d\u00e9sign\u00e9s par les <strong>villes portes<\/strong> sont les 3 repr\u00e9sentants des villes portes et portent chacun une voix d\u00e9lib\u00e9rative,<\/span><\/p>\n<p><span style=\"color: #000080;\"> <\/span><\/p>\n<p><span style=\"color: #000080;\">.\u00a05<sup>\u00e8me<\/sup> coll\u00e8ge : les d\u00e9l\u00e9gu\u00e9s \u00e9lus par les <strong>communes de la Haute Chartreuse et de l\u2019Avant Pays de Chartreuse<\/strong> \u00e9lisent 10 repr\u00e9sentants ayant chacun une voix d\u00e9lib\u00e9rative,<\/span><\/p>\n<p><span style=\"color: #000080;\"> <\/span><\/p>\n<p><span style=\"color: #000080;\">.\u00a06<sup>\u00e8me<\/sup> coll\u00e8ge : les d\u00e9l\u00e9gu\u00e9s \u00e9lus par les communes du <strong>Pi\u00e9mont de Chartreuse<\/strong> \u00e9lisent 6 repr\u00e9sentants ayant chacun une voix d\u00e9lib\u00e9rative,<\/span><\/p>\n<p><span style=\"color: #000080;\"> <\/span><\/p>\n<p><span style=\"color: #000080;\">7<sup>\u00e8me<\/sup> coll\u00e8ge\u00a0: les d\u00e9l\u00e9gu\u00e9s \u00e9lus par les <strong>intercommunalit\u00e9s<\/strong> sont les repr\u00e9sentants des intercommunalit\u00e9s et portent chacun une voix d\u00e9lib\u00e9rative.<\/span><\/p>\n<p><span style=\"color: #000080;\"> <\/span><\/p>\n<p><span style=\"color: #000080;\"> <strong>Dominique Escaron, r\u00e9\u00e9lu pr\u00e9sident<\/strong><\/span><\/p>\n<p><span style=\"color: #000080;\"> <\/span><\/p>\n<p><span style=\"color: #000080;\"> Depuis 2016, le Parc a avanc\u00e9 sur de multiples th\u00e9matiques et impuls\u00e9 de nombreuses actions, au service des hommes, de la nature et des paysages\u2026 <\/span><\/p>\n<p><span style=\"color: #000080;\"> Avec pour exemples\u00a0une multitude d\u2019actions qui rendent encore plus attractif et pr\u00e9serv\u00e9 notre cher massif comme : la mise en route de la maison du Parc, l\u2019obtention d\u2019un label rivi\u00e8re sauvage sur le Guiers mort, le renouvellement de la gestion de la R\u00e9serve naturelle des Hauts de Chartreuse, le renforcement de la destination touristique Chartreuse, le d\u00e9ploiement de l\u2019auto-stop organis\u00e9 et tout un travail sur la mobilit\u00e9, un ciel de plus en plus \u00e9toil\u00e9 gr\u00e2ce \u00e0 un travail sur l\u2019\u00e9clairage public, des b\u00e2timents publics moins \u00e9nergivores, l\u2019aboutissement de l\u2019AOC bois de Chartreuse, des r\u00e9alisations concr\u00e8tes li\u00e9es \u00e0 la for\u00eat d\u2019exception, l\u2019ouverture d\u2019un magasin de producteurs, mais aussi le bon d\u00e9roulement du processus de renouvellement de la charte qui entre en phase finale. <\/span><\/p>\n<p><span style=\"color: #000080;\"><strong> On se pose toujours la question \u00ab\u00a0\u00e0 quoi sert un Parc\u00a0?\u00a0\u00bb.<\/strong><\/span><\/p>\n<p><span style=\"color: #000080;\"> Un Parc, c\u2019est un peu un territoire qui est privil\u00e9gi\u00e9 parce qu\u2019on arrive \u00e0 travers une faible contribution des communes (au maximum 1,5 \u20ac\/hab) \u00e0 mobiliser des moyens pour financer des projets de toute nature et qui permettront comme par exemple le TEPCV (Territoires \u00e0 \u00c9nergie Positive pour la Croissance Verte) de financer de l\u2019isolation sur les b\u00e2timents publics, des voitures \u00e9lectriques, un projet hydraulique, de l\u2019\u00e9clairage public. <\/span><\/p>\n<p><span style=\"color: #000080;\">Le Parc, c\u2019est une \u00e9quipe aux multiples comp\u00e9tences au service du territoire. C\u2019est aussi un levier pour la mobilisation de contrats financiers sp\u00e9cifiques au b\u00e9n\u00e9fice des acteurs du territoire.<\/span><\/p>\n<p><span style=\"color: #000080;\"> <\/span><\/p>\n<p><span style=\"color: #000080;\"> A travers sa candidature, Dominique Escaron souhaite s\u2019inscrire pleinement dans les engagements de la nouvelle charte qui tend vers plus de circuits courts, de pr\u00e9servation de biodiversit\u00e9 ou d\u2019adaptation aux \u00e9volutions climatiques mais aussi toujours plus d\u2019attentions \u00e0 ceux qui font vivre le territoire ou qui d\u00e9veloppent sa culture et son vivre ensemble. Et il rappelle aussi qu\u2019il compte \u00ab\u00a0poursuivre ce travail complexe mais passionnant afin de faire tous ensemble de la Chartreuse un territoire d\u2019exception\u00a0\u00bb. <\/span><\/p>\n<p><span style=\"color: #000080;\"> <strong>Prochaines \u00e9tapes <\/strong><\/span><\/p>\n<p><span style=\"color: #000080;\"> <\/span><\/p>\n<p><span style=\"color: #000080;\"> <em>Charte<\/em><\/span><span style=\"color: #000080;\"> <\/span><\/p>\n<p><span style=\"color: #000080;\">Un Parc naturel r\u00e9gional b\u00e9n\u00e9ficie du label de classement pour une dur\u00e9e limit\u00e9e \u00e0 15 ans. Lanc\u00e9e en 2016, la proc\u00e9dure de r\u00e9vision de la charte du Parc touche \u00e0 son terme puisque nous en sommes \u00e0 l\u2019enqu\u00eate publique.<br \/>\nCe sont des centaines de r\u00e9unions avec les \u00e9lus, socioprofessionnelles, les associations, les habitants (au travers des caf\u00e9s Parc notamment) qui ont a permis de d\u00e9finir un projet commun pour les 15 prochaines ann\u00e9es.<br \/>\nUne r\u00e9vision de charte, c\u2019est un processus, long et exigeant du fait du label national, mais c\u2019est aussi l\u2019occasion de clamer haut et fort notre ambition pour notre Chartreuse.<br \/>\n<\/span> <span style=\"color: #000080;\"><br \/>\n<\/span> <span style=\"color: #000080;\"><em>Maison du Parc<\/em><\/span><\/p>\n<p><span style=\"color: #000080;\">Longtemps attendu par tous, nous sommes arriv\u00e9s \u00e0 concr\u00e9tiser ce projet. Projet qui a d\u2019abord commenc\u00e9 par la mise en place d\u2019un partenariat fort avec la Communaut\u00e9 de communes de C\u0153ur de Chartreuse puisque celle-ci construira son OT, et avec la Commune de St Pierre de Chartreuse qui nous a notamment c\u00e9d\u00e9 gracieusement la parcelle. Puis, un concours d\u2019architecte nous a permis de choisir ensemble un beau projet qui mettra en valeur le centre du village de St Pierre, faire des \u00e9conomies de fonctionnement, avoir un b\u00e2timent exemplaire au niveau \u00e9conomie et production d\u2019\u00e9nergie.<br \/>\nD\u2019ici la fin de l\u2019ann\u00e9e, le permis de construire sera d\u00e9pos\u00e9 et les premiers travaux d\u00e9buteront en 2021.<\/span><\/p>\n<p><span style=\"color: #000080;\"> <\/span><\/p>\n<p><span style=\"color: #000080;\"> <\/span><\/p>\n<p><!--  \/* Font Definitions *\/ @font-face \t{font-family:Arial; \tpanose-1:2 11 6 4 2 2 2 2 2 4; \tmso-font-charset:0; \tmso-generic-font-family:auto; \tmso-font-pitch:variable; \tmso-font-signature:3 0 0 0 1 0;} @font-face \t{font-family:\"Courier New\"; \tpanose-1:2 7 3 9 2 2 5 2 4 4; \tmso-font-charset:77; \tmso-generic-font-family:modern; \tmso-font-format:other; \tmso-font-pitch:fixed; \tmso-font-signature:3 0 0 0 1 0;} @font-face \t{font-family:Wingdings; \tpanose-1:5 2 1 2 1 8 4 8 7 8; \tmso-font-charset:2; \tmso-generic-font-family:auto; \tmso-font-format:other; \tmso-font-pitch:variable; \tmso-font-signature:0 0 65536 0 -2147483648 0;} @font-face \t{font-family:Optima; \tpanose-1:2 0 5 3 6 0 0 2 0 4; \tmso-font-charset:0; \tmso-generic-font-family:auto; \tmso-font-pitch:variable; \tmso-font-signature:3 0 0 0 1 0;}  \/* Style Definitions *\/ p.MsoNormal, li.MsoNormal, div.MsoNormal \t{mso-style-parent:\"\"; \tmargin:0cm; \tmargin-bottom:.0001pt; \tmso-pagination:widow-orphan; \tfont-size:12.0pt; \tfont-family:\"Times New Roman\"; \tmso-ascii-font-family:Optima; \tmso-fareast-font-family:\"Times New Roman\"; \tmso-hansi-font-family:Optima; \tmso-bidi-font-family:\"Times New Roman\";} p.MsoFooter, li.MsoFooter, div.MsoFooter \t{mso-style-link:\"Pied de page Car\"; \tmargin:0cm; \tmargin-bottom:.0001pt; \tmso-pagination:widow-orphan; \ttab-stops:center 8.0cm right 16.0cm; \tfont-size:12.0pt; \tfont-family:\"Times New Roman\"; \tmso-ascii-font-family:Optima; \tmso-fareast-font-family:\"Times New Roman\"; \tmso-hansi-font-family:Optima; \tmso-bidi-font-family:\"Times New Roman\";} p.MsoBodyText, li.MsoBodyText, div.MsoBodyText \t{mso-style-link:\"Corps de texte Car\"; \tmargin:0cm; \tmargin-bottom:.0001pt; \ttext-align:justify; \tmso-pagination:widow-orphan; \tfont-size:12.0pt; \tfont-family:\"Times New Roman\"; \tmso-ascii-font-family:Optima; \tmso-fareast-font-family:\"Times New Roman\"; \tmso-hansi-font-family:Optima; \tmso-bidi-font-family:\"Times New Roman\";} span.CorpsdetexteCar \t{mso-style-name:\"Corps de texte Car\"; \tmso-style-locked:yes; \tmso-style-link:\"Corps de texte\"; \tmso-ansi-font-size:12.0pt; \tmso-bidi-font-size:12.0pt; \tfont-family:Optima; \tmso-ascii-font-family:Optima; \tmso-hansi-font-family:Optima;} span.PieddepageCar \t{mso-style-name:\"Pied de page Car\"; \tmso-style-locked:yes; \tmso-style-link:\"Pied de page\"; \tmso-ansi-font-size:12.0pt; \tmso-bidi-font-size:12.0pt; \tfont-family:Optima; \tmso-ascii-font-family:Optima; \tmso-hansi-font-family:Optima;}size:595.3pt 841.9pt; \tmargin:35.45pt 70.9pt 1.0cm 70.9pt; \tmso-header-margin:36.0pt; \tmso-footer-margin:36.0pt; \tmso-paper-source:0;} div.Section1 \t{page:Section1;}mso-level-number-format:bullet; \tmso-level-text:\uf0b7; \tmso-level-tab-stop:none; \tmso-level-number-position:left; \tmargin-left:50.2pt; \ttext-indent:-18.0pt; \tfont-family:Symbol;} ol \t{margin-bottom:0cm;} ul \t{margin-bottom:0cm;}--><\/p>\n","protected":false},"excerpt":{"rendered":"<p> Dominique Escaron, maire du Sappey-en-Chartreuse, a \u00e9t\u00e9 r\u00e9\u00e9lu pr\u00e9sident du Parc de Chartreuse. Le pr\u00e9sident sortant, pr\u00e9sident du Parc depuis 2016,  \u00e9tait candidat a sa r\u00e9\u00e9lection.<\/p>\n","protected":false},"author":2,"featured_media":0,"comment_status":"open","ping_status":"open","sticky":false,"template":"","format":"standard","meta":{"footnotes":""},"categories":[52],"tags":[4131,4957],"class_list":["post-77927","post","type-post","status-publish","format-standard","hentry","category-parcs-naturels-regionaux-et-nationaux","tag-parc-naturel-regional-de-chartreuse","tag-sappey-en-chartreuse"],"yoast_head":"<!-- This site is optimized with the Yoast SEO plugin v27.5 - https:\/\/yoast.com\/product\/yoast-seo-wordpress\/ -->\n<title>PNR Chartreuse: Dominique Escaron r\u00e9\u00e9lu pr\u00e9sident -<\/title>\n<meta name=\"robots\" content=\"index, follow, max-snippet:-1, max-image-preview:large, max-video-preview:-1\" \/>\n<link rel=\"canonical\" href=\"https:\/\/www.sillon38.com\/blog\/2020\/10\/06\/pnr-chartreuse-dominique-escaron-reelu-president\/\" \/>\n<meta property=\"og:locale\" content=\"fr_FR\" \/>\n<meta property=\"og:type\" content=\"article\" \/>\n<meta property=\"og:title\" content=\"PNR Chartreuse: Dominique Escaron r\u00e9\u00e9lu pr\u00e9sident -\" \/>\n<meta property=\"og:description\" content=\"Dominique Escaron, maire du Sappey-en-Chartreuse, a \u00e9t\u00e9 r\u00e9\u00e9lu pr\u00e9sident du Parc de Chartreuse. Le pr\u00e9sident sortant, pr\u00e9sident du Parc depuis 2016, \u00e9tait candidat a sa r\u00e9\u00e9lection.\" \/>\n<meta property=\"og:url\" content=\"https:\/\/www.sillon38.com\/blog\/2020\/10\/06\/pnr-chartreuse-dominique-escaron-reelu-president\/\" \/>\n<meta property=\"article:published_time\" content=\"2020-10-06T07:45:37+00:00\" \/>\n<meta property=\"og:image\" content=\"http:\/\/staging.sillon38.com\/wp-content\/uploads\/2020\/10\/escaron.png\" \/>\n<meta name=\"author\" content=\"M Coeur\" \/>\n<meta name=\"twitter:card\" content=\"summary_large_image\" \/>\n<meta name=\"twitter:label1\" content=\"\u00c9crit par\" \/>\n\t<meta name=\"twitter:data1\" content=\"M Coeur\" \/>\n\t<meta name=\"twitter:label2\" content=\"Dur\u00e9e de lecture estim\u00e9e\" \/>\n\t<meta name=\"twitter:data2\" content=\"5 minutes\" \/>\n<script type=\"application\/ld+json\" class=\"yoast-schema-graph\">{\"@context\":\"https:\\\/\\\/schema.org\",\"@graph\":[{\"@type\":\"Article\",\"@id\":\"https:\\\/\\\/www.sillon38.com\\\/blog\\\/2020\\\/10\\\/06\\\/pnr-chartreuse-dominique-escaron-reelu-president\\\/#article\",\"isPartOf\":{\"@id\":\"https:\\\/\\\/www.sillon38.com\\\/blog\\\/2020\\\/10\\\/06\\\/pnr-chartreuse-dominique-escaron-reelu-president\\\/\"},\"author\":{\"name\":\"M Coeur\",\"@id\":\"https:\\\/\\\/www.sillon38.com\\\/blog\\\/#\\\/schema\\\/person\\\/72f06b5f0494d1edc8f4e5bf63651ff1\"},\"headline\":\"PNR Chartreuse: Dominique Escaron r\u00e9\u00e9lu pr\u00e9sident\",\"datePublished\":\"2020-10-06T07:45:37+00:00\",\"mainEntityOfPage\":{\"@id\":\"https:\\\/\\\/www.sillon38.com\\\/blog\\\/2020\\\/10\\\/06\\\/pnr-chartreuse-dominique-escaron-reelu-president\\\/\"},\"wordCount\":1012,\"commentCount\":0,\"image\":{\"@id\":\"https:\\\/\\\/www.sillon38.com\\\/blog\\\/2020\\\/10\\\/06\\\/pnr-chartreuse-dominique-escaron-reelu-president\\\/#primaryimage\"},\"thumbnailUrl\":\"http:\\\/\\\/staging.sillon38.com\\\/wp-content\\\/uploads\\\/2020\\\/10\\\/escaron.png\",\"keywords\":[\"Parc Naturel R\u00e9gional de Chartreuse\",\"Sappey en Chartreuse\"],\"articleSection\":[\"parcs\"],\"inLanguage\":\"fr-FR\",\"potentialAction\":[{\"@type\":\"CommentAction\",\"name\":\"Comment\",\"target\":[\"https:\\\/\\\/www.sillon38.com\\\/blog\\\/2020\\\/10\\\/06\\\/pnr-chartreuse-dominique-escaron-reelu-president\\\/#respond\"]}]},{\"@type\":\"WebPage\",\"@id\":\"https:\\\/\\\/www.sillon38.com\\\/blog\\\/2020\\\/10\\\/06\\\/pnr-chartreuse-dominique-escaron-reelu-president\\\/\",\"url\":\"https:\\\/\\\/www.sillon38.com\\\/blog\\\/2020\\\/10\\\/06\\\/pnr-chartreuse-dominique-escaron-reelu-president\\\/\",\"name\":\"PNR Chartreuse: Dominique Escaron r\u00e9\u00e9lu pr\u00e9sident -\",\"isPartOf\":{\"@id\":\"https:\\\/\\\/www.sillon38.com\\\/blog\\\/#website\"},\"primaryImageOfPage\":{\"@id\":\"https:\\\/\\\/www.sillon38.com\\\/blog\\\/2020\\\/10\\\/06\\\/pnr-chartreuse-dominique-escaron-reelu-president\\\/#primaryimage\"},\"image\":{\"@id\":\"https:\\\/\\\/www.sillon38.com\\\/blog\\\/2020\\\/10\\\/06\\\/pnr-chartreuse-dominique-escaron-reelu-president\\\/#primaryimage\"},\"thumbnailUrl\":\"http:\\\/\\\/staging.sillon38.com\\\/wp-content\\\/uploads\\\/2020\\\/10\\\/escaron.png\",\"datePublished\":\"2020-10-06T07:45:37+00:00\",\"author\":{\"@id\":\"https:\\\/\\\/www.sillon38.com\\\/blog\\\/#\\\/schema\\\/person\\\/72f06b5f0494d1edc8f4e5bf63651ff1\"},\"breadcrumb\":{\"@id\":\"https:\\\/\\\/www.sillon38.com\\\/blog\\\/2020\\\/10\\\/06\\\/pnr-chartreuse-dominique-escaron-reelu-president\\\/#breadcrumb\"},\"inLanguage\":\"fr-FR\",\"potentialAction\":[{\"@type\":\"ReadAction\",\"target\":[\"https:\\\/\\\/www.sillon38.com\\\/blog\\\/2020\\\/10\\\/06\\\/pnr-chartreuse-dominique-escaron-reelu-president\\\/\"]}]},{\"@type\":\"ImageObject\",\"inLanguage\":\"fr-FR\",\"@id\":\"https:\\\/\\\/www.sillon38.com\\\/blog\\\/2020\\\/10\\\/06\\\/pnr-chartreuse-dominique-escaron-reelu-president\\\/#primaryimage\",\"url\":\"http:\\\/\\\/staging.sillon38.com\\\/wp-content\\\/uploads\\\/2020\\\/10\\\/escaron.png\",\"contentUrl\":\"http:\\\/\\\/staging.sillon38.com\\\/wp-content\\\/uploads\\\/2020\\\/10\\\/escaron.png\"},{\"@type\":\"BreadcrumbList\",\"@id\":\"https:\\\/\\\/www.sillon38.com\\\/blog\\\/2020\\\/10\\\/06\\\/pnr-chartreuse-dominique-escaron-reelu-president\\\/#breadcrumb\",\"itemListElement\":[{\"@type\":\"ListItem\",\"position\":1,\"name\":\"Accueil\",\"item\":\"https:\\\/\\\/www.sillon38.com\\\/blog\\\/\"},{\"@type\":\"ListItem\",\"position\":2,\"name\":\"PNR Chartreuse: Dominique Escaron r\u00e9\u00e9lu pr\u00e9sident\"}]},{\"@type\":\"WebSite\",\"@id\":\"https:\\\/\\\/www.sillon38.com\\\/blog\\\/#website\",\"url\":\"https:\\\/\\\/www.sillon38.com\\\/blog\\\/\",\"name\":\"\",\"description\":\"Le journal du monde rural\",\"potentialAction\":[{\"@type\":\"SearchAction\",\"target\":{\"@type\":\"EntryPoint\",\"urlTemplate\":\"https:\\\/\\\/www.sillon38.com\\\/blog\\\/?s={search_term_string}\"},\"query-input\":{\"@type\":\"PropertyValueSpecification\",\"valueRequired\":true,\"valueName\":\"search_term_string\"}}],\"inLanguage\":\"fr-FR\"},{\"@type\":\"Person\",\"@id\":\"https:\\\/\\\/www.sillon38.com\\\/blog\\\/#\\\/schema\\\/person\\\/72f06b5f0494d1edc8f4e5bf63651ff1\",\"name\":\"M Coeur\"}]}<\/script>\n<!-- \/ Yoast SEO plugin. -->","yoast_head_json":{"title":"PNR Chartreuse: Dominique Escaron r\u00e9\u00e9lu pr\u00e9sident -","robots":{"index":"index","follow":"follow","max-snippet":"max-snippet:-1","max-image-preview":"max-image-preview:large","max-video-preview":"max-video-preview:-1"},"canonical":"https:\/\/www.sillon38.com\/blog\/2020\/10\/06\/pnr-chartreuse-dominique-escaron-reelu-president\/","og_locale":"fr_FR","og_type":"article","og_title":"PNR Chartreuse: Dominique Escaron r\u00e9\u00e9lu pr\u00e9sident -","og_description":"Dominique Escaron, maire du Sappey-en-Chartreuse, a \u00e9t\u00e9 r\u00e9\u00e9lu pr\u00e9sident du Parc de Chartreuse. Le pr\u00e9sident sortant, pr\u00e9sident du Parc depuis 2016, \u00e9tait candidat a sa r\u00e9\u00e9lection.","og_url":"https:\/\/www.sillon38.com\/blog\/2020\/10\/06\/pnr-chartreuse-dominique-escaron-reelu-president\/","article_published_time":"2020-10-06T07:45:37+00:00","og_image":[{"url":"http:\/\/staging.sillon38.com\/wp-content\/uploads\/2020\/10\/escaron.png","type":"","width":"","height":""}],"author":"M Coeur","twitter_card":"summary_large_image","twitter_misc":{"\u00c9crit par":"M Coeur","Dur\u00e9e de lecture estim\u00e9e":"5 minutes"},"schema":{"@context":"https:\/\/schema.org","@graph":[{"@type":"Article","@id":"https:\/\/www.sillon38.com\/blog\/2020\/10\/06\/pnr-chartreuse-dominique-escaron-reelu-president\/#article","isPartOf":{"@id":"https:\/\/www.sillon38.com\/blog\/2020\/10\/06\/pnr-chartreuse-dominique-escaron-reelu-president\/"},"author":{"name":"M Coeur","@id":"https:\/\/www.sillon38.com\/blog\/#\/schema\/person\/72f06b5f0494d1edc8f4e5bf63651ff1"},"headline":"PNR Chartreuse: Dominique Escaron r\u00e9\u00e9lu pr\u00e9sident","datePublished":"2020-10-06T07:45:37+00:00","mainEntityOfPage":{"@id":"https:\/\/www.sillon38.com\/blog\/2020\/10\/06\/pnr-chartreuse-dominique-escaron-reelu-president\/"},"wordCount":1012,"commentCount":0,"image":{"@id":"https:\/\/www.sillon38.com\/blog\/2020\/10\/06\/pnr-chartreuse-dominique-escaron-reelu-president\/#primaryimage"},"thumbnailUrl":"http:\/\/staging.sillon38.com\/wp-content\/uploads\/2020\/10\/escaron.png","keywords":["Parc Naturel R\u00e9gional de Chartreuse","Sappey en Chartreuse"],"articleSection":["parcs"],"inLanguage":"fr-FR","potentialAction":[{"@type":"CommentAction","name":"Comment","target":["https:\/\/www.sillon38.com\/blog\/2020\/10\/06\/pnr-chartreuse-dominique-escaron-reelu-president\/#respond"]}]},{"@type":"WebPage","@id":"https:\/\/www.sillon38.com\/blog\/2020\/10\/06\/pnr-chartreuse-dominique-escaron-reelu-president\/","url":"https:\/\/www.sillon38.com\/blog\/2020\/10\/06\/pnr-chartreuse-dominique-escaron-reelu-president\/","name":"PNR Chartreuse: Dominique Escaron r\u00e9\u00e9lu pr\u00e9sident -","isPartOf":{"@id":"https:\/\/www.sillon38.com\/blog\/#website"},"primaryImageOfPage":{"@id":"https:\/\/www.sillon38.com\/blog\/2020\/10\/06\/pnr-chartreuse-dominique-escaron-reelu-president\/#primaryimage"},"image":{"@id":"https:\/\/www.sillon38.com\/blog\/2020\/10\/06\/pnr-chartreuse-dominique-escaron-reelu-president\/#primaryimage"},"thumbnailUrl":"http:\/\/staging.sillon38.com\/wp-content\/uploads\/2020\/10\/escaron.png","datePublished":"2020-10-06T07:45:37+00:00","author":{"@id":"https:\/\/www.sillon38.com\/blog\/#\/schema\/person\/72f06b5f0494d1edc8f4e5bf63651ff1"},"breadcrumb":{"@id":"https:\/\/www.sillon38.com\/blog\/2020\/10\/06\/pnr-chartreuse-dominique-escaron-reelu-president\/#breadcrumb"},"inLanguage":"fr-FR","potentialAction":[{"@type":"ReadAction","target":["https:\/\/www.sillon38.com\/blog\/2020\/10\/06\/pnr-chartreuse-dominique-escaron-reelu-president\/"]}]},{"@type":"ImageObject","inLanguage":"fr-FR","@id":"https:\/\/www.sillon38.com\/blog\/2020\/10\/06\/pnr-chartreuse-dominique-escaron-reelu-president\/#primaryimage","url":"http:\/\/staging.sillon38.com\/wp-content\/uploads\/2020\/10\/escaron.png","contentUrl":"http:\/\/staging.sillon38.com\/wp-content\/uploads\/2020\/10\/escaron.png"},{"@type":"BreadcrumbList","@id":"https:\/\/www.sillon38.com\/blog\/2020\/10\/06\/pnr-chartreuse-dominique-escaron-reelu-president\/#breadcrumb","itemListElement":[{"@type":"ListItem","position":1,"name":"Accueil","item":"https:\/\/www.sillon38.com\/blog\/"},{"@type":"ListItem","position":2,"name":"PNR Chartreuse: Dominique Escaron r\u00e9\u00e9lu pr\u00e9sident"}]},{"@type":"WebSite","@id":"https:\/\/www.sillon38.com\/blog\/#website","url":"https:\/\/www.sillon38.com\/blog\/","name":"","description":"Le journal du monde rural","potentialAction":[{"@type":"SearchAction","target":{"@type":"EntryPoint","urlTemplate":"https:\/\/www.sillon38.com\/blog\/?s={search_term_string}"},"query-input":{"@type":"PropertyValueSpecification","valueRequired":true,"valueName":"search_term_string"}}],"inLanguage":"fr-FR"},{"@type":"Person","@id":"https:\/\/www.sillon38.com\/blog\/#\/schema\/person\/72f06b5f0494d1edc8f4e5bf63651ff1","name":"M Coeur"}]}},"_links":{"self":[{"href":"https:\/\/www.sillon38.com\/blog\/wp-json\/wp\/v2\/posts\/77927","targetHints":{"allow":["GET"]}}],"collection":[{"href":"https:\/\/www.sillon38.com\/blog\/wp-json\/wp\/v2\/posts"}],"about":[{"href":"https:\/\/www.sillon38.com\/blog\/wp-json\/wp\/v2\/types\/post"}],"author":[{"embeddable":true,"href":"https:\/\/www.sillon38.com\/blog\/wp-json\/wp\/v2\/users\/2"}],"replies":[{"embeddable":true,"href":"https:\/\/www.sillon38.com\/blog\/wp-json\/wp\/v2\/comments?post=77927"}],"version-history":[{"count":0,"href":"https:\/\/www.sillon38.com\/blog\/wp-json\/wp\/v2\/posts\/77927\/revisions"}],"wp:attachment":[{"href":"https:\/\/www.sillon38.com\/blog\/wp-json\/wp\/v2\/media?parent=77927"}],"wp:term":[{"taxonomy":"category","embeddable":true,"href":"https:\/\/www.sillon38.com\/blog\/wp-json\/wp\/v2\/categories?post=77927"},{"taxonomy":"post_tag","embeddable":true,"href":"https:\/\/www.sillon38.com\/blog\/wp-json\/wp\/v2\/tags?post=77927"}],"curies":[{"name":"wp","href":"https:\/\/api.w.org\/{rel}","templated":true}]}}