{"id":78209,"date":"2021-02-25T19:45:21","date_gmt":"2021-02-25T17:45:21","guid":{"rendered":"http:\/\/staging.sillon38.com\/?p=78209"},"modified":"2021-02-25T19:45:21","modified_gmt":"2021-02-25T17:45:21","slug":"alerte-pollution","status":"publish","type":"post","link":"https:\/\/www.sillon38.com\/blog\/2021\/02\/25\/alerte-pollution\/","title":{"rendered":"Alerte pollution"},"content":{"rendered":"<p><span style=\"color: #000080;\"><strong>\u00c9pisode mixte en cours \u2013 Proc\u00e9dure d\u2019Alerte Niveau 2<\/strong><br \/>\nCompte tenu des pr\u00e9visions \u00e9mises par Atmo Auvergne-Rh\u00f4ne-Alpes, la proc\u00e9dure<br \/>\npr\u00e9fectorale d\u2019alerte de niveau N2 est activ\u00e9e \u00e0 compter du<strong> jeudi 25 f\u00e9vrier 2021 17h,<\/strong><br \/>\npour le bassin d\u2019air Grenoblois et Lyonnais\/Nord-Is\u00e8re.<br \/>\nAfin de r\u00e9duire les sources d\u2019\u00e9missions polluantes, le pr\u00e9fet de l\u2019Is\u00e8re instaure de nouvelles<br \/>\nmesures d\u00e9taill\u00e9es ci-dessous qui s\u2019ajoutent \u00e0 celles diffus\u00e9es lors de l\u2019activation de la<br \/>\nproc\u00e9dure pr\u00e9fectorale d\u2019alerte de niveau N1 le mercredi 24 f\u00e9vrier 2021.<\/span><\/p>\n<p><span style=\"color: #000080;\"><strong>PRINCIPALES MESURES CONCERNANT LA CIRCULATION :<\/strong><br \/>\n\u2022 Maintien de l&rsquo;abaissement de vitesse de 20km\/h sur les axes sup\u00e9rieurs \u00e0 90km\/h ;<br \/>\n\u2022 La circulation diff\u00e9renci\u00e9e est instaur\u00e9e conform\u00e9ment aux disposition de l\u2019arr\u00eat\u00e9<br \/>\npr\u00e9fectoral n\u00b038-2020-06-05-002 du 5 juin 2020. <\/span><\/p>\n<p><span style=\"color: #000080;\"><strong>A compter du vendredi 26 f\u00e9vrier 2021 \u00e0 5h00 du matin.<\/strong><br \/>\n\u2022 Seuls les v\u00e9hicules disposant d\u2019un certificat de qualit\u00e9 de l\u2019air (et appos\u00e9) seront<br \/>\nautoris\u00e9s \u00e0 circuler sur l\u2019ensemble des communes des deux bassins ;<br \/>\n\u2022 Sur les voiries situ\u00e9es \u00e0 l\u2019int\u00e9rieur des 49 communes de Grenoble-Alpes M\u00e9tropole,<br \/>\nseuls les v\u00e9hicules de classe \u00abz\u00e9ro \u00e9mission moteur\u00bb, de classe 1, classe 2 et de<br \/>\nclasse 3 sont autoris\u00e9s \u00e0 circuler.<\/span><\/p>\n<p><span style=\"color: #000080;\"> Cette derni\u00e8re restriction ne s\u2019applique pas sur les axes routiers suivants pour lesquels seule l\u2019obligation de disposer un certificat<br \/>\nqualit\u00e9 de l\u2019air est n\u00e9cessaire : A41S, A480, A51, A48, A49, rocade sud (RN87), RN481 et RN85.<\/span><\/p>\n<p><span style=\"color: #000080;\"><br \/>\n\u2022 Dans les communes de Bourgoin-Jallieu, Chasse-sur-Rh\u00f4ne, L\u2019Isle d\u2019Abeau, Pont-<br \/>\nEv\u00eaque, Saint-Quentin-Fallavier, Vaulx-Milieu, La Verpill\u00e8re, Vienne, Villefontaine et<br \/>\nSeyssuel, seuls les v\u00e9hicules de classe \u00abz\u00e9ro \u00e9mission moteur\u00bb, de classe 1, classe 2<br \/>\net de classe 3 sont autoris\u00e9s \u00e0 circuler. <\/span><\/p>\n<p><span style=\"color: #000080;\">Cette derni\u00e8re restriction ne s\u2019applique pas sur les axes routiers suivants pour lesquels seule l\u2019obligation de disposer d\u2019un certificat qualit\u00e9 de l\u2019air est n\u00e9cessaire : A7, A7 Nord, A43, A48, A49 et RN7.<\/span><\/p>\n<p><span style=\"color: #000080;\">Le pr\u00e9fet a demand\u00e9 aux forces de l\u2019ordre de s\u2019assurer du respect de ces mesures par les<br \/>\nautomobilistes au moyen de contr\u00f4les renforc\u00e9s de la circulation automobile.<\/span><\/p>\n<p><span style=\"color: #000080;\">Les mesures d\u00e9taill\u00e9es en annexe, qui visent \u00e0 prot\u00e9ger la population des effets du pic de<br \/>\npollution et de r\u00e9duire les sources d\u2019\u00e9missions polluantes, prennent effet \u00e0 compter de ce<br \/>\njour \u00e0 17h00 \u00e0 l\u2019exception des mesures relatives au secteur du transport qui sont mises en<br \/>\noeuvre \u00e0 partir du vendredi 26 f\u00e9vrier 2021 \u00e0 05h00 du matin. <\/span><\/p>\n<p><span style=\"color: #000080;\">Ainsi, seuls les v\u00e9hicules disposant d\u2019un certificat de qualit\u00e9 de l\u2019air sont autoris\u00e9s \u00e0 circuler.<br \/>\nPar ailleurs, le bassin d\u2019air zone alpine Is\u00e8re reste en proc\u00e9dure pr\u00e9fectorale d\u2019alerte de<br \/>\nniveau 1.<br \/>\n<strong>Afin de prot\u00e9ger la population des effets du pic de pollution, le pr\u00e9fet de l\u2019Is\u00e8re<br \/>\nformule les recommandations suivantes :<\/strong><br \/>\nRecommandations faites aux personnes sensibles et vuln\u00e9rables<br \/>\n\u2022 \u00c9loignez-vous des grands axes routiers aux p\u00e9riodes de pointes ;<br \/>\n\u2022 \u00c9loignez vos enfants de la pollution automobile ;<br \/>\n\u2022 Limitez les sorties durant l\u2019apr\u00e8s-midi (13h-18h) ;<br \/>\n\u2022 Limitez les activit\u00e9s physiques et sportives intenses (dont les comp\u00e9titions) en<br \/>\nplein air, celles \u00e0 l\u2019int\u00e9rieur peuvent \u00eatre maintenues ;<br \/>\n\u2022 En cas de sympt\u00f4mes ou d\u2019inqui\u00e9tudes, prenez conseil aupr\u00e8s de votre<br \/>\npharmacien ou de votre m\u00e9decin.<\/span><\/p>\n","protected":false},"excerpt":{"rendered":"<p>\u00c9pisode de pollution de l&rsquo;air de type mixte<br \/>\nActivation de la proc\u00e9dure pr\u00e9fectorale d\u2019alerte niveau 2<br \/>\nsur le bassin d\u2019air Grenoblois et Lyonnais Nord-Is\u00e8re<\/p>\n","protected":false},"author":2,"featured_media":0,"comment_status":"open","ping_status":"open","sticky":false,"template":"","format":"standard","meta":{"footnotes":""},"categories":[22,60],"tags":[855,1187,3204,3275,4434,4879,5604,5666,5699],"class_list":["post-78209","post","type-post","status-publish","format-standard","hentry","category-environnement","category-pollution","tag-bourgoin-jallieu","tag-chasse-sur-rhone","tag-lisle-dabeau","tag-la-verpillere","tag-pont-eveque","tag-saint-quentin-fallavier","tag-vaulx-milieu","tag-vienne","tag-villefontaine-et-seyssuel"],"yoast_head":"<!-- This site is optimized with the Yoast SEO plugin v27.5 - https:\/\/yoast.com\/product\/yoast-seo-wordpress\/ -->\n<title>Alerte pollution -<\/title>\n<meta name=\"robots\" content=\"index, follow, max-snippet:-1, max-image-preview:large, max-video-preview:-1\" \/>\n<link rel=\"canonical\" href=\"https:\/\/www.sillon38.com\/blog\/2021\/02\/25\/alerte-pollution\/\" \/>\n<meta property=\"og:locale\" content=\"fr_FR\" \/>\n<meta property=\"og:type\" content=\"article\" \/>\n<meta property=\"og:title\" content=\"Alerte pollution -\" \/>\n<meta property=\"og:description\" content=\"\u00c9pisode de pollution de l&#039;air de type mixte Activation de la proc\u00e9dure pr\u00e9fectorale d\u2019alerte niveau 2 sur le bassin d\u2019air Grenoblois et Lyonnais Nord-Is\u00e8re\" \/>\n<meta property=\"og:url\" content=\"https:\/\/www.sillon38.com\/blog\/2021\/02\/25\/alerte-pollution\/\" \/>\n<meta property=\"article:published_time\" content=\"2021-02-25T17:45:21+00:00\" \/>\n<meta name=\"author\" content=\"M Coeur\" \/>\n<meta name=\"twitter:card\" content=\"summary_large_image\" \/>\n<meta name=\"twitter:label1\" content=\"\u00c9crit par\" \/>\n\t<meta name=\"twitter:data1\" content=\"M Coeur\" \/>\n\t<meta name=\"twitter:label2\" content=\"Dur\u00e9e de lecture estim\u00e9e\" \/>\n\t<meta name=\"twitter:data2\" content=\"3 minutes\" \/>\n<script type=\"application\/ld+json\" class=\"yoast-schema-graph\">{\"@context\":\"https:\\\/\\\/schema.org\",\"@graph\":[{\"@type\":\"Article\",\"@id\":\"https:\\\/\\\/www.sillon38.com\\\/blog\\\/2021\\\/02\\\/25\\\/alerte-pollution\\\/#article\",\"isPartOf\":{\"@id\":\"https:\\\/\\\/www.sillon38.com\\\/blog\\\/2021\\\/02\\\/25\\\/alerte-pollution\\\/\"},\"author\":{\"name\":\"M Coeur\",\"@id\":\"https:\\\/\\\/www.sillon38.com\\\/blog\\\/#\\\/schema\\\/person\\\/72f06b5f0494d1edc8f4e5bf63651ff1\"},\"headline\":\"Alerte pollution\",\"datePublished\":\"2021-02-25T17:45:21+00:00\",\"mainEntityOfPage\":{\"@id\":\"https:\\\/\\\/www.sillon38.com\\\/blog\\\/2021\\\/02\\\/25\\\/alerte-pollution\\\/\"},\"wordCount\":564,\"commentCount\":0,\"keywords\":[\"Bourgoin Jallieu\",\"Chasse-sur-Rh\u00f4ne\",\"L'Isle-d'Abeau\",\"La Verpill\u00e8re\",\"Pont- Ev\u00eaque\",\"Saint-Quentin-Fallavier\",\"Vaulx-Milieu\",\"Vienne\",\"Villefontaine et Seyssuel\"],\"articleSection\":[\"environnement\",\"pollution\"],\"inLanguage\":\"fr-FR\",\"potentialAction\":[{\"@type\":\"CommentAction\",\"name\":\"Comment\",\"target\":[\"https:\\\/\\\/www.sillon38.com\\\/blog\\\/2021\\\/02\\\/25\\\/alerte-pollution\\\/#respond\"]}]},{\"@type\":\"WebPage\",\"@id\":\"https:\\\/\\\/www.sillon38.com\\\/blog\\\/2021\\\/02\\\/25\\\/alerte-pollution\\\/\",\"url\":\"https:\\\/\\\/www.sillon38.com\\\/blog\\\/2021\\\/02\\\/25\\\/alerte-pollution\\\/\",\"name\":\"Alerte pollution -\",\"isPartOf\":{\"@id\":\"https:\\\/\\\/www.sillon38.com\\\/blog\\\/#website\"},\"datePublished\":\"2021-02-25T17:45:21+00:00\",\"author\":{\"@id\":\"https:\\\/\\\/www.sillon38.com\\\/blog\\\/#\\\/schema\\\/person\\\/72f06b5f0494d1edc8f4e5bf63651ff1\"},\"breadcrumb\":{\"@id\":\"https:\\\/\\\/www.sillon38.com\\\/blog\\\/2021\\\/02\\\/25\\\/alerte-pollution\\\/#breadcrumb\"},\"inLanguage\":\"fr-FR\",\"potentialAction\":[{\"@type\":\"ReadAction\",\"target\":[\"https:\\\/\\\/www.sillon38.com\\\/blog\\\/2021\\\/02\\\/25\\\/alerte-pollution\\\/\"]}]},{\"@type\":\"BreadcrumbList\",\"@id\":\"https:\\\/\\\/www.sillon38.com\\\/blog\\\/2021\\\/02\\\/25\\\/alerte-pollution\\\/#breadcrumb\",\"itemListElement\":[{\"@type\":\"ListItem\",\"position\":1,\"name\":\"Accueil\",\"item\":\"https:\\\/\\\/www.sillon38.com\\\/blog\\\/\"},{\"@type\":\"ListItem\",\"position\":2,\"name\":\"Alerte pollution\"}]},{\"@type\":\"WebSite\",\"@id\":\"https:\\\/\\\/www.sillon38.com\\\/blog\\\/#website\",\"url\":\"https:\\\/\\\/www.sillon38.com\\\/blog\\\/\",\"name\":\"\",\"description\":\"Le journal du monde rural\",\"potentialAction\":[{\"@type\":\"SearchAction\",\"target\":{\"@type\":\"EntryPoint\",\"urlTemplate\":\"https:\\\/\\\/www.sillon38.com\\\/blog\\\/?s={search_term_string}\"},\"query-input\":{\"@type\":\"PropertyValueSpecification\",\"valueRequired\":true,\"valueName\":\"search_term_string\"}}],\"inLanguage\":\"fr-FR\"},{\"@type\":\"Person\",\"@id\":\"https:\\\/\\\/www.sillon38.com\\\/blog\\\/#\\\/schema\\\/person\\\/72f06b5f0494d1edc8f4e5bf63651ff1\",\"name\":\"M Coeur\"}]}<\/script>\n<!-- \/ Yoast SEO plugin. -->","yoast_head_json":{"title":"Alerte pollution -","robots":{"index":"index","follow":"follow","max-snippet":"max-snippet:-1","max-image-preview":"max-image-preview:large","max-video-preview":"max-video-preview:-1"},"canonical":"https:\/\/www.sillon38.com\/blog\/2021\/02\/25\/alerte-pollution\/","og_locale":"fr_FR","og_type":"article","og_title":"Alerte pollution -","og_description":"\u00c9pisode de pollution de l'air de type mixte Activation de la proc\u00e9dure pr\u00e9fectorale d\u2019alerte niveau 2 sur le bassin d\u2019air Grenoblois et Lyonnais Nord-Is\u00e8re","og_url":"https:\/\/www.sillon38.com\/blog\/2021\/02\/25\/alerte-pollution\/","article_published_time":"2021-02-25T17:45:21+00:00","author":"M Coeur","twitter_card":"summary_large_image","twitter_misc":{"\u00c9crit par":"M Coeur","Dur\u00e9e de lecture estim\u00e9e":"3 minutes"},"schema":{"@context":"https:\/\/schema.org","@graph":[{"@type":"Article","@id":"https:\/\/www.sillon38.com\/blog\/2021\/02\/25\/alerte-pollution\/#article","isPartOf":{"@id":"https:\/\/www.sillon38.com\/blog\/2021\/02\/25\/alerte-pollution\/"},"author":{"name":"M Coeur","@id":"https:\/\/www.sillon38.com\/blog\/#\/schema\/person\/72f06b5f0494d1edc8f4e5bf63651ff1"},"headline":"Alerte pollution","datePublished":"2021-02-25T17:45:21+00:00","mainEntityOfPage":{"@id":"https:\/\/www.sillon38.com\/blog\/2021\/02\/25\/alerte-pollution\/"},"wordCount":564,"commentCount":0,"keywords":["Bourgoin Jallieu","Chasse-sur-Rh\u00f4ne","L'Isle-d'Abeau","La Verpill\u00e8re","Pont- Ev\u00eaque","Saint-Quentin-Fallavier","Vaulx-Milieu","Vienne","Villefontaine et Seyssuel"],"articleSection":["environnement","pollution"],"inLanguage":"fr-FR","potentialAction":[{"@type":"CommentAction","name":"Comment","target":["https:\/\/www.sillon38.com\/blog\/2021\/02\/25\/alerte-pollution\/#respond"]}]},{"@type":"WebPage","@id":"https:\/\/www.sillon38.com\/blog\/2021\/02\/25\/alerte-pollution\/","url":"https:\/\/www.sillon38.com\/blog\/2021\/02\/25\/alerte-pollution\/","name":"Alerte pollution -","isPartOf":{"@id":"https:\/\/www.sillon38.com\/blog\/#website"},"datePublished":"2021-02-25T17:45:21+00:00","author":{"@id":"https:\/\/www.sillon38.com\/blog\/#\/schema\/person\/72f06b5f0494d1edc8f4e5bf63651ff1"},"breadcrumb":{"@id":"https:\/\/www.sillon38.com\/blog\/2021\/02\/25\/alerte-pollution\/#breadcrumb"},"inLanguage":"fr-FR","potentialAction":[{"@type":"ReadAction","target":["https:\/\/www.sillon38.com\/blog\/2021\/02\/25\/alerte-pollution\/"]}]},{"@type":"BreadcrumbList","@id":"https:\/\/www.sillon38.com\/blog\/2021\/02\/25\/alerte-pollution\/#breadcrumb","itemListElement":[{"@type":"ListItem","position":1,"name":"Accueil","item":"https:\/\/www.sillon38.com\/blog\/"},{"@type":"ListItem","position":2,"name":"Alerte pollution"}]},{"@type":"WebSite","@id":"https:\/\/www.sillon38.com\/blog\/#website","url":"https:\/\/www.sillon38.com\/blog\/","name":"","description":"Le journal du monde rural","potentialAction":[{"@type":"SearchAction","target":{"@type":"EntryPoint","urlTemplate":"https:\/\/www.sillon38.com\/blog\/?s={search_term_string}"},"query-input":{"@type":"PropertyValueSpecification","valueRequired":true,"valueName":"search_term_string"}}],"inLanguage":"fr-FR"},{"@type":"Person","@id":"https:\/\/www.sillon38.com\/blog\/#\/schema\/person\/72f06b5f0494d1edc8f4e5bf63651ff1","name":"M Coeur"}]}},"_links":{"self":[{"href":"https:\/\/www.sillon38.com\/blog\/wp-json\/wp\/v2\/posts\/78209","targetHints":{"allow":["GET"]}}],"collection":[{"href":"https:\/\/www.sillon38.com\/blog\/wp-json\/wp\/v2\/posts"}],"about":[{"href":"https:\/\/www.sillon38.com\/blog\/wp-json\/wp\/v2\/types\/post"}],"author":[{"embeddable":true,"href":"https:\/\/www.sillon38.com\/blog\/wp-json\/wp\/v2\/users\/2"}],"replies":[{"embeddable":true,"href":"https:\/\/www.sillon38.com\/blog\/wp-json\/wp\/v2\/comments?post=78209"}],"version-history":[{"count":0,"href":"https:\/\/www.sillon38.com\/blog\/wp-json\/wp\/v2\/posts\/78209\/revisions"}],"wp:attachment":[{"href":"https:\/\/www.sillon38.com\/blog\/wp-json\/wp\/v2\/media?parent=78209"}],"wp:term":[{"taxonomy":"category","embeddable":true,"href":"https:\/\/www.sillon38.com\/blog\/wp-json\/wp\/v2\/categories?post=78209"},{"taxonomy":"post_tag","embeddable":true,"href":"https:\/\/www.sillon38.com\/blog\/wp-json\/wp\/v2\/tags?post=78209"}],"curies":[{"name":"wp","href":"https:\/\/api.w.org\/{rel}","templated":true}]}}