{"id":78904,"date":"2021-07-05T09:16:21","date_gmt":"2021-07-05T07:16:21","guid":{"rendered":"https:\/\/www.sillon38.com\/blog\/?p=78904"},"modified":"2021-07-05T09:16:22","modified_gmt":"2021-07-05T07:16:22","slug":"%ef%bb%bfla-fdsea-de-lisere-au-tour-de-france","status":"publish","type":"post","link":"https:\/\/www.sillon38.com\/blog\/2021\/07\/05\/%ef%bb%bfla-fdsea-de-lisere-au-tour-de-france\/","title":{"rendered":"\ufeffla FDSEA de l\u2019Is\u00e8re au Tour de France!"},"content":{"rendered":"\n<p><strong>Le 6 juillet 2021, la FDSEA de l\u2019Is\u00e8re renouvelle sa participation au grand concours national du Tour de France !<\/strong><br>Organis\u00e9 chaque ann\u00e9e par la<strong> FNSEA<\/strong> et<strong> ASO<\/strong>, ce concours met en comp\u00e9tition les agriculteurs de toute la France autour de la r\u00e9alisation d\u2019une fresque grandeur nature. <\/p>\n\n\n\n<p><strong>Le Tour de France passe dans l\u2019Is\u00e8re le 6 juillet prochain lors de l\u2019\u00e9tape Albertville &#8211; Valence.<\/strong> <\/p>\n\n\n\n<p>C\u2019est dans ce cadre, sur la commune de St Romans, que la FDSEA 38 pr\u00e9sentera une belle cr\u00e9ation vue du ciel !<br>L\u2019Is\u00e8re a termin\u00e9 7\u00e8me au concours l\u2019ann\u00e9e derni\u00e8re, et souhaite faire encore mieux cette ann\u00e9e !<br>Le th\u00e8me de l\u2019\u00e9dition 2021 est \u00ab la chaine \u00bb. Les agriculteurs ont voulu mettre l\u2019accent sur la chaine alimentaire et la chaine humaine ! Un th\u00e8me large qui donne une grande libert\u00e9 \u00e0 la cr\u00e9ativit\u00e9 et permettra de mettre en avant les belles productions agricoles issues de l\u2019Is\u00e8re.<br> Un visuel  sera compos\u00e9 d\u2019une chaine de montagne, de la chaine alimentaire repr\u00e9sent\u00e9e par un panier d\u2019aliment, un tracteur pour l\u2019agriculture et d\u2019un bonhomme en paille pour repr\u00e9senter les consommateurs. Ces \u00e9l\u00e9ments seront reli\u00e9s par une cha\u00eene humaine repr\u00e9sentant le travail de chacun pour soutenir l\u2019agriculture et l\u2019alimentation.<br>L\u2019emplacement de la fresque sera bas\u00e9 sur une parcelle de la commune de <strong>St Romans<\/strong>, le long de la Route de Valence o\u00f9 passeront les coureurs du Tour de France.<\/p>\n","protected":false},"excerpt":{"rendered":"<p>Le 6 juillet 2021, la FDSEA de l\u2019Is\u00e8re renouvelle sa participation au grand concours national du Tour de France !Organis\u00e9 chaque ann\u00e9e par la FNSEA et ASO, ce concours met en comp\u00e9tition les agriculteurs de toute la France autour de&#8230;<\/p>\n","protected":false},"author":2,"featured_media":0,"comment_status":"open","ping_status":"open","sticky":false,"template":"","format":"standard","meta":{"footnotes":""},"categories":[3,77],"tags":[278,5868,2994,5869,5397],"class_list":["post-78904","post","type-post","status-publish","format-standard","hentry","category-agriculture","category-syndicalisme-agricole","tag-agriculteurs","tag-fdsea-de-lisere-2","tag-isere","tag-st-romans","tag-tour-de-france"],"yoast_head":"<!-- This site is optimized with the Yoast SEO plugin v27.5 - https:\/\/yoast.com\/product\/yoast-seo-wordpress\/ -->\n<title>\ufeffla FDSEA de l\u2019Is\u00e8re au Tour de France! -<\/title>\n<meta name=\"robots\" content=\"index, follow, max-snippet:-1, max-image-preview:large, max-video-preview:-1\" \/>\n<link rel=\"canonical\" href=\"https:\/\/www.sillon38.com\/blog\/2021\/07\/05\/\ufeffla-fdsea-de-lisere-au-tour-de-france\/\" \/>\n<meta property=\"og:locale\" content=\"fr_FR\" \/>\n<meta property=\"og:type\" content=\"article\" \/>\n<meta property=\"og:title\" content=\"\ufeffla FDSEA de l\u2019Is\u00e8re au Tour de France! -\" \/>\n<meta property=\"og:description\" content=\"Le 6 juillet 2021, la FDSEA de l\u2019Is\u00e8re renouvelle sa participation au grand concours national du Tour de France !Organis\u00e9 chaque ann\u00e9e par la FNSEA et ASO, ce concours met en comp\u00e9tition les agriculteurs de toute la France autour de...\" \/>\n<meta property=\"og:url\" content=\"https:\/\/www.sillon38.com\/blog\/2021\/07\/05\/\ufeffla-fdsea-de-lisere-au-tour-de-france\/\" \/>\n<meta property=\"article:published_time\" content=\"2021-07-05T07:16:21+00:00\" \/>\n<meta property=\"article:modified_time\" content=\"2021-07-05T07:16:22+00:00\" \/>\n<meta name=\"author\" content=\"M Coeur\" \/>\n<meta name=\"twitter:card\" content=\"summary_large_image\" \/>\n<meta name=\"twitter:label1\" content=\"\u00c9crit par\" \/>\n\t<meta name=\"twitter:data1\" content=\"M Coeur\" \/>\n\t<meta name=\"twitter:label2\" content=\"Dur\u00e9e de lecture estim\u00e9e\" \/>\n\t<meta name=\"twitter:data2\" content=\"1 minute\" \/>\n<script type=\"application\/ld+json\" class=\"yoast-schema-graph\">{\"@context\":\"https:\\\/\\\/schema.org\",\"@graph\":[{\"@type\":\"Article\",\"@id\":\"https:\\\/\\\/www.sillon38.com\\\/blog\\\/2021\\\/07\\\/05\\\/%ef%bb%bfla-fdsea-de-lisere-au-tour-de-france\\\/#article\",\"isPartOf\":{\"@id\":\"https:\\\/\\\/www.sillon38.com\\\/blog\\\/2021\\\/07\\\/05\\\/%ef%bb%bfla-fdsea-de-lisere-au-tour-de-france\\\/\"},\"author\":{\"name\":\"M Coeur\",\"@id\":\"https:\\\/\\\/www.sillon38.com\\\/blog\\\/#\\\/schema\\\/person\\\/72f06b5f0494d1edc8f4e5bf63651ff1\"},\"headline\":\"\ufeffla FDSEA de l\u2019Is\u00e8re au Tour de France!\",\"datePublished\":\"2021-07-05T07:16:21+00:00\",\"dateModified\":\"2021-07-05T07:16:22+00:00\",\"mainEntityOfPage\":{\"@id\":\"https:\\\/\\\/www.sillon38.com\\\/blog\\\/2021\\\/07\\\/05\\\/%ef%bb%bfla-fdsea-de-lisere-au-tour-de-france\\\/\"},\"wordCount\":266,\"commentCount\":0,\"keywords\":[\"agriculteurs\",\"FDSEA de l\u2019Is\u00e8re\",\"Is\u00e8re\",\"St Romans\",\"tour de France\"],\"articleSection\":[\"agriculture\",\"vie syndicale\"],\"inLanguage\":\"fr-FR\",\"potentialAction\":[{\"@type\":\"CommentAction\",\"name\":\"Comment\",\"target\":[\"https:\\\/\\\/www.sillon38.com\\\/blog\\\/2021\\\/07\\\/05\\\/%ef%bb%bfla-fdsea-de-lisere-au-tour-de-france\\\/#respond\"]}]},{\"@type\":\"WebPage\",\"@id\":\"https:\\\/\\\/www.sillon38.com\\\/blog\\\/2021\\\/07\\\/05\\\/%ef%bb%bfla-fdsea-de-lisere-au-tour-de-france\\\/\",\"url\":\"https:\\\/\\\/www.sillon38.com\\\/blog\\\/2021\\\/07\\\/05\\\/%ef%bb%bfla-fdsea-de-lisere-au-tour-de-france\\\/\",\"name\":\"\ufeffla FDSEA de l\u2019Is\u00e8re au Tour de France! -\",\"isPartOf\":{\"@id\":\"https:\\\/\\\/www.sillon38.com\\\/blog\\\/#website\"},\"datePublished\":\"2021-07-05T07:16:21+00:00\",\"dateModified\":\"2021-07-05T07:16:22+00:00\",\"author\":{\"@id\":\"https:\\\/\\\/www.sillon38.com\\\/blog\\\/#\\\/schema\\\/person\\\/72f06b5f0494d1edc8f4e5bf63651ff1\"},\"breadcrumb\":{\"@id\":\"https:\\\/\\\/www.sillon38.com\\\/blog\\\/2021\\\/07\\\/05\\\/%ef%bb%bfla-fdsea-de-lisere-au-tour-de-france\\\/#breadcrumb\"},\"inLanguage\":\"fr-FR\",\"potentialAction\":[{\"@type\":\"ReadAction\",\"target\":[\"https:\\\/\\\/www.sillon38.com\\\/blog\\\/2021\\\/07\\\/05\\\/%ef%bb%bfla-fdsea-de-lisere-au-tour-de-france\\\/\"]}]},{\"@type\":\"BreadcrumbList\",\"@id\":\"https:\\\/\\\/www.sillon38.com\\\/blog\\\/2021\\\/07\\\/05\\\/%ef%bb%bfla-fdsea-de-lisere-au-tour-de-france\\\/#breadcrumb\",\"itemListElement\":[{\"@type\":\"ListItem\",\"position\":1,\"name\":\"Accueil\",\"item\":\"https:\\\/\\\/www.sillon38.com\\\/blog\\\/\"},{\"@type\":\"ListItem\",\"position\":2,\"name\":\"\ufeffla FDSEA de l\u2019Is\u00e8re au Tour de France!\"}]},{\"@type\":\"WebSite\",\"@id\":\"https:\\\/\\\/www.sillon38.com\\\/blog\\\/#website\",\"url\":\"https:\\\/\\\/www.sillon38.com\\\/blog\\\/\",\"name\":\"\",\"description\":\"Le journal du monde rural\",\"potentialAction\":[{\"@type\":\"SearchAction\",\"target\":{\"@type\":\"EntryPoint\",\"urlTemplate\":\"https:\\\/\\\/www.sillon38.com\\\/blog\\\/?s={search_term_string}\"},\"query-input\":{\"@type\":\"PropertyValueSpecification\",\"valueRequired\":true,\"valueName\":\"search_term_string\"}}],\"inLanguage\":\"fr-FR\"},{\"@type\":\"Person\",\"@id\":\"https:\\\/\\\/www.sillon38.com\\\/blog\\\/#\\\/schema\\\/person\\\/72f06b5f0494d1edc8f4e5bf63651ff1\",\"name\":\"M Coeur\"}]}<\/script>\n<!-- \/ Yoast SEO plugin. -->","yoast_head_json":{"title":"\ufeffla FDSEA de l\u2019Is\u00e8re au Tour de France! -","robots":{"index":"index","follow":"follow","max-snippet":"max-snippet:-1","max-image-preview":"max-image-preview:large","max-video-preview":"max-video-preview:-1"},"canonical":"https:\/\/www.sillon38.com\/blog\/2021\/07\/05\/\ufeffla-fdsea-de-lisere-au-tour-de-france\/","og_locale":"fr_FR","og_type":"article","og_title":"\ufeffla FDSEA de l\u2019Is\u00e8re au Tour de France! -","og_description":"Le 6 juillet 2021, la FDSEA de l\u2019Is\u00e8re renouvelle sa participation au grand concours national du Tour de France !Organis\u00e9 chaque ann\u00e9e par la FNSEA et ASO, ce concours met en comp\u00e9tition les agriculteurs de toute la France autour de...","og_url":"https:\/\/www.sillon38.com\/blog\/2021\/07\/05\/\ufeffla-fdsea-de-lisere-au-tour-de-france\/","article_published_time":"2021-07-05T07:16:21+00:00","article_modified_time":"2021-07-05T07:16:22+00:00","author":"M Coeur","twitter_card":"summary_large_image","twitter_misc":{"\u00c9crit par":"M Coeur","Dur\u00e9e de lecture estim\u00e9e":"1 minute"},"schema":{"@context":"https:\/\/schema.org","@graph":[{"@type":"Article","@id":"https:\/\/www.sillon38.com\/blog\/2021\/07\/05\/%ef%bb%bfla-fdsea-de-lisere-au-tour-de-france\/#article","isPartOf":{"@id":"https:\/\/www.sillon38.com\/blog\/2021\/07\/05\/%ef%bb%bfla-fdsea-de-lisere-au-tour-de-france\/"},"author":{"name":"M Coeur","@id":"https:\/\/www.sillon38.com\/blog\/#\/schema\/person\/72f06b5f0494d1edc8f4e5bf63651ff1"},"headline":"\ufeffla FDSEA de l\u2019Is\u00e8re au Tour de France!","datePublished":"2021-07-05T07:16:21+00:00","dateModified":"2021-07-05T07:16:22+00:00","mainEntityOfPage":{"@id":"https:\/\/www.sillon38.com\/blog\/2021\/07\/05\/%ef%bb%bfla-fdsea-de-lisere-au-tour-de-france\/"},"wordCount":266,"commentCount":0,"keywords":["agriculteurs","FDSEA de l\u2019Is\u00e8re","Is\u00e8re","St Romans","tour de France"],"articleSection":["agriculture","vie syndicale"],"inLanguage":"fr-FR","potentialAction":[{"@type":"CommentAction","name":"Comment","target":["https:\/\/www.sillon38.com\/blog\/2021\/07\/05\/%ef%bb%bfla-fdsea-de-lisere-au-tour-de-france\/#respond"]}]},{"@type":"WebPage","@id":"https:\/\/www.sillon38.com\/blog\/2021\/07\/05\/%ef%bb%bfla-fdsea-de-lisere-au-tour-de-france\/","url":"https:\/\/www.sillon38.com\/blog\/2021\/07\/05\/%ef%bb%bfla-fdsea-de-lisere-au-tour-de-france\/","name":"\ufeffla FDSEA de l\u2019Is\u00e8re au Tour de France! -","isPartOf":{"@id":"https:\/\/www.sillon38.com\/blog\/#website"},"datePublished":"2021-07-05T07:16:21+00:00","dateModified":"2021-07-05T07:16:22+00:00","author":{"@id":"https:\/\/www.sillon38.com\/blog\/#\/schema\/person\/72f06b5f0494d1edc8f4e5bf63651ff1"},"breadcrumb":{"@id":"https:\/\/www.sillon38.com\/blog\/2021\/07\/05\/%ef%bb%bfla-fdsea-de-lisere-au-tour-de-france\/#breadcrumb"},"inLanguage":"fr-FR","potentialAction":[{"@type":"ReadAction","target":["https:\/\/www.sillon38.com\/blog\/2021\/07\/05\/%ef%bb%bfla-fdsea-de-lisere-au-tour-de-france\/"]}]},{"@type":"BreadcrumbList","@id":"https:\/\/www.sillon38.com\/blog\/2021\/07\/05\/%ef%bb%bfla-fdsea-de-lisere-au-tour-de-france\/#breadcrumb","itemListElement":[{"@type":"ListItem","position":1,"name":"Accueil","item":"https:\/\/www.sillon38.com\/blog\/"},{"@type":"ListItem","position":2,"name":"\ufeffla FDSEA de l\u2019Is\u00e8re au Tour de France!"}]},{"@type":"WebSite","@id":"https:\/\/www.sillon38.com\/blog\/#website","url":"https:\/\/www.sillon38.com\/blog\/","name":"","description":"Le journal du monde rural","potentialAction":[{"@type":"SearchAction","target":{"@type":"EntryPoint","urlTemplate":"https:\/\/www.sillon38.com\/blog\/?s={search_term_string}"},"query-input":{"@type":"PropertyValueSpecification","valueRequired":true,"valueName":"search_term_string"}}],"inLanguage":"fr-FR"},{"@type":"Person","@id":"https:\/\/www.sillon38.com\/blog\/#\/schema\/person\/72f06b5f0494d1edc8f4e5bf63651ff1","name":"M Coeur"}]}},"_links":{"self":[{"href":"https:\/\/www.sillon38.com\/blog\/wp-json\/wp\/v2\/posts\/78904","targetHints":{"allow":["GET"]}}],"collection":[{"href":"https:\/\/www.sillon38.com\/blog\/wp-json\/wp\/v2\/posts"}],"about":[{"href":"https:\/\/www.sillon38.com\/blog\/wp-json\/wp\/v2\/types\/post"}],"author":[{"embeddable":true,"href":"https:\/\/www.sillon38.com\/blog\/wp-json\/wp\/v2\/users\/2"}],"replies":[{"embeddable":true,"href":"https:\/\/www.sillon38.com\/blog\/wp-json\/wp\/v2\/comments?post=78904"}],"version-history":[{"count":2,"href":"https:\/\/www.sillon38.com\/blog\/wp-json\/wp\/v2\/posts\/78904\/revisions"}],"predecessor-version":[{"id":78914,"href":"https:\/\/www.sillon38.com\/blog\/wp-json\/wp\/v2\/posts\/78904\/revisions\/78914"}],"wp:attachment":[{"href":"https:\/\/www.sillon38.com\/blog\/wp-json\/wp\/v2\/media?parent=78904"}],"wp:term":[{"taxonomy":"category","embeddable":true,"href":"https:\/\/www.sillon38.com\/blog\/wp-json\/wp\/v2\/categories?post=78904"},{"taxonomy":"post_tag","embeddable":true,"href":"https:\/\/www.sillon38.com\/blog\/wp-json\/wp\/v2\/tags?post=78904"}],"curies":[{"name":"wp","href":"https:\/\/api.w.org\/{rel}","templated":true}]}}