{"id":79484,"date":"2022-03-18T14:13:47","date_gmt":"2022-03-18T13:13:47","guid":{"rendered":"https:\/\/www.sillon38.com\/blog\/?p=79484"},"modified":"2022-03-18T14:13:49","modified_gmt":"2022-03-18T13:13:49","slug":"lagence-credit-agricole-sud-rhone-alpes-de-varces-allieres-et-risset-fait-peau-neuve","status":"publish","type":"post","link":"https:\/\/www.sillon38.com\/blog\/2022\/03\/18\/lagence-credit-agricole-sud-rhone-alpes-de-varces-allieres-et-risset-fait-peau-neuve\/","title":{"rendered":"L\u2019Agence Cr\u00e9dit Agricole Sud Rh\u00f4ne Alpes de Varces Alli\u00e8res et Risset fait peau neuve"},"content":{"rendered":"\n<p>Avec ses 194 agences de proximit\u00e9, entreprises et banque priv\u00e9e, le Cr\u00e9dit Agricole Sud Rh\u00f4ne Alpes rayonne sur la Dr\u00f4me, l\u2019Is\u00e8re, l\u2019Ard\u00e8che et le Sud-Est Lyonnais.<\/p>\n\n\n\n<p> En poursuivant son objectif de r\u00e9novation, le banquier-assureur de notre r\u00e9gion, souhaite r\u00e9pondre aux nouvelles habitudes de ses clients pour leur apporter un service optimal, tout en participant activement au d\u00e9veloppement et au dynamisme de son territoire. <\/p>\n\n\n\n<p>\u00a0 <strong><mark style=\"background-color:rgba(0, 0, 0, 0)\" class=\"has-inline-color has-vivid-green-cyan-color\">L\u2019agence de Varces Alli\u00e8res et Risset, un espace enti\u00e8rement repens\u00e9 pour ses clients<\/mark><\/strong> \u00a0 <\/p>\n\n\n\n<p>Le Cr\u00e9dit Agricole Sud Rh\u00f4ne Alpes poursuit le d\u00e9ploiement de son concept d\u2019agence. Plus de 70% de son r\u00e9seau a d\u00e9j\u00e0 \u00e9t\u00e9 revisit\u00e9 pour offrir la meilleure solution de proximit\u00e9 \u00e0 ses clients. C\u2019est aujourd\u2019hui l\u2019agence de Varces Alli\u00e8res et Risset qui a rouvert ses portes, enti\u00e8rement r\u00e9nov\u00e9e. \u00a0<\/p>\n\n\n\n<p> \u00ab\u00a0<em>Nous sommes ravis de pouvoir recevoir nos clients dans cet espace moderne qui reste le lieu de contact privil\u00e9gi\u00e9 avec eux. Cette r\u00e9novation nous permet aussi de contribuer activement au dynamisme de notre commune ce qui est en parfaite coh\u00e9rence avec nos valeurs et nos engagements \u00bb<\/em> explique Olivier CLARINI, directeur de l\u2019agence de Varces Alli\u00e8res et Risset. <\/p>\n\n\n\n<p>\u00a0 Dans son ambitieux projet de d\u00e9ploiement de concept, le Cr\u00e9dit Agricole Sud Rh\u00f4ne Alpes fait appel \u00e0 pr\u00e8s de 20 artisans diff\u00e9rents par r\u00e9novation d\u2019agence, tous issus de notre territoire. <\/p>\n\n\n\n<p>Ce choix d\u00e9lib\u00e9r\u00e9 confirme sa position d\u2019acteur de proximit\u00e9 et d\u2019animateur de la vie locale. \u00a0 \u00ab\u00a0<em>Je suis fier de pouvoir m\u2019appuyer sur cette agence au quotidien pour porter des projets de d\u00e9veloppement et des initiatives locales. Cet investissement est une nouvelle preuve de notre engagement durable sur le territoire et nous permet de renforcer les liens avec nos soci\u00e9taires et tous les acteurs de la vie associative, sociale et \u00e9conomique\u00a0\u00bb<\/em> pr\u00e9cise Thierry BARATIER, pr\u00e9sident de la Caisse Locale de Vif. \u00a0<\/p>\n\n\n\n<p> <strong><mark style=\"background-color:rgba(0, 0, 0, 0)\" class=\"has-inline-color has-vivid-green-cyan-color\">Informations pratiques \u00a0  <\/mark><\/strong>                                         <\/p>\n\n\n\n<p><strong>Cr\u00e9dit\u00a0Agricole<\/strong>\u00a0Varces Alli\u00e8res et Risset 12 Avenue Joliot-Curie <\/p>\n\n\n\n<p>T\u00e9l\u00a0:\u00a004 76 28 94 56              <\/p>\n\n\n\n<p> Horaires Ouverture\u00a0du\u00a0mardi au vendredi 8h30 \u00e0 12h, Le samedi\u00a08h\u00a0\u00e0\u00a012h30 Les\u00a0apr\u00e8s-midi sur RDV :\u00a0mardi,\u00a0mercredi,\u00a0vendredi 15h\u00a0\u00e0\u00a018h,  Le jeudi 15h \u00e0 18h30 <\/p>\n\n\n\n<p>\u00a0 \u00a0&#8211; Un directeur d\u2019agence, une responsable de client\u00e8le Particuliers, un responsable de client\u00e8le Professionnels et trois experts m\u00e9tiers\u00a0: services bancaires et assurances, \u00e9pargne et placements financiers, habitat. sont au service de plus de 1800 clients. \u00a0<\/p>\n\n\n\n<figure class=\"wp-block-image size-full\"><img loading=\"lazy\" decoding=\"async\" width=\"508\" height=\"463\" src=\"https:\/\/www.sillon38.com\/blog\/wp-content\/uploads\/2022\/03\/ca.png\" alt=\"\" class=\"wp-image-79485\" srcset=\"https:\/\/www.sillon38.com\/blog\/wp-content\/uploads\/2022\/03\/ca.png 508w, https:\/\/www.sillon38.com\/blog\/wp-content\/uploads\/2022\/03\/ca-300x273.png 300w\" sizes=\"auto, (max-width: 508px) 100vw, 508px\" \/><\/figure>\n\n\n\n<p> 1 Distributeur Automatique de billets \u00a0                                \u00a0_______________________________________________________________________________________ \u00a0 <\/p>\n\n\n\n<p><strong><mark style=\"background-color:rgba(0, 0, 0, 0)\" class=\"has-inline-color has-vivid-green-cyan-color\">Un amplificateur du mod\u00e8le coop\u00e9ratif et mutualiste du Cr\u00e9dit Agricole Sud Rh\u00f4ne Alpes <\/mark><\/strong><\/p>\n\n\n\n<p> Le concept d\u2019agence propose un mod\u00e8le bancaire innovant et multicanal. Ce n\u2019est pas un simple concept, mais une m\u00e9tamorphose de l\u2019organisation commerciale qui s\u2019inscrit dans la compl\u00e9mentarit\u00e9 de tous les services en ligne propos\u00e9s. <\/p>\n\n\n\n<p>Les conseillers travaillent en \u00e9quipe, avec un responsable de client\u00e8le qui coordonne des sp\u00e9cialistes par m\u00e9tier : \u00e9pargne, cr\u00e9dit, assurance. L\u2019agence est ouverte avec des espaces th\u00e9matiques en acc\u00e8s libre qui mat\u00e9rialisent les savoir-faire, des espaces salons pour les rendez-vous et des espaces collaboratifs pour d\u00e9velopper l\u2019esprit d\u2019\u00e9quipe.  Un dispositif qui place l\u2019agence bancaire en lieu d\u2019\u00e9motions, mais aussi en espace d\u2019\u00e9coute, de conseil, d\u2019expertise et de confiance. <\/p>\n\n\n\n<p>\u00a0 <strong><mark style=\"background-color:rgba(0, 0, 0, 0)\" class=\"has-inline-color has-vivid-green-cyan-color\">Alliance d\u2019accueil chaleureux et d\u2019expertise affirm\u00e9e, la Caisse r\u00e9gionale  r\u00e9affirme ainsi sa volont\u00e9 de construire une banque qui pr\u00e9serve l\u2019humain et la proximit\u00e9.<\/mark><\/strong><\/p>\n\n\n\n<p> <strong><mark style=\"background-color:rgba(0, 0, 0, 0)\" class=\"has-inline-color has-vivid-green-cyan-color\">Un mod\u00e8le en parfaite ad\u00e9quation avec ses valeurs et engagements coop\u00e9ratifs et mutualistes.<\/mark><\/strong><\/p>\n\n\n\n<p><\/p>\n","protected":false},"excerpt":{"rendered":"<p>Avec ses 194 agences de proximit\u00e9, entreprises et banque priv\u00e9e, le Cr\u00e9dit Agricole Sud Rh\u00f4ne Alpes rayonne sur la Dr\u00f4me, l\u2019Is\u00e8re, l\u2019Ard\u00e8che et le Sud-Est Lyonnais. En poursuivant son objectif de r\u00e9novation, le banquier-assureur de notre r\u00e9gion, souhaite r\u00e9pondre aux&#8230;<\/p>\n","protected":false},"author":2,"featured_media":0,"comment_status":"closed","ping_status":"closed","sticky":false,"template":"","format":"standard","meta":{"footnotes":""},"categories":[85,33,104],"tags":[5863,5933],"class_list":["post-79484","post","type-post","status-publish","format-standard","hentry","category-amenagement","category-grand-angle","category-la-vie-des-communes","tag-credit-agricole-sud-rhone-alpes-2","tag-varces-allieres-et-risset-2"],"yoast_head":"<!-- This site is optimized with the Yoast SEO plugin v27.5 - https:\/\/yoast.com\/product\/yoast-seo-wordpress\/ -->\n<title>L\u2019Agence Cr\u00e9dit Agricole Sud Rh\u00f4ne Alpes de Varces Alli\u00e8res et Risset fait peau neuve -<\/title>\n<meta name=\"robots\" content=\"index, follow, max-snippet:-1, max-image-preview:large, max-video-preview:-1\" \/>\n<link rel=\"canonical\" href=\"https:\/\/www.sillon38.com\/blog\/2022\/03\/18\/lagence-credit-agricole-sud-rhone-alpes-de-varces-allieres-et-risset-fait-peau-neuve\/\" \/>\n<meta property=\"og:locale\" content=\"fr_FR\" \/>\n<meta property=\"og:type\" content=\"article\" \/>\n<meta property=\"og:title\" content=\"L\u2019Agence Cr\u00e9dit Agricole Sud Rh\u00f4ne Alpes de Varces Alli\u00e8res et Risset fait peau neuve -\" \/>\n<meta property=\"og:description\" content=\"Avec ses 194 agences de proximit\u00e9, entreprises et banque priv\u00e9e, le Cr\u00e9dit Agricole Sud Rh\u00f4ne Alpes rayonne sur la Dr\u00f4me, l\u2019Is\u00e8re, l\u2019Ard\u00e8che et le Sud-Est Lyonnais. En poursuivant son objectif de r\u00e9novation, le banquier-assureur de notre r\u00e9gion, souhaite r\u00e9pondre aux...\" \/>\n<meta property=\"og:url\" content=\"https:\/\/www.sillon38.com\/blog\/2022\/03\/18\/lagence-credit-agricole-sud-rhone-alpes-de-varces-allieres-et-risset-fait-peau-neuve\/\" \/>\n<meta property=\"article:published_time\" content=\"2022-03-18T13:13:47+00:00\" \/>\n<meta property=\"article:modified_time\" content=\"2022-03-18T13:13:49+00:00\" \/>\n<meta property=\"og:image\" content=\"https:\/\/www.sillon38.com\/blog\/wp-content\/uploads\/2022\/03\/ca.png\" \/>\n<meta name=\"author\" content=\"M Coeur\" \/>\n<meta name=\"twitter:card\" content=\"summary_large_image\" \/>\n<meta name=\"twitter:label1\" content=\"\u00c9crit par\" \/>\n\t<meta name=\"twitter:data1\" content=\"M Coeur\" \/>\n\t<meta name=\"twitter:label2\" content=\"Dur\u00e9e de lecture estim\u00e9e\" \/>\n\t<meta name=\"twitter:data2\" content=\"3 minutes\" \/>\n<script type=\"application\/ld+json\" class=\"yoast-schema-graph\">{\"@context\":\"https:\\\/\\\/schema.org\",\"@graph\":[{\"@type\":\"Article\",\"@id\":\"https:\\\/\\\/www.sillon38.com\\\/blog\\\/2022\\\/03\\\/18\\\/lagence-credit-agricole-sud-rhone-alpes-de-varces-allieres-et-risset-fait-peau-neuve\\\/#article\",\"isPartOf\":{\"@id\":\"https:\\\/\\\/www.sillon38.com\\\/blog\\\/2022\\\/03\\\/18\\\/lagence-credit-agricole-sud-rhone-alpes-de-varces-allieres-et-risset-fait-peau-neuve\\\/\"},\"author\":{\"name\":\"M Coeur\",\"@id\":\"https:\\\/\\\/www.sillon38.com\\\/blog\\\/#\\\/schema\\\/person\\\/72f06b5f0494d1edc8f4e5bf63651ff1\"},\"headline\":\"L\u2019Agence Cr\u00e9dit Agricole Sud Rh\u00f4ne Alpes de Varces Alli\u00e8res et Risset fait peau neuve\",\"datePublished\":\"2022-03-18T13:13:47+00:00\",\"dateModified\":\"2022-03-18T13:13:49+00:00\",\"mainEntityOfPage\":{\"@id\":\"https:\\\/\\\/www.sillon38.com\\\/blog\\\/2022\\\/03\\\/18\\\/lagence-credit-agricole-sud-rhone-alpes-de-varces-allieres-et-risset-fait-peau-neuve\\\/\"},\"wordCount\":622,\"image\":{\"@id\":\"https:\\\/\\\/www.sillon38.com\\\/blog\\\/2022\\\/03\\\/18\\\/lagence-credit-agricole-sud-rhone-alpes-de-varces-allieres-et-risset-fait-peau-neuve\\\/#primaryimage\"},\"thumbnailUrl\":\"https:\\\/\\\/www.sillon38.com\\\/blog\\\/wp-content\\\/uploads\\\/2022\\\/03\\\/ca.png\",\"keywords\":[\"Cr\u00e9dit Agricole Sud Rh\u00f4ne Alpes\",\"Varces Alli\u00e8res et Risset\"],\"articleSection\":[\"am\u00e9nagement\",\"grand angle\",\"la vie des communes\"],\"inLanguage\":\"fr-FR\"},{\"@type\":\"WebPage\",\"@id\":\"https:\\\/\\\/www.sillon38.com\\\/blog\\\/2022\\\/03\\\/18\\\/lagence-credit-agricole-sud-rhone-alpes-de-varces-allieres-et-risset-fait-peau-neuve\\\/\",\"url\":\"https:\\\/\\\/www.sillon38.com\\\/blog\\\/2022\\\/03\\\/18\\\/lagence-credit-agricole-sud-rhone-alpes-de-varces-allieres-et-risset-fait-peau-neuve\\\/\",\"name\":\"L\u2019Agence Cr\u00e9dit Agricole Sud Rh\u00f4ne Alpes de Varces Alli\u00e8res et Risset fait peau neuve -\",\"isPartOf\":{\"@id\":\"https:\\\/\\\/www.sillon38.com\\\/blog\\\/#website\"},\"primaryImageOfPage\":{\"@id\":\"https:\\\/\\\/www.sillon38.com\\\/blog\\\/2022\\\/03\\\/18\\\/lagence-credit-agricole-sud-rhone-alpes-de-varces-allieres-et-risset-fait-peau-neuve\\\/#primaryimage\"},\"image\":{\"@id\":\"https:\\\/\\\/www.sillon38.com\\\/blog\\\/2022\\\/03\\\/18\\\/lagence-credit-agricole-sud-rhone-alpes-de-varces-allieres-et-risset-fait-peau-neuve\\\/#primaryimage\"},\"thumbnailUrl\":\"https:\\\/\\\/www.sillon38.com\\\/blog\\\/wp-content\\\/uploads\\\/2022\\\/03\\\/ca.png\",\"datePublished\":\"2022-03-18T13:13:47+00:00\",\"dateModified\":\"2022-03-18T13:13:49+00:00\",\"author\":{\"@id\":\"https:\\\/\\\/www.sillon38.com\\\/blog\\\/#\\\/schema\\\/person\\\/72f06b5f0494d1edc8f4e5bf63651ff1\"},\"breadcrumb\":{\"@id\":\"https:\\\/\\\/www.sillon38.com\\\/blog\\\/2022\\\/03\\\/18\\\/lagence-credit-agricole-sud-rhone-alpes-de-varces-allieres-et-risset-fait-peau-neuve\\\/#breadcrumb\"},\"inLanguage\":\"fr-FR\",\"potentialAction\":[{\"@type\":\"ReadAction\",\"target\":[\"https:\\\/\\\/www.sillon38.com\\\/blog\\\/2022\\\/03\\\/18\\\/lagence-credit-agricole-sud-rhone-alpes-de-varces-allieres-et-risset-fait-peau-neuve\\\/\"]}]},{\"@type\":\"ImageObject\",\"inLanguage\":\"fr-FR\",\"@id\":\"https:\\\/\\\/www.sillon38.com\\\/blog\\\/2022\\\/03\\\/18\\\/lagence-credit-agricole-sud-rhone-alpes-de-varces-allieres-et-risset-fait-peau-neuve\\\/#primaryimage\",\"url\":\"https:\\\/\\\/www.sillon38.com\\\/blog\\\/wp-content\\\/uploads\\\/2022\\\/03\\\/ca.png\",\"contentUrl\":\"https:\\\/\\\/www.sillon38.com\\\/blog\\\/wp-content\\\/uploads\\\/2022\\\/03\\\/ca.png\",\"width\":508,\"height\":463},{\"@type\":\"BreadcrumbList\",\"@id\":\"https:\\\/\\\/www.sillon38.com\\\/blog\\\/2022\\\/03\\\/18\\\/lagence-credit-agricole-sud-rhone-alpes-de-varces-allieres-et-risset-fait-peau-neuve\\\/#breadcrumb\",\"itemListElement\":[{\"@type\":\"ListItem\",\"position\":1,\"name\":\"Accueil\",\"item\":\"https:\\\/\\\/www.sillon38.com\\\/blog\\\/\"},{\"@type\":\"ListItem\",\"position\":2,\"name\":\"L\u2019Agence Cr\u00e9dit Agricole Sud Rh\u00f4ne Alpes de Varces Alli\u00e8res et Risset fait peau neuve\"}]},{\"@type\":\"WebSite\",\"@id\":\"https:\\\/\\\/www.sillon38.com\\\/blog\\\/#website\",\"url\":\"https:\\\/\\\/www.sillon38.com\\\/blog\\\/\",\"name\":\"\",\"description\":\"Le journal du monde rural\",\"potentialAction\":[{\"@type\":\"SearchAction\",\"target\":{\"@type\":\"EntryPoint\",\"urlTemplate\":\"https:\\\/\\\/www.sillon38.com\\\/blog\\\/?s={search_term_string}\"},\"query-input\":{\"@type\":\"PropertyValueSpecification\",\"valueRequired\":true,\"valueName\":\"search_term_string\"}}],\"inLanguage\":\"fr-FR\"},{\"@type\":\"Person\",\"@id\":\"https:\\\/\\\/www.sillon38.com\\\/blog\\\/#\\\/schema\\\/person\\\/72f06b5f0494d1edc8f4e5bf63651ff1\",\"name\":\"M Coeur\"}]}<\/script>\n<!-- \/ Yoast SEO plugin. -->","yoast_head_json":{"title":"L\u2019Agence Cr\u00e9dit Agricole Sud Rh\u00f4ne Alpes de Varces Alli\u00e8res et Risset fait peau neuve -","robots":{"index":"index","follow":"follow","max-snippet":"max-snippet:-1","max-image-preview":"max-image-preview:large","max-video-preview":"max-video-preview:-1"},"canonical":"https:\/\/www.sillon38.com\/blog\/2022\/03\/18\/lagence-credit-agricole-sud-rhone-alpes-de-varces-allieres-et-risset-fait-peau-neuve\/","og_locale":"fr_FR","og_type":"article","og_title":"L\u2019Agence Cr\u00e9dit Agricole Sud Rh\u00f4ne Alpes de Varces Alli\u00e8res et Risset fait peau neuve -","og_description":"Avec ses 194 agences de proximit\u00e9, entreprises et banque priv\u00e9e, le Cr\u00e9dit Agricole Sud Rh\u00f4ne Alpes rayonne sur la Dr\u00f4me, l\u2019Is\u00e8re, l\u2019Ard\u00e8che et le Sud-Est Lyonnais. En poursuivant son objectif de r\u00e9novation, le banquier-assureur de notre r\u00e9gion, souhaite r\u00e9pondre aux...","og_url":"https:\/\/www.sillon38.com\/blog\/2022\/03\/18\/lagence-credit-agricole-sud-rhone-alpes-de-varces-allieres-et-risset-fait-peau-neuve\/","article_published_time":"2022-03-18T13:13:47+00:00","article_modified_time":"2022-03-18T13:13:49+00:00","og_image":[{"url":"https:\/\/www.sillon38.com\/blog\/wp-content\/uploads\/2022\/03\/ca.png","type":"","width":"","height":""}],"author":"M Coeur","twitter_card":"summary_large_image","twitter_misc":{"\u00c9crit par":"M Coeur","Dur\u00e9e de lecture estim\u00e9e":"3 minutes"},"schema":{"@context":"https:\/\/schema.org","@graph":[{"@type":"Article","@id":"https:\/\/www.sillon38.com\/blog\/2022\/03\/18\/lagence-credit-agricole-sud-rhone-alpes-de-varces-allieres-et-risset-fait-peau-neuve\/#article","isPartOf":{"@id":"https:\/\/www.sillon38.com\/blog\/2022\/03\/18\/lagence-credit-agricole-sud-rhone-alpes-de-varces-allieres-et-risset-fait-peau-neuve\/"},"author":{"name":"M Coeur","@id":"https:\/\/www.sillon38.com\/blog\/#\/schema\/person\/72f06b5f0494d1edc8f4e5bf63651ff1"},"headline":"L\u2019Agence Cr\u00e9dit Agricole Sud Rh\u00f4ne Alpes de Varces Alli\u00e8res et Risset fait peau neuve","datePublished":"2022-03-18T13:13:47+00:00","dateModified":"2022-03-18T13:13:49+00:00","mainEntityOfPage":{"@id":"https:\/\/www.sillon38.com\/blog\/2022\/03\/18\/lagence-credit-agricole-sud-rhone-alpes-de-varces-allieres-et-risset-fait-peau-neuve\/"},"wordCount":622,"image":{"@id":"https:\/\/www.sillon38.com\/blog\/2022\/03\/18\/lagence-credit-agricole-sud-rhone-alpes-de-varces-allieres-et-risset-fait-peau-neuve\/#primaryimage"},"thumbnailUrl":"https:\/\/www.sillon38.com\/blog\/wp-content\/uploads\/2022\/03\/ca.png","keywords":["Cr\u00e9dit Agricole Sud Rh\u00f4ne Alpes","Varces Alli\u00e8res et Risset"],"articleSection":["am\u00e9nagement","grand angle","la vie des communes"],"inLanguage":"fr-FR"},{"@type":"WebPage","@id":"https:\/\/www.sillon38.com\/blog\/2022\/03\/18\/lagence-credit-agricole-sud-rhone-alpes-de-varces-allieres-et-risset-fait-peau-neuve\/","url":"https:\/\/www.sillon38.com\/blog\/2022\/03\/18\/lagence-credit-agricole-sud-rhone-alpes-de-varces-allieres-et-risset-fait-peau-neuve\/","name":"L\u2019Agence Cr\u00e9dit Agricole Sud Rh\u00f4ne Alpes de Varces Alli\u00e8res et Risset fait peau neuve -","isPartOf":{"@id":"https:\/\/www.sillon38.com\/blog\/#website"},"primaryImageOfPage":{"@id":"https:\/\/www.sillon38.com\/blog\/2022\/03\/18\/lagence-credit-agricole-sud-rhone-alpes-de-varces-allieres-et-risset-fait-peau-neuve\/#primaryimage"},"image":{"@id":"https:\/\/www.sillon38.com\/blog\/2022\/03\/18\/lagence-credit-agricole-sud-rhone-alpes-de-varces-allieres-et-risset-fait-peau-neuve\/#primaryimage"},"thumbnailUrl":"https:\/\/www.sillon38.com\/blog\/wp-content\/uploads\/2022\/03\/ca.png","datePublished":"2022-03-18T13:13:47+00:00","dateModified":"2022-03-18T13:13:49+00:00","author":{"@id":"https:\/\/www.sillon38.com\/blog\/#\/schema\/person\/72f06b5f0494d1edc8f4e5bf63651ff1"},"breadcrumb":{"@id":"https:\/\/www.sillon38.com\/blog\/2022\/03\/18\/lagence-credit-agricole-sud-rhone-alpes-de-varces-allieres-et-risset-fait-peau-neuve\/#breadcrumb"},"inLanguage":"fr-FR","potentialAction":[{"@type":"ReadAction","target":["https:\/\/www.sillon38.com\/blog\/2022\/03\/18\/lagence-credit-agricole-sud-rhone-alpes-de-varces-allieres-et-risset-fait-peau-neuve\/"]}]},{"@type":"ImageObject","inLanguage":"fr-FR","@id":"https:\/\/www.sillon38.com\/blog\/2022\/03\/18\/lagence-credit-agricole-sud-rhone-alpes-de-varces-allieres-et-risset-fait-peau-neuve\/#primaryimage","url":"https:\/\/www.sillon38.com\/blog\/wp-content\/uploads\/2022\/03\/ca.png","contentUrl":"https:\/\/www.sillon38.com\/blog\/wp-content\/uploads\/2022\/03\/ca.png","width":508,"height":463},{"@type":"BreadcrumbList","@id":"https:\/\/www.sillon38.com\/blog\/2022\/03\/18\/lagence-credit-agricole-sud-rhone-alpes-de-varces-allieres-et-risset-fait-peau-neuve\/#breadcrumb","itemListElement":[{"@type":"ListItem","position":1,"name":"Accueil","item":"https:\/\/www.sillon38.com\/blog\/"},{"@type":"ListItem","position":2,"name":"L\u2019Agence Cr\u00e9dit Agricole Sud Rh\u00f4ne Alpes de Varces Alli\u00e8res et Risset fait peau neuve"}]},{"@type":"WebSite","@id":"https:\/\/www.sillon38.com\/blog\/#website","url":"https:\/\/www.sillon38.com\/blog\/","name":"","description":"Le journal du monde rural","potentialAction":[{"@type":"SearchAction","target":{"@type":"EntryPoint","urlTemplate":"https:\/\/www.sillon38.com\/blog\/?s={search_term_string}"},"query-input":{"@type":"PropertyValueSpecification","valueRequired":true,"valueName":"search_term_string"}}],"inLanguage":"fr-FR"},{"@type":"Person","@id":"https:\/\/www.sillon38.com\/blog\/#\/schema\/person\/72f06b5f0494d1edc8f4e5bf63651ff1","name":"M Coeur"}]}},"_links":{"self":[{"href":"https:\/\/www.sillon38.com\/blog\/wp-json\/wp\/v2\/posts\/79484","targetHints":{"allow":["GET"]}}],"collection":[{"href":"https:\/\/www.sillon38.com\/blog\/wp-json\/wp\/v2\/posts"}],"about":[{"href":"https:\/\/www.sillon38.com\/blog\/wp-json\/wp\/v2\/types\/post"}],"author":[{"embeddable":true,"href":"https:\/\/www.sillon38.com\/blog\/wp-json\/wp\/v2\/users\/2"}],"replies":[{"embeddable":true,"href":"https:\/\/www.sillon38.com\/blog\/wp-json\/wp\/v2\/comments?post=79484"}],"version-history":[{"count":2,"href":"https:\/\/www.sillon38.com\/blog\/wp-json\/wp\/v2\/posts\/79484\/revisions"}],"predecessor-version":[{"id":79487,"href":"https:\/\/www.sillon38.com\/blog\/wp-json\/wp\/v2\/posts\/79484\/revisions\/79487"}],"wp:attachment":[{"href":"https:\/\/www.sillon38.com\/blog\/wp-json\/wp\/v2\/media?parent=79484"}],"wp:term":[{"taxonomy":"category","embeddable":true,"href":"https:\/\/www.sillon38.com\/blog\/wp-json\/wp\/v2\/categories?post=79484"},{"taxonomy":"post_tag","embeddable":true,"href":"https:\/\/www.sillon38.com\/blog\/wp-json\/wp\/v2\/tags?post=79484"}],"curies":[{"name":"wp","href":"https:\/\/api.w.org\/{rel}","templated":true}]}}