{"id":80120,"date":"2023-04-04T17:55:45","date_gmt":"2023-04-04T15:55:45","guid":{"rendered":"https:\/\/www.sillon38.com\/blog\/?p=80120"},"modified":"2023-04-04T17:55:46","modified_gmt":"2023-04-04T15:55:46","slug":"jazz-a-vienne-avec-le-credit-agricole-sud-rhone-alpes","status":"publish","type":"post","link":"https:\/\/www.sillon38.com\/blog\/2023\/04\/04\/jazz-a-vienne-avec-le-credit-agricole-sud-rhone-alpes\/","title":{"rendered":"Jazz \u00e0 Vienne avec le Cr\u00e9dit Agricole Sud Rh\u00f4ne Alpes"},"content":{"rendered":"\n<p><strong>Engag\u00e9s dans une convention pluriannuelle de trois ans,<\/strong><strong> <\/strong><strong>Le Cr\u00e9dit<\/strong><strong> <\/strong><strong>agricole Sud<\/strong><strong> <\/strong><strong>Rh\u00f4ne<\/strong><strong> <\/strong><strong>Alpes <\/strong><strong>int\u00e8gre le Cercle des M\u00e9c\u00e8nes du festival<\/strong><strong> <\/strong><strong>Jazz \u00e0<\/strong><strong> <\/strong><strong>Vienne.<\/strong><\/p>\n\n\n\n<p>Soutenu par l\u2019Agence \u00c9conomique de Vienne Condrieu Agglom\u00e9ration et la Chambre de Commerce et d\u2019Industrie Nord Is\u00e8re, le Cercle des M\u00e9c\u00e8nes de Jazz \u00e0 Vienne rassemble des entrepreneurs, qui, par leur acte philanthropique, partagent leur engagement et leur passion commune pour le festival. Le Cr\u00e9dit agricole Sud Rh\u00f4ne Alpes rejoint ainsi une vingtaine d\u2019entreprises du territoire afin de :<\/p>\n\n\n\n<p><img loading=\"lazy\" decoding=\"async\" width=\"10\" height=\"9\" src=\"blob:https:\/\/www.sillon38.com\/ab163f91-8267-432c-bd6f-1174798cbc27\" alt=\"\">Participer au financement des projets majeurs du festival, soutenir sa programmation artistique et favoriser son ouverture \u00e0 des publics vari\u00e9s<\/p>\n\n\n\n<p><img loading=\"lazy\" decoding=\"async\" alt=\"\" src=\"blob:https:\/\/www.sillon38.com\/6cf273c7-441e-4f86-baf9-96a6cbbe46e4\" width=\"10\" height=\"9\">F\u00e9d\u00e9rer un r\u00e9seau de m\u00e9c\u00e8nes et d\u2019ambassadeurs de Jazz \u00e0 Vienne r\u00e9unis autour de valeurs communes, ayant \u00e0 c\u0153ur de vivre ensemble des moments exclusifs et d\u00e9sireux de partager leur attachement pour le festival<\/p>\n\n\n\n<p><img loading=\"lazy\" decoding=\"async\" alt=\"\" src=\"blob:https:\/\/www.sillon38.com\/cfb09646-1efb-4115-bae7-c8218072c229\" width=\"10\" height=\"9\">Soutenir le festival dans sa d\u00e9marche RSE et sa certification ISO 20121<\/p>\n\n\n\n<p>La convention de m\u00e9c\u00e9nat a \u00e9t\u00e9 sign\u00e9e le mercredi 29 mars par Samuel Riblier, Directeur G\u00e9n\u00e9ral de Jazz \u00e0 Vienne, Pierre Fort, Directeur G\u00e9n\u00e9ral du Cr\u00e9dit agricole Sud Rh\u00f4ne Alpes, et de Jean-Pierre Gaillard, Pr\u00e9sident du Cr\u00e9dit agricole Sud Rh\u00f4ne Alpes.<\/p>\n\n\n\n<p><img loading=\"lazy\" decoding=\"async\" alt=\"\" src=\"blob:https:\/\/www.sillon38.com\/185876f9-7525-4590-a317-72f422afe291\" width=\"14\" height=\"12\"><strong>\u00c0<\/strong><strong> <\/strong><strong>PROPOS<\/strong><strong> <\/strong><strong>DU<\/strong><strong> <\/strong><strong>CR\u00c9DIT<\/strong><strong> <\/strong><strong>AGRICOLE<\/strong><strong> <\/strong><strong>SUD<\/strong><strong> <\/strong><strong>RH\u00d4NE<\/strong><strong> <\/strong><strong>ALPES<\/strong><\/p>\n\n\n\n<p>Banquier-assureur comptant plus de 781 500 clients, le Cr\u00e9dit agricole Sud Rh\u00f4ne Alpes rayonne sur l\u2019Is\u00e8re, la Dr\u00f4me, l\u2019Ard\u00e8che et le sud-est Lyonnais. Fort de ses fondements coop\u00e9ratifs et mutualistes (plus de 374 000 soci\u00e9taires), il est au service des particuliers, des entreprises, des collectivit\u00e9s et des associations, et assume ainsi son r\u00f4le de premier financeur de son territoire.<\/p>\n\n\n\n<p>Son engagement soci\u00e9tal et ses valeurs de Proximit\u00e9 \u2013 Solidarit\u00e9 \u2013 Responsabilit\u00e9 sont au c\u0153ur de ses actions quotidiennes : soutien des grands enjeux de soci\u00e9t\u00e9, accompagnement des acteurs de l\u2019\u00e9conomie locale dans leurs transformations, soutien des jeunes et de l\u2019inclusion bancaire, pr\u00e9sence de proximit\u00e9 et animation de tous les territoires.<\/p>\n","protected":false},"excerpt":{"rendered":"<p>Engag\u00e9s dans une convention pluriannuelle de trois ans, Le Cr\u00e9dit agricole Sud Rh\u00f4ne Alpes int\u00e8gre le Cercle des M\u00e9c\u00e8nes du festival Jazz \u00e0 Vienne. Soutenu par l\u2019Agence \u00c9conomique de Vienne Condrieu Agglom\u00e9ration et la Chambre de Commerce et d\u2019Industrie Nord&#8230;<\/p>\n","protected":false},"author":2,"featured_media":80121,"comment_status":"closed","ping_status":"closed","sticky":false,"template":"","format":"standard","meta":{"footnotes":""},"categories":[41],"tags":[5863,5968],"class_list":["post-80120","post","type-post","status-publish","format-standard","has-post-thumbnail","hentry","category-loisirs-detente","tag-credit-agricole-sud-rhone-alpes-2","tag-jazz-a-vienne"],"yoast_head":"<!-- This site is optimized with the Yoast SEO plugin v27.5 - https:\/\/yoast.com\/product\/yoast-seo-wordpress\/ -->\n<title>Jazz \u00e0 Vienne avec le Cr\u00e9dit Agricole Sud Rh\u00f4ne Alpes -<\/title>\n<meta name=\"robots\" content=\"index, follow, max-snippet:-1, max-image-preview:large, max-video-preview:-1\" \/>\n<link rel=\"canonical\" href=\"https:\/\/www.sillon38.com\/blog\/2023\/04\/04\/jazz-a-vienne-avec-le-credit-agricole-sud-rhone-alpes\/\" \/>\n<meta property=\"og:locale\" content=\"fr_FR\" \/>\n<meta property=\"og:type\" content=\"article\" \/>\n<meta property=\"og:title\" content=\"Jazz \u00e0 Vienne avec le Cr\u00e9dit Agricole Sud Rh\u00f4ne Alpes -\" \/>\n<meta property=\"og:description\" content=\"Engag\u00e9s dans une convention pluriannuelle de trois ans, Le Cr\u00e9dit agricole Sud Rh\u00f4ne Alpes int\u00e8gre le Cercle des M\u00e9c\u00e8nes du festival Jazz \u00e0 Vienne. Soutenu par l\u2019Agence \u00c9conomique de Vienne Condrieu Agglom\u00e9ration et la Chambre de Commerce et d\u2019Industrie Nord...\" \/>\n<meta property=\"og:url\" content=\"https:\/\/www.sillon38.com\/blog\/2023\/04\/04\/jazz-a-vienne-avec-le-credit-agricole-sud-rhone-alpes\/\" \/>\n<meta property=\"article:published_time\" content=\"2023-04-04T15:55:45+00:00\" \/>\n<meta property=\"article:modified_time\" content=\"2023-04-04T15:55:46+00:00\" \/>\n<meta property=\"og:image\" content=\"https:\/\/www.sillon38.com\/blog\/wp-content\/uploads\/2023\/04\/Sans-titre.jpg\" \/>\n\t<meta property=\"og:image:width\" content=\"1074\" \/>\n\t<meta property=\"og:image:height\" content=\"490\" \/>\n\t<meta property=\"og:image:type\" content=\"image\/jpeg\" \/>\n<meta name=\"author\" content=\"M Coeur\" \/>\n<meta name=\"twitter:card\" content=\"summary_large_image\" \/>\n<meta name=\"twitter:label1\" content=\"\u00c9crit par\" \/>\n\t<meta name=\"twitter:data1\" content=\"M Coeur\" \/>\n\t<meta name=\"twitter:label2\" content=\"Dur\u00e9e de lecture estim\u00e9e\" \/>\n\t<meta name=\"twitter:data2\" content=\"3 minutes\" \/>\n<script type=\"application\/ld+json\" class=\"yoast-schema-graph\">{\"@context\":\"https:\\\/\\\/schema.org\",\"@graph\":[{\"@type\":\"Article\",\"@id\":\"https:\\\/\\\/www.sillon38.com\\\/blog\\\/2023\\\/04\\\/04\\\/jazz-a-vienne-avec-le-credit-agricole-sud-rhone-alpes\\\/#article\",\"isPartOf\":{\"@id\":\"https:\\\/\\\/www.sillon38.com\\\/blog\\\/2023\\\/04\\\/04\\\/jazz-a-vienne-avec-le-credit-agricole-sud-rhone-alpes\\\/\"},\"author\":{\"name\":\"M Coeur\",\"@id\":\"https:\\\/\\\/www.sillon38.com\\\/blog\\\/#\\\/schema\\\/person\\\/72f06b5f0494d1edc8f4e5bf63651ff1\"},\"headline\":\"Jazz \u00e0 Vienne avec le Cr\u00e9dit Agricole Sud Rh\u00f4ne Alpes\",\"datePublished\":\"2023-04-04T15:55:45+00:00\",\"dateModified\":\"2023-04-04T15:55:46+00:00\",\"mainEntityOfPage\":{\"@id\":\"https:\\\/\\\/www.sillon38.com\\\/blog\\\/2023\\\/04\\\/04\\\/jazz-a-vienne-avec-le-credit-agricole-sud-rhone-alpes\\\/\"},\"wordCount\":359,\"image\":{\"@id\":\"https:\\\/\\\/www.sillon38.com\\\/blog\\\/2023\\\/04\\\/04\\\/jazz-a-vienne-avec-le-credit-agricole-sud-rhone-alpes\\\/#primaryimage\"},\"thumbnailUrl\":\"https:\\\/\\\/www.sillon38.com\\\/blog\\\/wp-content\\\/uploads\\\/2023\\\/04\\\/Sans-titre.jpg\",\"keywords\":[\"Cr\u00e9dit Agricole Sud Rh\u00f4ne Alpes\",\"Jazz \u00e0 Vienne\"],\"articleSection\":[\"loisirs\\\/d\u00e9tente\"],\"inLanguage\":\"fr-FR\"},{\"@type\":\"WebPage\",\"@id\":\"https:\\\/\\\/www.sillon38.com\\\/blog\\\/2023\\\/04\\\/04\\\/jazz-a-vienne-avec-le-credit-agricole-sud-rhone-alpes\\\/\",\"url\":\"https:\\\/\\\/www.sillon38.com\\\/blog\\\/2023\\\/04\\\/04\\\/jazz-a-vienne-avec-le-credit-agricole-sud-rhone-alpes\\\/\",\"name\":\"Jazz \u00e0 Vienne avec le Cr\u00e9dit Agricole Sud Rh\u00f4ne Alpes -\",\"isPartOf\":{\"@id\":\"https:\\\/\\\/www.sillon38.com\\\/blog\\\/#website\"},\"primaryImageOfPage\":{\"@id\":\"https:\\\/\\\/www.sillon38.com\\\/blog\\\/2023\\\/04\\\/04\\\/jazz-a-vienne-avec-le-credit-agricole-sud-rhone-alpes\\\/#primaryimage\"},\"image\":{\"@id\":\"https:\\\/\\\/www.sillon38.com\\\/blog\\\/2023\\\/04\\\/04\\\/jazz-a-vienne-avec-le-credit-agricole-sud-rhone-alpes\\\/#primaryimage\"},\"thumbnailUrl\":\"https:\\\/\\\/www.sillon38.com\\\/blog\\\/wp-content\\\/uploads\\\/2023\\\/04\\\/Sans-titre.jpg\",\"datePublished\":\"2023-04-04T15:55:45+00:00\",\"dateModified\":\"2023-04-04T15:55:46+00:00\",\"author\":{\"@id\":\"https:\\\/\\\/www.sillon38.com\\\/blog\\\/#\\\/schema\\\/person\\\/72f06b5f0494d1edc8f4e5bf63651ff1\"},\"breadcrumb\":{\"@id\":\"https:\\\/\\\/www.sillon38.com\\\/blog\\\/2023\\\/04\\\/04\\\/jazz-a-vienne-avec-le-credit-agricole-sud-rhone-alpes\\\/#breadcrumb\"},\"inLanguage\":\"fr-FR\",\"potentialAction\":[{\"@type\":\"ReadAction\",\"target\":[\"https:\\\/\\\/www.sillon38.com\\\/blog\\\/2023\\\/04\\\/04\\\/jazz-a-vienne-avec-le-credit-agricole-sud-rhone-alpes\\\/\"]}]},{\"@type\":\"ImageObject\",\"inLanguage\":\"fr-FR\",\"@id\":\"https:\\\/\\\/www.sillon38.com\\\/blog\\\/2023\\\/04\\\/04\\\/jazz-a-vienne-avec-le-credit-agricole-sud-rhone-alpes\\\/#primaryimage\",\"url\":\"https:\\\/\\\/www.sillon38.com\\\/blog\\\/wp-content\\\/uploads\\\/2023\\\/04\\\/Sans-titre.jpg\",\"contentUrl\":\"https:\\\/\\\/www.sillon38.com\\\/blog\\\/wp-content\\\/uploads\\\/2023\\\/04\\\/Sans-titre.jpg\",\"width\":1074,\"height\":490},{\"@type\":\"BreadcrumbList\",\"@id\":\"https:\\\/\\\/www.sillon38.com\\\/blog\\\/2023\\\/04\\\/04\\\/jazz-a-vienne-avec-le-credit-agricole-sud-rhone-alpes\\\/#breadcrumb\",\"itemListElement\":[{\"@type\":\"ListItem\",\"position\":1,\"name\":\"Accueil\",\"item\":\"https:\\\/\\\/www.sillon38.com\\\/blog\\\/\"},{\"@type\":\"ListItem\",\"position\":2,\"name\":\"Jazz \u00e0 Vienne avec le Cr\u00e9dit Agricole Sud Rh\u00f4ne Alpes\"}]},{\"@type\":\"WebSite\",\"@id\":\"https:\\\/\\\/www.sillon38.com\\\/blog\\\/#website\",\"url\":\"https:\\\/\\\/www.sillon38.com\\\/blog\\\/\",\"name\":\"\",\"description\":\"Le journal du monde rural\",\"potentialAction\":[{\"@type\":\"SearchAction\",\"target\":{\"@type\":\"EntryPoint\",\"urlTemplate\":\"https:\\\/\\\/www.sillon38.com\\\/blog\\\/?s={search_term_string}\"},\"query-input\":{\"@type\":\"PropertyValueSpecification\",\"valueRequired\":true,\"valueName\":\"search_term_string\"}}],\"inLanguage\":\"fr-FR\"},{\"@type\":\"Person\",\"@id\":\"https:\\\/\\\/www.sillon38.com\\\/blog\\\/#\\\/schema\\\/person\\\/72f06b5f0494d1edc8f4e5bf63651ff1\",\"name\":\"M Coeur\"}]}<\/script>\n<!-- \/ Yoast SEO plugin. -->","yoast_head_json":{"title":"Jazz \u00e0 Vienne avec le Cr\u00e9dit Agricole Sud Rh\u00f4ne Alpes -","robots":{"index":"index","follow":"follow","max-snippet":"max-snippet:-1","max-image-preview":"max-image-preview:large","max-video-preview":"max-video-preview:-1"},"canonical":"https:\/\/www.sillon38.com\/blog\/2023\/04\/04\/jazz-a-vienne-avec-le-credit-agricole-sud-rhone-alpes\/","og_locale":"fr_FR","og_type":"article","og_title":"Jazz \u00e0 Vienne avec le Cr\u00e9dit Agricole Sud Rh\u00f4ne Alpes -","og_description":"Engag\u00e9s dans une convention pluriannuelle de trois ans, Le Cr\u00e9dit agricole Sud Rh\u00f4ne Alpes int\u00e8gre le Cercle des M\u00e9c\u00e8nes du festival Jazz \u00e0 Vienne. Soutenu par l\u2019Agence \u00c9conomique de Vienne Condrieu Agglom\u00e9ration et la Chambre de Commerce et d\u2019Industrie Nord...","og_url":"https:\/\/www.sillon38.com\/blog\/2023\/04\/04\/jazz-a-vienne-avec-le-credit-agricole-sud-rhone-alpes\/","article_published_time":"2023-04-04T15:55:45+00:00","article_modified_time":"2023-04-04T15:55:46+00:00","og_image":[{"width":1074,"height":490,"url":"https:\/\/www.sillon38.com\/blog\/wp-content\/uploads\/2023\/04\/Sans-titre.jpg","type":"image\/jpeg"}],"author":"M Coeur","twitter_card":"summary_large_image","twitter_misc":{"\u00c9crit par":"M Coeur","Dur\u00e9e de lecture estim\u00e9e":"3 minutes"},"schema":{"@context":"https:\/\/schema.org","@graph":[{"@type":"Article","@id":"https:\/\/www.sillon38.com\/blog\/2023\/04\/04\/jazz-a-vienne-avec-le-credit-agricole-sud-rhone-alpes\/#article","isPartOf":{"@id":"https:\/\/www.sillon38.com\/blog\/2023\/04\/04\/jazz-a-vienne-avec-le-credit-agricole-sud-rhone-alpes\/"},"author":{"name":"M Coeur","@id":"https:\/\/www.sillon38.com\/blog\/#\/schema\/person\/72f06b5f0494d1edc8f4e5bf63651ff1"},"headline":"Jazz \u00e0 Vienne avec le Cr\u00e9dit Agricole Sud Rh\u00f4ne Alpes","datePublished":"2023-04-04T15:55:45+00:00","dateModified":"2023-04-04T15:55:46+00:00","mainEntityOfPage":{"@id":"https:\/\/www.sillon38.com\/blog\/2023\/04\/04\/jazz-a-vienne-avec-le-credit-agricole-sud-rhone-alpes\/"},"wordCount":359,"image":{"@id":"https:\/\/www.sillon38.com\/blog\/2023\/04\/04\/jazz-a-vienne-avec-le-credit-agricole-sud-rhone-alpes\/#primaryimage"},"thumbnailUrl":"https:\/\/www.sillon38.com\/blog\/wp-content\/uploads\/2023\/04\/Sans-titre.jpg","keywords":["Cr\u00e9dit Agricole Sud Rh\u00f4ne Alpes","Jazz \u00e0 Vienne"],"articleSection":["loisirs\/d\u00e9tente"],"inLanguage":"fr-FR"},{"@type":"WebPage","@id":"https:\/\/www.sillon38.com\/blog\/2023\/04\/04\/jazz-a-vienne-avec-le-credit-agricole-sud-rhone-alpes\/","url":"https:\/\/www.sillon38.com\/blog\/2023\/04\/04\/jazz-a-vienne-avec-le-credit-agricole-sud-rhone-alpes\/","name":"Jazz \u00e0 Vienne avec le Cr\u00e9dit Agricole Sud Rh\u00f4ne Alpes -","isPartOf":{"@id":"https:\/\/www.sillon38.com\/blog\/#website"},"primaryImageOfPage":{"@id":"https:\/\/www.sillon38.com\/blog\/2023\/04\/04\/jazz-a-vienne-avec-le-credit-agricole-sud-rhone-alpes\/#primaryimage"},"image":{"@id":"https:\/\/www.sillon38.com\/blog\/2023\/04\/04\/jazz-a-vienne-avec-le-credit-agricole-sud-rhone-alpes\/#primaryimage"},"thumbnailUrl":"https:\/\/www.sillon38.com\/blog\/wp-content\/uploads\/2023\/04\/Sans-titre.jpg","datePublished":"2023-04-04T15:55:45+00:00","dateModified":"2023-04-04T15:55:46+00:00","author":{"@id":"https:\/\/www.sillon38.com\/blog\/#\/schema\/person\/72f06b5f0494d1edc8f4e5bf63651ff1"},"breadcrumb":{"@id":"https:\/\/www.sillon38.com\/blog\/2023\/04\/04\/jazz-a-vienne-avec-le-credit-agricole-sud-rhone-alpes\/#breadcrumb"},"inLanguage":"fr-FR","potentialAction":[{"@type":"ReadAction","target":["https:\/\/www.sillon38.com\/blog\/2023\/04\/04\/jazz-a-vienne-avec-le-credit-agricole-sud-rhone-alpes\/"]}]},{"@type":"ImageObject","inLanguage":"fr-FR","@id":"https:\/\/www.sillon38.com\/blog\/2023\/04\/04\/jazz-a-vienne-avec-le-credit-agricole-sud-rhone-alpes\/#primaryimage","url":"https:\/\/www.sillon38.com\/blog\/wp-content\/uploads\/2023\/04\/Sans-titre.jpg","contentUrl":"https:\/\/www.sillon38.com\/blog\/wp-content\/uploads\/2023\/04\/Sans-titre.jpg","width":1074,"height":490},{"@type":"BreadcrumbList","@id":"https:\/\/www.sillon38.com\/blog\/2023\/04\/04\/jazz-a-vienne-avec-le-credit-agricole-sud-rhone-alpes\/#breadcrumb","itemListElement":[{"@type":"ListItem","position":1,"name":"Accueil","item":"https:\/\/www.sillon38.com\/blog\/"},{"@type":"ListItem","position":2,"name":"Jazz \u00e0 Vienne avec le Cr\u00e9dit Agricole Sud Rh\u00f4ne Alpes"}]},{"@type":"WebSite","@id":"https:\/\/www.sillon38.com\/blog\/#website","url":"https:\/\/www.sillon38.com\/blog\/","name":"","description":"Le journal du monde rural","potentialAction":[{"@type":"SearchAction","target":{"@type":"EntryPoint","urlTemplate":"https:\/\/www.sillon38.com\/blog\/?s={search_term_string}"},"query-input":{"@type":"PropertyValueSpecification","valueRequired":true,"valueName":"search_term_string"}}],"inLanguage":"fr-FR"},{"@type":"Person","@id":"https:\/\/www.sillon38.com\/blog\/#\/schema\/person\/72f06b5f0494d1edc8f4e5bf63651ff1","name":"M Coeur"}]}},"_links":{"self":[{"href":"https:\/\/www.sillon38.com\/blog\/wp-json\/wp\/v2\/posts\/80120","targetHints":{"allow":["GET"]}}],"collection":[{"href":"https:\/\/www.sillon38.com\/blog\/wp-json\/wp\/v2\/posts"}],"about":[{"href":"https:\/\/www.sillon38.com\/blog\/wp-json\/wp\/v2\/types\/post"}],"author":[{"embeddable":true,"href":"https:\/\/www.sillon38.com\/blog\/wp-json\/wp\/v2\/users\/2"}],"replies":[{"embeddable":true,"href":"https:\/\/www.sillon38.com\/blog\/wp-json\/wp\/v2\/comments?post=80120"}],"version-history":[{"count":1,"href":"https:\/\/www.sillon38.com\/blog\/wp-json\/wp\/v2\/posts\/80120\/revisions"}],"predecessor-version":[{"id":80122,"href":"https:\/\/www.sillon38.com\/blog\/wp-json\/wp\/v2\/posts\/80120\/revisions\/80122"}],"wp:featuredmedia":[{"embeddable":true,"href":"https:\/\/www.sillon38.com\/blog\/wp-json\/wp\/v2\/media\/80121"}],"wp:attachment":[{"href":"https:\/\/www.sillon38.com\/blog\/wp-json\/wp\/v2\/media?parent=80120"}],"wp:term":[{"taxonomy":"category","embeddable":true,"href":"https:\/\/www.sillon38.com\/blog\/wp-json\/wp\/v2\/categories?post=80120"},{"taxonomy":"post_tag","embeddable":true,"href":"https:\/\/www.sillon38.com\/blog\/wp-json\/wp\/v2\/tags?post=80120"}],"curies":[{"name":"wp","href":"https:\/\/api.w.org\/{rel}","templated":true}]}}