{"id":80541,"date":"2024-09-11T14:16:17","date_gmt":"2024-09-11T12:16:17","guid":{"rendered":"https:\/\/www.sillon38.com\/blog\/?p=80541"},"modified":"2024-09-11T14:16:18","modified_gmt":"2024-09-11T12:16:18","slug":"beaucroissant-nous-en-sommes-a-la-803-eme-foire","status":"publish","type":"post","link":"https:\/\/www.sillon38.com\/blog\/2024\/09\/11\/beaucroissant-nous-en-sommes-a-la-803-eme-foire\/","title":{"rendered":"Beaucroissant: nous en sommes \u00e0 la 803 \u00e8me foire!"},"content":{"rendered":"\n<h3 class=\"wp-block-heading\">13, 14 &amp; 15 septembre 2024<\/h3>\n\n\n\n<p>Rendez-vous le vendredi 13 septembre pour la foire d\u00e9di\u00e9e aux professionnels de l&rsquo;agriculture puis les samedi 14 et dimanche 15 septembre pour l&rsquo;ouverture au grand public.&nbsp;<\/p>\n\n\n\n<p>La Chambre d\u2019agriculture de l\u2019Is\u00e8re sera une nouvelle fois pr\u00e9sente au travers de multiples interventions tout au long de ces 3 jours. Vous pourrez nous retrouver sous le<strong>\u00a0chapiteau Agrivillage\u00a0<\/strong>aux c\u00f4t\u00e9s des  partenaires agricoles.\u00a0<br><br>Concours R\u00e9gional Charolais Sud-Est du 13 au 15 septembre.<\/p>\n\n\n\n<h4 class=\"wp-block-heading\">Le Cr\u00e9dit Agricole Sud Rh\u00f4ne-Alpes<\/h4>\n\n\n\n<p>Il met \u00e0 la disposition du public un guichet automatique permettant le retrait d\u2019argent par carte bancaire. Il est situ\u00e9 \u00e0 c\u00f4t\u00e9 du poste de gendarmerie et fonctionne 24h\/24. Ce dispositif permet aux milliers de visiteurs d\u2019effectuer cette op\u00e9ration sur place. Il est toutefois conseill\u00e9 de retirer des esp\u00e8ces avant votre arriv\u00e9e sur la foire, afin d\u2019\u00e9viter de longues files d\u2019attente devant ce guichet<\/p>\n\n\n\n<h4 class=\"wp-block-heading\">Provencia &#8211; Sillon 38<\/h4>\n\n\n\n<p>Le stand est situ\u00e9 \u00e0 proximit\u00e9 du service foire et du Conseil D\u00e9partemental. Plusieurs producteurs locaux proposent leurs produits r\u00e9gionaux. Cette ann\u00e9e on trouvera an particulier un espace r\u00e9serv\u00e9 \u00e0 la noix de Grenoble du domaine de la Riqueti\u00e8re, le miel de Bruno Convert<\/p>\n\n\n\n<p><strong>La truffe de l&rsquo;Is\u00e8re<\/strong><\/p>\n\n\n\n<p>A travers son syndicat la truffe de l&rsquo;Is\u00e8re sera pr\u00e9sente dans un espace r\u00e9serv\u00e9 au stand Provencia. <\/p>\n\n\n\n<p>Vous pourrez en particulier assister a des d\u00e9monstrations de cavage par des chiens dress\u00e9s. Les trufficulteurs vous d\u00e9voileront tous les secrets de la truffe de l&rsquo;Is\u00e8re et vous pr\u00e9senteront divers produits \u00e0 base de notre truffe.<\/p>\n\n\n\n<p><\/p>\n","protected":false},"excerpt":{"rendered":"<p>13, 14 &amp; 15 septembre 2024 Rendez-vous le vendredi 13 septembre pour la foire d\u00e9di\u00e9e aux professionnels de l&rsquo;agriculture puis les samedi 14 et dimanche 15 septembre pour l&rsquo;ouverture au grand public.&nbsp; La Chambre d\u2019agriculture de l\u2019Is\u00e8re sera une nouvelle&#8230;<\/p>\n","protected":false},"author":2,"featured_media":0,"comment_status":"closed","ping_status":"closed","sticky":false,"template":"","format":"standard","meta":{"footnotes":""},"categories":[2,102],"tags":[],"class_list":["post-80541","post","type-post","status-publish","format-standard","hentry","category-a-la-une","category-foire-de-beaucroissant"],"yoast_head":"<!-- This site is optimized with the Yoast SEO plugin v27.5 - https:\/\/yoast.com\/product\/yoast-seo-wordpress\/ -->\n<title>Beaucroissant: nous en sommes \u00e0 la 803 \u00e8me foire! -<\/title>\n<meta name=\"robots\" content=\"index, follow, max-snippet:-1, max-image-preview:large, max-video-preview:-1\" \/>\n<link rel=\"canonical\" href=\"https:\/\/www.sillon38.com\/blog\/2024\/09\/11\/beaucroissant-nous-en-sommes-a-la-803-eme-foire\/\" \/>\n<meta property=\"og:locale\" content=\"fr_FR\" \/>\n<meta property=\"og:type\" content=\"article\" \/>\n<meta property=\"og:title\" content=\"Beaucroissant: nous en sommes \u00e0 la 803 \u00e8me foire! -\" \/>\n<meta property=\"og:description\" content=\"13, 14 &amp; 15 septembre 2024 Rendez-vous le vendredi 13 septembre pour la foire d\u00e9di\u00e9e aux professionnels de l&rsquo;agriculture puis les samedi 14 et dimanche 15 septembre pour l&rsquo;ouverture au grand public.&nbsp; La Chambre d\u2019agriculture de l\u2019Is\u00e8re sera une nouvelle...\" \/>\n<meta property=\"og:url\" content=\"https:\/\/www.sillon38.com\/blog\/2024\/09\/11\/beaucroissant-nous-en-sommes-a-la-803-eme-foire\/\" \/>\n<meta property=\"article:published_time\" content=\"2024-09-11T12:16:17+00:00\" \/>\n<meta property=\"article:modified_time\" content=\"2024-09-11T12:16:18+00:00\" \/>\n<meta name=\"author\" content=\"M Coeur\" \/>\n<meta name=\"twitter:card\" content=\"summary_large_image\" \/>\n<meta name=\"twitter:label1\" content=\"\u00c9crit par\" \/>\n\t<meta name=\"twitter:data1\" content=\"M Coeur\" \/>\n\t<meta name=\"twitter:label2\" content=\"Dur\u00e9e de lecture estim\u00e9e\" \/>\n\t<meta name=\"twitter:data2\" content=\"2 minutes\" \/>\n<script type=\"application\/ld+json\" class=\"yoast-schema-graph\">{\"@context\":\"https:\\\/\\\/schema.org\",\"@graph\":[{\"@type\":\"Article\",\"@id\":\"https:\\\/\\\/www.sillon38.com\\\/blog\\\/2024\\\/09\\\/11\\\/beaucroissant-nous-en-sommes-a-la-803-eme-foire\\\/#article\",\"isPartOf\":{\"@id\":\"https:\\\/\\\/www.sillon38.com\\\/blog\\\/2024\\\/09\\\/11\\\/beaucroissant-nous-en-sommes-a-la-803-eme-foire\\\/\"},\"author\":{\"name\":\"M Coeur\",\"@id\":\"https:\\\/\\\/www.sillon38.com\\\/blog\\\/#\\\/schema\\\/person\\\/72f06b5f0494d1edc8f4e5bf63651ff1\"},\"headline\":\"Beaucroissant: nous en sommes \u00e0 la 803 \u00e8me foire!\",\"datePublished\":\"2024-09-11T12:16:17+00:00\",\"dateModified\":\"2024-09-11T12:16:18+00:00\",\"mainEntityOfPage\":{\"@id\":\"https:\\\/\\\/www.sillon38.com\\\/blog\\\/2024\\\/09\\\/11\\\/beaucroissant-nous-en-sommes-a-la-803-eme-foire\\\/\"},\"wordCount\":280,\"articleSection\":[\"\u00c0 la une\",\"foire de Beaucroissant\"],\"inLanguage\":\"fr-FR\"},{\"@type\":\"WebPage\",\"@id\":\"https:\\\/\\\/www.sillon38.com\\\/blog\\\/2024\\\/09\\\/11\\\/beaucroissant-nous-en-sommes-a-la-803-eme-foire\\\/\",\"url\":\"https:\\\/\\\/www.sillon38.com\\\/blog\\\/2024\\\/09\\\/11\\\/beaucroissant-nous-en-sommes-a-la-803-eme-foire\\\/\",\"name\":\"Beaucroissant: nous en sommes \u00e0 la 803 \u00e8me foire! -\",\"isPartOf\":{\"@id\":\"https:\\\/\\\/www.sillon38.com\\\/blog\\\/#website\"},\"datePublished\":\"2024-09-11T12:16:17+00:00\",\"dateModified\":\"2024-09-11T12:16:18+00:00\",\"author\":{\"@id\":\"https:\\\/\\\/www.sillon38.com\\\/blog\\\/#\\\/schema\\\/person\\\/72f06b5f0494d1edc8f4e5bf63651ff1\"},\"breadcrumb\":{\"@id\":\"https:\\\/\\\/www.sillon38.com\\\/blog\\\/2024\\\/09\\\/11\\\/beaucroissant-nous-en-sommes-a-la-803-eme-foire\\\/#breadcrumb\"},\"inLanguage\":\"fr-FR\",\"potentialAction\":[{\"@type\":\"ReadAction\",\"target\":[\"https:\\\/\\\/www.sillon38.com\\\/blog\\\/2024\\\/09\\\/11\\\/beaucroissant-nous-en-sommes-a-la-803-eme-foire\\\/\"]}]},{\"@type\":\"BreadcrumbList\",\"@id\":\"https:\\\/\\\/www.sillon38.com\\\/blog\\\/2024\\\/09\\\/11\\\/beaucroissant-nous-en-sommes-a-la-803-eme-foire\\\/#breadcrumb\",\"itemListElement\":[{\"@type\":\"ListItem\",\"position\":1,\"name\":\"Accueil\",\"item\":\"https:\\\/\\\/www.sillon38.com\\\/blog\\\/\"},{\"@type\":\"ListItem\",\"position\":2,\"name\":\"Beaucroissant: nous en sommes \u00e0 la 803 \u00e8me foire!\"}]},{\"@type\":\"WebSite\",\"@id\":\"https:\\\/\\\/www.sillon38.com\\\/blog\\\/#website\",\"url\":\"https:\\\/\\\/www.sillon38.com\\\/blog\\\/\",\"name\":\"\",\"description\":\"Le journal du monde rural\",\"potentialAction\":[{\"@type\":\"SearchAction\",\"target\":{\"@type\":\"EntryPoint\",\"urlTemplate\":\"https:\\\/\\\/www.sillon38.com\\\/blog\\\/?s={search_term_string}\"},\"query-input\":{\"@type\":\"PropertyValueSpecification\",\"valueRequired\":true,\"valueName\":\"search_term_string\"}}],\"inLanguage\":\"fr-FR\"},{\"@type\":\"Person\",\"@id\":\"https:\\\/\\\/www.sillon38.com\\\/blog\\\/#\\\/schema\\\/person\\\/72f06b5f0494d1edc8f4e5bf63651ff1\",\"name\":\"M Coeur\"}]}<\/script>\n<!-- \/ Yoast SEO plugin. -->","yoast_head_json":{"title":"Beaucroissant: nous en sommes \u00e0 la 803 \u00e8me foire! -","robots":{"index":"index","follow":"follow","max-snippet":"max-snippet:-1","max-image-preview":"max-image-preview:large","max-video-preview":"max-video-preview:-1"},"canonical":"https:\/\/www.sillon38.com\/blog\/2024\/09\/11\/beaucroissant-nous-en-sommes-a-la-803-eme-foire\/","og_locale":"fr_FR","og_type":"article","og_title":"Beaucroissant: nous en sommes \u00e0 la 803 \u00e8me foire! -","og_description":"13, 14 &amp; 15 septembre 2024 Rendez-vous le vendredi 13 septembre pour la foire d\u00e9di\u00e9e aux professionnels de l&rsquo;agriculture puis les samedi 14 et dimanche 15 septembre pour l&rsquo;ouverture au grand public.&nbsp; La Chambre d\u2019agriculture de l\u2019Is\u00e8re sera une nouvelle...","og_url":"https:\/\/www.sillon38.com\/blog\/2024\/09\/11\/beaucroissant-nous-en-sommes-a-la-803-eme-foire\/","article_published_time":"2024-09-11T12:16:17+00:00","article_modified_time":"2024-09-11T12:16:18+00:00","author":"M Coeur","twitter_card":"summary_large_image","twitter_misc":{"\u00c9crit par":"M Coeur","Dur\u00e9e de lecture estim\u00e9e":"2 minutes"},"schema":{"@context":"https:\/\/schema.org","@graph":[{"@type":"Article","@id":"https:\/\/www.sillon38.com\/blog\/2024\/09\/11\/beaucroissant-nous-en-sommes-a-la-803-eme-foire\/#article","isPartOf":{"@id":"https:\/\/www.sillon38.com\/blog\/2024\/09\/11\/beaucroissant-nous-en-sommes-a-la-803-eme-foire\/"},"author":{"name":"M Coeur","@id":"https:\/\/www.sillon38.com\/blog\/#\/schema\/person\/72f06b5f0494d1edc8f4e5bf63651ff1"},"headline":"Beaucroissant: nous en sommes \u00e0 la 803 \u00e8me foire!","datePublished":"2024-09-11T12:16:17+00:00","dateModified":"2024-09-11T12:16:18+00:00","mainEntityOfPage":{"@id":"https:\/\/www.sillon38.com\/blog\/2024\/09\/11\/beaucroissant-nous-en-sommes-a-la-803-eme-foire\/"},"wordCount":280,"articleSection":["\u00c0 la une","foire de Beaucroissant"],"inLanguage":"fr-FR"},{"@type":"WebPage","@id":"https:\/\/www.sillon38.com\/blog\/2024\/09\/11\/beaucroissant-nous-en-sommes-a-la-803-eme-foire\/","url":"https:\/\/www.sillon38.com\/blog\/2024\/09\/11\/beaucroissant-nous-en-sommes-a-la-803-eme-foire\/","name":"Beaucroissant: nous en sommes \u00e0 la 803 \u00e8me foire! -","isPartOf":{"@id":"https:\/\/www.sillon38.com\/blog\/#website"},"datePublished":"2024-09-11T12:16:17+00:00","dateModified":"2024-09-11T12:16:18+00:00","author":{"@id":"https:\/\/www.sillon38.com\/blog\/#\/schema\/person\/72f06b5f0494d1edc8f4e5bf63651ff1"},"breadcrumb":{"@id":"https:\/\/www.sillon38.com\/blog\/2024\/09\/11\/beaucroissant-nous-en-sommes-a-la-803-eme-foire\/#breadcrumb"},"inLanguage":"fr-FR","potentialAction":[{"@type":"ReadAction","target":["https:\/\/www.sillon38.com\/blog\/2024\/09\/11\/beaucroissant-nous-en-sommes-a-la-803-eme-foire\/"]}]},{"@type":"BreadcrumbList","@id":"https:\/\/www.sillon38.com\/blog\/2024\/09\/11\/beaucroissant-nous-en-sommes-a-la-803-eme-foire\/#breadcrumb","itemListElement":[{"@type":"ListItem","position":1,"name":"Accueil","item":"https:\/\/www.sillon38.com\/blog\/"},{"@type":"ListItem","position":2,"name":"Beaucroissant: nous en sommes \u00e0 la 803 \u00e8me foire!"}]},{"@type":"WebSite","@id":"https:\/\/www.sillon38.com\/blog\/#website","url":"https:\/\/www.sillon38.com\/blog\/","name":"","description":"Le journal du monde rural","potentialAction":[{"@type":"SearchAction","target":{"@type":"EntryPoint","urlTemplate":"https:\/\/www.sillon38.com\/blog\/?s={search_term_string}"},"query-input":{"@type":"PropertyValueSpecification","valueRequired":true,"valueName":"search_term_string"}}],"inLanguage":"fr-FR"},{"@type":"Person","@id":"https:\/\/www.sillon38.com\/blog\/#\/schema\/person\/72f06b5f0494d1edc8f4e5bf63651ff1","name":"M Coeur"}]}},"_links":{"self":[{"href":"https:\/\/www.sillon38.com\/blog\/wp-json\/wp\/v2\/posts\/80541","targetHints":{"allow":["GET"]}}],"collection":[{"href":"https:\/\/www.sillon38.com\/blog\/wp-json\/wp\/v2\/posts"}],"about":[{"href":"https:\/\/www.sillon38.com\/blog\/wp-json\/wp\/v2\/types\/post"}],"author":[{"embeddable":true,"href":"https:\/\/www.sillon38.com\/blog\/wp-json\/wp\/v2\/users\/2"}],"replies":[{"embeddable":true,"href":"https:\/\/www.sillon38.com\/blog\/wp-json\/wp\/v2\/comments?post=80541"}],"version-history":[{"count":1,"href":"https:\/\/www.sillon38.com\/blog\/wp-json\/wp\/v2\/posts\/80541\/revisions"}],"predecessor-version":[{"id":80542,"href":"https:\/\/www.sillon38.com\/blog\/wp-json\/wp\/v2\/posts\/80541\/revisions\/80542"}],"wp:attachment":[{"href":"https:\/\/www.sillon38.com\/blog\/wp-json\/wp\/v2\/media?parent=80541"}],"wp:term":[{"taxonomy":"category","embeddable":true,"href":"https:\/\/www.sillon38.com\/blog\/wp-json\/wp\/v2\/categories?post=80541"},{"taxonomy":"post_tag","embeddable":true,"href":"https:\/\/www.sillon38.com\/blog\/wp-json\/wp\/v2\/tags?post=80541"}],"curies":[{"name":"wp","href":"https:\/\/api.w.org\/{rel}","templated":true}]}}