{"id":80772,"date":"2025-09-17T17:29:08","date_gmt":"2025-09-17T15:29:08","guid":{"rendered":"https:\/\/www.sillon38.com\/blog\/?p=80772"},"modified":"2025-09-17T17:32:45","modified_gmt":"2025-09-17T15:32:45","slug":"80772","status":"publish","type":"post","link":"https:\/\/www.sillon38.com\/blog\/2025\/09\/17\/80772\/","title":{"rendered":"Le Vercors \u00e0 un tournant!"},"content":{"rendered":"\n<p>Les \u00e9lus concern\u00e9s par le projet de r\u00e9sidence immobili\u00e8re \u00e0 Villard de Lans sont \u00a0\u00bb stup\u00e9faits\u00a0\u00bb par la d\u00e9cision prise par le Pr\u00e9fet de R\u00e9gion stoppant net ce projet. <\/p>\n\n\n\n<p>Franck Girard , pr\u00e9sident de la communaut\u00e9 de communes du massif du Vercors et Arnaud Mathieu, maire de Villard de Lans l&rsquo;ont fait savoir lors d&rsquo;une conf\u00e9rence de presse.<\/p>\n\n\n\n<p>\u00a0\u00bb C\u00a0\u00bbest une- v\u00e9ritable coup de tonnerre \u00a0\u00bb a lanc\u00e9 le Pr\u00e9sident de la CCMV qui rejette les conclusions du Pr\u00e9fet.\u00a0\u00bb J &lsquo;aimerais que l&rsquo;on m&rsquo;explique pourquoi ce projet est surdimensionn\u00e9 et le probl\u00e8me li\u00e9 \u00e0 l&rsquo;eau est un faux probl\u00e8me.\u00a0\u00bb.  <\/p>\n\n\n\n<p>Franck Girard appuy\u00e9 par Arnaud Mathieu a rappel\u00e9 que le projet initial de plus de 900 lits a \u00e9t\u00e9 revu \u00e0 la baisse, 750 lits et approuv\u00e9 \u00e0 l&rsquo;unanimit\u00e9 suite \u00e0 un long travail au sein du Plan local d urbanisme intercommunal. A retenir \u00e9galement que les dossiers UTN: unit\u00e9 touristique nouvelle, n ont pas \u00e9t\u00e9 retoqu\u00e9s judiciairement.<\/p>\n\n\n\n<p>\u00a0\u00bb De fait je me pose s\u00e9rieusement la question sur le r\u00f4le et la l\u00e9gitimit\u00e9 des \u00e9lus locaux et territoriaux ainsi que sur le mandat que l&rsquo;on nous confie.\u00a0\u00bb<\/p>\n\n\n\n<p>Frank Girard qui a annonc\u00e9 qu&rsquo;il ne briguerait un nouveau mandat au printemps prochain a t\u00e9 clair: Le Vercors est \u00e0 un tournant.. Le territoire de la CCMV de 12000 habitants \u00e0 l&rsquo;ann\u00e9e qui a en son sein tous les services dont 120 professionnels de sant\u00e9 a besoin de se d\u00e9velopper au niveau touristique et cet arr\u00eat\u00e9 est un v\u00e9ritable frein pour notre \u00e9conomie locale mais aussi sur les divers projets \u00e0 venir. C&rsquo;est d&rsquo;autant plus dommageable que pour ce projet priv\u00e9 aucun centime ne viendra des collectivit\u00e9s ni de l&rsquo;Etat!\u00a0\u00bb<\/p>\n\n\n\n<figure class=\"wp-block-image size-full\"><img loading=\"lazy\" decoding=\"async\" width=\"552\" height=\"804\" src=\"https:\/\/www.sillon38.com\/blog\/wp-content\/uploads\/2025\/09\/Sans-titre-1.jpg\" alt=\"\" class=\"wp-image-80774\" srcset=\"https:\/\/www.sillon38.com\/blog\/wp-content\/uploads\/2025\/09\/Sans-titre-1.jpg 552w, https:\/\/www.sillon38.com\/blog\/wp-content\/uploads\/2025\/09\/Sans-titre-1-206x300.jpg 206w\" sizes=\"auto, (max-width: 552px) 100vw, 552px\" \/><figcaption class=\"wp-element-caption\">Screenshot<\/figcaption><\/figure>\n\n\n\n<p>Il a enfin confirm\u00e9 qu &lsquo; un recours peut \u00eatre d\u00e9pos\u00e9 dans les deux mois et que la d\u00e9cision d &lsquo; un recours ou pas sera pris \u00a0\u00bb tr\u00e8s rapidement lors d un conseil intercommunal\u00a0\u00bb<\/p>\n\n\n\n<p>Arnaud Mathieu maire de Villard de Lans mais aussi avocat a d &lsquo;entr\u00e9e pr\u00e9cis\u00e9 que la d\u00e9cision du pr\u00e9fet \u00a0\u00bb voit sa motivation entach\u00e9e d&rsquo;erreurs de droit\u00a0\u00bb. Il c&rsquo;est bien \u00e9videmment interrog\u00e9 sur le fameux \u00a0\u00bb surdimensionnement:  comment parler de surdimensionnement quand on sait que depuis 2020 on a perdu 740 lits touristiques et qu&rsquo;\u00e0 Villard de Lans deux h\u00f4tels viennent de fermer. Les 700 lits \u00e0 venir ne combleront m\u00eame pas le d\u00e9ficit &#8230;\u00a0\u00bb<\/p>\n\n\n\n\n\n<figure class=\"wp-block-image size-full\"><img loading=\"lazy\" decoding=\"async\" width=\"636\" height=\"384\" src=\"https:\/\/www.sillon38.com\/blog\/wp-content\/uploads\/2025\/09\/Sans-titreA.jpg\" alt=\"\" class=\"wp-image-80773\" srcset=\"https:\/\/www.sillon38.com\/blog\/wp-content\/uploads\/2025\/09\/Sans-titreA.jpg 636w, https:\/\/www.sillon38.com\/blog\/wp-content\/uploads\/2025\/09\/Sans-titreA-300x181.jpg 300w\" sizes=\"auto, (max-width: 636px) 100vw, 636px\" \/><figcaption class=\"wp-element-caption\">Screenshot<\/figcaption><\/figure>\n\n\n\n<p>Autre point du blocage : l&rsquo;eau. Le maire de Villard de Lans a \u00e9t\u00e9 tr\u00e8s clair: \u00a0\u00bb la commune ne manque et ne manquera pas d&rsquo;eau malgr\u00e9 le r\u00e9chauffement climatique, m\u00eame si ce projet voit le jour\u00a0\u00bb. Des \u00e9tudes tr\u00e8s pouss\u00e9es ont \u00e9t\u00e9 men\u00e9es dans ce sens et l&rsquo;alimentation en eau n&rsquo;est nullement menac\u00e9e \u00e0 moyen et long terme.\u00a0\u00bb<\/p>\n\n\n\n<p>Suite \u00e0 la conf\u00e9rence de presse tenue dans les locaux de la Communaut\u00e9 de Communes du Massif du Vercors, un communiqu\u00e9 de presse a \u00e9t\u00e9 diffus\u00e9 dont en voici la teneur<\/p>\n\n\n\n<p>Reste \u00e0 savoir quelle d\u00e9cision prendront les investisseurs dont Tonny  Parker&#8230; \u00ab\u00a0A priori ils ne se d\u00e9couragent pas'\u00a0\u00bb <\/p>\n\n\n\n<p><strong><mark style=\"background-color:rgba(0, 0, 0, 0)\" class=\"has-inline-color has-vivid-green-cyan-color\">Suite \u00e0 la conf\u00e9rence de presse tenue dans les locaux de la Communaut\u00e9 de Communes du Massif du Vercors, un communiqu\u00e9 de presse a \u00e9t\u00e9 diffus\u00e9 dont en voici la teneur<\/mark><\/strong><\/p>\n\n\n\n<p>La Communaut\u00e9 de Communes du Massif du Vercors et la commune de Villard de Lans ont pris acte de l\u2019arr\u00eat\u00e9 du Pr\u00e9fet coordinateur du massif des Alpes du 12\/09\/2025 rejetant la demande d\u2019autorisation pour la cr\u00e9ation d\u2019une Unit\u00e9 Touristique Nouvelle Structurante (UTNS) sur le secteur C\u00f4te 2000 \u00e0 Villard-de-Lans.<\/p>\n\n\n\n<p><br>Cependant, les collectivit\u00e9s locales souhaitent rappeler que :<\/p>\n\n\n\n<ul class=\"wp-block-list\">\n<li>Le projet d\u2019UTNS s\u2019inscrit dans les objectifs de diversification touristique et<br>\u00e9conomique tels que d\u00e9finis dans le Plan Local d\u2019Urbanisme intercommunal valant<br>programme local de l\u2019Habitat (PLUi-H) vot\u00e9 \u00e0 l\u2019unanimit\u00e9 en 2020 et qui avait fait<br>l\u2019objet d\u2019une large concertation ;<\/li>\n\n\n\n<li>L\u2019offre de lits touristiques commercialis\u00e9s sur le territoire est en constante \u00e9rosion<br>ces 20 derni\u00e8res ann\u00e9es. Rien qu\u2019entre 2020 et 2024 ce sont 742 lits qui ont disparus dont 245 en r\u00e9sidence de tourisme et h\u00f4tels, qui ne sauraient \u00eatre compens\u00e9es par une mise sur le march\u00e9 de lits en r\u00e9sidences secondaires, malgr\u00e9 les actions diverses des collectivit\u00e9s (augmentation de la taxe habitation pour les r\u00e9sidences secondaire,<br>accompagnement au projet de r\u00e9novation de la copropri\u00e9t\u00e9 des Balcons de Villard).<\/li>\n\n\n\n<li>L\u2019\u00e9conomie du territoire demeure fortement li\u00e9e \u00e0 l\u2019activit\u00e9 touristique 4 saisons.<br>Celle-ci a g\u00e9n\u00e9r\u00e9 105 millions d\u2019euros de chiffre d\u2019affaires en 2024 (source G2A) et<br>repr\u00e9sente 50% des emplois salari\u00e9s priv\u00e9s ;<\/li>\n\n\n\n<li>Une concertation pr\u00e9alable s\u2019est tenue localement du 18 mai au 28 juin 2024, avec<br>l\u2019organisation d\u2019une r\u00e9union publique qui a rassembl\u00e9 pr\u00e8s de 200 personnes. L\u2019avis<br>de la population locale s\u2019est r\u00e9v\u00e9l\u00e9 plus nuanc\u00e9 que les r\u00e9sultats de la Participation<br>du Public par Voie \u00c9lectronique (PPVE), tant au regard du climat apais\u00e9 de la r\u00e9union publique que des contributions \u00e9crites en faveur du projet (30% sur 170<br>contributions) ;<\/li>\n\n\n\n<li>Un rapport complet sur la disponibilit\u00e9 en eau du territoire a \u00e9t\u00e9 r\u00e9alis\u00e9 par un expert hydrog\u00e9ologue (Cabinet G\u00e9olithe) qui a montr\u00e9 que dans le cadre des mod\u00e9lisations<br>climatiques, la ressource serait suffisante pour r\u00e9pondre aux besoins projet\u00e9s avec<br>UTNS d\u2019ici \u00e0 2050 ;<br>La Communaut\u00e9 de communes du massif du Vercors a bien pris note de la possibilit\u00e9 de d\u00e9poser une nouvelle demande sur les bases d\u2019un projet am\u00e9lior\u00e9.<br>Elle va analyser en d\u00e9tail l\u2019arr\u00eat\u00e9 du Pr\u00e9fet coordinateur du massif des Alpes et \u00e9tudiera avec les services de l\u2019Etat les possibilit\u00e9s d\u2019un nouveau d\u00e9p\u00f4t, en gardant \u00e0 l\u2019esprit les enjeux des prochaines \u00e9ch\u00e9ances \u00e9lectorales des municipales en mars 2026.<\/li>\n<\/ul>\n","protected":false},"excerpt":{"rendered":"<p>Les \u00e9lus concern\u00e9s par le projet de r\u00e9sidence immobili\u00e8re \u00e0 Villard de Lans sont \u00a0\u00bb stup\u00e9faits\u00a0\u00bb par la d\u00e9cision prise par le Pr\u00e9fet de R\u00e9gion stoppant net ce projet. Franck Girard , pr\u00e9sident de la communaut\u00e9 de communes du massif&#8230;<\/p>\n","protected":false},"author":2,"featured_media":0,"comment_status":"closed","ping_status":"closed","sticky":false,"template":"","format":"standard","meta":{"footnotes":""},"categories":[2,12],"tags":[507,2567,6021,5689],"class_list":["post-80772","post","type-post","status-publish","format-standard","hentry","category-a-la-une","category-communaute-de-communes-du-massif-du-vercors","tag-arnaud-mathieu","tag-franck-girard","tag-parker","tag-villard-de-lans"],"yoast_head":"<!-- This site is optimized with the Yoast SEO plugin v27.5 - https:\/\/yoast.com\/product\/yoast-seo-wordpress\/ -->\n<title>Le Vercors \u00e0 un tournant! -<\/title>\n<meta name=\"robots\" content=\"index, follow, max-snippet:-1, max-image-preview:large, max-video-preview:-1\" \/>\n<link rel=\"canonical\" href=\"https:\/\/www.sillon38.com\/blog\/2025\/09\/17\/80772\/\" \/>\n<meta property=\"og:locale\" content=\"fr_FR\" \/>\n<meta property=\"og:type\" content=\"article\" \/>\n<meta property=\"og:title\" content=\"Le Vercors \u00e0 un tournant! -\" \/>\n<meta property=\"og:description\" content=\"Les \u00e9lus concern\u00e9s par le projet de r\u00e9sidence immobili\u00e8re \u00e0 Villard de Lans sont \u00a0\u00bb stup\u00e9faits\u00a0\u00bb par la d\u00e9cision prise par le Pr\u00e9fet de R\u00e9gion stoppant net ce projet. Franck Girard , pr\u00e9sident de la communaut\u00e9 de communes du massif...\" \/>\n<meta property=\"og:url\" content=\"https:\/\/www.sillon38.com\/blog\/2025\/09\/17\/80772\/\" \/>\n<meta property=\"article:published_time\" content=\"2025-09-17T15:29:08+00:00\" \/>\n<meta property=\"article:modified_time\" content=\"2025-09-17T15:32:45+00:00\" \/>\n<meta property=\"og:image\" content=\"https:\/\/www.sillon38.com\/blog\/wp-content\/uploads\/2025\/09\/Sans-titre-1.jpg\" \/>\n\t<meta property=\"og:image:width\" content=\"552\" \/>\n\t<meta property=\"og:image:height\" content=\"804\" \/>\n\t<meta property=\"og:image:type\" content=\"image\/jpeg\" \/>\n<meta name=\"author\" content=\"M Coeur\" \/>\n<meta name=\"twitter:card\" content=\"summary_large_image\" \/>\n<meta name=\"twitter:label1\" content=\"\u00c9crit par\" \/>\n\t<meta name=\"twitter:data1\" content=\"M Coeur\" \/>\n\t<meta name=\"twitter:label2\" content=\"Dur\u00e9e de lecture estim\u00e9e\" \/>\n\t<meta name=\"twitter:data2\" content=\"6 minutes\" \/>\n<script type=\"application\/ld+json\" class=\"yoast-schema-graph\">{\"@context\":\"https:\\\/\\\/schema.org\",\"@graph\":[{\"@type\":\"Article\",\"@id\":\"https:\\\/\\\/www.sillon38.com\\\/blog\\\/2025\\\/09\\\/17\\\/80772\\\/#article\",\"isPartOf\":{\"@id\":\"https:\\\/\\\/www.sillon38.com\\\/blog\\\/2025\\\/09\\\/17\\\/80772\\\/\"},\"author\":{\"name\":\"M Coeur\",\"@id\":\"https:\\\/\\\/www.sillon38.com\\\/blog\\\/#\\\/schema\\\/person\\\/72f06b5f0494d1edc8f4e5bf63651ff1\"},\"headline\":\"Le Vercors \u00e0 un tournant!\",\"datePublished\":\"2025-09-17T15:29:08+00:00\",\"dateModified\":\"2025-09-17T15:32:45+00:00\",\"mainEntityOfPage\":{\"@id\":\"https:\\\/\\\/www.sillon38.com\\\/blog\\\/2025\\\/09\\\/17\\\/80772\\\/\"},\"wordCount\":985,\"image\":{\"@id\":\"https:\\\/\\\/www.sillon38.com\\\/blog\\\/2025\\\/09\\\/17\\\/80772\\\/#primaryimage\"},\"thumbnailUrl\":\"https:\\\/\\\/www.sillon38.com\\\/blog\\\/wp-content\\\/uploads\\\/2025\\\/09\\\/Sans-titre-1.jpg\",\"keywords\":[\"Arnaud Mathieu\",\"Franck Girard\",\"Parker\",\"Villard de Lans\"],\"articleSection\":[\"\u00c0 la une\",\"Communaut\u00e9 de Communes du Massif du Vercors\"],\"inLanguage\":\"fr-FR\"},{\"@type\":\"WebPage\",\"@id\":\"https:\\\/\\\/www.sillon38.com\\\/blog\\\/2025\\\/09\\\/17\\\/80772\\\/\",\"url\":\"https:\\\/\\\/www.sillon38.com\\\/blog\\\/2025\\\/09\\\/17\\\/80772\\\/\",\"name\":\"Le Vercors \u00e0 un tournant! -\",\"isPartOf\":{\"@id\":\"https:\\\/\\\/www.sillon38.com\\\/blog\\\/#website\"},\"primaryImageOfPage\":{\"@id\":\"https:\\\/\\\/www.sillon38.com\\\/blog\\\/2025\\\/09\\\/17\\\/80772\\\/#primaryimage\"},\"image\":{\"@id\":\"https:\\\/\\\/www.sillon38.com\\\/blog\\\/2025\\\/09\\\/17\\\/80772\\\/#primaryimage\"},\"thumbnailUrl\":\"https:\\\/\\\/www.sillon38.com\\\/blog\\\/wp-content\\\/uploads\\\/2025\\\/09\\\/Sans-titre-1.jpg\",\"datePublished\":\"2025-09-17T15:29:08+00:00\",\"dateModified\":\"2025-09-17T15:32:45+00:00\",\"author\":{\"@id\":\"https:\\\/\\\/www.sillon38.com\\\/blog\\\/#\\\/schema\\\/person\\\/72f06b5f0494d1edc8f4e5bf63651ff1\"},\"breadcrumb\":{\"@id\":\"https:\\\/\\\/www.sillon38.com\\\/blog\\\/2025\\\/09\\\/17\\\/80772\\\/#breadcrumb\"},\"inLanguage\":\"fr-FR\",\"potentialAction\":[{\"@type\":\"ReadAction\",\"target\":[\"https:\\\/\\\/www.sillon38.com\\\/blog\\\/2025\\\/09\\\/17\\\/80772\\\/\"]}]},{\"@type\":\"ImageObject\",\"inLanguage\":\"fr-FR\",\"@id\":\"https:\\\/\\\/www.sillon38.com\\\/blog\\\/2025\\\/09\\\/17\\\/80772\\\/#primaryimage\",\"url\":\"https:\\\/\\\/www.sillon38.com\\\/blog\\\/wp-content\\\/uploads\\\/2025\\\/09\\\/Sans-titre-1.jpg\",\"contentUrl\":\"https:\\\/\\\/www.sillon38.com\\\/blog\\\/wp-content\\\/uploads\\\/2025\\\/09\\\/Sans-titre-1.jpg\",\"width\":552,\"height\":804,\"caption\":\"Screenshot\"},{\"@type\":\"BreadcrumbList\",\"@id\":\"https:\\\/\\\/www.sillon38.com\\\/blog\\\/2025\\\/09\\\/17\\\/80772\\\/#breadcrumb\",\"itemListElement\":[{\"@type\":\"ListItem\",\"position\":1,\"name\":\"Accueil\",\"item\":\"https:\\\/\\\/www.sillon38.com\\\/blog\\\/\"},{\"@type\":\"ListItem\",\"position\":2,\"name\":\"Le Vercors \u00e0 un tournant!\"}]},{\"@type\":\"WebSite\",\"@id\":\"https:\\\/\\\/www.sillon38.com\\\/blog\\\/#website\",\"url\":\"https:\\\/\\\/www.sillon38.com\\\/blog\\\/\",\"name\":\"\",\"description\":\"Le journal du monde rural\",\"potentialAction\":[{\"@type\":\"SearchAction\",\"target\":{\"@type\":\"EntryPoint\",\"urlTemplate\":\"https:\\\/\\\/www.sillon38.com\\\/blog\\\/?s={search_term_string}\"},\"query-input\":{\"@type\":\"PropertyValueSpecification\",\"valueRequired\":true,\"valueName\":\"search_term_string\"}}],\"inLanguage\":\"fr-FR\"},{\"@type\":\"Person\",\"@id\":\"https:\\\/\\\/www.sillon38.com\\\/blog\\\/#\\\/schema\\\/person\\\/72f06b5f0494d1edc8f4e5bf63651ff1\",\"name\":\"M Coeur\"}]}<\/script>\n<!-- \/ Yoast SEO plugin. -->","yoast_head_json":{"title":"Le Vercors \u00e0 un tournant! -","robots":{"index":"index","follow":"follow","max-snippet":"max-snippet:-1","max-image-preview":"max-image-preview:large","max-video-preview":"max-video-preview:-1"},"canonical":"https:\/\/www.sillon38.com\/blog\/2025\/09\/17\/80772\/","og_locale":"fr_FR","og_type":"article","og_title":"Le Vercors \u00e0 un tournant! -","og_description":"Les \u00e9lus concern\u00e9s par le projet de r\u00e9sidence immobili\u00e8re \u00e0 Villard de Lans sont \u00a0\u00bb stup\u00e9faits\u00a0\u00bb par la d\u00e9cision prise par le Pr\u00e9fet de R\u00e9gion stoppant net ce projet. Franck Girard , pr\u00e9sident de la communaut\u00e9 de communes du massif...","og_url":"https:\/\/www.sillon38.com\/blog\/2025\/09\/17\/80772\/","article_published_time":"2025-09-17T15:29:08+00:00","article_modified_time":"2025-09-17T15:32:45+00:00","og_image":[{"width":552,"height":804,"url":"https:\/\/www.sillon38.com\/blog\/wp-content\/uploads\/2025\/09\/Sans-titre-1.jpg","type":"image\/jpeg"}],"author":"M Coeur","twitter_card":"summary_large_image","twitter_misc":{"\u00c9crit par":"M Coeur","Dur\u00e9e de lecture estim\u00e9e":"6 minutes"},"schema":{"@context":"https:\/\/schema.org","@graph":[{"@type":"Article","@id":"https:\/\/www.sillon38.com\/blog\/2025\/09\/17\/80772\/#article","isPartOf":{"@id":"https:\/\/www.sillon38.com\/blog\/2025\/09\/17\/80772\/"},"author":{"name":"M Coeur","@id":"https:\/\/www.sillon38.com\/blog\/#\/schema\/person\/72f06b5f0494d1edc8f4e5bf63651ff1"},"headline":"Le Vercors \u00e0 un tournant!","datePublished":"2025-09-17T15:29:08+00:00","dateModified":"2025-09-17T15:32:45+00:00","mainEntityOfPage":{"@id":"https:\/\/www.sillon38.com\/blog\/2025\/09\/17\/80772\/"},"wordCount":985,"image":{"@id":"https:\/\/www.sillon38.com\/blog\/2025\/09\/17\/80772\/#primaryimage"},"thumbnailUrl":"https:\/\/www.sillon38.com\/blog\/wp-content\/uploads\/2025\/09\/Sans-titre-1.jpg","keywords":["Arnaud Mathieu","Franck Girard","Parker","Villard de Lans"],"articleSection":["\u00c0 la une","Communaut\u00e9 de Communes du Massif du Vercors"],"inLanguage":"fr-FR"},{"@type":"WebPage","@id":"https:\/\/www.sillon38.com\/blog\/2025\/09\/17\/80772\/","url":"https:\/\/www.sillon38.com\/blog\/2025\/09\/17\/80772\/","name":"Le Vercors \u00e0 un tournant! -","isPartOf":{"@id":"https:\/\/www.sillon38.com\/blog\/#website"},"primaryImageOfPage":{"@id":"https:\/\/www.sillon38.com\/blog\/2025\/09\/17\/80772\/#primaryimage"},"image":{"@id":"https:\/\/www.sillon38.com\/blog\/2025\/09\/17\/80772\/#primaryimage"},"thumbnailUrl":"https:\/\/www.sillon38.com\/blog\/wp-content\/uploads\/2025\/09\/Sans-titre-1.jpg","datePublished":"2025-09-17T15:29:08+00:00","dateModified":"2025-09-17T15:32:45+00:00","author":{"@id":"https:\/\/www.sillon38.com\/blog\/#\/schema\/person\/72f06b5f0494d1edc8f4e5bf63651ff1"},"breadcrumb":{"@id":"https:\/\/www.sillon38.com\/blog\/2025\/09\/17\/80772\/#breadcrumb"},"inLanguage":"fr-FR","potentialAction":[{"@type":"ReadAction","target":["https:\/\/www.sillon38.com\/blog\/2025\/09\/17\/80772\/"]}]},{"@type":"ImageObject","inLanguage":"fr-FR","@id":"https:\/\/www.sillon38.com\/blog\/2025\/09\/17\/80772\/#primaryimage","url":"https:\/\/www.sillon38.com\/blog\/wp-content\/uploads\/2025\/09\/Sans-titre-1.jpg","contentUrl":"https:\/\/www.sillon38.com\/blog\/wp-content\/uploads\/2025\/09\/Sans-titre-1.jpg","width":552,"height":804,"caption":"Screenshot"},{"@type":"BreadcrumbList","@id":"https:\/\/www.sillon38.com\/blog\/2025\/09\/17\/80772\/#breadcrumb","itemListElement":[{"@type":"ListItem","position":1,"name":"Accueil","item":"https:\/\/www.sillon38.com\/blog\/"},{"@type":"ListItem","position":2,"name":"Le Vercors \u00e0 un tournant!"}]},{"@type":"WebSite","@id":"https:\/\/www.sillon38.com\/blog\/#website","url":"https:\/\/www.sillon38.com\/blog\/","name":"","description":"Le journal du monde rural","potentialAction":[{"@type":"SearchAction","target":{"@type":"EntryPoint","urlTemplate":"https:\/\/www.sillon38.com\/blog\/?s={search_term_string}"},"query-input":{"@type":"PropertyValueSpecification","valueRequired":true,"valueName":"search_term_string"}}],"inLanguage":"fr-FR"},{"@type":"Person","@id":"https:\/\/www.sillon38.com\/blog\/#\/schema\/person\/72f06b5f0494d1edc8f4e5bf63651ff1","name":"M Coeur"}]}},"_links":{"self":[{"href":"https:\/\/www.sillon38.com\/blog\/wp-json\/wp\/v2\/posts\/80772","targetHints":{"allow":["GET"]}}],"collection":[{"href":"https:\/\/www.sillon38.com\/blog\/wp-json\/wp\/v2\/posts"}],"about":[{"href":"https:\/\/www.sillon38.com\/blog\/wp-json\/wp\/v2\/types\/post"}],"author":[{"embeddable":true,"href":"https:\/\/www.sillon38.com\/blog\/wp-json\/wp\/v2\/users\/2"}],"replies":[{"embeddable":true,"href":"https:\/\/www.sillon38.com\/blog\/wp-json\/wp\/v2\/comments?post=80772"}],"version-history":[{"count":3,"href":"https:\/\/www.sillon38.com\/blog\/wp-json\/wp\/v2\/posts\/80772\/revisions"}],"predecessor-version":[{"id":80778,"href":"https:\/\/www.sillon38.com\/blog\/wp-json\/wp\/v2\/posts\/80772\/revisions\/80778"}],"wp:attachment":[{"href":"https:\/\/www.sillon38.com\/blog\/wp-json\/wp\/v2\/media?parent=80772"}],"wp:term":[{"taxonomy":"category","embeddable":true,"href":"https:\/\/www.sillon38.com\/blog\/wp-json\/wp\/v2\/categories?post=80772"},{"taxonomy":"post_tag","embeddable":true,"href":"https:\/\/www.sillon38.com\/blog\/wp-json\/wp\/v2\/tags?post=80772"}],"curies":[{"name":"wp","href":"https:\/\/api.w.org\/{rel}","templated":true}]}}